{"id":48032,"date":"2021-06-02T10:11:51","date_gmt":"2021-06-02T08:11:51","guid":{"rendered":"https:\/\/stepienybarno.es\/blog\/?p=48032"},"modified":"2021-06-02T10:36:49","modified_gmt":"2021-06-02T08:36:49","slug":"premio-mapei-a-la-arquitectura-sostenible-2021","status":"publish","type":"post","link":"https:\/\/stepienybarno.es\/blog\/2021\/06\/02\/premio-mapei-a-la-arquitectura-sostenible-2021\/","title":{"rendered":"Premio Mapei a la Arquitectura Sostenible 2021"},"content":{"rendered":"<p><img loading=\"lazy\" decoding=\"async\" class=\"alignnone size-full wp-image-48033\" src=\"https:\/\/stepienybarno.es\/blog\/wp-content\/uploads\/2021\/06\/Premio-Mapei-2021.jpg\" alt=\"\" width=\"1080\" height=\"1080\" srcset=\"https:\/\/stepienybarno.es\/blog\/wp-content\/uploads\/2021\/06\/Premio-Mapei-2021.jpg 1080w, https:\/\/stepienybarno.es\/blog\/wp-content\/uploads\/2021\/06\/Premio-Mapei-2021-550x550.jpg 550w, https:\/\/stepienybarno.es\/blog\/wp-content\/uploads\/2021\/06\/Premio-Mapei-2021-700x700.jpg 700w, https:\/\/stepienybarno.es\/blog\/wp-content\/uploads\/2021\/06\/Premio-Mapei-2021-180x180.jpg 180w, https:\/\/stepienybarno.es\/blog\/wp-content\/uploads\/2021\/06\/Premio-Mapei-2021-224x224.jpg 224w, https:\/\/stepienybarno.es\/blog\/wp-content\/uploads\/2021\/06\/Premio-Mapei-2021-316x316.jpg 316w\" sizes=\"(max-width: 1080px) 100vw, 1080px\" \/><\/p>\n<p>&nbsp;<\/p>\n<ul>\n<li dir=\"ltr\">\n<h4 dir=\"ltr\">Llega la quinta edici\u00f3n del premio de referencia de la Arquitectura Sostenible ( Premio Mapei a la Arquitectura Sostenible 2021).<\/h4>\n<\/li>\n<li dir=\"ltr\">\n<h4 dir=\"ltr\">Los premios est\u00e1n dotados con m\u00e1s de 10.000\u20ac entre las tres categor\u00edas.<\/h4>\n<\/li>\n<li dir=\"ltr\">\n<h4 dir=\"ltr\">Se pueden presentar proyectos hasta el 14\/6\/2021.<\/h4>\n<\/li>\n<\/ul>\n<h4 dir=\"ltr\" style=\"text-align: center;\"><strong><span style=\"color: #00ccff;\"><a style=\"color: #00ccff;\" href=\"https:\/\/mailtrack.io\/trace\/link\/82c7411ff194cc8dede1de4d64da55a9f9c4437f?url=http%3A%2F%2Fwww.premiomapei.es&amp;userId=901743&amp;signature=471521411d0c3847\" target=\"_blank\" rel=\"noopener noreferrer\" data-saferedirecturl=\"https:\/\/www.google.com\/url?q=https:\/\/mailtrack.io\/trace\/link\/82c7411ff194cc8dede1de4d64da55a9f9c4437f?url%3Dhttp%253A%252F%252Fwww.premiomapei.es%26userId%3D901743%26signature%3D471521411d0c3847&amp;source=gmail&amp;ust=1622707066274000&amp;usg=AFQjCNGkZasEWsYjVfOhhlsZ31RST02z_w\">www.premiomapei.es<\/a><\/span><\/strong><\/h4>\n<p dir=\"ltr\">Como consecuencia de los objetivos de la agenda 2030 las instituciones nacionales y europeas est\u00e1n impulsando de manera decidida la descarbonizaci\u00f3n del sector de la construcci\u00f3n con criterios de sostenibilidad, mediante ambiciosos planes, inversiones y nuevas normativas que tienen como \u00faltimo objetivo cambiar de manera global la manera en que proyectamos y\u00a0 construimos.<\/p>\n<p dir=\"ltr\">En sinton\u00eda con estos objetivos la quinta edici\u00f3n del premio de referencia en la Arquitectura Sostenible premia un a\u00f1o m\u00e1s la buena arquitectura y pone en valor la integraci\u00f3n de los criterios de sostenibilidad en los proyectos de nuevas obras y rehabilitaciones realizadas en nuestro pa\u00eds.<\/p>\n<p dir=\"ltr\"><strong>El objetivo del Premio Mapei es fomentar la realizaci\u00f3n de proyectos de arquitectura sostenible<\/strong>, por lo que el concurso va dirigido a los profesionales que realizan proyectos sostenibles y distingue mediante una serie de premios a aquellos proyectos que combinen una alta calidad arquitect\u00f3nica con un m\u00ednimo impacto en el medioambiente.<\/p>\n<p dir=\"ltr\">Con el fin de asegurar el m\u00e1ximo rigor t\u00e9cnico en la selecci\u00f3n, evaluaci\u00f3n y fallo de los premios, Mapei cuenta adem\u00e1s con la colaboraci\u00f3n del <a href=\"https:\/\/mailtrack.io\/trace\/link\/429070699c2cfcf08374bef815be5f3f2e4d0337?url=https%3A%2F%2Fgbce.es%2F&amp;userId=901743&amp;signature=c02e32e97b240b9d\" target=\"_blank\" rel=\"noopener noreferrer\" data-saferedirecturl=\"https:\/\/www.google.com\/url?q=https:\/\/mailtrack.io\/trace\/link\/429070699c2cfcf08374bef815be5f3f2e4d0337?url%3Dhttps%253A%252F%252Fgbce.es%252F%26userId%3D901743%26signature%3Dc02e32e97b240b9d&amp;source=gmail&amp;ust=1622707066275000&amp;usg=AFQjCNE-R8KDOrptJw0on8oTNwuASrl5aQ\">GBCe<\/a> (Green Building Council Espa\u00f1a), asociaci\u00f3n de la que es Promotor Oficial.<\/p>\n<h3 dir=\"ltr\">Dotaci\u00f3n premios Mapei<\/h3>\n<p dir=\"ltr\">Los premios est\u00e1n dotados con m\u00e1s de 10.000\u20ac entre las tres categor\u00edas, m\u00e1s becas del GBCe, placa para el edificio, trofeo, diploma y amplia difusi\u00f3n. Se pueden consultar las bases del concurso en <a href=\"https:\/\/mailtrack.io\/trace\/link\/9ade2deb55b966a5c1aaea04b95a647ac013b090?url=http%3A%2F%2Fwww.premiomapei.es&amp;userId=901743&amp;signature=e312d76442dfb964\" target=\"_blank\" rel=\"noopener noreferrer\" data-saferedirecturl=\"https:\/\/www.google.com\/url?q=https:\/\/mailtrack.io\/trace\/link\/9ade2deb55b966a5c1aaea04b95a647ac013b090?url%3Dhttp%253A%252F%252Fwww.premiomapei.es%26userId%3D901743%26signature%3De312d76442dfb964&amp;source=gmail&amp;ust=1622707066275000&amp;usg=AFQjCNF-gxDnJQGjTsmGQ-aGKRgYjUxfwA\"><strong>www.premiomapei.es<\/strong><\/a>; as\u00ed como los proyectos ganadores de las cuatro ediciones anteriores.<\/p>\n<h3 dir=\"ltr\">Calendario<\/h3>\n<p dir=\"ltr\">Convocatoria: el 11\/3\/2021.<\/p>\n<p dir=\"ltr\">Informaci\u00f3n, consultas y entrega de proyectos para preselecci\u00f3n por el Comit\u00e9 T\u00e9cnico: hasta el <strong>14\/6\/2021 a las 23,59 horas<\/strong>, inclusive.<\/p>\n<p dir=\"ltr\">Comunicaci\u00f3n de proyectos preseleccionados: el 12\/7\/2021.<\/p>\n<p dir=\"ltr\">Segunda fase. Entrega de la documentaci\u00f3n requerida de los proyectos preseleccionados por el Comit\u00e9 T\u00e9cnico: hasta el 27\/9\/2021, inclusive. Selecci\u00f3n de los 10 proyectos finalistas: 15\/10\/2021.<\/p>\n<p dir=\"ltr\">Fallo de los Premios por el Jurado: el 28\/10\/2021.<\/p>\n<p dir=\"ltr\">Evaluaci\u00f3n de los estudiantes de las ETSA: hasta el 05\/11\/2021, inclusive.<\/p>\n<p dir=\"ltr\">Los anteriores plazos son eventualmente ampliables, a criterio de la entidad organizadora, con comunicaci\u00f3n p\u00fablica en la web del premio.<\/p>\n<h3 dir=\"ltr\">Jurado premios Mapei 2021<\/h3>\n<p dir=\"ltr\">El Jurado est\u00e1 compuesto por profesionales de reconocido prestigio como:<\/p>\n<p dir=\"ltr\"><strong><a href=\"https:\/\/mailtrack.io\/trace\/link\/86576a79a211de90792069ebc2629492d1f2ac1f?url=http%3A%2F%2Fwww.arangurengallegos.com%2Fag%2Fcontacto-2%2F&amp;userId=901743&amp;signature=89ccd4b28340785f\" target=\"_blank\" rel=\"noopener noreferrer\" data-saferedirecturl=\"https:\/\/www.google.com\/url?q=https:\/\/mailtrack.io\/trace\/link\/86576a79a211de90792069ebc2629492d1f2ac1f?url%3Dhttp%253A%252F%252Fwww.arangurengallegos.com%252Fag%252Fcontacto-2%252F%26userId%3D901743%26signature%3D89ccd4b28340785f&amp;source=gmail&amp;ust=1622707066275000&amp;usg=AFQjCNHBLHFBMXyomTs0BlrRgCdFvmkESg\">Mar\u00eda Jos\u00e9 Aranguren<\/a> <\/strong>Arquitecta y Catedr\u00e1tica de Proyectos en la ETSA de Madrid. Invitada en diversas escuelas de arquitectura nacionales e internacionales. Junto a Jos\u00e9 Gonz\u00e1lez Gallegos, fundadora del estudio ARANGUREN &amp; GALLEGOS Arquitectos, con una obra ampliamente publicada y galardonada, como el Premio Nacional del Ministerio de Cultura en el a\u00f1o 2010.<\/p>\n<p dir=\"ltr\"><strong><a href=\"https:\/\/mailtrack.io\/trace\/link\/4c0fef0f94bd833c3493b9cf47add2ada018108d?url=http%3A%2F%2Froldanberengue.com%2F%3Fp%3Dcontact&amp;userId=901743&amp;signature=232fd86dced9ade6\" target=\"_blank\" rel=\"noopener noreferrer\" data-saferedirecturl=\"https:\/\/www.google.com\/url?q=https:\/\/mailtrack.io\/trace\/link\/4c0fef0f94bd833c3493b9cf47add2ada018108d?url%3Dhttp%253A%252F%252Froldanberengue.com%252F%253Fp%253Dcontact%26userId%3D901743%26signature%3D232fd86dced9ade6&amp;source=gmail&amp;ust=1622707066275000&amp;usg=AFQjCNEqQjBd61o_dqiEzLZPo-JhmMlm2A\">Merc\u00e8 Berengu\u00e9<\/a><\/strong> Arquitecta, dirige junto a Miguel Rold\u00e1n las plataformas R+B Rold\u00e1n Berengu\u00e9 arqts. y BAC Barcelona Architecture Center. Ganadores con el proyecto Fabra &amp; Coats: vivienda social y patrimonio industrial, del 1er Premio Mapei 2020.<\/p>\n<p dir=\"ltr\"><strong><a href=\"https:\/\/mailtrack.io\/trace\/link\/1ef18cee66720f0bfc5f54bbf119d589e70d5978?url=https%3A%2F%2Fwww.vazquezconsuegra.com%2Fcategory%2Fcontacto%2F&amp;userId=901743&amp;signature=14154224fb88ea8a\" target=\"_blank\" rel=\"noopener noreferrer\" data-saferedirecturl=\"https:\/\/www.google.com\/url?q=https:\/\/mailtrack.io\/trace\/link\/1ef18cee66720f0bfc5f54bbf119d589e70d5978?url%3Dhttps%253A%252F%252Fwww.vazquezconsuegra.com%252Fcategory%252Fcontacto%252F%26userId%3D901743%26signature%3D14154224fb88ea8a&amp;source=gmail&amp;ust=1622707066275000&amp;usg=AFQjCNE0bA-hRIkOE0VM_BLWBTzUwi4aGg\">Guillermo V\u00e1zquez Consuegra<\/a> <\/strong>Arquitecto y profesor de Proyectos\u00a0 en las Universidades de Sevilla, Buenos Aires, Lausanne, Navarra, Syracuse Nueva York, Bolonia, Venecia, Mendrisio y Visiting Scholar de la Getty Center en Los \u00c1ngeles. Es medalla de Oro de la Arquitectura Espa\u00f1ola 2016, Miembro Honorario del American Institute of Architects AIA 2014, Gran Premio de la Bienal Internacional de Buenos Aires 2011 y Premio de Arquitectura Espa\u00f1ola 2005, entre otros reconocimientos.<\/p>\n<p dir=\"ltr\"><strong><a href=\"https:\/\/mailtrack.io\/trace\/link\/7f3427241fd940823af308fdc9109ed2d4835631?url=http%3A%2F%2Fsocietatorganica.com%2F&amp;userId=901743&amp;signature=179fcbaf711f5151\" target=\"_blank\" rel=\"noopener noreferrer\" data-saferedirecturl=\"https:\/\/www.google.com\/url?q=https:\/\/mailtrack.io\/trace\/link\/7f3427241fd940823af308fdc9109ed2d4835631?url%3Dhttp%253A%252F%252Fsocietatorganica.com%252F%26userId%3D901743%26signature%3D179fcbaf711f5151&amp;source=gmail&amp;ust=1622707066275000&amp;usg=AFQjCNF1V4ZSjLo6pphG50iwBCONeMKXNg\">Gerardo Wadel<\/a> <\/strong>Doctor Arquitecto, socio fundador de Societat Org\u00e0nica, profesor en la ETSA La Salle. Evaluador Acreditado de la certificaci\u00f3n de sostenibilidad de edificios VERDE de Green Building Council Espa\u00f1a y miembro de la agrupaci\u00f3n Arquitectura y Sostenibilidad del Col\u00b7legi d&#8217;Arquitectes de Catalunya. Especialista en an\u00e1lisis de ciclo de vida y tecnolog\u00eda de la construcci\u00f3n.<\/p>\n<p dir=\"ltr\"><strong><a href=\"https:\/\/mailtrack.io\/trace\/link\/a19eb7a2d97bbb167c5f6cc984befc9e573a2c06?url=https%3A%2F%2Fgbce.es%2F&amp;userId=901743&amp;signature=01e5f214c3c59066\" target=\"_blank\" rel=\"noopener noreferrer\" data-saferedirecturl=\"https:\/\/www.google.com\/url?q=https:\/\/mailtrack.io\/trace\/link\/a19eb7a2d97bbb167c5f6cc984befc9e573a2c06?url%3Dhttps%253A%252F%252Fgbce.es%252F%26userId%3D901743%26signature%3D01e5f214c3c59066&amp;source=gmail&amp;ust=1622707066275000&amp;usg=AFQjCNE0sNDxTFvgzU9f8LLm3uzVXmZ3NA\">Dolores Huerta<\/a> <\/strong>Arquitecta, y Directora General de GBCe.<\/p>\n<p dir=\"ltr\"><strong><a href=\"https:\/\/mailtrack.io\/trace\/link\/40cc137de12e4cb5e041d5c4c382916eb534fbc8?url=https%3A%2F%2Fwww.mapei.com%2Fes&amp;userId=901743&amp;signature=fa256b1c9ec41c41\" target=\"_blank\" rel=\"noopener noreferrer\" data-saferedirecturl=\"https:\/\/www.google.com\/url?q=https:\/\/mailtrack.io\/trace\/link\/40cc137de12e4cb5e041d5c4c382916eb534fbc8?url%3Dhttps%253A%252F%252Fwww.mapei.com%252Fes%26userId%3D901743%26signature%3Dfa256b1c9ec41c41&amp;source=gmail&amp;ust=1622707066275000&amp;usg=AFQjCNFmpwUm-oC2vLAOykRNPnToAHiuAg\">\u00d3scar Ag\u00fcera<\/a><\/strong> Arquitecto, jefe de la oficina t\u00e9cnica de Mapei Spain, S.A.<\/p>\n<p dir=\"ltr\"><strong><a href=\"https:\/\/mailtrack.io\/trace\/link\/cfd95b3176a97f1188461d532c94008b7f2f5e93?url=https%3A%2F%2Fgbce.es%2F&amp;userId=901743&amp;signature=5db061ed88b5f6f6\" target=\"_blank\" rel=\"noopener noreferrer\" data-saferedirecturl=\"https:\/\/www.google.com\/url?q=https:\/\/mailtrack.io\/trace\/link\/cfd95b3176a97f1188461d532c94008b7f2f5e93?url%3Dhttps%253A%252F%252Fgbce.es%252F%26userId%3D901743%26signature%3D5db061ed88b5f6f6&amp;source=gmail&amp;ust=1622707066275000&amp;usg=AFQjCNGKAol7O4YAZy1ljaG4ABhcS7QZjg\">Paula Rivas<\/a><\/strong> Secretar\u00eda del Jurado. Arquitecta y Directora T\u00e9cnica de GBCe.<\/p>\n<h3 dir=\"ltr\"><span id=\"m_1723039028498994876m_7035965730227432125gmail-docs-internal-guid-dfb498b6-7fff-f37a-9f0e-7454345a8421\"><br \/>\nAcerca de Mapei <\/span><\/h3>\n<p dir=\"ltr\"><span id=\"m_1723039028498994876m_7035965730227432125gmail-docs-internal-guid-dfb498b6-7fff-f37a-9f0e-7454345a8421\">La empresa fundada en Mil\u00e1n en 1937 y que opera en Espa\u00f1a desde 1991 y posee actualmente las certificaciones ISO 9001, ISO 14001 y ISO 45001, es el mayor productor mundial de adhesivos, selladores y productos qu\u00edmicos para la construcci\u00f3n. Cuenta con m\u00e1s de 10.500 empleados (El 12% trabaja en sus 31 centros de I+D), 83 f\u00e1bricas en 36 pa\u00edses y 90 filiales en 57 pa\u00edses. Sirve m\u00e1s de 25.000 toneladas diarias de sus 5.000 productos a m\u00e1s de 67.000 clientes y factura por ello m\u00e1s de 2.800 millones de euros anuales. Mapei ayuda a los prescriptores en la realizaci\u00f3n de todo tipo de proyectos innovadores y sostenibles mediante certificados LEED, BREEAM, DGNB, VERDE, etc. y ofrece asesoramiento t\u00e9cnico e informaci\u00f3n a trav\u00e9s de su web: <a href=\"https:\/\/mailtrack.io\/trace\/link\/365fe536dcbee257fae2a5a7fd2355860e73b19f?url=https%3A%2F%2Fwww.mapei.com%2Fes&amp;userId=901743&amp;signature=361c94ac4340ea71\" target=\"_blank\" rel=\"noopener noreferrer\" data-saferedirecturl=\"https:\/\/www.google.com\/url?q=https:\/\/mailtrack.io\/trace\/link\/365fe536dcbee257fae2a5a7fd2355860e73b19f?url%3Dhttps%253A%252F%252Fwww.mapei.com%252Fes%26userId%3D901743%26signature%3D361c94ac4340ea71&amp;source=gmail&amp;ust=1622707066275000&amp;usg=AFQjCNHwEnEwJISEcrrupGbxWf1CgnQduA\">https:\/\/www.mapei.com\/es<\/a><\/span><\/p>\n<p dir=\"ltr\">Os recomendamos participar en el Premio Mapei a la Arquitectura Sostenible 2021<\/p>\n","protected":false},"excerpt":{"rendered":"<p>&nbsp; Llega la quinta edici\u00f3n del premio de referencia de<\/p>\n","protected":false},"author":2,"featured_media":48042,"comment_status":"open","ping_status":"closed","sticky":false,"template":"","format":"standard","meta":{"om_disable_all_campaigns":false,"_monsterinsights_skip_tracking":false,"_monsterinsights_sitenote_active":false,"_monsterinsights_sitenote_note":"","_monsterinsights_sitenote_category":0,"_uf_show_specific_survey":0,"_uf_disable_surveys":false,"episode_type":"audio","audio_file":"","cover_image":"","cover_image_id":"","duration":"","filesize":"","date_recorded":"","explicit":"","block":"","filesize_raw":"","footnotes":""},"categories":[34],"tags":[6277,8739,8485,8738],"series":[],"class_list":["post-48032","post","type-post","status-publish","format-standard","has-post-thumbnail","hentry","category-actualidad","tag-arquitectura-sostenible","tag-premio-mapei-a-la-arquitectura-sostenible-2021","tag-premios-mapei","tag-premios-mapei-2021"],"aioseo_notices":[],"episode_featured_image":"https:\/\/stepienybarno.es\/blog\/wp-content\/uploads\/2021\/06\/Premio-Mapei-2021-inscribete.jpg","episode_player_image":"https:\/\/stepienybarno.es\/blog\/wp-content\/uploads\/2020\/11\/stepienybarno-podcast-scaled.jpg","download_link":"","player_link":"","audio_player":false,"episode_data":{"playerMode":"dark","subscribeUrls":[],"rssFeedUrl":"https:\/\/stepienybarno.es\/blog\/feed\/podcast\/podcast-de-stepienybarno","embedCode":"<blockquote class=\"wp-embedded-content\" data-secret=\"WC2ue0G6Dl\"><a href=\"https:\/\/stepienybarno.es\/blog\/2021\/06\/02\/premio-mapei-a-la-arquitectura-sostenible-2021\/\">Premio Mapei a la Arquitectura Sostenible 2021<\/a><\/blockquote><iframe sandbox=\"allow-scripts\" security=\"restricted\" src=\"https:\/\/stepienybarno.es\/blog\/2021\/06\/02\/premio-mapei-a-la-arquitectura-sostenible-2021\/embed\/#?secret=WC2ue0G6Dl\" width=\"500\" height=\"350\" title=\"\u00abPremio Mapei a la Arquitectura Sostenible 2021\u00bb \u2014 Blog de STEPIEN Y BARNO - publicaci\u00f3n digital sobre arquitectura\" data-secret=\"WC2ue0G6Dl\" frameborder=\"0\" marginwidth=\"0\" marginheight=\"0\" scrolling=\"no\" class=\"wp-embedded-content\"><\/iframe><script type=\"text\/javascript\">\n\/* <![CDATA[ *\/\n\/*! This file is auto-generated *\/\n!function(d,l){\"use strict\";l.querySelector&&d.addEventListener&&\"undefined\"!=typeof URL&&(d.wp=d.wp||{},d.wp.receiveEmbedMessage||(d.wp.receiveEmbedMessage=function(e){var t=e.data;if((t||t.secret||t.message||t.value)&&!\/[^a-zA-Z0-9]\/.test(t.secret)){for(var s,r,n,a=l.querySelectorAll('iframe[data-secret=\"'+t.secret+'\"]'),o=l.querySelectorAll('blockquote[data-secret=\"'+t.secret+'\"]'),c=new RegExp(\"^https?:$\",\"i\"),i=0;i<o.length;i++)o[i].style.display=\"none\";for(i=0;i<a.length;i++)s=a[i],e.source===s.contentWindow&&(s.removeAttribute(\"style\"),\"height\"===t.message?(1e3<(r=parseInt(t.value,10))?r=1e3:~~r<200&&(r=200),s.height=r):\"link\"===t.message&&(r=new URL(s.getAttribute(\"src\")),n=new URL(t.value),c.test(n.protocol))&&n.host===r.host&&l.activeElement===s&&(d.top.location.href=t.value))}},d.addEventListener(\"message\",d.wp.receiveEmbedMessage,!1),l.addEventListener(\"DOMContentLoaded\",function(){for(var e,t,s=l.querySelectorAll(\"iframe.wp-embedded-content\"),r=0;r<s.length;r++)(t=(e=s[r]).getAttribute(\"data-secret\"))||(t=Math.random().toString(36).substring(2,12),e.src+=\"#?secret=\"+t,e.setAttribute(\"data-secret\",t)),e.contentWindow.postMessage({message:\"ready\",secret:t},\"*\")},!1)))}(window,document);\n\/* ]]> *\/\n<\/script>\n"},"_links":{"self":[{"href":"https:\/\/stepienybarno.es\/blog\/wp-json\/wp\/v2\/posts\/48032"}],"collection":[{"href":"https:\/\/stepienybarno.es\/blog\/wp-json\/wp\/v2\/posts"}],"about":[{"href":"https:\/\/stepienybarno.es\/blog\/wp-json\/wp\/v2\/types\/post"}],"author":[{"embeddable":true,"href":"https:\/\/stepienybarno.es\/blog\/wp-json\/wp\/v2\/users\/2"}],"replies":[{"embeddable":true,"href":"https:\/\/stepienybarno.es\/blog\/wp-json\/wp\/v2\/comments?post=48032"}],"version-history":[{"count":7,"href":"https:\/\/stepienybarno.es\/blog\/wp-json\/wp\/v2\/posts\/48032\/revisions"}],"predecessor-version":[{"id":48041,"href":"https:\/\/stepienybarno.es\/blog\/wp-json\/wp\/v2\/posts\/48032\/revisions\/48041"}],"wp:featuredmedia":[{"embeddable":true,"href":"https:\/\/stepienybarno.es\/blog\/wp-json\/wp\/v2\/media\/48042"}],"wp:attachment":[{"href":"https:\/\/stepienybarno.es\/blog\/wp-json\/wp\/v2\/media?parent=48032"}],"wp:term":[{"taxonomy":"category","embeddable":true,"href":"https:\/\/stepienybarno.es\/blog\/wp-json\/wp\/v2\/categories?post=48032"},{"taxonomy":"post_tag","embeddable":true,"href":"https:\/\/stepienybarno.es\/blog\/wp-json\/wp\/v2\/tags?post=48032"},{"taxonomy":"series","embeddable":true,"href":"https:\/\/stepienybarno.es\/blog\/wp-json\/wp\/v2\/series?post=48032"}],"curies":[{"name":"wp","href":"https:\/\/api.w.org\/{rel}","templated":true}]}}