{"id":48115,"date":"2021-06-08T08:01:47","date_gmt":"2021-06-08T06:01:47","guid":{"rendered":"https:\/\/stepienybarno.es\/blog\/?p=48115"},"modified":"2021-06-07T20:27:37","modified_gmt":"2021-06-07T18:27:37","slug":"el-drama-de-lo-cotidiano-acto-4","status":"publish","type":"post","link":"https:\/\/stepienybarno.es\/blog\/2021\/06\/08\/el-drama-de-lo-cotidiano-acto-4\/","title":{"rendered":"El drama de lo cotidiano. ACTO 4"},"content":{"rendered":"<p><img loading=\"lazy\" decoding=\"async\" class=\"alignnone size-full wp-image-48116\" src=\"https:\/\/stepienybarno.es\/blog\/wp-content\/uploads\/2021\/06\/stepienybarno-El-drama-de-lo-cotidiano.-ACTO-4-Postdeldia.jpg\" alt=\"\" width=\"739\" height=\"790\" srcset=\"https:\/\/stepienybarno.es\/blog\/wp-content\/uploads\/2021\/06\/stepienybarno-El-drama-de-lo-cotidiano.-ACTO-4-Postdeldia.jpg 739w, https:\/\/stepienybarno.es\/blog\/wp-content\/uploads\/2021\/06\/stepienybarno-El-drama-de-lo-cotidiano.-ACTO-4-Postdeldia-514x550.jpg 514w, https:\/\/stepienybarno.es\/blog\/wp-content\/uploads\/2021\/06\/stepienybarno-El-drama-de-lo-cotidiano.-ACTO-4-Postdeldia-655x700.jpg 655w, https:\/\/stepienybarno.es\/blog\/wp-content\/uploads\/2021\/06\/stepienybarno-El-drama-de-lo-cotidiano.-ACTO-4-Postdeldia-168x180.jpg 168w, https:\/\/stepienybarno.es\/blog\/wp-content\/uploads\/2021\/06\/stepienybarno-El-drama-de-lo-cotidiano.-ACTO-4-Postdeldia-316x338.jpg 316w\" sizes=\"(max-width: 739px) 100vw, 739px\" \/><\/p>\n<h1><strong>Por: Javier Garc\u00eda Librero<br \/>\n<\/strong><\/h1>\n<h2><strong>Desde: <\/strong>veredes, arquitectura y divulgaci\u00f3n<\/h2>\n<h2>Fotograf\u00eda: Teatro Oficina en construcci\u00f3n en 1993. BO BARDI, Lina. Lina Bo Bardi. Ferraz Carvalho, Marcelo (Coord.). Sa\u0303o Paulo, Imprensa Oficial, 2008. p.258. <!--more--><\/h2>\n<p>Acto IV. Teatro-Oficina<\/p>\n<p>\u201cTeatro que sale a las plazas, las calles, que invade la ciudad. Sillas y muebles que salen de las casas, y gente, hombres, mujeres, ni\u00f1os, todo un pueblo que inspir\u00f3, en 1936, a Le Corbusier, cuando visitaba Brasil, en una famosa carta al Ministro Gustavo Capanema: -Se\u00f1or Ministro, no mande construir Teatros con escenarios y butacas: deje a las Plazas, las Calles, lo verde, libres. Mande \u00fanicamente construir \u201cdes treteaux\u201d de madera, abiertos al Pueblo y el Pueblo Brasile\u00f1o los ocupar\u00e1, \u201cimprovisando\u201d, con su elegancia natural y su inteligencia\u201d.1<\/p>\n<p>El Teatro-Oficina es un proyecto de restauraci\u00f3n de un antiguo teatro2 ubicado en el barrio Bexiga de Sao Paulo y que el grupo teatral Uzyna Uzona, con su director Jos\u00e9 Celso Mart\u00ednez Correa a la cabeza, decidi\u00f3 restaurar en 1984. El dise\u00f1o y ejecuci\u00f3n del proyecto fue encargado a la arquitecta Lina Bo, (la cual ya hab\u00eda realizado varios trabajos de escenograf\u00edas para este grupo teatral) que contar\u00eda con la colaboraci\u00f3n del tambi\u00e9n arquitecto brasile\u00f1o Edson Elito.<\/p>\n<p>&nbsp;<\/p>\n<p style=\"text-align: center;\"><a href=\"https:\/\/bit.ly\/3x7fPZx\" target=\"_blank\" rel=\"noopener noreferrer\">Acceder al post<\/a><\/p>\n<hr \/>\n<h5><strong>Autores del post: <a href=\"https:\/\/stepienybarno.es\/blog\/2011\/09\/04\/las-fortalezas-del-arquitecto\/\">Stepienybarno<\/a> _ Agnieszka Stepien y Lorenzo Barn\u00f3<\/strong><\/h5>\n<h5>Y como siempre, si te gust\u00f3 el post, estar\u00eda genial que lo compartas en tus redes sociales.<\/h5>\n<h5>A su vez, si todav\u00eda no est\u00e1s suscrito a nuestra Newsletter, te animamos a hacerlo en la casilla que tienes al terminar este art\u00edculo.<\/h5>\n<p>&nbsp;<\/p>\n<p>Suscribirte a nuestro blog y recibe gratis nuestra gu\u00eda: 10 Ideas para vender m\u00e1s si eres arquitecto<\/p>\n<p>Acceder: <a href=\"http:\/\/bit.ly\/2fkkTS7\">http:\/\/bit.ly\/2fkkTS7<\/a><\/p>\n<p>&nbsp;<\/p>\n<p>Si te interesa contactar con nosotros para que te ayudemos a mejorar tu visibilidad online y, en consecuencia, mejorar tus oportunidades laborales, no dudes en escribirnos a: <a href=\"mailto:blog@stepienybarno.es\">blog@stepienybarno.es<\/a><\/p>\n<p>&nbsp;<\/p>\n<p><em><a href=\"https:\/\/twitter.com\/stepienybarno\">Stepienybarno en TWITTER<\/a><\/em><\/p>\n<p><em><a href=\"https:\/\/twitter.com\/stepienybarno\">@stepienybarno (+ de 16.000 seguidores)<\/a><\/em><\/p>\n<p><em><a href=\"https:\/\/twitter.com\/stepienybarno?lang=es\">https:\/\/twitter.com\/stepienybarno?lang=es<\/a><\/em><\/p>\n<p><em><a href=\"https:\/\/www.facebook.com\/pages\/BLOG-DE-STEPIENYBARNO\/78001079029\">Stepienybarno en FACEBOOK (+ de 24<u>.000 seguidores)<\/u><\/a><\/em><\/p>\n<p><em><a href=\"https:\/\/www.facebook.com\/StepienyBarnoArquitecturaeIdentidadDigital\/\">https:\/\/www.facebook.com\/StepienyBarnoArquitecturaeIdentidadDigital\/<\/a><\/em><\/p>\n<p><em>Acceder a nuestro GRUPO CERRADO DE FACEBOOK sobre Identidad Digital para Arquitectos:<\/em><\/p>\n<p><em><a href=\"https:\/\/www.facebook.com\/groups\/IdentidadDigitalParaArquitectos\/\">https:\/\/www.facebook.com\/groups\/IdentidadDigitalParaArquitectos\/<\/a><\/em><\/p>\n<p><em>Suscr\u00edbete a nuestro canal de YOUTUBE: <a href=\"http:\/\/bit.ly\/2A1UtAd\">http:\/\/bit.ly\/2A1UtAd<\/a><\/em><\/p>\n<p>&nbsp;<\/p>\n<p>* <a href=\"https:\/\/stepienybarno.es\/blog\/2011\/09\/04\/las-fortalezas-del-arquitecto\/\">Stepienybarno<\/a> est\u00e1 formado por Agnieszka Stepien y Lorenzo Barn\u00f3 y desde mayo del 2009 estamos en la red con la presente publicaci\u00f3n digital (Blog) de arquitectura.<\/p>\n<p>Nuestra actividad se sustenta en tres pilares b\u00e1sicos: la investigaci\u00f3n, la publicaci\u00f3n y la redacci\u00f3n de proyectos de arquitectura.<\/p>\n<p>A su vez, somos socios cofundadores de <a href=\"http:\/\/sinergiasostenible.org\/\">SINERGIA SOSTENIBLE<\/a> y directores del blog de FUNDACI\u00d3N ARQUIA.Pablo Twose Valls<\/p>\n","protected":false},"excerpt":{"rendered":"<p>Por: Javier Garc\u00eda Librero Desde: veredes, arquitectura y divulgaci\u00f3n Fotograf\u00eda:<\/p>\n","protected":false},"author":2,"featured_media":48116,"comment_status":"open","ping_status":"closed","sticky":false,"template":"","format":"standard","meta":{"om_disable_all_campaigns":false,"_monsterinsights_skip_tracking":false,"_monsterinsights_sitenote_active":false,"_monsterinsights_sitenote_note":"","_monsterinsights_sitenote_category":0,"_uf_show_specific_survey":0,"_uf_disable_surveys":false,"episode_type":"audio","audio_file":"","cover_image":"","cover_image_id":"","duration":"","filesize":"","date_recorded":"","explicit":"","block":"","filesize_raw":"","footnotes":""},"categories":[244],"tags":[8234,2056],"series":[],"class_list":["post-48115","post","type-post","status-publish","format-standard","has-post-thumbnail","hentry","category-canal-de-arquitectura","tag-javier-garcia-librero","tag-lina-bo-bardi"],"aioseo_notices":[],"episode_featured_image":"https:\/\/stepienybarno.es\/blog\/wp-content\/uploads\/2021\/06\/stepienybarno-El-drama-de-lo-cotidiano.-ACTO-4-Postdeldia.jpg","episode_player_image":"https:\/\/stepienybarno.es\/blog\/wp-content\/uploads\/2020\/11\/stepienybarno-podcast-scaled.jpg","download_link":"","player_link":"","audio_player":false,"episode_data":{"playerMode":"dark","subscribeUrls":[],"rssFeedUrl":"https:\/\/stepienybarno.es\/blog\/feed\/podcast\/podcast-de-stepienybarno","embedCode":"<blockquote class=\"wp-embedded-content\" data-secret=\"wkoaNu1x0Z\"><a href=\"https:\/\/stepienybarno.es\/blog\/2021\/06\/08\/el-drama-de-lo-cotidiano-acto-4\/\">El drama de lo cotidiano. ACTO 4<\/a><\/blockquote><iframe sandbox=\"allow-scripts\" security=\"restricted\" src=\"https:\/\/stepienybarno.es\/blog\/2021\/06\/08\/el-drama-de-lo-cotidiano-acto-4\/embed\/#?secret=wkoaNu1x0Z\" width=\"500\" height=\"350\" title=\"\u00abEl drama de lo cotidiano. ACTO 4\u00bb \u2014 Blog de STEPIEN Y BARNO - publicaci\u00f3n digital sobre arquitectura\" data-secret=\"wkoaNu1x0Z\" frameborder=\"0\" marginwidth=\"0\" marginheight=\"0\" scrolling=\"no\" class=\"wp-embedded-content\"><\/iframe><script type=\"text\/javascript\">\n\/* <![CDATA[ *\/\n\/*! This file is auto-generated *\/\n!function(d,l){\"use strict\";l.querySelector&&d.addEventListener&&\"undefined\"!=typeof URL&&(d.wp=d.wp||{},d.wp.receiveEmbedMessage||(d.wp.receiveEmbedMessage=function(e){var t=e.data;if((t||t.secret||t.message||t.value)&&!\/[^a-zA-Z0-9]\/.test(t.secret)){for(var s,r,n,a=l.querySelectorAll('iframe[data-secret=\"'+t.secret+'\"]'),o=l.querySelectorAll('blockquote[data-secret=\"'+t.secret+'\"]'),c=new RegExp(\"^https?:$\",\"i\"),i=0;i<o.length;i++)o[i].style.display=\"none\";for(i=0;i<a.length;i++)s=a[i],e.source===s.contentWindow&&(s.removeAttribute(\"style\"),\"height\"===t.message?(1e3<(r=parseInt(t.value,10))?r=1e3:~~r<200&&(r=200),s.height=r):\"link\"===t.message&&(r=new URL(s.getAttribute(\"src\")),n=new URL(t.value),c.test(n.protocol))&&n.host===r.host&&l.activeElement===s&&(d.top.location.href=t.value))}},d.addEventListener(\"message\",d.wp.receiveEmbedMessage,!1),l.addEventListener(\"DOMContentLoaded\",function(){for(var e,t,s=l.querySelectorAll(\"iframe.wp-embedded-content\"),r=0;r<s.length;r++)(t=(e=s[r]).getAttribute(\"data-secret\"))||(t=Math.random().toString(36).substring(2,12),e.src+=\"#?secret=\"+t,e.setAttribute(\"data-secret\",t)),e.contentWindow.postMessage({message:\"ready\",secret:t},\"*\")},!1)))}(window,document);\n\/* ]]> *\/\n<\/script>\n"},"_links":{"self":[{"href":"https:\/\/stepienybarno.es\/blog\/wp-json\/wp\/v2\/posts\/48115"}],"collection":[{"href":"https:\/\/stepienybarno.es\/blog\/wp-json\/wp\/v2\/posts"}],"about":[{"href":"https:\/\/stepienybarno.es\/blog\/wp-json\/wp\/v2\/types\/post"}],"author":[{"embeddable":true,"href":"https:\/\/stepienybarno.es\/blog\/wp-json\/wp\/v2\/users\/2"}],"replies":[{"embeddable":true,"href":"https:\/\/stepienybarno.es\/blog\/wp-json\/wp\/v2\/comments?post=48115"}],"version-history":[{"count":1,"href":"https:\/\/stepienybarno.es\/blog\/wp-json\/wp\/v2\/posts\/48115\/revisions"}],"predecessor-version":[{"id":48117,"href":"https:\/\/stepienybarno.es\/blog\/wp-json\/wp\/v2\/posts\/48115\/revisions\/48117"}],"wp:featuredmedia":[{"embeddable":true,"href":"https:\/\/stepienybarno.es\/blog\/wp-json\/wp\/v2\/media\/48116"}],"wp:attachment":[{"href":"https:\/\/stepienybarno.es\/blog\/wp-json\/wp\/v2\/media?parent=48115"}],"wp:term":[{"taxonomy":"category","embeddable":true,"href":"https:\/\/stepienybarno.es\/blog\/wp-json\/wp\/v2\/categories?post=48115"},{"taxonomy":"post_tag","embeddable":true,"href":"https:\/\/stepienybarno.es\/blog\/wp-json\/wp\/v2\/tags?post=48115"},{"taxonomy":"series","embeddable":true,"href":"https:\/\/stepienybarno.es\/blog\/wp-json\/wp\/v2\/series?post=48115"}],"curies":[{"name":"wp","href":"https:\/\/api.w.org\/{rel}","templated":true}]}}