{"id":48118,"date":"2021-06-08T08:02:46","date_gmt":"2021-06-08T06:02:46","guid":{"rendered":"https:\/\/stepienybarno.es\/blog\/?p=48118"},"modified":"2021-06-08T14:38:46","modified_gmt":"2021-06-08T12:38:46","slug":"la-gran-olvidada-de-la-arquitectura-moderna-que-diseno-las-sillas-y-mesas-de-moda","status":"publish","type":"post","link":"https:\/\/stepienybarno.es\/blog\/2021\/06\/08\/la-gran-olvidada-de-la-arquitectura-moderna-que-diseno-las-sillas-y-mesas-de-moda\/","title":{"rendered":"La gran olvidada de la arquitectura moderna que dise\u00f1\u00f3 las sillas y mesas de moda"},"content":{"rendered":"<p><img loading=\"lazy\" decoding=\"async\" class=\"alignnone size-full wp-image-48119\" src=\"https:\/\/stepienybarno.es\/blog\/wp-content\/uploads\/2021\/06\/stepienybarno-La-gran-olvidada-de-la-arquitectura-moderna-que-diseno-las-sillas-y-mesas-de-moda-Postdeldia.jpg\" alt=\"\" width=\"602\" height=\"550\" srcset=\"https:\/\/stepienybarno.es\/blog\/wp-content\/uploads\/2021\/06\/stepienybarno-La-gran-olvidada-de-la-arquitectura-moderna-que-diseno-las-sillas-y-mesas-de-moda-Postdeldia.jpg 602w, https:\/\/stepienybarno.es\/blog\/wp-content\/uploads\/2021\/06\/stepienybarno-La-gran-olvidada-de-la-arquitectura-moderna-que-diseno-las-sillas-y-mesas-de-moda-Postdeldia-550x502.jpg 550w, https:\/\/stepienybarno.es\/blog\/wp-content\/uploads\/2021\/06\/stepienybarno-La-gran-olvidada-de-la-arquitectura-moderna-que-diseno-las-sillas-y-mesas-de-moda-Postdeldia-180x164.jpg 180w, https:\/\/stepienybarno.es\/blog\/wp-content\/uploads\/2021\/06\/stepienybarno-La-gran-olvidada-de-la-arquitectura-moderna-que-diseno-las-sillas-y-mesas-de-moda-Postdeldia-316x289.jpg 316w\" sizes=\"(max-width: 602px) 100vw, 602px\" \/><\/p>\n<h1><strong>Por: Marta Men\u00e9ndez<br \/>\n<\/strong><\/h1>\n<h2><strong>Desde:\u00a0<\/strong>elindependiente<\/h2>\n<h2>Fotograf\u00eda: Eileen Gray, una pionera olvidada de la arquitectura moderna. Arkitektura Institutua<\/h2>\n<p>1929. Donostia. Mientras se inauguraba el nuevo edificio de Labayen y Aizp\u00farua para el Club N\u00e1utico, primer edificio del movimiento moderno en Espa\u00f1a, en la Costa Azul francesa se constru\u00eda una casa de aspecto parecido. Aunque por parecido que fuere, su destino iba a estar escrito: el olvido.<\/p>\n<p>Aquella casa, <a href=\"https:\/\/eai.eus\/\" target=\"_blank\" rel=\"noreferrer noopener\">E.1027<\/a>, escond\u00eda el dise\u00f1o y construcci\u00f3n de la arquitecta irlandesa Eileen Gray, un talento adelantado a su \u00e9poca que qued\u00f3 desde\u00f1ado con facilidad, probablemente, por su condici\u00f3n de ser mujer. Abierta al Mediterr\u00e1neo y de l\u00edneas simples y racionales, su dise\u00f1o dej\u00f3 impreso el estilo de una mujer que comenz\u00f3 a interesarse por la arquitectura en la d\u00e9cada de los a\u00f1os veinte.<\/p>\n<p>&nbsp;<\/p>\n<p style=\"text-align: center;\"><a href=\"https:\/\/bit.ly\/3geyDiQ\" target=\"_blank\" rel=\"noopener noreferrer\">Acceder al post<\/a><\/p>\n<hr \/>\n<h5><strong>Autores del post: <a href=\"https:\/\/stepienybarno.es\/blog\/2011\/09\/04\/las-fortalezas-del-arquitecto\/\">Stepienybarno<\/a> _ Agnieszka Stepien y Lorenzo Barn\u00f3<\/strong><\/h5>\n<h5>Y como siempre, si te gust\u00f3 el post, estar\u00eda genial que lo compartas en tus redes sociales.<\/h5>\n<h5>A su vez, si todav\u00eda no est\u00e1s suscrito a nuestra Newsletter, te animamos a hacerlo en la casilla que tienes al terminar este art\u00edculo.<\/h5>\n<p>&nbsp;<\/p>\n<p>Suscribirte a nuestro blog y recibe gratis nuestra gu\u00eda: 10 Ideas para vender m\u00e1s si eres arquitecto<\/p>\n<p>Acceder: <a href=\"http:\/\/bit.ly\/2fkkTS7\">http:\/\/bit.ly\/2fkkTS7<\/a><\/p>\n<p>&nbsp;<\/p>\n<p>Si te interesa contactar con nosotros para que te ayudemos a mejorar tu visibilidad online y, en consecuencia, mejorar tus oportunidades laborales, no dudes en escribirnos a: <a href=\"mailto:blog@stepienybarno.es\">blog@stepienybarno.es<\/a><\/p>\n<p>&nbsp;<\/p>\n<p><em><a href=\"https:\/\/twitter.com\/stepienybarno\">Stepienybarno en TWITTER<\/a><\/em><\/p>\n<p><em><a href=\"https:\/\/twitter.com\/stepienybarno\">@stepienybarno (+ de 16.000 seguidores)<\/a><\/em><\/p>\n<p><em><a href=\"https:\/\/twitter.com\/stepienybarno?lang=es\">https:\/\/twitter.com\/stepienybarno?lang=es<\/a><\/em><\/p>\n<p><em><a href=\"https:\/\/www.facebook.com\/pages\/BLOG-DE-STEPIENYBARNO\/78001079029\">Stepienybarno en FACEBOOK (+ de 24<u>.000 seguidores)<\/u><\/a><\/em><\/p>\n<p><em><a href=\"https:\/\/www.facebook.com\/StepienyBarnoArquitecturaeIdentidadDigital\/\">https:\/\/www.facebook.com\/StepienyBarnoArquitecturaeIdentidadDigital\/<\/a><\/em><\/p>\n<p><em>Acceder a nuestro GRUPO CERRADO DE FACEBOOK sobre Identidad Digital para Arquitectos:<\/em><\/p>\n<p><em><a href=\"https:\/\/www.facebook.com\/groups\/IdentidadDigitalParaArquitectos\/\">https:\/\/www.facebook.com\/groups\/IdentidadDigitalParaArquitectos\/<\/a><\/em><\/p>\n<p><em>Suscr\u00edbete a nuestro canal de YOUTUBE: <a href=\"http:\/\/bit.ly\/2A1UtAd\">http:\/\/bit.ly\/2A1UtAd<\/a><\/em><\/p>\n<p>&nbsp;<\/p>\n<p>* <a href=\"https:\/\/stepienybarno.es\/blog\/2011\/09\/04\/las-fortalezas-del-arquitecto\/\">Stepienybarno<\/a> est\u00e1 formado por Agnieszka Stepien y Lorenzo Barn\u00f3 y desde mayo del 2009 estamos en la red con la presente publicaci\u00f3n digital (Blog) de arquitectura.<\/p>\n<p>Nuestra actividad se sustenta en tres pilares b\u00e1sicos: la investigaci\u00f3n, la publicaci\u00f3n y la redacci\u00f3n de proyectos de arquitectura.<\/p>\n<p>A su vez, somos socios cofundadores de <a href=\"http:\/\/sinergiasostenible.org\/\">SINERGIA SOSTENIBLE<\/a> y directores del blog de FUNDACI\u00d3N ARQUIA.Pablo Twose Valls<\/p>\n","protected":false},"excerpt":{"rendered":"<p>Por: Marta Men\u00e9ndez Desde:\u00a0elindependiente Fotograf\u00eda: Eileen Gray, una pionera olvidada<\/p>\n","protected":false},"author":2,"featured_media":48119,"comment_status":"open","ping_status":"closed","sticky":false,"template":"","format":"standard","meta":{"om_disable_all_campaigns":false,"_monsterinsights_skip_tracking":false,"_monsterinsights_sitenote_active":false,"_monsterinsights_sitenote_note":"","_monsterinsights_sitenote_category":0,"_uf_show_specific_survey":0,"_uf_disable_surveys":false,"episode_type":"audio","audio_file":"","cover_image":"","cover_image_id":"","duration":"","filesize":"","date_recorded":"","explicit":"","block":"","filesize_raw":"","footnotes":""},"categories":[244],"tags":[2685],"series":[],"class_list":["post-48118","post","type-post","status-publish","format-standard","has-post-thumbnail","hentry","category-canal-de-arquitectura","tag-eileen-grey"],"aioseo_notices":[],"episode_featured_image":"https:\/\/stepienybarno.es\/blog\/wp-content\/uploads\/2021\/06\/stepienybarno-La-gran-olvidada-de-la-arquitectura-moderna-que-diseno-las-sillas-y-mesas-de-moda-Postdeldia.jpg","episode_player_image":"https:\/\/stepienybarno.es\/blog\/wp-content\/uploads\/2020\/11\/stepienybarno-podcast-scaled.jpg","download_link":"","player_link":"","audio_player":false,"episode_data":{"playerMode":"dark","subscribeUrls":[],"rssFeedUrl":"https:\/\/stepienybarno.es\/blog\/feed\/podcast\/podcast-de-stepienybarno","embedCode":"<blockquote class=\"wp-embedded-content\" data-secret=\"PhUqS7F43c\"><a href=\"https:\/\/stepienybarno.es\/blog\/2021\/06\/08\/la-gran-olvidada-de-la-arquitectura-moderna-que-diseno-las-sillas-y-mesas-de-moda\/\">La gran olvidada de la arquitectura moderna que dise\u00f1\u00f3 las sillas y mesas de moda<\/a><\/blockquote><iframe sandbox=\"allow-scripts\" security=\"restricted\" src=\"https:\/\/stepienybarno.es\/blog\/2021\/06\/08\/la-gran-olvidada-de-la-arquitectura-moderna-que-diseno-las-sillas-y-mesas-de-moda\/embed\/#?secret=PhUqS7F43c\" width=\"500\" height=\"350\" title=\"\u00abLa gran olvidada de la arquitectura moderna que dise\u00f1\u00f3 las sillas y mesas de moda\u00bb \u2014 Blog de STEPIEN Y BARNO - publicaci\u00f3n digital sobre arquitectura\" data-secret=\"PhUqS7F43c\" frameborder=\"0\" marginwidth=\"0\" marginheight=\"0\" scrolling=\"no\" class=\"wp-embedded-content\"><\/iframe><script type=\"text\/javascript\">\n\/* <![CDATA[ *\/\n\/*! This file is auto-generated *\/\n!function(d,l){\"use strict\";l.querySelector&&d.addEventListener&&\"undefined\"!=typeof URL&&(d.wp=d.wp||{},d.wp.receiveEmbedMessage||(d.wp.receiveEmbedMessage=function(e){var t=e.data;if((t||t.secret||t.message||t.value)&&!\/[^a-zA-Z0-9]\/.test(t.secret)){for(var s,r,n,a=l.querySelectorAll('iframe[data-secret=\"'+t.secret+'\"]'),o=l.querySelectorAll('blockquote[data-secret=\"'+t.secret+'\"]'),c=new RegExp(\"^https?:$\",\"i\"),i=0;i<o.length;i++)o[i].style.display=\"none\";for(i=0;i<a.length;i++)s=a[i],e.source===s.contentWindow&&(s.removeAttribute(\"style\"),\"height\"===t.message?(1e3<(r=parseInt(t.value,10))?r=1e3:~~r<200&&(r=200),s.height=r):\"link\"===t.message&&(r=new URL(s.getAttribute(\"src\")),n=new URL(t.value),c.test(n.protocol))&&n.host===r.host&&l.activeElement===s&&(d.top.location.href=t.value))}},d.addEventListener(\"message\",d.wp.receiveEmbedMessage,!1),l.addEventListener(\"DOMContentLoaded\",function(){for(var e,t,s=l.querySelectorAll(\"iframe.wp-embedded-content\"),r=0;r<s.length;r++)(t=(e=s[r]).getAttribute(\"data-secret\"))||(t=Math.random().toString(36).substring(2,12),e.src+=\"#?secret=\"+t,e.setAttribute(\"data-secret\",t)),e.contentWindow.postMessage({message:\"ready\",secret:t},\"*\")},!1)))}(window,document);\n\/* ]]> *\/\n<\/script>\n"},"_links":{"self":[{"href":"https:\/\/stepienybarno.es\/blog\/wp-json\/wp\/v2\/posts\/48118"}],"collection":[{"href":"https:\/\/stepienybarno.es\/blog\/wp-json\/wp\/v2\/posts"}],"about":[{"href":"https:\/\/stepienybarno.es\/blog\/wp-json\/wp\/v2\/types\/post"}],"author":[{"embeddable":true,"href":"https:\/\/stepienybarno.es\/blog\/wp-json\/wp\/v2\/users\/2"}],"replies":[{"embeddable":true,"href":"https:\/\/stepienybarno.es\/blog\/wp-json\/wp\/v2\/comments?post=48118"}],"version-history":[{"count":1,"href":"https:\/\/stepienybarno.es\/blog\/wp-json\/wp\/v2\/posts\/48118\/revisions"}],"predecessor-version":[{"id":48120,"href":"https:\/\/stepienybarno.es\/blog\/wp-json\/wp\/v2\/posts\/48118\/revisions\/48120"}],"wp:featuredmedia":[{"embeddable":true,"href":"https:\/\/stepienybarno.es\/blog\/wp-json\/wp\/v2\/media\/48119"}],"wp:attachment":[{"href":"https:\/\/stepienybarno.es\/blog\/wp-json\/wp\/v2\/media?parent=48118"}],"wp:term":[{"taxonomy":"category","embeddable":true,"href":"https:\/\/stepienybarno.es\/blog\/wp-json\/wp\/v2\/categories?post=48118"},{"taxonomy":"post_tag","embeddable":true,"href":"https:\/\/stepienybarno.es\/blog\/wp-json\/wp\/v2\/tags?post=48118"},{"taxonomy":"series","embeddable":true,"href":"https:\/\/stepienybarno.es\/blog\/wp-json\/wp\/v2\/series?post=48118"}],"curies":[{"name":"wp","href":"https:\/\/api.w.org\/{rel}","templated":true}]}}