{"id":4816,"date":"2012-01-03T11:13:08","date_gmt":"2012-01-03T09:13:08","guid":{"rendered":"https:\/\/www.stepienybarno.es\/blog\/?p=4816"},"modified":"2012-01-03T11:13:56","modified_gmt":"2012-01-03T09:13:56","slug":"entrevista-con-alfonso-samaniego-decano-del-colegio-oficial-de-arquitectos-de-la-rioja","status":"publish","type":"post","link":"https:\/\/stepienybarno.es\/blog\/2012\/01\/03\/entrevista-con-alfonso-samaniego-decano-del-colegio-oficial-de-arquitectos-de-la-rioja\/","title":{"rendered":"ENTREVISTA CON ALFONSO SAMANIEGO, DECANO DEL COLEGIO OFICIAL DE ARQUITECTOS DE LA RIOJA"},"content":{"rendered":"<p align=\"center\"><img loading=\"lazy\" decoding=\"async\" class=\"aligncenter size-full wp-image-4820\" title=\"Irene Larraz\" src=\"https:\/\/stepienybarno.es\/blog\/wp-content\/uploads\/2012\/01\/ALFONSO-SAMANIEGO-DECANO-ARQUITECTOS-EN-STEPIENYBARNO-1.jpg\" alt=\"Irene Larraz\" width=\"350\" height=\"263\" srcset=\"https:\/\/stepienybarno.es\/blog\/wp-content\/uploads\/2012\/01\/ALFONSO-SAMANIEGO-DECANO-ARQUITECTOS-EN-STEPIENYBARNO-1.jpg 350w, https:\/\/stepienybarno.es\/blog\/wp-content\/uploads\/2012\/01\/ALFONSO-SAMANIEGO-DECANO-ARQUITECTOS-EN-STEPIENYBARNO-1-180x135.jpg 180w, https:\/\/stepienybarno.es\/blog\/wp-content\/uploads\/2012\/01\/ALFONSO-SAMANIEGO-DECANO-ARQUITECTOS-EN-STEPIENYBARNO-1-316x237.jpg 316w\" sizes=\"(max-width: 350px) 100vw, 350px\" \/><\/p>\n<p>El decano lo ve negro, negro.<\/p>\n<p><a href=\"http:\/\/www.elcorreo.com\/alava\/v\/20111230\/rioja\/arquitectura-estamos-actividad-veces-20111230.html\" target=\"_self\">\u00abEn arquitectura estamos al 10% de actividad y a veces rozando el cero\u00bb<\/a><\/p>\n<p><!--more--><\/p>\n<p>\u201cLa palabra paro se adapta mal a un profesional liberal. \u00bfEstar en un 10% de actividad es paro? No, en cero hay muy pocos, pero en un 10% muchos. Paro estricto no es, pero en realidad algunas veces en lugar de tener ganancias se tienen p\u00e9rdidas, por lo tanto es peor que el paro.\u201d<\/p>\n<p align=\"left\"><a href=\"http:\/\/www.elcorreo.com\/alava\/v\/20111230\/rioja\/arquitectura-estamos-actividad-veces-20111230.html\">Acceder a la informaci\u00f3n.<\/a><\/p>\n<p align=\"left\">Noticia seleccionada por el Canal de arquitectura STEPIENYBARNO.<\/p>\n<p align=\"left\"><a href=\"http:\/\/www.linkedin.com\/company\/stepienybarno\">STEPIENYBARNO EN LINKEDIN<\/a><\/p>\n<p align=\"left\"><a href=\"http:\/\/twitter.com\/stepienybarno\/stepienybarno\">STEPIENYBARNO EN TWITTER<\/a><\/p>\n<p align=\"left\"><a href=\"https:\/\/www.facebook.com\/StepienybarnoCANAL\">STEPIENYBARNO EN FACEBOOK<\/a><\/p>\n<p align=\"left\">\n<p align=\"left\">*Stepienybarno est\u00e1 formado por Agnieszka Stepien y Lorenzo Barn\u00f3 y desde mayo del 2009 estamos en la red con\u00a0 la presente publicaci\u00f3n digital (Blog) de arquitectura.<\/p>\n<p align=\"left\">Nuestra actividad se sustenta en tres pilares b\u00e1sicos: la investigaci\u00f3n, la publicaci\u00f3n (comunicaci\u00f3n y difusi\u00f3n) y la redacci\u00f3n de proyectos de arquitectura.<\/p>\n<p align=\"left\">A su vez, somos socios cofundadores de <a href=\"http:\/\/sinergiasostenible.org\/\">SINERGIA SOSTENIBLE<\/a> y redactores de <a href=\"http:\/\/www.laciudadviva.org\/blogs\/?author=45\">LA CIUDAD VIVA<\/a>.<\/p>\n","protected":false},"excerpt":{"rendered":"<p>\nEl decano lo ve negro, negro.<\/p>\n<p>\u00abEn arquitectura estamos al 10% de actividad y a veces rozando el cero\u00bb<\/p>\n","protected":false},"author":2,"featured_media":0,"comment_status":"open","ping_status":"closed","sticky":false,"template":"","format":"standard","meta":{"om_disable_all_campaigns":false,"_monsterinsights_skip_tracking":false,"_monsterinsights_sitenote_active":false,"_monsterinsights_sitenote_note":"","_monsterinsights_sitenote_category":0,"_uf_show_specific_survey":0,"_uf_disable_surveys":false,"episode_type":"","audio_file":"","cover_image":"","cover_image_id":"","duration":"","filesize":"","date_recorded":"","explicit":"","block":"","filesize_raw":"","footnotes":""},"categories":[34,244],"tags":[4274,1399,9,1400,52],"series":[],"class_list":["post-4816","post","type-post","status-publish","format-standard","hentry","category-actualidad","category-canal-de-arquitectura","tag-actualidad","tag-alfonso-samaniego","tag-arquitectura","tag-decano-del-colegio-oficial-de-arquitectos-de-la-rioja","tag-la-profesion-de-arquitecto"],"aioseo_notices":[],"episode_featured_image":false,"episode_player_image":"https:\/\/stepienybarno.es\/blog\/wp-content\/uploads\/2020\/11\/stepienybarno-podcast-scaled.jpg","download_link":"","player_link":"","audio_player":false,"episode_data":{"playerMode":"dark","subscribeUrls":[],"rssFeedUrl":"https:\/\/stepienybarno.es\/blog\/feed\/podcast\/podcast-de-stepienybarno","embedCode":"<blockquote class=\"wp-embedded-content\" data-secret=\"v9GoG0MLvo\"><a href=\"https:\/\/stepienybarno.es\/blog\/2012\/01\/03\/entrevista-con-alfonso-samaniego-decano-del-colegio-oficial-de-arquitectos-de-la-rioja\/\">ENTREVISTA CON ALFONSO SAMANIEGO, DECANO DEL COLEGIO OFICIAL DE ARQUITECTOS DE LA RIOJA<\/a><\/blockquote><iframe sandbox=\"allow-scripts\" security=\"restricted\" src=\"https:\/\/stepienybarno.es\/blog\/2012\/01\/03\/entrevista-con-alfonso-samaniego-decano-del-colegio-oficial-de-arquitectos-de-la-rioja\/embed\/#?secret=v9GoG0MLvo\" width=\"500\" height=\"350\" title=\"\u00abENTREVISTA CON ALFONSO SAMANIEGO, DECANO DEL COLEGIO OFICIAL DE ARQUITECTOS DE LA RIOJA\u00bb \u2014 Blog de STEPIEN Y BARNO - publicaci\u00f3n digital sobre arquitectura\" data-secret=\"v9GoG0MLvo\" frameborder=\"0\" marginwidth=\"0\" marginheight=\"0\" scrolling=\"no\" class=\"wp-embedded-content\"><\/iframe><script type=\"text\/javascript\">\n\/* <![CDATA[ *\/\n\/*! This file is auto-generated *\/\n!function(d,l){\"use strict\";l.querySelector&&d.addEventListener&&\"undefined\"!=typeof URL&&(d.wp=d.wp||{},d.wp.receiveEmbedMessage||(d.wp.receiveEmbedMessage=function(e){var t=e.data;if((t||t.secret||t.message||t.value)&&!\/[^a-zA-Z0-9]\/.test(t.secret)){for(var s,r,n,a=l.querySelectorAll('iframe[data-secret=\"'+t.secret+'\"]'),o=l.querySelectorAll('blockquote[data-secret=\"'+t.secret+'\"]'),c=new RegExp(\"^https?:$\",\"i\"),i=0;i<o.length;i++)o[i].style.display=\"none\";for(i=0;i<a.length;i++)s=a[i],e.source===s.contentWindow&&(s.removeAttribute(\"style\"),\"height\"===t.message?(1e3<(r=parseInt(t.value,10))?r=1e3:~~r<200&&(r=200),s.height=r):\"link\"===t.message&&(r=new URL(s.getAttribute(\"src\")),n=new URL(t.value),c.test(n.protocol))&&n.host===r.host&&l.activeElement===s&&(d.top.location.href=t.value))}},d.addEventListener(\"message\",d.wp.receiveEmbedMessage,!1),l.addEventListener(\"DOMContentLoaded\",function(){for(var e,t,s=l.querySelectorAll(\"iframe.wp-embedded-content\"),r=0;r<s.length;r++)(t=(e=s[r]).getAttribute(\"data-secret\"))||(t=Math.random().toString(36).substring(2,12),e.src+=\"#?secret=\"+t,e.setAttribute(\"data-secret\",t)),e.contentWindow.postMessage({message:\"ready\",secret:t},\"*\")},!1)))}(window,document);\n\/* ]]> *\/\n<\/script>\n"},"_links":{"self":[{"href":"https:\/\/stepienybarno.es\/blog\/wp-json\/wp\/v2\/posts\/4816"}],"collection":[{"href":"https:\/\/stepienybarno.es\/blog\/wp-json\/wp\/v2\/posts"}],"about":[{"href":"https:\/\/stepienybarno.es\/blog\/wp-json\/wp\/v2\/types\/post"}],"author":[{"embeddable":true,"href":"https:\/\/stepienybarno.es\/blog\/wp-json\/wp\/v2\/users\/2"}],"replies":[{"embeddable":true,"href":"https:\/\/stepienybarno.es\/blog\/wp-json\/wp\/v2\/comments?post=4816"}],"version-history":[{"count":4,"href":"https:\/\/stepienybarno.es\/blog\/wp-json\/wp\/v2\/posts\/4816\/revisions"}],"predecessor-version":[{"id":4822,"href":"https:\/\/stepienybarno.es\/blog\/wp-json\/wp\/v2\/posts\/4816\/revisions\/4822"}],"wp:attachment":[{"href":"https:\/\/stepienybarno.es\/blog\/wp-json\/wp\/v2\/media?parent=4816"}],"wp:term":[{"taxonomy":"category","embeddable":true,"href":"https:\/\/stepienybarno.es\/blog\/wp-json\/wp\/v2\/categories?post=4816"},{"taxonomy":"post_tag","embeddable":true,"href":"https:\/\/stepienybarno.es\/blog\/wp-json\/wp\/v2\/tags?post=4816"},{"taxonomy":"series","embeddable":true,"href":"https:\/\/stepienybarno.es\/blog\/wp-json\/wp\/v2\/series?post=4816"}],"curies":[{"name":"wp","href":"https:\/\/api.w.org\/{rel}","templated":true}]}}