{"id":48213,"date":"2021-06-15T08:01:13","date_gmt":"2021-06-15T06:01:13","guid":{"rendered":"https:\/\/stepienybarno.es\/blog\/?p=48213"},"modified":"2021-06-14T20:08:51","modified_gmt":"2021-06-14T18:08:51","slug":"la-ambasciata-quiere-tener-pisos-ecologicos","status":"publish","type":"post","link":"https:\/\/stepienybarno.es\/blog\/2021\/06\/15\/la-ambasciata-quiere-tener-pisos-ecologicos\/","title":{"rendered":"La \u2018Ambasciata\u2019 quiere tener pisos ecol\u00f3gicos"},"content":{"rendered":"<div id=\"attachment_48216\" style=\"width: 1970px\" class=\"wp-caption alignnone\"><img loading=\"lazy\" decoding=\"async\" aria-describedby=\"caption-attachment-48216\" class=\"size-full wp-image-48216\" src=\"https:\/\/stepienybarno.es\/blog\/wp-content\/uploads\/2021\/06\/stepienybarno-La-\u2018Ambasciata-quiere-tener-pisos-ecologicos-postdeldia.jpg\" alt=\"\" width=\"1960\" height=\"1187\" srcset=\"https:\/\/stepienybarno.es\/blog\/wp-content\/uploads\/2021\/06\/stepienybarno-La-\u2018Ambasciata-quiere-tener-pisos-ecologicos-postdeldia.jpg 1960w, https:\/\/stepienybarno.es\/blog\/wp-content\/uploads\/2021\/06\/stepienybarno-La-\u2018Ambasciata-quiere-tener-pisos-ecologicos-postdeldia-550x333.jpg 550w, https:\/\/stepienybarno.es\/blog\/wp-content\/uploads\/2021\/06\/stepienybarno-La-\u2018Ambasciata-quiere-tener-pisos-ecologicos-postdeldia-1024x620.jpg 1024w, https:\/\/stepienybarno.es\/blog\/wp-content\/uploads\/2021\/06\/stepienybarno-La-\u2018Ambasciata-quiere-tener-pisos-ecologicos-postdeldia-180x109.jpg 180w, https:\/\/stepienybarno.es\/blog\/wp-content\/uploads\/2021\/06\/stepienybarno-La-\u2018Ambasciata-quiere-tener-pisos-ecologicos-postdeldia-1536x930.jpg 1536w, https:\/\/stepienybarno.es\/blog\/wp-content\/uploads\/2021\/06\/stepienybarno-La-\u2018Ambasciata-quiere-tener-pisos-ecologicos-postdeldia-316x191.jpg 316w\" sizes=\"(max-width: 1960px) 100vw, 1960px\" \/><p id=\"caption-attachment-48216\" class=\"wp-caption-text\">Dvd 1050 19\/4\/21<br \/>Talia Dombriz y Daniel Diedrich, los dos arquitectos de la empresa DMDVA que se encargar\u00e1n de la reforma integral de un edificio para empleados de la Embajada italiana en Madrid dentro de sus terrenos.<br \/>KIKE PARA.<\/p><\/div>\n<h1><strong>Por: Jos\u00e9 Luis Aranda<br \/>\n<\/strong><\/h1>\n<h2><strong>Desde: <\/strong>El Pa\u00eds<\/h2>\n<h2>Fotograf\u00eda: Los arquitectos Talia Dombriz y Daniel Diedrich, responsables del proyecto de rehabilitaci\u00f3n, ante el edificio de viviendas de la Embajada de Italia en Madrid.KIKE PARA <!--more--><\/h2>\n<p>La Embajada de Italia en Madrid no es uno de esos edificios que pasan desapercibidos. El palacio que se asoma a la calle Juan Bravo, a pocos metros del Paseo de la Castellana, se cuenta entre los m\u00e1s emblem\u00e1ticos de Madrid. Pero pocos reparan en un peque\u00f1o secreto. En el jard\u00edn posterior, y con una de las fachadas recayente en la calle Lagasca, hay una segunda construcci\u00f3n que en su d\u00eda acog\u00eda al personal de servicio de los marqueses de Amboage, los primeros propietarios. Con los a\u00f1os ha ido cayendo casi en desuso, pero un proyecto prev\u00e9 ahora recuperar las viviendas originales. Ser\u00e1n cinco pisos centenarios, pero de consumo casi nulo gracias a una rehabilitaci\u00f3n energ\u00e9tica mod\u00e9lica.<\/p>\n<p>&nbsp;<\/p>\n<p style=\"text-align: center;\"><a href=\"https:\/\/bit.ly\/3cGqenf\" target=\"_blank\" rel=\"noopener noreferrer\">Acceder al post<\/a><\/p>\n<hr \/>\n<h5><strong>Autores del post: <a href=\"https:\/\/stepienybarno.es\/blog\/2011\/09\/04\/las-fortalezas-del-arquitecto\/\">Stepienybarno<\/a> _ Agnieszka Stepien y Lorenzo Barn\u00f3<\/strong><\/h5>\n<h5>Y como siempre, si te gust\u00f3 el post, estar\u00eda genial que lo compartas en tus redes sociales.<\/h5>\n<h5>A su vez, si todav\u00eda no est\u00e1s suscrito a nuestra Newsletter, te animamos a hacerlo en la casilla que tienes al terminar este art\u00edculo.<\/h5>\n<p>&nbsp;<\/p>\n<p>Suscribirte a nuestro blog y recibe gratis nuestra gu\u00eda: 10 Ideas para vender m\u00e1s si eres arquitecto<\/p>\n<p>Acceder: <a href=\"http:\/\/bit.ly\/2fkkTS7\">http:\/\/bit.ly\/2fkkTS7<\/a><\/p>\n<p>&nbsp;<\/p>\n<p>Si te interesa contactar con nosotros para que te ayudemos a mejorar tu visibilidad online y, en consecuencia, mejorar tus oportunidades laborales, no dudes en escribirnos a: <a href=\"mailto:blog@stepienybarno.es\">blog@stepienybarno.es<\/a><\/p>\n<p>&nbsp;<\/p>\n<p><em><a href=\"https:\/\/twitter.com\/stepienybarno\">Stepienybarno en TWITTER<\/a><\/em><\/p>\n<p><em><a href=\"https:\/\/twitter.com\/stepienybarno\">@stepienybarno (+ de 16.000 seguidores)<\/a><\/em><\/p>\n<p><em><a href=\"https:\/\/twitter.com\/stepienybarno?lang=es\">https:\/\/twitter.com\/stepienybarno?lang=es<\/a><\/em><\/p>\n<p><em><a href=\"https:\/\/www.facebook.com\/pages\/BLOG-DE-STEPIENYBARNO\/78001079029\">Stepienybarno en FACEBOOK (+ de 24<u>.000 seguidores)<\/u><\/a><\/em><\/p>\n<p><em><a href=\"https:\/\/www.facebook.com\/StepienyBarnoArquitecturaeIdentidadDigital\/\">https:\/\/www.facebook.com\/StepienyBarnoArquitecturaeIdentidadDigital\/<\/a><\/em><\/p>\n<p><em>Acceder a nuestro GRUPO CERRADO DE FACEBOOK sobre Identidad Digital para Arquitectos:<\/em><\/p>\n<p><em><a href=\"https:\/\/www.facebook.com\/groups\/IdentidadDigitalParaArquitectos\/\">https:\/\/www.facebook.com\/groups\/IdentidadDigitalParaArquitectos\/<\/a><\/em><\/p>\n<p><em>Suscr\u00edbete a nuestro canal de YOUTUBE: <a href=\"http:\/\/bit.ly\/2A1UtAd\">http:\/\/bit.ly\/2A1UtAd<\/a><\/em><\/p>\n<p>&nbsp;<\/p>\n<p>* <a href=\"https:\/\/stepienybarno.es\/blog\/2011\/09\/04\/las-fortalezas-del-arquitecto\/\">Stepienybarno<\/a> est\u00e1 formado por Agnieszka Stepien y Lorenzo Barn\u00f3 y desde mayo del 2009 estamos en la red con la presente publicaci\u00f3n digital (Blog) de arquitectura.<\/p>\n<p>Nuestra actividad se sustenta en tres pilares b\u00e1sicos: la investigaci\u00f3n, la publicaci\u00f3n y la redacci\u00f3n de proyectos de arquitectura.<\/p>\n<p>A su vez, somos socios cofundadores de <a href=\"http:\/\/sinergiasostenible.org\/\">SINERGIA SOSTENIBLE<\/a> y directores del blog de FUNDACI\u00d3N ARQUIA.Pablo Twose Valls<\/p>\n","protected":false},"excerpt":{"rendered":"<p>Por: Jos\u00e9 Luis Aranda Desde: El Pa\u00eds Fotograf\u00eda: Los arquitectos<\/p>\n","protected":false},"author":2,"featured_media":48216,"comment_status":"open","ping_status":"closed","sticky":false,"template":"","format":"standard","meta":{"om_disable_all_campaigns":false,"_monsterinsights_skip_tracking":false,"_monsterinsights_sitenote_active":false,"_monsterinsights_sitenote_note":"","_monsterinsights_sitenote_category":0,"_uf_show_specific_survey":0,"_uf_disable_surveys":false,"episode_type":"audio","audio_file":"","cover_image":"","cover_image_id":"","duration":"","filesize":"","date_recorded":"","explicit":"","block":"","filesize_raw":"","footnotes":""},"categories":[244],"tags":[6277],"series":[],"class_list":["post-48213","post","type-post","status-publish","format-standard","has-post-thumbnail","hentry","category-canal-de-arquitectura","tag-arquitectura-sostenible"],"aioseo_notices":[],"episode_featured_image":"https:\/\/stepienybarno.es\/blog\/wp-content\/uploads\/2021\/06\/stepienybarno-La-\u2018Ambasciata-quiere-tener-pisos-ecologicos-postdeldia.jpg","episode_player_image":"https:\/\/stepienybarno.es\/blog\/wp-content\/uploads\/2020\/11\/stepienybarno-podcast-scaled.jpg","download_link":"","player_link":"","audio_player":false,"episode_data":{"playerMode":"dark","subscribeUrls":[],"rssFeedUrl":"https:\/\/stepienybarno.es\/blog\/feed\/podcast\/podcast-de-stepienybarno","embedCode":"<blockquote class=\"wp-embedded-content\" data-secret=\"Hs4wOQZnQl\"><a href=\"https:\/\/stepienybarno.es\/blog\/2021\/06\/15\/la-ambasciata-quiere-tener-pisos-ecologicos\/\">La \u2018Ambasciata\u2019 quiere tener pisos ecol\u00f3gicos<\/a><\/blockquote><iframe sandbox=\"allow-scripts\" security=\"restricted\" src=\"https:\/\/stepienybarno.es\/blog\/2021\/06\/15\/la-ambasciata-quiere-tener-pisos-ecologicos\/embed\/#?secret=Hs4wOQZnQl\" width=\"500\" height=\"350\" title=\"\u00abLa \u2018Ambasciata\u2019 quiere tener pisos ecol\u00f3gicos\u00bb \u2014 Blog de STEPIEN Y BARNO - publicaci\u00f3n digital sobre arquitectura\" data-secret=\"Hs4wOQZnQl\" frameborder=\"0\" marginwidth=\"0\" marginheight=\"0\" scrolling=\"no\" class=\"wp-embedded-content\"><\/iframe><script type=\"text\/javascript\">\n\/* <![CDATA[ *\/\n\/*! This file is auto-generated *\/\n!function(d,l){\"use strict\";l.querySelector&&d.addEventListener&&\"undefined\"!=typeof URL&&(d.wp=d.wp||{},d.wp.receiveEmbedMessage||(d.wp.receiveEmbedMessage=function(e){var t=e.data;if((t||t.secret||t.message||t.value)&&!\/[^a-zA-Z0-9]\/.test(t.secret)){for(var s,r,n,a=l.querySelectorAll('iframe[data-secret=\"'+t.secret+'\"]'),o=l.querySelectorAll('blockquote[data-secret=\"'+t.secret+'\"]'),c=new RegExp(\"^https?:$\",\"i\"),i=0;i<o.length;i++)o[i].style.display=\"none\";for(i=0;i<a.length;i++)s=a[i],e.source===s.contentWindow&&(s.removeAttribute(\"style\"),\"height\"===t.message?(1e3<(r=parseInt(t.value,10))?r=1e3:~~r<200&&(r=200),s.height=r):\"link\"===t.message&&(r=new URL(s.getAttribute(\"src\")),n=new URL(t.value),c.test(n.protocol))&&n.host===r.host&&l.activeElement===s&&(d.top.location.href=t.value))}},d.addEventListener(\"message\",d.wp.receiveEmbedMessage,!1),l.addEventListener(\"DOMContentLoaded\",function(){for(var e,t,s=l.querySelectorAll(\"iframe.wp-embedded-content\"),r=0;r<s.length;r++)(t=(e=s[r]).getAttribute(\"data-secret\"))||(t=Math.random().toString(36).substring(2,12),e.src+=\"#?secret=\"+t,e.setAttribute(\"data-secret\",t)),e.contentWindow.postMessage({message:\"ready\",secret:t},\"*\")},!1)))}(window,document);\n\/* ]]> *\/\n<\/script>\n"},"_links":{"self":[{"href":"https:\/\/stepienybarno.es\/blog\/wp-json\/wp\/v2\/posts\/48213"}],"collection":[{"href":"https:\/\/stepienybarno.es\/blog\/wp-json\/wp\/v2\/posts"}],"about":[{"href":"https:\/\/stepienybarno.es\/blog\/wp-json\/wp\/v2\/types\/post"}],"author":[{"embeddable":true,"href":"https:\/\/stepienybarno.es\/blog\/wp-json\/wp\/v2\/users\/2"}],"replies":[{"embeddable":true,"href":"https:\/\/stepienybarno.es\/blog\/wp-json\/wp\/v2\/comments?post=48213"}],"version-history":[{"count":4,"href":"https:\/\/stepienybarno.es\/blog\/wp-json\/wp\/v2\/posts\/48213\/revisions"}],"predecessor-version":[{"id":48221,"href":"https:\/\/stepienybarno.es\/blog\/wp-json\/wp\/v2\/posts\/48213\/revisions\/48221"}],"wp:featuredmedia":[{"embeddable":true,"href":"https:\/\/stepienybarno.es\/blog\/wp-json\/wp\/v2\/media\/48216"}],"wp:attachment":[{"href":"https:\/\/stepienybarno.es\/blog\/wp-json\/wp\/v2\/media?parent=48213"}],"wp:term":[{"taxonomy":"category","embeddable":true,"href":"https:\/\/stepienybarno.es\/blog\/wp-json\/wp\/v2\/categories?post=48213"},{"taxonomy":"post_tag","embeddable":true,"href":"https:\/\/stepienybarno.es\/blog\/wp-json\/wp\/v2\/tags?post=48213"},{"taxonomy":"series","embeddable":true,"href":"https:\/\/stepienybarno.es\/blog\/wp-json\/wp\/v2\/series?post=48213"}],"curies":[{"name":"wp","href":"https:\/\/api.w.org\/{rel}","templated":true}]}}