{"id":48399,"date":"2021-06-18T12:06:23","date_gmt":"2021-06-18T10:06:23","guid":{"rendered":"https:\/\/stepienybarno.es\/blog\/?p=48399"},"modified":"2022-02-15T09:31:10","modified_gmt":"2022-02-15T07:31:10","slug":"episodio-104-arquicafe-con-almudena-de-benito-de-chiquitectos","status":"publish","type":"post","link":"https:\/\/stepienybarno.es\/blog\/2021\/06\/18\/episodio-104-arquicafe-con-almudena-de-benito-de-chiquitectos\/","title":{"rendered":"Episodio 104: Arquicaf\u00e9 con Almudena de Benito de Chiquitectos"},"content":{"rendered":"<p><img loading=\"lazy\" decoding=\"async\" class=\"alignnone size-full wp-image-48400\" src=\"https:\/\/stepienybarno.es\/blog\/wp-content\/uploads\/2021\/06\/MINIAT1.jpg\" alt=\"arquicafe con Almundena de Benito \" width=\"1280\" height=\"720\" srcset=\"https:\/\/stepienybarno.es\/blog\/wp-content\/uploads\/2021\/06\/MINIAT1.jpg 1280w, https:\/\/stepienybarno.es\/blog\/wp-content\/uploads\/2021\/06\/MINIAT1-550x309.jpg 550w, https:\/\/stepienybarno.es\/blog\/wp-content\/uploads\/2021\/06\/MINIAT1-1024x576.jpg 1024w, https:\/\/stepienybarno.es\/blog\/wp-content\/uploads\/2021\/06\/MINIAT1-180x101.jpg 180w, https:\/\/stepienybarno.es\/blog\/wp-content\/uploads\/2021\/06\/MINIAT1-316x178.jpg 316w\" sizes=\"(max-width: 1280px) 100vw, 1280px\" \/><\/p>\n<p>Hoy nos tomamos un Arquicaf\u00e9 con <b>Almudena de Benito<\/b> fundaora y directora de <strong><a href=\"https:\/\/www.chiquitectos.com\/equipo\/\">Chiquitectos<\/a><\/strong><\/p>\n<p>Almudena, a la que admiramos much\u00edsimo, ha sido una de las pioneras en tocar temas de <strong>Arquitectura e Infancia<\/strong><br \/>\n<!--more--><\/p>\n<p><em><strong>Almudena de Benito<\/strong> tras dedicarse durante a\u00f1os a la arquitectura propiamente dicha en distintos estudios de Madrid y Viena, en 2011 nace <strong>Chiquitectos<\/strong>, un proyecto l\u00fadico y educativo para implicar a los ni\u00f1os y ni\u00f1as con el mundo que les rodea y despertar su inter\u00e9s por lo arquitect\u00f3nico, el entorno urbano y el desarrollo sostenible.<\/em><\/p>\n<p><em>Actualmente compagina la actividad en chiquitectos, con la investigaci\u00f3n y la docencia en los grados de Arquitectura y Dise\u00f1o de la Universidad Rey Juan Carlos, junto a la participaci\u00f3n en diversos congresos y jornadas sobre arquitectura y educaci\u00f3n e innovaci\u00f3n pedag\u00f3gica.<\/em><\/p>\n<p><em>Doctora con Sobresaliente Cum Laude por la Universidad Polit\u00e9cnica de Madrid en 2018. <strong>Tesis: La infancia en casa<\/strong>. La transformaci\u00f3n de los dispositivos espaciales vinculados a la ni\u00f1ez desde la Edad media hasta la actualidad. Dirigida por Atxu Amann y Gonzalo Pardo desde el programa de Comunicaci\u00f3n Arquitect\u00f3nica.<\/em><\/p>\n<div class=\"elementor-widget-container\">\n<div class=\"elementor-text-editor elementor-clearfix\">\n<p>Puedes encontrar a Almudena de Benito en:<\/p>\n<p>web: <a href=\"https:\/\/www.chiquitectos.com\/\" target=\"_blank\" rel=\"noopener noreferrer\">Chiquitectos.com<\/a><\/p>\n<p>Facebook: <a href=\"https:\/\/www.facebook.com\/chiquitectos\"><strong>@chiquitectos<\/strong><\/a><\/p>\n<p>Instagram: <strong><a href=\"https:\/\/www.instagram.com\/chiquitectos\/\">@chiquitectos<\/a><\/strong><\/p>\n<p>Twittter: <a href=\"https:\/\/twitter.com\/chiquitectos\"><strong>@chiquitectos<\/strong><\/a><\/p>\n<\/div>\n<\/div>\n<p>&nbsp;<\/p>\n<a href=\"https:\/\/www.ivoox.com\/stepienybarno-arquitectura_sq_f1856662_1.html \" class=\"kp-button \" target=\"_self\">Escucha m\u00e1s podcast de Stepienybarno en IVOOX<\/a>\n<p>&nbsp;<\/p>\n<p>&nbsp;<\/p>\n<div class=\"elementor-element elementor-element-afefd0e elementor-widget elementor-widget-text-editor\" data-id=\"afefd0e\" data-element_type=\"widget\" data-widget_type=\"text-editor.default\">\n<div class=\"elementor-widget-container\">\n<div class=\"elementor-text-editor elementor-clearfix\">\n<p><iframe loading=\"lazy\" title=\"entrevista #arquicaf\u00e9 con Almudena de Benito\" width=\"911\" height=\"512\" src=\"https:\/\/www.youtube.com\/embed\/BRNNB0HfC8w?feature=oembed\" frameborder=\"0\" allow=\"accelerometer; autoplay; clipboard-write; encrypted-media; gyroscope; picture-in-picture\" allowfullscreen><\/iframe><\/p>\n<h3>Esperamos que te haya gustado nuestro Arquicaf\u00e9 con Almudena de Benito de chiquitectos<\/h3>\n<p>Si quieres saber m\u00e1s de Almudena:<\/p>\n<p class=\"entry-title\">&#8211;<a href=\"https:\/\/stepienybarno.es\/blog\/2020\/05\/01\/debate-online-sobre-arquitectura-e-infancia\/\">Debate ONLINE sobre Arquitectura e Infancia<\/a><\/p>\n<p>&#8211;<\/p>\n<\/div>\n<\/div>\n<\/div>\n","protected":false},"excerpt":{"rendered":"<p>Hoy nos tomamos un Arquicaf\u00e9 con Almudena de Benito fundaora<\/p>\n","protected":false},"author":2,"featured_media":48400,"comment_status":"open","ping_status":"closed","sticky":false,"template":"","format":"standard","meta":{"om_disable_all_campaigns":false,"_monsterinsights_skip_tracking":false,"_monsterinsights_sitenote_active":false,"_monsterinsights_sitenote_note":"","_monsterinsights_sitenote_category":0,"_uf_show_specific_survey":0,"_uf_disable_surveys":false,"episode_type":"audio","audio_file":"https:\/\/stepienybarno.es\/blog\/wp-content\/uploads\/2021\/06\/104-ARQUICAFE-ALMUDENA-DE-BENITO-1.mp3","cover_image":"","cover_image_id":"","duration":"29:42","filesize":"6.8M","date_recorded":"","explicit":"","block":"","filesize_raw":"7127171","footnotes":""},"categories":[34,63,7985],"tags":[7777,3787,7021,1687,4628,7997],"series":[10115],"class_list":["post-48399","post","type-post","status-publish","format-standard","has-post-thumbnail","hentry","category-actualidad","category-arqui-entrevista","category-podcast","tag-arquicafe","tag-almudena-de-benito","tag-arquitectura-e-infancia","tag-chiquitectos","tag-lorenzo-barno","tag-podcast","series-podcast-de-stepienybarno"],"aioseo_notices":[],"episode_featured_image":"https:\/\/stepienybarno.es\/blog\/wp-content\/uploads\/2021\/06\/MINIAT1.jpg","episode_player_image":"https:\/\/stepienybarno.es\/blog\/wp-content\/uploads\/2020\/11\/stepienybarno-podcast-scaled.jpg","download_link":"https:\/\/stepienybarno.es\/blog\/podcast-download\/48399\/episodio-104-arquicafe-con-almudena-de-benito-de-chiquitectos.mp3","player_link":"https:\/\/stepienybarno.es\/blog\/podcast-player\/48399\/episodio-104-arquicafe-con-almudena-de-benito-de-chiquitectos.mp3","audio_player":"<!--[if lt IE 9]><script>document.createElement('audio');<\/script><![endif]-->\n<audio class=\"wp-audio-shortcode\" id=\"audio-48399-1\" preload=\"none\" style=\"width: 100%;\" controls=\"controls\"><source type=\"audio\/mpeg\" src=\"https:\/\/stepienybarno.es\/blog\/podcast-player\/48399\/episodio-104-arquicafe-con-almudena-de-benito-de-chiquitectos.mp3?_=1\" \/><a href=\"https:\/\/stepienybarno.es\/blog\/podcast-player\/48399\/episodio-104-arquicafe-con-almudena-de-benito-de-chiquitectos.mp3\">https:\/\/stepienybarno.es\/blog\/podcast-player\/48399\/episodio-104-arquicafe-con-almudena-de-benito-de-chiquitectos.mp3<\/a><\/audio>","episode_data":{"playerMode":"dark","subscribeUrls":[],"rssFeedUrl":"https:\/\/stepienybarno.es\/blog\/feed\/podcast\/podcast-de-stepienybarno","embedCode":"<blockquote class=\"wp-embedded-content\" data-secret=\"BM3wVCCqAA\"><a href=\"https:\/\/stepienybarno.es\/blog\/2021\/06\/18\/episodio-104-arquicafe-con-almudena-de-benito-de-chiquitectos\/\">Episodio 104: Arquicaf\u00e9 con Almudena de Benito de Chiquitectos<\/a><\/blockquote><iframe sandbox=\"allow-scripts\" security=\"restricted\" src=\"https:\/\/stepienybarno.es\/blog\/2021\/06\/18\/episodio-104-arquicafe-con-almudena-de-benito-de-chiquitectos\/embed\/#?secret=BM3wVCCqAA\" width=\"500\" height=\"350\" title=\"\u00abEpisodio 104: Arquicaf\u00e9 con Almudena de Benito de Chiquitectos\u00bb \u2014 Blog de STEPIEN Y BARNO - publicaci\u00f3n digital sobre arquitectura\" data-secret=\"BM3wVCCqAA\" frameborder=\"0\" marginwidth=\"0\" marginheight=\"0\" scrolling=\"no\" class=\"wp-embedded-content\"><\/iframe><script type=\"text\/javascript\">\n\/* <![CDATA[ *\/\n\/*! This file is auto-generated *\/\n!function(d,l){\"use strict\";l.querySelector&&d.addEventListener&&\"undefined\"!=typeof URL&&(d.wp=d.wp||{},d.wp.receiveEmbedMessage||(d.wp.receiveEmbedMessage=function(e){var t=e.data;if((t||t.secret||t.message||t.value)&&!\/[^a-zA-Z0-9]\/.test(t.secret)){for(var s,r,n,a=l.querySelectorAll('iframe[data-secret=\"'+t.secret+'\"]'),o=l.querySelectorAll('blockquote[data-secret=\"'+t.secret+'\"]'),c=new RegExp(\"^https?:$\",\"i\"),i=0;i<o.length;i++)o[i].style.display=\"none\";for(i=0;i<a.length;i++)s=a[i],e.source===s.contentWindow&&(s.removeAttribute(\"style\"),\"height\"===t.message?(1e3<(r=parseInt(t.value,10))?r=1e3:~~r<200&&(r=200),s.height=r):\"link\"===t.message&&(r=new URL(s.getAttribute(\"src\")),n=new URL(t.value),c.test(n.protocol))&&n.host===r.host&&l.activeElement===s&&(d.top.location.href=t.value))}},d.addEventListener(\"message\",d.wp.receiveEmbedMessage,!1),l.addEventListener(\"DOMContentLoaded\",function(){for(var e,t,s=l.querySelectorAll(\"iframe.wp-embedded-content\"),r=0;r<s.length;r++)(t=(e=s[r]).getAttribute(\"data-secret\"))||(t=Math.random().toString(36).substring(2,12),e.src+=\"#?secret=\"+t,e.setAttribute(\"data-secret\",t)),e.contentWindow.postMessage({message:\"ready\",secret:t},\"*\")},!1)))}(window,document);\n\/* ]]> *\/\n<\/script>\n"},"_links":{"self":[{"href":"https:\/\/stepienybarno.es\/blog\/wp-json\/wp\/v2\/posts\/48399"}],"collection":[{"href":"https:\/\/stepienybarno.es\/blog\/wp-json\/wp\/v2\/posts"}],"about":[{"href":"https:\/\/stepienybarno.es\/blog\/wp-json\/wp\/v2\/types\/post"}],"author":[{"embeddable":true,"href":"https:\/\/stepienybarno.es\/blog\/wp-json\/wp\/v2\/users\/2"}],"replies":[{"embeddable":true,"href":"https:\/\/stepienybarno.es\/blog\/wp-json\/wp\/v2\/comments?post=48399"}],"version-history":[{"count":2,"href":"https:\/\/stepienybarno.es\/blog\/wp-json\/wp\/v2\/posts\/48399\/revisions"}],"predecessor-version":[{"id":48403,"href":"https:\/\/stepienybarno.es\/blog\/wp-json\/wp\/v2\/posts\/48399\/revisions\/48403"}],"wp:featuredmedia":[{"embeddable":true,"href":"https:\/\/stepienybarno.es\/blog\/wp-json\/wp\/v2\/media\/48400"}],"wp:attachment":[{"href":"https:\/\/stepienybarno.es\/blog\/wp-json\/wp\/v2\/media?parent=48399"}],"wp:term":[{"taxonomy":"category","embeddable":true,"href":"https:\/\/stepienybarno.es\/blog\/wp-json\/wp\/v2\/categories?post=48399"},{"taxonomy":"post_tag","embeddable":true,"href":"https:\/\/stepienybarno.es\/blog\/wp-json\/wp\/v2\/tags?post=48399"},{"taxonomy":"series","embeddable":true,"href":"https:\/\/stepienybarno.es\/blog\/wp-json\/wp\/v2\/series?post=48399"}],"curies":[{"name":"wp","href":"https:\/\/api.w.org\/{rel}","templated":true}]}}