{"id":4875,"date":"2012-01-11T10:39:29","date_gmt":"2012-01-11T08:39:29","guid":{"rendered":"https:\/\/www.stepienybarno.es\/blog\/?p=4875"},"modified":"2014-05-15T20:41:30","modified_gmt":"2014-05-15T18:41:30","slug":"solo-dos-de-cada-diez-arquitectos-viven-exclusivamente-de-la-profesion","status":"publish","type":"post","link":"https:\/\/stepienybarno.es\/blog\/2012\/01\/11\/solo-dos-de-cada-diez-arquitectos-viven-exclusivamente-de-la-profesion\/","title":{"rendered":"\u00abSOLO DOS DE CADA DIEZ ARQUITECTOS VIVEN EXCLUSIVAMENTE DE LA PROFESI\u00d3N\u00bb"},"content":{"rendered":"<p align=\"left\">\n<p align=\"center\"><img loading=\"lazy\" decoding=\"async\" class=\"aligncenter size-full wp-image-4876\" title=\"arquitecto de josel-lanza.jpg\" src=\"https:\/\/stepienybarno.es\/blog\/wp-content\/uploads\/2012\/01\/arquitectura-arquitectos-_-stepienybanro-marcelo-P-.jpg\" alt=\"arquitecto de josel-lanza.jpg\" width=\"300\" height=\"199\" srcset=\"https:\/\/stepienybarno.es\/blog\/wp-content\/uploads\/2012\/01\/arquitectura-arquitectos-_-stepienybanro-marcelo-P-.jpg 300w, https:\/\/stepienybarno.es\/blog\/wp-content\/uploads\/2012\/01\/arquitectura-arquitectos-_-stepienybanro-marcelo-P--180x119.jpg 180w\" sizes=\"(max-width: 300px) 100vw, 300px\" \/><\/p>\n<p align=\"left\">\n<p align=\"left\">\u201cEl paro en este colectivo ha aumentado un 80% en los \u00faltimos cuatro a\u00f1os ante la falta de proyectos de viviendas en la provincia\u201d.<\/p>\n<p align=\"left\">Desde _ <a href=\"http:\/\/www.diariosur.es\/v\/20120102\/malaga\/solo-cada-diez-arquitectos-20120102.html\">www.diariosur.es<\/a><\/p>\n<p align=\"left\"><!--more--><\/p>\n<p align=\"left\">\n<p align=\"left\">\u201cEl fuerte car\u00e1cter vocacional de esta profesi\u00f3n hace que sean pocos los que se den por vencidos y muchos los que luchan contra viento y marea por desarrollar su creatividad.\u201d<\/p>\n<p align=\"left\">\n<p align=\"left\">\n<p align=\"left\"><a href=\"http:\/\/www.diariosur.es\/v\/20120102\/malaga\/solo-cada-diez-arquitectos-20120102.html\">Acceder a la informaci\u00f3n.<\/a><\/p>\n<p align=\"left\">\n<p align=\"left\">\n<p align=\"left\">Noticia seleccionada por el Canal de arquitectura STEPIENYBARNO.<\/p>\n<p align=\"left\"><a href=\"http:\/\/www.linkedin.com\/company\/stepienybarno\">STEPIENYBARNO EN LINKEDIN<\/a><\/p>\n<p align=\"left\"><a href=\"http:\/\/twitter.com\/stepienybarno\/stepienybarno\">STEPIENYBARNO EN TWITTER<\/a><\/p>\n<p align=\"left\"><a href=\"https:\/\/www.facebook.com\/StepienybarnoCANAL\">STEPIENYBARNO EN FACEBOOK<\/a><\/p>\n<p align=\"left\">\n<p align=\"left\">*Stepienybarno est\u00e1 formado por Agnieszka Stepien y Lorenzo Barn\u00f3 y desde mayo del 2009 estamos en la red con\u00a0 la presente publicaci\u00f3n digital (Blog) de arquitectura.<\/p>\n<p align=\"left\">Nuestra actividad se sustenta en tres pilares b\u00e1sicos: la investigaci\u00f3n, la publicaci\u00f3n (comunicaci\u00f3n y difusi\u00f3n) y la redacci\u00f3n de proyectos de arquitectura.<\/p>\n<p align=\"left\">A su vez, somos socios cofundadores de <a href=\"http:\/\/sinergiasostenible.org\/\">SINERGIA SOSTENIBLE<\/a> y redactores de <a href=\"http:\/\/www.laciudadviva.org\/blogs\/?author=45\">LA CIUDAD VIVA<\/a>.<\/p>\n","protected":false},"excerpt":{"rendered":"\n<p>\u201cEl paro en este colectivo ha aumentado un 80% en los \u00faltimos cuatro a\u00f1os ante la falta de proyectos de viviendas en la provincia\u201d.<\/p>\n<p>Desde _ www.diariosur.es<\/p>\n","protected":false},"author":2,"featured_media":0,"comment_status":"open","ping_status":"closed","sticky":false,"template":"","format":"standard","meta":{"om_disable_all_campaigns":false,"_monsterinsights_skip_tracking":false,"_monsterinsights_sitenote_active":false,"_monsterinsights_sitenote_note":"","_monsterinsights_sitenote_category":0,"_uf_show_specific_survey":0,"_uf_disable_surveys":false,"episode_type":"","audio_file":"","cover_image":"","cover_image_id":"","duration":"","filesize":"","date_recorded":"","explicit":"","block":"","filesize_raw":"","footnotes":""},"categories":[34,244,2976],"tags":[4274,1416,1417,9,1415,52],"series":[],"class_list":["post-4875","post","type-post","status-publish","format-standard","hentry","category-actualidad","category-canal-de-arquitectura","category-profesion-arquitecto","tag-actualidad","tag-amparo-ruiz","tag-antonio-vargas","tag-arquitectura","tag-arturo-reque","tag-la-profesion-de-arquitecto"],"aioseo_notices":[],"episode_featured_image":false,"episode_player_image":"https:\/\/stepienybarno.es\/blog\/wp-content\/uploads\/2020\/11\/stepienybarno-podcast-scaled.jpg","download_link":"","player_link":"","audio_player":false,"episode_data":{"playerMode":"dark","subscribeUrls":[],"rssFeedUrl":"https:\/\/stepienybarno.es\/blog\/feed\/podcast\/podcast-de-stepienybarno","embedCode":"<blockquote class=\"wp-embedded-content\" data-secret=\"keKwLAEMmV\"><a href=\"https:\/\/stepienybarno.es\/blog\/2012\/01\/11\/solo-dos-de-cada-diez-arquitectos-viven-exclusivamente-de-la-profesion\/\">\u00abSOLO DOS DE CADA DIEZ ARQUITECTOS VIVEN EXCLUSIVAMENTE DE LA PROFESI\u00d3N\u00bb<\/a><\/blockquote><iframe sandbox=\"allow-scripts\" security=\"restricted\" src=\"https:\/\/stepienybarno.es\/blog\/2012\/01\/11\/solo-dos-de-cada-diez-arquitectos-viven-exclusivamente-de-la-profesion\/embed\/#?secret=keKwLAEMmV\" width=\"500\" height=\"350\" title=\"\u00ab\u00abSOLO DOS DE CADA DIEZ ARQUITECTOS VIVEN EXCLUSIVAMENTE DE LA PROFESI\u00d3N\u00bb\u00bb \u2014 Blog de STEPIEN Y BARNO - publicaci\u00f3n digital sobre arquitectura\" data-secret=\"keKwLAEMmV\" frameborder=\"0\" marginwidth=\"0\" marginheight=\"0\" scrolling=\"no\" class=\"wp-embedded-content\"><\/iframe><script type=\"text\/javascript\">\n\/* <![CDATA[ *\/\n\/*! This file is auto-generated *\/\n!function(d,l){\"use strict\";l.querySelector&&d.addEventListener&&\"undefined\"!=typeof URL&&(d.wp=d.wp||{},d.wp.receiveEmbedMessage||(d.wp.receiveEmbedMessage=function(e){var t=e.data;if((t||t.secret||t.message||t.value)&&!\/[^a-zA-Z0-9]\/.test(t.secret)){for(var s,r,n,a=l.querySelectorAll('iframe[data-secret=\"'+t.secret+'\"]'),o=l.querySelectorAll('blockquote[data-secret=\"'+t.secret+'\"]'),c=new RegExp(\"^https?:$\",\"i\"),i=0;i<o.length;i++)o[i].style.display=\"none\";for(i=0;i<a.length;i++)s=a[i],e.source===s.contentWindow&&(s.removeAttribute(\"style\"),\"height\"===t.message?(1e3<(r=parseInt(t.value,10))?r=1e3:~~r<200&&(r=200),s.height=r):\"link\"===t.message&&(r=new URL(s.getAttribute(\"src\")),n=new URL(t.value),c.test(n.protocol))&&n.host===r.host&&l.activeElement===s&&(d.top.location.href=t.value))}},d.addEventListener(\"message\",d.wp.receiveEmbedMessage,!1),l.addEventListener(\"DOMContentLoaded\",function(){for(var e,t,s=l.querySelectorAll(\"iframe.wp-embedded-content\"),r=0;r<s.length;r++)(t=(e=s[r]).getAttribute(\"data-secret\"))||(t=Math.random().toString(36).substring(2,12),e.src+=\"#?secret=\"+t,e.setAttribute(\"data-secret\",t)),e.contentWindow.postMessage({message:\"ready\",secret:t},\"*\")},!1)))}(window,document);\n\/* ]]> *\/\n<\/script>\n"},"_links":{"self":[{"href":"https:\/\/stepienybarno.es\/blog\/wp-json\/wp\/v2\/posts\/4875"}],"collection":[{"href":"https:\/\/stepienybarno.es\/blog\/wp-json\/wp\/v2\/posts"}],"about":[{"href":"https:\/\/stepienybarno.es\/blog\/wp-json\/wp\/v2\/types\/post"}],"author":[{"embeddable":true,"href":"https:\/\/stepienybarno.es\/blog\/wp-json\/wp\/v2\/users\/2"}],"replies":[{"embeddable":true,"href":"https:\/\/stepienybarno.es\/blog\/wp-json\/wp\/v2\/comments?post=4875"}],"version-history":[{"count":3,"href":"https:\/\/stepienybarno.es\/blog\/wp-json\/wp\/v2\/posts\/4875\/revisions"}],"predecessor-version":[{"id":4878,"href":"https:\/\/stepienybarno.es\/blog\/wp-json\/wp\/v2\/posts\/4875\/revisions\/4878"}],"wp:attachment":[{"href":"https:\/\/stepienybarno.es\/blog\/wp-json\/wp\/v2\/media?parent=4875"}],"wp:term":[{"taxonomy":"category","embeddable":true,"href":"https:\/\/stepienybarno.es\/blog\/wp-json\/wp\/v2\/categories?post=4875"},{"taxonomy":"post_tag","embeddable":true,"href":"https:\/\/stepienybarno.es\/blog\/wp-json\/wp\/v2\/tags?post=4875"},{"taxonomy":"series","embeddable":true,"href":"https:\/\/stepienybarno.es\/blog\/wp-json\/wp\/v2\/series?post=4875"}],"curies":[{"name":"wp","href":"https:\/\/api.w.org\/{rel}","templated":true}]}}