{"id":48800,"date":"2021-07-20T08:12:27","date_gmt":"2021-07-20T06:12:27","guid":{"rendered":"https:\/\/stepienybarno.es\/blog\/?p=48800"},"modified":"2022-03-31T12:41:30","modified_gmt":"2022-03-31T10:41:30","slug":"episodio-110-instatectura-la-semana-en-syb","status":"publish","type":"post","link":"https:\/\/stepienybarno.es\/blog\/2021\/07\/20\/episodio-110-instatectura-la-semana-en-syb\/","title":{"rendered":"Episodio 110: Instatectura la semana en SyB. Investigaci\u00f3n en Arquitectura con Manuel Saga"},"content":{"rendered":"<p><img loading=\"lazy\" decoding=\"async\" class=\"alignnone size-full wp-image-48802\" src=\"https:\/\/stepienybarno.es\/blog\/wp-content\/uploads\/2021\/07\/INSTATECTURAS-8.png\" alt=\"instatectura con manuel saga\" width=\"1280\" height=\"720\" srcset=\"https:\/\/stepienybarno.es\/blog\/wp-content\/uploads\/2021\/07\/INSTATECTURAS-8.png 1280w, https:\/\/stepienybarno.es\/blog\/wp-content\/uploads\/2021\/07\/INSTATECTURAS-8-550x309.png 550w, https:\/\/stepienybarno.es\/blog\/wp-content\/uploads\/2021\/07\/INSTATECTURAS-8-1024x576.png 1024w, https:\/\/stepienybarno.es\/blog\/wp-content\/uploads\/2021\/07\/INSTATECTURAS-8-180x101.png 180w, https:\/\/stepienybarno.es\/blog\/wp-content\/uploads\/2021\/07\/INSTATECTURAS-8-316x178.png 316w\" sizes=\"(max-width: 1280px) 100vw, 1280px\" \/><\/p>\n<p>Como cada lunes, os presentamos la nueva sesi\u00f3n de <strong>Instatectura la semana en SyB<\/strong>, un repaso que haremos para comentaros en qu\u00e9 hemos estado y en qu\u00e9 estamos metidos. En el instatectura hablamos con <strong><a href=\"https:\/\/manuelsaga.com\/\">Manuel Saga<\/a><\/strong> sobre <strong><a href=\"https:\/\/stepienybarno.es\/blog\/2021\/07\/02\/el-mundo-de-la-investigacion-en-arquitectura-preguntas-y-respuestas\/\">Investigaci\u00f3n en Arquitectura<\/a><\/strong>.<br \/>\n<!--more--><\/p>\n<p>En el podcast de hoy podr\u00e9is escuchar c\u00f3mo Uxua y Dar\u00edo os contar\u00e1n un resumen de todas las actividades en las que estamos trabajando y tambi\u00e9n las pr\u00f3ximas que ir\u00e9is conociendo esta semana, haciendo especial hincapi\u00e9 en <b>Los premios FAD de Arquitectura e interiorismo 2021<\/b>.<\/p>\n<h2>Instatectura la semana en Stepien y Barno<\/h2>\n<p>Nueva semana sobre Arquitectura, Identidad Digital y productividad.<\/p>\n<h3>Manuel Saga. Investigaci\u00f3n en Arquitectura.<\/h3>\n<p>\ud83e\udd4aManu recogi\u00f3 el guante lanzado hace una semana y ha querido estar hoy con nosotros hablando largo y tendido sobre el mundo de la INVESTIGACI\u00d3N en ARQUITECTURA.<\/p>\n<p>\ud83e\udd13 Es arquitecto e investigador con m\u00e1s de 10 a\u00f1os de experiencia entre proyectos y papeles y junto con\u00a0<a class=\"notranslate\" tabindex=\"0\" href=\"https:\/\/www.instagram.com\/eamate\/\">@eamate<\/a> desarrollan proyectos de dise\u00f1o estrat\u00e9gicos. <strong><a href=\"https:\/\/amateysaga.com\/\">+ Info Aqu\u00ed<\/a><\/strong><\/p>\n<p>\ud83d\udd75\ufe0f Hemos hablado del rigor cient\u00edfico, de los caminos de un doctorando, de los grupos de investigaci\u00f3n y del llanero solitario y nos da las claves para aquellas personas que se encuentren actualmente decidi\u00e9ndose por este camino m\u00e1s acad\u00e9mico.<\/p>\n<h3><\/h3>\n<h3>Lo \u00faltimo en el blog de <a href=\"http:\/\/stepienybarno.es\/\" target=\"_blank\" rel=\"nofollow noopener noreferrer\">stepienybarno.es<\/a>\u00a0!<\/h3>\n<h4>\u00bfREDES SOCIALES PARA ESTUDIOS DE ARQUITECTURA?<\/h4>\n<p>\ud83c\udfa5 El nuevo v\u00eddeo de\u00a0<a class=\"notranslate\" tabindex=\"0\" href=\"https:\/\/www.instagram.com\/stepienybarno.l\/\">@stepienybarno.l<\/a><br \/>\nBuen repaso de Lorenzo para ver si necesitamos estar en todas o no&#8230;\u00bfy de qu\u00e9 manera?<\/p>\n<h4>CORRESPONSALES PARA MADERA Y CONSTRUCCI\u00d3N<\/h4>\n<p>\ud83d\udce3 De la nueva CONVOCATORIA CORRESPONSALES <strong><a href=\"https:\/\/maderayconstruccion.com\/\">madera y construcci\u00f3n<\/a><\/strong> para escribir en el blog de Grupo Finsa sobre arquitectura y construcci\u00f3n con madera. \u00a1Consulta las bases! <strong><a href=\"https:\/\/maderayconstruccion.com\/convocatoria-2021-corresponsales-madera-y-construccion\/\">+ Info Aqu\u00ed\u00a0<\/a><\/strong><\/p>\n<p><strong>PREMIOS FAD 2021<\/strong><\/p>\n<p>\ud83e\udd47 De los premios Fad de arquitectura e interiorismo 2021 y de sus ganadores entre los que queremos destacar a amigos como <a class=\"notranslate\" tabindex=\"0\" href=\"https:\/\/www.instagram.com\/roldan.berengue\/\">@roldan.berengue<\/a>\u00a0o\u00a0<a class=\"notranslate\" tabindex=\"0\" href=\"https:\/\/www.instagram.com\/anitadinam\/\">@anitadinam<\/a> (Ana Amado). <strong><a href=\"https:\/\/stepienybarno.es\/blog\/2021\/07\/19\/ganadores-de-los-premios-fad-2021\/\">+ Info Aqu\u00ed\u00a0<\/a><\/strong><\/p>\n<h4>ARQUICAF\u00c9 CON MAR\u00cdA JES\u00daS GONZ\u00c1LEZ<\/h4>\n<p>\u2615 El\u00a0<a class=\" xil3i\" tabindex=\"0\" href=\"https:\/\/www.instagram.com\/explore\/tags\/arquicaf%C3%A9\/\">#arquicaf\u00e9<\/a>\u00a0a Mar\u00eda Jes\u00fas Gonz\u00e1lez,\u00a0<a class=\"notranslate\" tabindex=\"0\" href=\"https:\/\/www.instagram.com\/loquevemosperonomiramos\/\">@loquevemosperonomiramos<\/a><br \/>\nDoctora arquitecta experta en sostenibilidad. Mar\u00eda Jes\u00fas ha sido presidenta de ASA y forma parte del\u00a0<a class=\"notranslate\" tabindex=\"0\" href=\"https:\/\/www.instagram.com\/greenbuildingcouncil\/\">@greenbuildingcouncil<\/a>\u00a0Spain.<br \/>\n\u00a1No os perd\u00e1is esta entrevista!<\/p>\n<p>&nbsp;<\/p>\n<p>PD: Seguimos buscando LUGARES FRIKIS donde te vas a encontrar s\u00ed o s\u00ed a un arquitecto este verano con su libretita. \u00bfQu\u00e9 lugar propones t\u00fa?\u2600\ufe0f\ud83d\uddfc<\/p>\n<p>\ud83d\udc4b \u00a1Nos vemos el lunes que viene!<\/p>\n<p>&nbsp;<\/p>\n<p style=\"text-align: center;\"><a href=\"https:\/\/stepienybarno.es\/blog\/category\/podcast\/\" class=\"kp-button medium-button\" target=\"_self\">escucha m\u00e1s podcast de stepienybarno<\/a><\/p>\n<p style=\"text-align: center;\">Tambi\u00e9n en <a href=\"https:\/\/www.ivoox.com\/podcast-stepienybarno-arquitectura_sq_f1856662_1.html\" target=\"_blank\" rel=\"noopener noreferrer\">IVOOX<\/a><\/p>\n<p>&nbsp;<\/p>\n<p>&nbsp;<\/p>\n<blockquote class=\"instagram-media\" style=\"background: #FFF; border: 0; border-radius: 3px; box-shadow: 0 0 1px 0 rgba(0,0,0,0.5),0 1px 10px 0 rgba(0,0,0,0.15); margin: 1px; max-width: 540px; min-width: 326px; padding: 0; width: calc(100% - 2px);\" data-instgrm-permalink=\"https:\/\/www.instagram.com\/tv\/CRgTcqQo_n1\/?utm_source=ig_embed&amp;utm_campaign=loading\" data-instgrm-version=\"13\">\n<div style=\"padding: 16px;\">\n<p>&nbsp;<\/p>\n<div style=\"display: flex; flex-direction: row; align-items: center;\">\n<div style=\"background-color: #f4f4f4; border-radius: 50%; flex-grow: 0; height: 40px; margin-right: 14px; width: 40px;\"><\/div>\n<div style=\"display: flex; flex-direction: column; flex-grow: 1; justify-content: center;\">\n<div style=\"background-color: #f4f4f4; border-radius: 4px; flex-grow: 0; height: 14px; margin-bottom: 6px; width: 100px;\"><\/div>\n<div style=\"background-color: #f4f4f4; border-radius: 4px; flex-grow: 0; height: 14px; width: 60px;\"><\/div>\n<\/div>\n<\/div>\n<div style=\"padding: 19% 0;\"><\/div>\n<div style=\"display: block; height: 50px; margin: 0 auto 12px; width: 50px;\"><\/div>\n<div style=\"padding-top: 8px;\">\n<div style=\"color: #3897f0; font-family: Arial,sans-serif; font-size: 14px; font-style: normal; font-weight: 550; line-height: 18px;\">Ver esta publicaci\u00f3n en Instagram<\/div>\n<\/div>\n<div style=\"padding: 12.5% 0;\"><\/div>\n<div style=\"display: flex; flex-direction: row; margin-bottom: 14px; align-items: center;\">\n<div>\n<div style=\"background-color: #f4f4f4; border-radius: 50%; height: 12.5px; width: 12.5px; transform: translateX(0px) translateY(7px);\"><\/div>\n<div style=\"background-color: #f4f4f4; height: 12.5px; transform: rotate(-45deg) translateX(3px) translateY(1px); width: 12.5px; flex-grow: 0; margin-right: 14px; margin-left: 2px;\"><\/div>\n<div style=\"background-color: #f4f4f4; border-radius: 50%; height: 12.5px; width: 12.5px; transform: translateX(9px) translateY(-18px);\"><\/div>\n<\/div>\n<div style=\"margin-left: 8px;\">\n<div style=\"background-color: #f4f4f4; border-radius: 50%; flex-grow: 0; height: 20px; width: 20px;\"><\/div>\n<div style=\"width: 0; height: 0; border-top: 2px solid transparent; border-left: 6px solid #f4f4f4; border-bottom: 2px solid transparent; transform: translateX(16px) translateY(-4px) rotate(30deg);\"><\/div>\n<\/div>\n<div style=\"margin-left: auto;\">\n<div style=\"width: 0px; border-top: 8px solid #F4F4F4; border-right: 8px solid transparent; transform: translateY(16px);\"><\/div>\n<div style=\"background-color: #f4f4f4; flex-grow: 0; height: 12px; width: 16px; transform: translateY(-4px);\"><\/div>\n<div style=\"width: 0; height: 0; border-top: 8px solid #F4F4F4; border-left: 8px solid transparent; transform: translateY(-4px) translateX(8px);\"><\/div>\n<\/div>\n<\/div>\n<div style=\"display: flex; flex-direction: column; flex-grow: 1; justify-content: center; margin-bottom: 24px;\">\n<div style=\"background-color: #f4f4f4; border-radius: 4px; flex-grow: 0; height: 14px; margin-bottom: 6px; width: 224px;\"><\/div>\n<div style=\"background-color: #f4f4f4; border-radius: 4px; flex-grow: 0; height: 14px; width: 144px;\"><\/div>\n<\/div>\n<p>&nbsp;<\/p>\n<p style=\"color: #c9c8cd; font-family: Arial,sans-serif; font-size: 14px; line-height: 17px; margin-bottom: 0; margin-top: 8px; overflow: hidden; padding: 8px 0 7px; text-align: center; text-overflow: ellipsis; white-space: nowrap;\"><a style=\"color: #c9c8cd; font-family: Arial,sans-serif; font-size: 14px; font-style: normal; font-weight: normal; line-height: 17px; text-decoration: none;\" href=\"https:\/\/www.instagram.com\/tv\/CRgTcqQo_n1\/?utm_source=ig_embed&amp;utm_campaign=loading\" target=\"_blank\" rel=\"noopener noreferrer\">Una publicaci\u00f3n compartida de Stepienybarno (@stepienybarno)<\/a><\/p>\n<\/div>\n<\/blockquote>\n<p><script async src=\"\/\/www.instagram.com\/embed.js\"><\/script><\/p>\n<h3>Esperamos que os haya gustado el Instatectura la semana en SyB<\/h3>\n","protected":false},"excerpt":{"rendered":"<p>Como cada lunes, os presentamos la nueva sesi\u00f3n de Instatectura<\/p>\n","protected":false},"author":2,"featured_media":48802,"comment_status":"open","ping_status":"closed","sticky":false,"template":"","format":"standard","meta":{"om_disable_all_campaigns":false,"_monsterinsights_skip_tracking":false,"_monsterinsights_sitenote_active":false,"_monsterinsights_sitenote_note":"","_monsterinsights_sitenote_category":0,"_uf_show_specific_survey":0,"_uf_disable_surveys":false,"episode_type":"audio","audio_file":"https:\/\/stepienybarno.es\/blog\/wp-content\/uploads\/2021\/07\/110-instatectura.mp3","cover_image":"","cover_image_id":"","duration":"1:02:10","filesize":"35.57M","date_recorded":"2021-07-20 08:12:27","explicit":"","block":"","filesize_raw":"37298511","footnotes":""},"categories":[34,7985],"tags":[4199,8823,8788,2124,7997,3506,8819,8822,1299],"series":[10115],"class_list":["post-48800","post","type-post","status-publish","format-standard","has-post-thumbnail","hentry","category-actualidad","category-podcast","tag-dario-nunez","tag-fad-2021","tag-investigacion-arquitectura","tag-manuel-saga","tag-podcast","tag-premios-fad","tag-redes-sociales-arquitectos","tag-saga-amate","tag-uxua-domblas","series-podcast-de-stepienybarno"],"aioseo_notices":[],"episode_featured_image":"https:\/\/stepienybarno.es\/blog\/wp-content\/uploads\/2021\/07\/INSTATECTURAS-8.png","episode_player_image":"https:\/\/stepienybarno.es\/blog\/wp-content\/uploads\/2020\/11\/stepienybarno-podcast-scaled.jpg","download_link":"https:\/\/stepienybarno.es\/blog\/podcast-download\/48800\/episodio-110-instatectura-la-semana-en-syb.mp3","player_link":"https:\/\/stepienybarno.es\/blog\/podcast-player\/48800\/episodio-110-instatectura-la-semana-en-syb.mp3","audio_player":"<!--[if lt IE 9]><script>document.createElement('audio');<\/script><![endif]-->\n<audio class=\"wp-audio-shortcode\" id=\"audio-48800-1\" preload=\"none\" style=\"width: 100%;\" controls=\"controls\"><source type=\"audio\/mpeg\" src=\"https:\/\/stepienybarno.es\/blog\/podcast-player\/48800\/episodio-110-instatectura-la-semana-en-syb.mp3?_=1\" \/><a href=\"https:\/\/stepienybarno.es\/blog\/podcast-player\/48800\/episodio-110-instatectura-la-semana-en-syb.mp3\">https:\/\/stepienybarno.es\/blog\/podcast-player\/48800\/episodio-110-instatectura-la-semana-en-syb.mp3<\/a><\/audio>","episode_data":{"playerMode":"dark","subscribeUrls":[],"rssFeedUrl":"https:\/\/stepienybarno.es\/blog\/feed\/podcast\/podcast-de-stepienybarno","embedCode":"<blockquote class=\"wp-embedded-content\" data-secret=\"HRRieUEfm9\"><a href=\"https:\/\/stepienybarno.es\/blog\/2021\/07\/20\/episodio-110-instatectura-la-semana-en-syb\/\">Episodio 110: Instatectura la semana en SyB. Investigaci\u00f3n en Arquitectura con Manuel Saga<\/a><\/blockquote><iframe sandbox=\"allow-scripts\" security=\"restricted\" src=\"https:\/\/stepienybarno.es\/blog\/2021\/07\/20\/episodio-110-instatectura-la-semana-en-syb\/embed\/#?secret=HRRieUEfm9\" width=\"500\" height=\"350\" title=\"\u00abEpisodio 110: Instatectura la semana en SyB. Investigaci\u00f3n en Arquitectura con Manuel Saga\u00bb \u2014 Blog de STEPIEN Y BARNO - publicaci\u00f3n digital sobre arquitectura\" data-secret=\"HRRieUEfm9\" frameborder=\"0\" marginwidth=\"0\" marginheight=\"0\" scrolling=\"no\" class=\"wp-embedded-content\"><\/iframe><script type=\"text\/javascript\">\n\/* <![CDATA[ *\/\n\/*! This file is auto-generated *\/\n!function(d,l){\"use strict\";l.querySelector&&d.addEventListener&&\"undefined\"!=typeof URL&&(d.wp=d.wp||{},d.wp.receiveEmbedMessage||(d.wp.receiveEmbedMessage=function(e){var t=e.data;if((t||t.secret||t.message||t.value)&&!\/[^a-zA-Z0-9]\/.test(t.secret)){for(var s,r,n,a=l.querySelectorAll('iframe[data-secret=\"'+t.secret+'\"]'),o=l.querySelectorAll('blockquote[data-secret=\"'+t.secret+'\"]'),c=new RegExp(\"^https?:$\",\"i\"),i=0;i<o.length;i++)o[i].style.display=\"none\";for(i=0;i<a.length;i++)s=a[i],e.source===s.contentWindow&&(s.removeAttribute(\"style\"),\"height\"===t.message?(1e3<(r=parseInt(t.value,10))?r=1e3:~~r<200&&(r=200),s.height=r):\"link\"===t.message&&(r=new URL(s.getAttribute(\"src\")),n=new URL(t.value),c.test(n.protocol))&&n.host===r.host&&l.activeElement===s&&(d.top.location.href=t.value))}},d.addEventListener(\"message\",d.wp.receiveEmbedMessage,!1),l.addEventListener(\"DOMContentLoaded\",function(){for(var e,t,s=l.querySelectorAll(\"iframe.wp-embedded-content\"),r=0;r<s.length;r++)(t=(e=s[r]).getAttribute(\"data-secret\"))||(t=Math.random().toString(36).substring(2,12),e.src+=\"#?secret=\"+t,e.setAttribute(\"data-secret\",t)),e.contentWindow.postMessage({message:\"ready\",secret:t},\"*\")},!1)))}(window,document);\n\/* ]]> *\/\n<\/script>\n"},"_links":{"self":[{"href":"https:\/\/stepienybarno.es\/blog\/wp-json\/wp\/v2\/posts\/48800"}],"collection":[{"href":"https:\/\/stepienybarno.es\/blog\/wp-json\/wp\/v2\/posts"}],"about":[{"href":"https:\/\/stepienybarno.es\/blog\/wp-json\/wp\/v2\/types\/post"}],"author":[{"embeddable":true,"href":"https:\/\/stepienybarno.es\/blog\/wp-json\/wp\/v2\/users\/2"}],"replies":[{"embeddable":true,"href":"https:\/\/stepienybarno.es\/blog\/wp-json\/wp\/v2\/comments?post=48800"}],"version-history":[{"count":3,"href":"https:\/\/stepienybarno.es\/blog\/wp-json\/wp\/v2\/posts\/48800\/revisions"}],"predecessor-version":[{"id":48805,"href":"https:\/\/stepienybarno.es\/blog\/wp-json\/wp\/v2\/posts\/48800\/revisions\/48805"}],"wp:featuredmedia":[{"embeddable":true,"href":"https:\/\/stepienybarno.es\/blog\/wp-json\/wp\/v2\/media\/48802"}],"wp:attachment":[{"href":"https:\/\/stepienybarno.es\/blog\/wp-json\/wp\/v2\/media?parent=48800"}],"wp:term":[{"taxonomy":"category","embeddable":true,"href":"https:\/\/stepienybarno.es\/blog\/wp-json\/wp\/v2\/categories?post=48800"},{"taxonomy":"post_tag","embeddable":true,"href":"https:\/\/stepienybarno.es\/blog\/wp-json\/wp\/v2\/tags?post=48800"},{"taxonomy":"series","embeddable":true,"href":"https:\/\/stepienybarno.es\/blog\/wp-json\/wp\/v2\/series?post=48800"}],"curies":[{"name":"wp","href":"https:\/\/api.w.org\/{rel}","templated":true}]}}