{"id":49332,"date":"2021-08-25T10:16:33","date_gmt":"2021-08-25T08:16:33","guid":{"rendered":"https:\/\/stepienybarno.es\/blog\/?p=49332"},"modified":"2022-02-15T09:29:24","modified_gmt":"2022-02-15T07:29:24","slug":"episodio-113-arquicafe-con-felipe-samaran","status":"publish","type":"post","link":"https:\/\/stepienybarno.es\/blog\/2021\/08\/25\/episodio-113-arquicafe-con-felipe-samaran\/","title":{"rendered":"Episodio 113: Arquicaf\u00e9 con Felipe Samar\u00e1n"},"content":{"rendered":"<p><img loading=\"lazy\" decoding=\"async\" class=\"alignnone size-full wp-image-49341\" src=\"https:\/\/stepienybarno.es\/blog\/wp-content\/uploads\/2021\/08\/Copia-de-ARQUICAFES.png\" alt=\"arquicafe felipe samar\u00e1n\" width=\"1280\" height=\"720\" srcset=\"https:\/\/stepienybarno.es\/blog\/wp-content\/uploads\/2021\/08\/Copia-de-ARQUICAFES.png 1280w, https:\/\/stepienybarno.es\/blog\/wp-content\/uploads\/2021\/08\/Copia-de-ARQUICAFES-550x309.png 550w, https:\/\/stepienybarno.es\/blog\/wp-content\/uploads\/2021\/08\/Copia-de-ARQUICAFES-1024x576.png 1024w, https:\/\/stepienybarno.es\/blog\/wp-content\/uploads\/2021\/08\/Copia-de-ARQUICAFES-180x101.png 180w, https:\/\/stepienybarno.es\/blog\/wp-content\/uploads\/2021\/08\/Copia-de-ARQUICAFES-316x178.png 316w\" sizes=\"(max-width: 1280px) 100vw, 1280px\" \/><\/p>\n<p>Hoy nos tomamos un Arquicaf\u00e9 con nuestro amigo <strong>Felipe Samar\u00e1n<\/strong><b>, <\/b>Arquitecto, profesor y director de la Escuela de Arquitectura de la <strong><a href=\"https:\/\/www.ufv.es\/\">UFV<\/a>, <\/strong>entre otras m\u00faltiples cosas. Por suerte, ya es mucho tiempo el que tenemos el placer de colaborar con cositas que nos va liando y siempre es un placer hacerlo. Hoy tenemos con nosotros una persona cercana, honesta y con una energ\u00eda incombustible. \u00bfTe vienes a conocer a nuestro protagonista?<\/p>\n<p><!--more--><\/p>\n<p><iframe loading=\"lazy\" title=\"Entrevista Arquicaf\u00e9 con Felipe Samar\u00e1n\" width=\"911\" height=\"512\" src=\"https:\/\/www.youtube.com\/embed\/zj_nMpBYfxM?feature=oembed\" frameborder=\"0\" allow=\"accelerometer; autoplay; clipboard-write; encrypted-media; gyroscope; picture-in-picture\" allowfullscreen><\/iframe><\/p>\n<h4 style=\"text-align: center;\"><a href=\"https:\/\/arquitecturaypersona.com\/\" target=\"_blank\" rel=\"noopener noreferrer\">ACCESO AL CONGRESO ARQUITECTURA Y PERSONA<\/a><\/h4>\n<p><em><strong>Felipe Samar\u00e1n<\/strong> estudi\u00f3 arquitectura en Darmstadt (Alemania) y Madrid ETSAM donde se gradu\u00f3 en 1995. Mantuvo una importante actividad de <strong>cooperaci\u00f3n<\/strong>, que desarroll\u00f3 de forma m\u00e1s intensa durante su estancia en Nicaragua desde el \u201995 al \u201997.<\/em><\/p>\n<p><em>Trabaj\u00f3 con <strong>Alberto Campo Baeza<\/strong> desde \u201997 al \u201902 con quien fue coautor de la Caja General Ahorros de Granada, y particip\u00f3 en el plan estrat\u00e9gico de la Nueva Ciudad de las Telecomunicaciones de Telef\u00f3nica en Madrid, entre otros proyectos.<\/em><\/p>\n<p><em>Desde 2002 tiene su propio estudio <strong>ARTEctura<\/strong> con obras tan variadas como el edifico Minerva (junto a la Casa Encendida) El colegio Highlands los Fresnos (Boadilla del Monte), el plan de rehabilitaci\u00f3n integral de la Ciudad de Aguarda (Pontevedra) \u201ccintura del Tecla\u201d, o el Restaurante SOPA de Madrid entre otras.<\/em><\/p>\n<p><em>Se inici\u00f3 en la docencia Impartiendo clases de proyectos en A.I. de la ETSAM, desde \u201902<\/em><br \/>\n<em>Desde 2006 es profesor y director de la Escuela de Arquitectura de la UFV (Universidad Francisco de vitoria).<\/em><\/p>\n<p>Puedes seguir a Felipe Samar\u00e1n en:<\/p>\n<p>Facebook: <strong><a href=\"https:\/\/www.facebook.com\/felipe.samaran.salo\">Felipe Samar\u00e1n Sal\u00f3<\/a><\/strong><\/p>\n<p>Instagram: <strong><a href=\"https:\/\/www.instagram.com\/felipesamaran\/\">felipesamaran<\/a><\/strong><\/p>\n<p>Linkedin: <strong><a href=\"https:\/\/www.linkedin.com\/in\/felipe-samar%C3%A1n-sal%C3%B3-767b9a10\/\">Felipe Samar\u00e1n<\/a><\/strong><\/p>\n<a href=\"https:\/\/www.ivoox.com\/stepienybarno-arquitectura_sq_f1856662_1.html \" class=\"kp-button \" target=\"_self\">Escucha m\u00e1s podcast de Stepienybarno en IVOOX<\/a>\n<p>&nbsp;<\/p>\n<p>No dejes de visitar la informaci\u00f3n del <strong><a href=\"https:\/\/arquitecturaypersona.com\/\">Congreso Arquitectura y Persona<\/a><\/strong> organizado por la UFV a trav\u00e9s de Felipe Samar\u00e1n.<\/p>\n<p><iframe loading=\"lazy\" title=\"Presentaci\u00f3n CONGRESO arquitectura y persona (septiembre 2021).\" width=\"911\" height=\"512\" src=\"https:\/\/www.youtube.com\/embed\/FJ30lg8tPSk?feature=oembed\" frameborder=\"0\" allow=\"accelerometer; autoplay; clipboard-write; encrypted-media; gyroscope; picture-in-picture\" allowfullscreen><\/iframe><\/p>\n<h3>Esperamos que os haya gustado nuestro Arquicaf\u00e9 con Felipe Samar\u00e1n.<\/h3>\n<p>Si quieres ver otros Arquicaf\u00e9s no te pierdas:<\/p>\n<p>&#8211;<a href=\"https:\/\/stepienybarno.es\/blog\/2021\/03\/31\/episodio-86-arquicafe-con-jose-ramon-hernandez-correa\/\">Arquicaf\u00e9 con Jose Ram\u00f3n Hernandez Correa<\/a><\/p>\n<p>&#8211;<a href=\"https:\/\/stepienybarno.es\/blog\/2021\/07\/30\/episodio-112-arquicafe-con-ekain-jimenez\/\" target=\"_blank\" rel=\"noopener noreferrer\">Arquicaf\u00e9 con Ekain Jim\u00e9nez\u00a0<\/a><\/p>\n","protected":false},"excerpt":{"rendered":"<p>Hoy nos tomamos un Arquicaf\u00e9 con nuestro amigo Felipe Samar\u00e1n,<\/p>\n","protected":false},"author":2,"featured_media":49341,"comment_status":"open","ping_status":"closed","sticky":false,"template":"","format":"standard","meta":{"om_disable_all_campaigns":false,"_monsterinsights_skip_tracking":false,"_monsterinsights_sitenote_active":false,"_monsterinsights_sitenote_note":"","_monsterinsights_sitenote_category":0,"_uf_show_specific_survey":0,"_uf_disable_surveys":false,"episode_type":"audio","audio_file":"","cover_image":"","cover_image_id":"","duration":"","filesize":"","date_recorded":"","explicit":"","block":"","filesize_raw":"","footnotes":""},"categories":[34,63,7985],"tags":[7777,104,8552,7400,8359,7997,8874],"series":[],"class_list":["post-49332","post","type-post","status-publish","format-standard","has-post-thumbnail","hentry","category-actualidad","category-arqui-entrevista","category-podcast","tag-arquicafe","tag-ensenanza-de-arquitectura","tag-ensenanza-liquida-arquitectura","tag-felipe-samaran","tag-felipe-samaran-salo","tag-podcast","tag-ufv"],"aioseo_notices":[],"episode_featured_image":"https:\/\/stepienybarno.es\/blog\/wp-content\/uploads\/2021\/08\/Copia-de-ARQUICAFES.png","episode_player_image":"https:\/\/stepienybarno.es\/blog\/wp-content\/uploads\/2020\/11\/stepienybarno-podcast-scaled.jpg","download_link":"","player_link":"","audio_player":false,"episode_data":{"playerMode":"dark","subscribeUrls":[],"rssFeedUrl":"https:\/\/stepienybarno.es\/blog\/feed\/podcast\/podcast-de-stepienybarno","embedCode":"<blockquote class=\"wp-embedded-content\" data-secret=\"kDO7UzUlmz\"><a href=\"https:\/\/stepienybarno.es\/blog\/2021\/08\/25\/episodio-113-arquicafe-con-felipe-samaran\/\">Episodio 113: Arquicaf\u00e9 con Felipe Samar\u00e1n<\/a><\/blockquote><iframe sandbox=\"allow-scripts\" security=\"restricted\" src=\"https:\/\/stepienybarno.es\/blog\/2021\/08\/25\/episodio-113-arquicafe-con-felipe-samaran\/embed\/#?secret=kDO7UzUlmz\" width=\"500\" height=\"350\" title=\"\u00abEpisodio 113: Arquicaf\u00e9 con Felipe Samar\u00e1n\u00bb \u2014 Blog de STEPIEN Y BARNO - publicaci\u00f3n digital sobre arquitectura\" data-secret=\"kDO7UzUlmz\" frameborder=\"0\" marginwidth=\"0\" marginheight=\"0\" scrolling=\"no\" class=\"wp-embedded-content\"><\/iframe><script type=\"text\/javascript\">\n\/* <![CDATA[ *\/\n\/*! This file is auto-generated *\/\n!function(d,l){\"use strict\";l.querySelector&&d.addEventListener&&\"undefined\"!=typeof URL&&(d.wp=d.wp||{},d.wp.receiveEmbedMessage||(d.wp.receiveEmbedMessage=function(e){var t=e.data;if((t||t.secret||t.message||t.value)&&!\/[^a-zA-Z0-9]\/.test(t.secret)){for(var s,r,n,a=l.querySelectorAll('iframe[data-secret=\"'+t.secret+'\"]'),o=l.querySelectorAll('blockquote[data-secret=\"'+t.secret+'\"]'),c=new RegExp(\"^https?:$\",\"i\"),i=0;i<o.length;i++)o[i].style.display=\"none\";for(i=0;i<a.length;i++)s=a[i],e.source===s.contentWindow&&(s.removeAttribute(\"style\"),\"height\"===t.message?(1e3<(r=parseInt(t.value,10))?r=1e3:~~r<200&&(r=200),s.height=r):\"link\"===t.message&&(r=new URL(s.getAttribute(\"src\")),n=new URL(t.value),c.test(n.protocol))&&n.host===r.host&&l.activeElement===s&&(d.top.location.href=t.value))}},d.addEventListener(\"message\",d.wp.receiveEmbedMessage,!1),l.addEventListener(\"DOMContentLoaded\",function(){for(var e,t,s=l.querySelectorAll(\"iframe.wp-embedded-content\"),r=0;r<s.length;r++)(t=(e=s[r]).getAttribute(\"data-secret\"))||(t=Math.random().toString(36).substring(2,12),e.src+=\"#?secret=\"+t,e.setAttribute(\"data-secret\",t)),e.contentWindow.postMessage({message:\"ready\",secret:t},\"*\")},!1)))}(window,document);\n\/* ]]> *\/\n<\/script>\n"},"_links":{"self":[{"href":"https:\/\/stepienybarno.es\/blog\/wp-json\/wp\/v2\/posts\/49332"}],"collection":[{"href":"https:\/\/stepienybarno.es\/blog\/wp-json\/wp\/v2\/posts"}],"about":[{"href":"https:\/\/stepienybarno.es\/blog\/wp-json\/wp\/v2\/types\/post"}],"author":[{"embeddable":true,"href":"https:\/\/stepienybarno.es\/blog\/wp-json\/wp\/v2\/users\/2"}],"replies":[{"embeddable":true,"href":"https:\/\/stepienybarno.es\/blog\/wp-json\/wp\/v2\/comments?post=49332"}],"version-history":[{"count":7,"href":"https:\/\/stepienybarno.es\/blog\/wp-json\/wp\/v2\/posts\/49332\/revisions"}],"predecessor-version":[{"id":49345,"href":"https:\/\/stepienybarno.es\/blog\/wp-json\/wp\/v2\/posts\/49332\/revisions\/49345"}],"wp:featuredmedia":[{"embeddable":true,"href":"https:\/\/stepienybarno.es\/blog\/wp-json\/wp\/v2\/media\/49341"}],"wp:attachment":[{"href":"https:\/\/stepienybarno.es\/blog\/wp-json\/wp\/v2\/media?parent=49332"}],"wp:term":[{"taxonomy":"category","embeddable":true,"href":"https:\/\/stepienybarno.es\/blog\/wp-json\/wp\/v2\/categories?post=49332"},{"taxonomy":"post_tag","embeddable":true,"href":"https:\/\/stepienybarno.es\/blog\/wp-json\/wp\/v2\/tags?post=49332"},{"taxonomy":"series","embeddable":true,"href":"https:\/\/stepienybarno.es\/blog\/wp-json\/wp\/v2\/series?post=49332"}],"curies":[{"name":"wp","href":"https:\/\/api.w.org\/{rel}","templated":true}]}}