{"id":49593,"date":"2021-09-21T08:02:08","date_gmt":"2021-09-21T06:02:08","guid":{"rendered":"https:\/\/stepienybarno.es\/blog\/?p=49593"},"modified":"2021-09-16T17:34:53","modified_gmt":"2021-09-16T15:34:53","slug":"christo-y-jeanne-claude-teoria-del-embalaje-en-guillermo-de-osma","status":"publish","type":"post","link":"https:\/\/stepienybarno.es\/blog\/2021\/09\/21\/christo-y-jeanne-claude-teoria-del-embalaje-en-guillermo-de-osma\/","title":{"rendered":"Christo y Jeanne Claude, teor\u00eda del embalaje en Guillermo de Osma"},"content":{"rendered":"<p><img loading=\"lazy\" decoding=\"async\" class=\"alignnone size-full wp-image-49598\" src=\"https:\/\/stepienybarno.es\/blog\/wp-content\/uploads\/2021\/09\/stepienybarno-CHRISTO-Y-JEANNE-CLAUDE-TEORIA-DEL-EMBALAJE-EN-GUILLERMO-DE-OSMA-postdeldia.jpg\" alt=\"\" width=\"620\" height=\"349\" srcset=\"https:\/\/stepienybarno.es\/blog\/wp-content\/uploads\/2021\/09\/stepienybarno-CHRISTO-Y-JEANNE-CLAUDE-TEORIA-DEL-EMBALAJE-EN-GUILLERMO-DE-OSMA-postdeldia.jpg 620w, https:\/\/stepienybarno.es\/blog\/wp-content\/uploads\/2021\/09\/stepienybarno-CHRISTO-Y-JEANNE-CLAUDE-TEORIA-DEL-EMBALAJE-EN-GUILLERMO-DE-OSMA-postdeldia-550x310.jpg 550w, https:\/\/stepienybarno.es\/blog\/wp-content\/uploads\/2021\/09\/stepienybarno-CHRISTO-Y-JEANNE-CLAUDE-TEORIA-DEL-EMBALAJE-EN-GUILLERMO-DE-OSMA-postdeldia-180x101.jpg 180w, https:\/\/stepienybarno.es\/blog\/wp-content\/uploads\/2021\/09\/stepienybarno-CHRISTO-Y-JEANNE-CLAUDE-TEORIA-DEL-EMBALAJE-EN-GUILLERMO-DE-OSMA-postdeldia-316x178.jpg 316w\" sizes=\"(max-width: 620px) 100vw, 620px\" \/><\/p>\n<h1><strong>Por: Javier Rubio Nomblot<br \/>\n<\/strong><\/h1>\n<h2><strong>Desde: ABC Cultural<br \/>\n<\/strong><\/h2>\n<h2>Fotograf\u00eda: <em>&#8216;Package for Dolly&#8217;, proyecto de 1974<\/em><\/h2>\n<p>A la postre \u2013y dejando aparte a Klein\u2013, de todos los integrantes del grupo de los Nuevos Realistas fundado por el cr\u00edtico Pierre Restany en 1960 (\u00abEstos nuevos realistas consideran el mundo como un cuadro, como la gran obra fundamental en la que se apropian de algunos fragmentos dotados de significado universal (\u2026). Lo que se manifiesta mediante el tratamiento de estas im\u00e1genes objetivas es toda la realidad, el bien com\u00fan de la actividad de los hombres, la Naturaleza del siglo XX, tecnol\u00f3gica, industrial, publicitaria, urbana\u00bb), Christo &amp; Jeanne Claude (Gabrovo, Bulgaria, 1935-Nueva York, 2020; Casablanca, 1935 -Nueva York, 2009) han resultado ser los m\u00e1s consistentes \u2013adem\u00e1s de famosos, lo cual no deja de tener su importancia habida cuenta de que el grupo asum\u00eda, en sinton\u00eda con los situacionistas de Debord, la importancia crucial de los mass media y del espect\u00e1culo como parte del juego del consumo al que se refieren sus obras\u2013.<\/p>\n<p>&nbsp;<\/p>\n<p style=\"text-align: center;\"><a href=\"https:\/\/bit.ly\/2Xhy1Dj\" target=\"_blank\" rel=\"noopener noreferrer\">Acceder al post<\/a><\/p>\n<hr \/>\n<h5><strong>Autores del post: <a href=\"https:\/\/stepienybarno.es\/blog\/2011\/09\/04\/las-fortalezas-del-arquitecto\/\">Stepienybarno<\/a> _ Agnieszka Stepien y Lorenzo Barn\u00f3<\/strong><\/h5>\n<h5>Y como siempre, si te gust\u00f3 el post, estar\u00eda genial que lo compartas en tus redes sociales.<\/h5>\n<h5>A su vez, si todav\u00eda no est\u00e1s suscrito a nuestra Newsletter, te animamos a hacerlo en la casilla que tienes al terminar este art\u00edculo.<\/h5>\n<p>&nbsp;<\/p>\n<p>Suscribirte a nuestro blog y recibe gratis nuestra gu\u00eda: 10 Ideas para vender m\u00e1s si eres arquitecto<\/p>\n<p>Acceder: <a href=\"http:\/\/bit.ly\/2fkkTS7\">http:\/\/bit.ly\/2fkkTS7<\/a><\/p>\n<p>&nbsp;<\/p>\n<p>Si te interesa contactar con nosotros para que te ayudemos a mejorar tu visibilidad online y, en consecuencia, mejorar tus oportunidades laborales, no dudes en escribirnos a: <a href=\"mailto:blog@stepienybarno.es\">blog@stepienybarno.es<\/a><\/p>\n<p>&nbsp;<\/p>\n<p><em><a href=\"https:\/\/twitter.com\/stepienybarno\">Stepienybarno en TWITTER<\/a><\/em><\/p>\n<p><em><a href=\"https:\/\/twitter.com\/stepienybarno\">@stepienybarno (+ de 16.000 seguidores)<\/a><\/em><\/p>\n<p><em><a href=\"https:\/\/twitter.com\/stepienybarno?lang=es\">https:\/\/twitter.com\/stepienybarno?lang=es<\/a><\/em><\/p>\n<p><em><a href=\"https:\/\/www.facebook.com\/pages\/BLOG-DE-STEPIENYBARNO\/78001079029\">Stepienybarno en FACEBOOK (+ de 24<u>.000 seguidores)<\/u><\/a><\/em><\/p>\n<p><em><a href=\"https:\/\/www.facebook.com\/StepienyBarnoArquitecturaeIdentidadDigital\/\">https:\/\/www.facebook.com\/StepienyBarnoArquitecturaeIdentidadDigital\/<\/a><\/em><\/p>\n<p><em>Acceder a nuestro GRUPO CERRADO DE FACEBOOK sobre Identidad Digital para Arquitectos:<\/em><\/p>\n<p><em><a href=\"https:\/\/www.facebook.com\/groups\/IdentidadDigitalParaArquitectos\/\">https:\/\/www.facebook.com\/groups\/IdentidadDigitalParaArquitectos\/<\/a><\/em><\/p>\n<p><em>Suscr\u00edbete a nuestro canal de YOUTUBE: <a href=\"http:\/\/bit.ly\/2A1UtAd\">http:\/\/bit.ly\/2A1UtAd<\/a><\/em><\/p>\n<p>&nbsp;<\/p>\n<p>* <a href=\"https:\/\/stepienybarno.es\/blog\/2011\/09\/04\/las-fortalezas-del-arquitecto\/\">Stepienybarno<\/a> est\u00e1 formado por Agnieszka Stepien y Lorenzo Barn\u00f3 y desde mayo del 2009 estamos en la red con la presente publicaci\u00f3n digital (Blog) de arquitectura.<\/p>\n<p>Nuestra actividad se sustenta en tres pilares b\u00e1sicos: la investigaci\u00f3n, la publicaci\u00f3n y la redacci\u00f3n de proyectos de arquitectura.<\/p>\n<p>A su vez, somos socios cofundadores de <a href=\"http:\/\/sinergiasostenible.org\/\">SINERGIA SOSTENIBLE<\/a> y directores del blog de FUNDACI\u00d3N ARQUIA.Pablo Twose Valls<\/p>\n","protected":false},"excerpt":{"rendered":"<p>Por: Javier Rubio Nomblot Desde: ABC Cultural Fotograf\u00eda: &#8216;Package for<\/p>\n","protected":false},"author":2,"featured_media":49598,"comment_status":"open","ping_status":"closed","sticky":false,"template":"","format":"standard","meta":{"om_disable_all_campaigns":false,"_monsterinsights_skip_tracking":false,"_monsterinsights_sitenote_active":false,"_monsterinsights_sitenote_note":"","_monsterinsights_sitenote_category":0,"_uf_show_specific_survey":0,"_uf_disable_surveys":false,"episode_type":"audio","audio_file":"","cover_image":"","cover_image_id":"","duration":"","filesize":"","date_recorded":"","explicit":"","block":"","filesize_raw":"","footnotes":""},"categories":[244],"tags":[4407],"series":[],"class_list":["post-49593","post","type-post","status-publish","format-standard","has-post-thumbnail","hentry","category-canal-de-arquitectura","tag-christo"],"aioseo_notices":[],"episode_featured_image":"https:\/\/stepienybarno.es\/blog\/wp-content\/uploads\/2021\/09\/stepienybarno-CHRISTO-Y-JEANNE-CLAUDE-TEORIA-DEL-EMBALAJE-EN-GUILLERMO-DE-OSMA-postdeldia.jpg","episode_player_image":"https:\/\/stepienybarno.es\/blog\/wp-content\/uploads\/2020\/11\/stepienybarno-podcast-scaled.jpg","download_link":"","player_link":"","audio_player":false,"episode_data":{"playerMode":"dark","subscribeUrls":[],"rssFeedUrl":"https:\/\/stepienybarno.es\/blog\/feed\/podcast\/podcast-de-stepienybarno","embedCode":"<blockquote class=\"wp-embedded-content\" data-secret=\"fcvevlHq2l\"><a href=\"https:\/\/stepienybarno.es\/blog\/2021\/09\/21\/christo-y-jeanne-claude-teoria-del-embalaje-en-guillermo-de-osma\/\">Christo y Jeanne Claude, teor\u00eda del embalaje en Guillermo de Osma<\/a><\/blockquote><iframe sandbox=\"allow-scripts\" security=\"restricted\" src=\"https:\/\/stepienybarno.es\/blog\/2021\/09\/21\/christo-y-jeanne-claude-teoria-del-embalaje-en-guillermo-de-osma\/embed\/#?secret=fcvevlHq2l\" width=\"500\" height=\"350\" title=\"\u00abChristo y Jeanne Claude, teor\u00eda del embalaje en Guillermo de Osma\u00bb \u2014 Blog de STEPIEN Y BARNO - publicaci\u00f3n digital sobre arquitectura\" data-secret=\"fcvevlHq2l\" frameborder=\"0\" marginwidth=\"0\" marginheight=\"0\" scrolling=\"no\" class=\"wp-embedded-content\"><\/iframe><script type=\"text\/javascript\">\n\/* <![CDATA[ *\/\n\/*! This file is auto-generated *\/\n!function(d,l){\"use strict\";l.querySelector&&d.addEventListener&&\"undefined\"!=typeof URL&&(d.wp=d.wp||{},d.wp.receiveEmbedMessage||(d.wp.receiveEmbedMessage=function(e){var t=e.data;if((t||t.secret||t.message||t.value)&&!\/[^a-zA-Z0-9]\/.test(t.secret)){for(var s,r,n,a=l.querySelectorAll('iframe[data-secret=\"'+t.secret+'\"]'),o=l.querySelectorAll('blockquote[data-secret=\"'+t.secret+'\"]'),c=new RegExp(\"^https?:$\",\"i\"),i=0;i<o.length;i++)o[i].style.display=\"none\";for(i=0;i<a.length;i++)s=a[i],e.source===s.contentWindow&&(s.removeAttribute(\"style\"),\"height\"===t.message?(1e3<(r=parseInt(t.value,10))?r=1e3:~~r<200&&(r=200),s.height=r):\"link\"===t.message&&(r=new URL(s.getAttribute(\"src\")),n=new URL(t.value),c.test(n.protocol))&&n.host===r.host&&l.activeElement===s&&(d.top.location.href=t.value))}},d.addEventListener(\"message\",d.wp.receiveEmbedMessage,!1),l.addEventListener(\"DOMContentLoaded\",function(){for(var e,t,s=l.querySelectorAll(\"iframe.wp-embedded-content\"),r=0;r<s.length;r++)(t=(e=s[r]).getAttribute(\"data-secret\"))||(t=Math.random().toString(36).substring(2,12),e.src+=\"#?secret=\"+t,e.setAttribute(\"data-secret\",t)),e.contentWindow.postMessage({message:\"ready\",secret:t},\"*\")},!1)))}(window,document);\n\/* ]]> *\/\n<\/script>\n"},"_links":{"self":[{"href":"https:\/\/stepienybarno.es\/blog\/wp-json\/wp\/v2\/posts\/49593"}],"collection":[{"href":"https:\/\/stepienybarno.es\/blog\/wp-json\/wp\/v2\/posts"}],"about":[{"href":"https:\/\/stepienybarno.es\/blog\/wp-json\/wp\/v2\/types\/post"}],"author":[{"embeddable":true,"href":"https:\/\/stepienybarno.es\/blog\/wp-json\/wp\/v2\/users\/2"}],"replies":[{"embeddable":true,"href":"https:\/\/stepienybarno.es\/blog\/wp-json\/wp\/v2\/comments?post=49593"}],"version-history":[{"count":1,"href":"https:\/\/stepienybarno.es\/blog\/wp-json\/wp\/v2\/posts\/49593\/revisions"}],"predecessor-version":[{"id":49599,"href":"https:\/\/stepienybarno.es\/blog\/wp-json\/wp\/v2\/posts\/49593\/revisions\/49599"}],"wp:featuredmedia":[{"embeddable":true,"href":"https:\/\/stepienybarno.es\/blog\/wp-json\/wp\/v2\/media\/49598"}],"wp:attachment":[{"href":"https:\/\/stepienybarno.es\/blog\/wp-json\/wp\/v2\/media?parent=49593"}],"wp:term":[{"taxonomy":"category","embeddable":true,"href":"https:\/\/stepienybarno.es\/blog\/wp-json\/wp\/v2\/categories?post=49593"},{"taxonomy":"post_tag","embeddable":true,"href":"https:\/\/stepienybarno.es\/blog\/wp-json\/wp\/v2\/tags?post=49593"},{"taxonomy":"series","embeddable":true,"href":"https:\/\/stepienybarno.es\/blog\/wp-json\/wp\/v2\/series?post=49593"}],"curies":[{"name":"wp","href":"https:\/\/api.w.org\/{rel}","templated":true}]}}