{"id":49788,"date":"2021-10-04T08:01:35","date_gmt":"2021-10-04T06:01:35","guid":{"rendered":"https:\/\/stepienybarno.es\/blog\/?p=49788"},"modified":"2021-10-01T10:06:33","modified_gmt":"2021-10-01T08:06:33","slug":"eu-mies-award-presenta-las-85-nuevas-obras-que-compiten-en-la-edicion-2022","status":"publish","type":"post","link":"https:\/\/stepienybarno.es\/blog\/2021\/10\/04\/eu-mies-award-presenta-las-85-nuevas-obras-que-compiten-en-la-edicion-2022\/","title":{"rendered":"EU Mies Award presenta las 85 nuevas obras que compiten en la edici\u00f3n 2022"},"content":{"rendered":"<p><img loading=\"lazy\" decoding=\"async\" class=\"alignnone size-full wp-image-49789\" src=\"https:\/\/stepienybarno.es\/blog\/wp-content\/uploads\/2021\/10\/stepienybarno-EU-Mies-Award-presenta-las-85-nuevas-obras-que-compiten-en-la-edicion-2022-postdeldia.jpeg\" alt=\"\" width=\"875\" height=\"500\" srcset=\"https:\/\/stepienybarno.es\/blog\/wp-content\/uploads\/2021\/10\/stepienybarno-EU-Mies-Award-presenta-las-85-nuevas-obras-que-compiten-en-la-edicion-2022-postdeldia.jpeg 875w, https:\/\/stepienybarno.es\/blog\/wp-content\/uploads\/2021\/10\/stepienybarno-EU-Mies-Award-presenta-las-85-nuevas-obras-que-compiten-en-la-edicion-2022-postdeldia-550x314.jpeg 550w, https:\/\/stepienybarno.es\/blog\/wp-content\/uploads\/2021\/10\/stepienybarno-EU-Mies-Award-presenta-las-85-nuevas-obras-que-compiten-en-la-edicion-2022-postdeldia-180x103.jpeg 180w, https:\/\/stepienybarno.es\/blog\/wp-content\/uploads\/2021\/10\/stepienybarno-EU-Mies-Award-presenta-las-85-nuevas-obras-que-compiten-en-la-edicion-2022-postdeldia-316x181.jpeg 316w\" sizes=\"(max-width: 875px) 100vw, 875px\" \/><\/p>\n<h2><strong>Desde: Blog Fundaci\u00f3n Arquia<br \/>\n<\/strong><\/h2>\n<p><span class=\"css-901oao css-16my406 r-poiln3 r-bcqeeo r-qvutc0\">La Comisi\u00f3n Europea y la Fundaci\u00f3 Mies van der Rohe han anunciado la lista de 85 obras nominadas en segunda fase que compiten por el Premio de Arquitectura Contempor\u00e1nea de la Uni\u00f3n Europea \u2013 Premio Mies van der Rohe 2022. Estas obras se a\u00f1aden a la primera lista de 449 proyectos nominados que fue presentada el pasado 2 de febrero, convirtiendo la de 2022 en la edici\u00f3n con m\u00e1s propuestas nominadas al Premio desde su creaci\u00f3n en 1988 con un total de 534 obras finalizadas entre octubre de 2018 y abril de 2021 en 41 pa\u00edses.<\/span><\/p>\n<p>En enero se anunciar\u00e1 la selecci\u00f3n de 40 obras finalistas, los ganadores se dar\u00e1n a conocer en abril y la ceremonia de entrega de premios tendr\u00e1 lugar en mayo de 2022.<\/p>\n<p>Todas las obras se pueden visitar en el archivo, en la app eumiesaward (para android e iOS) y en el mapa personalizable. Muy pronto esperamos que tambi\u00e9n se puedan visitar de manera presencial tal y como haremos con el jurado en la primavera de 2022.<\/p>\n<p>&nbsp;<\/p>\n<p style=\"text-align: center;\"><a href=\"https:\/\/bit.ly\/39XIK97\" target=\"_blank\" rel=\"noopener noreferrer\">Acceder al post<\/a><\/p>\n<hr \/>\n<h5><strong>Autores del post: <a href=\"https:\/\/stepienybarno.es\/blog\/2011\/09\/04\/las-fortalezas-del-arquitecto\/\">Stepienybarno<\/a> _ Agnieszka Stepien y Lorenzo Barn\u00f3<\/strong><\/h5>\n<h5>Y como siempre, si te gust\u00f3 el post, estar\u00eda genial que lo compartas en tus redes sociales.<\/h5>\n<h5>A su vez, si todav\u00eda no est\u00e1s suscrito a nuestra Newsletter, te animamos a hacerlo en la casilla que tienes al terminar este art\u00edculo.<\/h5>\n<p>&nbsp;<\/p>\n<p>Suscribirte a nuestro blog y recibe gratis nuestra gu\u00eda: 10 Ideas para vender m\u00e1s si eres arquitecto<\/p>\n<p>Acceder: <a href=\"http:\/\/bit.ly\/2fkkTS7\">http:\/\/bit.ly\/2fkkTS7<\/a><\/p>\n<p>&nbsp;<\/p>\n<p>Si te interesa contactar con nosotros para que te ayudemos a mejorar tu visibilidad online y, en consecuencia, mejorar tus oportunidades laborales, no dudes en escribirnos a: <a href=\"mailto:blog@stepienybarno.es\">blog@stepienybarno.es<\/a><\/p>\n<p>&nbsp;<\/p>\n<p><em><a href=\"https:\/\/twitter.com\/stepienybarno\">Stepienybarno en TWITTER<\/a><\/em><\/p>\n<p><em><a href=\"https:\/\/twitter.com\/stepienybarno\">@stepienybarno (+ de 16.000 seguidores)<\/a><\/em><\/p>\n<p><em><a href=\"https:\/\/twitter.com\/stepienybarno?lang=es\">https:\/\/twitter.com\/stepienybarno?lang=es<\/a><\/em><\/p>\n<p><em><a href=\"https:\/\/www.facebook.com\/pages\/BLOG-DE-STEPIENYBARNO\/78001079029\">Stepienybarno en FACEBOOK (+ de 24<u>.000 seguidores)<\/u><\/a><\/em><\/p>\n<p><em><a href=\"https:\/\/www.facebook.com\/StepienyBarnoArquitecturaeIdentidadDigital\/\">https:\/\/www.facebook.com\/StepienyBarnoArquitecturaeIdentidadDigital\/<\/a><\/em><\/p>\n<p><em>Acceder a nuestro GRUPO CERRADO DE FACEBOOK sobre Identidad Digital para Arquitectos:<\/em><\/p>\n<p><em><a href=\"https:\/\/www.facebook.com\/groups\/IdentidadDigitalParaArquitectos\/\">https:\/\/www.facebook.com\/groups\/IdentidadDigitalParaArquitectos\/<\/a><\/em><\/p>\n<p><em>Suscr\u00edbete a nuestro canal de YOUTUBE: <a href=\"http:\/\/bit.ly\/2A1UtAd\">http:\/\/bit.ly\/2A1UtAd<\/a><\/em><\/p>\n<p>&nbsp;<\/p>\n<p>* <a href=\"https:\/\/stepienybarno.es\/blog\/2011\/09\/04\/las-fortalezas-del-arquitecto\/\">Stepienybarno<\/a> est\u00e1 formado por Agnieszka Stepien y Lorenzo Barn\u00f3 y desde mayo del 2009 estamos en la red con la presente publicaci\u00f3n digital (Blog) de arquitectura.<\/p>\n<p>Nuestra actividad se sustenta en tres pilares b\u00e1sicos: la investigaci\u00f3n, la publicaci\u00f3n y la redacci\u00f3n de proyectos de arquitectura.<\/p>\n<p>A su vez, somos socios cofundadores de <a href=\"http:\/\/sinergiasostenible.org\/\">SINERGIA SOSTENIBLE<\/a> y directores del blog de FUNDACI\u00d3N ARQUIA.Pablo Twose Valls<\/p>\n","protected":false},"excerpt":{"rendered":"<p>Desde: Blog Fundaci\u00f3n Arquia La Comisi\u00f3n Europea y la Fundaci\u00f3<\/p>\n","protected":false},"author":2,"featured_media":49789,"comment_status":"open","ping_status":"closed","sticky":false,"template":"","format":"standard","meta":{"om_disable_all_campaigns":false,"_monsterinsights_skip_tracking":false,"_monsterinsights_sitenote_active":false,"_monsterinsights_sitenote_note":"","_monsterinsights_sitenote_category":0,"_uf_show_specific_survey":0,"_uf_disable_surveys":false,"episode_type":"audio","audio_file":"","cover_image":"","cover_image_id":"","duration":"","filesize":"","date_recorded":"","explicit":"","block":"","filesize_raw":"","footnotes":""},"categories":[244],"tags":[4856,4855],"series":[],"class_list":["post-49788","post","type-post","status-publish","format-standard","has-post-thumbnail","hentry","category-canal-de-arquitectura","tag-eu-mies-award","tag-premio-mies-van-der-rohe"],"aioseo_notices":[],"episode_featured_image":"https:\/\/stepienybarno.es\/blog\/wp-content\/uploads\/2021\/10\/stepienybarno-EU-Mies-Award-presenta-las-85-nuevas-obras-que-compiten-en-la-edicion-2022-postdeldia.jpeg","episode_player_image":"https:\/\/stepienybarno.es\/blog\/wp-content\/uploads\/2020\/11\/stepienybarno-podcast-scaled.jpg","download_link":"","player_link":"","audio_player":false,"episode_data":{"playerMode":"dark","subscribeUrls":[],"rssFeedUrl":"https:\/\/stepienybarno.es\/blog\/feed\/podcast\/podcast-de-stepienybarno","embedCode":"<blockquote class=\"wp-embedded-content\" data-secret=\"oYxOEjPpKP\"><a href=\"https:\/\/stepienybarno.es\/blog\/2021\/10\/04\/eu-mies-award-presenta-las-85-nuevas-obras-que-compiten-en-la-edicion-2022\/\">EU Mies Award presenta las 85 nuevas obras que compiten en la edici\u00f3n 2022<\/a><\/blockquote><iframe sandbox=\"allow-scripts\" security=\"restricted\" src=\"https:\/\/stepienybarno.es\/blog\/2021\/10\/04\/eu-mies-award-presenta-las-85-nuevas-obras-que-compiten-en-la-edicion-2022\/embed\/#?secret=oYxOEjPpKP\" width=\"500\" height=\"350\" title=\"\u00abEU Mies Award presenta las 85 nuevas obras que compiten en la edici\u00f3n 2022\u00bb \u2014 Blog de STEPIEN Y BARNO - publicaci\u00f3n digital sobre arquitectura\" data-secret=\"oYxOEjPpKP\" frameborder=\"0\" marginwidth=\"0\" marginheight=\"0\" scrolling=\"no\" class=\"wp-embedded-content\"><\/iframe><script type=\"text\/javascript\">\n\/* <![CDATA[ *\/\n\/*! This file is auto-generated *\/\n!function(d,l){\"use strict\";l.querySelector&&d.addEventListener&&\"undefined\"!=typeof URL&&(d.wp=d.wp||{},d.wp.receiveEmbedMessage||(d.wp.receiveEmbedMessage=function(e){var t=e.data;if((t||t.secret||t.message||t.value)&&!\/[^a-zA-Z0-9]\/.test(t.secret)){for(var s,r,n,a=l.querySelectorAll('iframe[data-secret=\"'+t.secret+'\"]'),o=l.querySelectorAll('blockquote[data-secret=\"'+t.secret+'\"]'),c=new RegExp(\"^https?:$\",\"i\"),i=0;i<o.length;i++)o[i].style.display=\"none\";for(i=0;i<a.length;i++)s=a[i],e.source===s.contentWindow&&(s.removeAttribute(\"style\"),\"height\"===t.message?(1e3<(r=parseInt(t.value,10))?r=1e3:~~r<200&&(r=200),s.height=r):\"link\"===t.message&&(r=new URL(s.getAttribute(\"src\")),n=new URL(t.value),c.test(n.protocol))&&n.host===r.host&&l.activeElement===s&&(d.top.location.href=t.value))}},d.addEventListener(\"message\",d.wp.receiveEmbedMessage,!1),l.addEventListener(\"DOMContentLoaded\",function(){for(var e,t,s=l.querySelectorAll(\"iframe.wp-embedded-content\"),r=0;r<s.length;r++)(t=(e=s[r]).getAttribute(\"data-secret\"))||(t=Math.random().toString(36).substring(2,12),e.src+=\"#?secret=\"+t,e.setAttribute(\"data-secret\",t)),e.contentWindow.postMessage({message:\"ready\",secret:t},\"*\")},!1)))}(window,document);\n\/* ]]> *\/\n<\/script>\n"},"_links":{"self":[{"href":"https:\/\/stepienybarno.es\/blog\/wp-json\/wp\/v2\/posts\/49788"}],"collection":[{"href":"https:\/\/stepienybarno.es\/blog\/wp-json\/wp\/v2\/posts"}],"about":[{"href":"https:\/\/stepienybarno.es\/blog\/wp-json\/wp\/v2\/types\/post"}],"author":[{"embeddable":true,"href":"https:\/\/stepienybarno.es\/blog\/wp-json\/wp\/v2\/users\/2"}],"replies":[{"embeddable":true,"href":"https:\/\/stepienybarno.es\/blog\/wp-json\/wp\/v2\/comments?post=49788"}],"version-history":[{"count":1,"href":"https:\/\/stepienybarno.es\/blog\/wp-json\/wp\/v2\/posts\/49788\/revisions"}],"predecessor-version":[{"id":49790,"href":"https:\/\/stepienybarno.es\/blog\/wp-json\/wp\/v2\/posts\/49788\/revisions\/49790"}],"wp:featuredmedia":[{"embeddable":true,"href":"https:\/\/stepienybarno.es\/blog\/wp-json\/wp\/v2\/media\/49789"}],"wp:attachment":[{"href":"https:\/\/stepienybarno.es\/blog\/wp-json\/wp\/v2\/media?parent=49788"}],"wp:term":[{"taxonomy":"category","embeddable":true,"href":"https:\/\/stepienybarno.es\/blog\/wp-json\/wp\/v2\/categories?post=49788"},{"taxonomy":"post_tag","embeddable":true,"href":"https:\/\/stepienybarno.es\/blog\/wp-json\/wp\/v2\/tags?post=49788"},{"taxonomy":"series","embeddable":true,"href":"https:\/\/stepienybarno.es\/blog\/wp-json\/wp\/v2\/series?post=49788"}],"curies":[{"name":"wp","href":"https:\/\/api.w.org\/{rel}","templated":true}]}}