{"id":4992,"date":"2012-01-30T09:41:52","date_gmt":"2012-01-30T07:41:52","guid":{"rendered":"https:\/\/www.stepienybarno.es\/blog\/?p=4992"},"modified":"2012-01-30T09:41:52","modified_gmt":"2012-01-30T07:41:52","slug":"casa-d-panorama-y-wmr","status":"publish","type":"post","link":"https:\/\/stepienybarno.es\/blog\/2012\/01\/30\/casa-d-panorama-y-wmr\/","title":{"rendered":"CASA D \/ PANORAMA Y  WMR"},"content":{"rendered":"<p align=\"center\"><img loading=\"lazy\" decoding=\"async\" class=\"aligncenter size-full wp-image-4993\" title=\"Casa D.CristobalVald\u00e9s.PlataformaArquitectura.Stepienybarno\" src=\"https:\/\/stepienybarno.es\/blog\/wp-content\/uploads\/2012\/01\/Casa-D.CristobalVald\u00e9s.PlataformaArquitectura.Stepienybarno.JPG\" alt=\"Casa D.CristobalVald\u00e9s.PlataformaArquitectura.Stepienybarno\" width=\"350\" height=\"293\" srcset=\"https:\/\/stepienybarno.es\/blog\/wp-content\/uploads\/2012\/01\/Casa-D.CristobalVald\u00e9s.PlataformaArquitectura.Stepienybarno.JPG 350w, https:\/\/stepienybarno.es\/blog\/wp-content\/uploads\/2012\/01\/Casa-D.CristobalVald\u00e9s.PlataformaArquitectura.Stepienybarno-180x151.jpg 180w, https:\/\/stepienybarno.es\/blog\/wp-content\/uploads\/2012\/01\/Casa-D.CristobalVald\u00e9s.PlataformaArquitectura.Stepienybarno-316x265.jpg 316w\" sizes=\"(max-width: 350px) 100vw, 350px\" \/><\/p>\n<p><em>Por <\/em><em><a title=\"Publicados por Giuliano Pastorelli\" href=\"http:\/\/www.plataformaarquitectura.cl\/author\/giuliano\/\">Giuliano Pastorelli<\/a><\/em><\/p>\n<p><!--more--><\/p>\n<p>\u201c(\u2026) en la parte superior de un acantilado, a 65 mts. aproximadamente sobre el nivel del mar\u201d.<\/p>\n<p>\u201cEsta casa, para una pareja y su hijo, se desarrolla dentro de un volumen cuadrado de 9x9mts. Dentro de \u00e9ste se inserta otro volumen en un nivel mas alto, que por su posici\u00f3n rotada 45 grados respecto a la planta, logra generar dobles alturas y la organizaci\u00f3n de espacios en el primer piso\u201d.<\/p>\n<p><a href=\"http:\/\/www.plataformaarquitectura.cl\/2011\/04\/06\/casa-d-panorama-y-wmr\/\">Acceder a la noticia.<\/a><\/p>\n<p>M\u00e1s informaci\u00f3n: \u00a0\u00a0\u00a0\u00a0\u00a0\u00a0\u00a0\u00a0\u00a0 <a href=\"http:\/\/www.panoramaarquitectos.com\/\">panorama<\/a><\/p>\n<p><a href=\"http:\/\/wmrarq.cl\/\">wmr<\/a><\/p>\n<p align=\"left\">Noticia seleccionada por el Canal de arquitectura STEPIENYBARNO.<\/p>\n<p align=\"left\"><a href=\"http:\/\/www.linkedin.com\/company\/stepienybarno\">STEPIENYBARNO EN LINKEDIN<\/a><\/p>\n<p align=\"left\"><a href=\"http:\/\/twitter.com\/stepienybarno\/stepienybarno\">STEPIENYBARNO EN TWITTER<\/a><\/p>\n<p align=\"left\"><a href=\"https:\/\/www.facebook.com\/StepienybarnoCANAL\">STEPIENYBARNO EN FACEBOOK<\/a><\/p>\n<p align=\"left\">\n<p align=\"left\">*Stepienybarno est\u00e1 formado por Agnieszka Stepien y Lorenzo Barn\u00f3 y desde mayo del 2009 estamos en la red con\u00a0 la presente publicaci\u00f3n digital (Blog) de arquitectura.<\/p>\n<p align=\"left\">Nuestra actividad se sustenta en tres pilares b\u00e1sicos: la investigaci\u00f3n, la publicaci\u00f3n (comunicaci\u00f3n y difusi\u00f3n) y la redacci\u00f3n de proyectos de arquitectura.<\/p>\n<p align=\"left\">A su vez, somos socios cofundadores de <a href=\"http:\/\/sinergiasostenible.org\/\">SINERGIA SOSTENIBLE<\/a> y redactores de <a href=\"http:\/\/www.laciudadviva.org\/blogs\/?author=45\">LA CIUDAD VIVA<\/a>.<\/p>\n","protected":false},"excerpt":{"rendered":"<p>Por Giuliano Pastorelli<\/p>\n","protected":false},"author":2,"featured_media":0,"comment_status":"open","ping_status":"closed","sticky":false,"template":"","format":"standard","meta":{"om_disable_all_campaigns":false,"_monsterinsights_skip_tracking":false,"_monsterinsights_sitenote_active":false,"_monsterinsights_sitenote_note":"","_monsterinsights_sitenote_category":0,"_uf_show_specific_survey":0,"_uf_disable_surveys":false,"episode_type":"","audio_file":"","cover_image":"","cover_image_id":"","duration":"","filesize":"","date_recorded":"","explicit":"","block":"","filesize_raw":"","footnotes":""},"categories":[34,244],"tags":[1459,1458,1457],"series":[],"class_list":["post-4992","post","type-post","status-publish","format-standard","hentry","category-actualidad","category-canal-de-arquitectura","tag-giuliano-pastorelli","tag-panorama","tag-wmr"],"aioseo_notices":[],"episode_featured_image":false,"episode_player_image":"https:\/\/stepienybarno.es\/blog\/wp-content\/uploads\/2020\/11\/stepienybarno-podcast-scaled.jpg","download_link":"","player_link":"","audio_player":false,"episode_data":{"playerMode":"dark","subscribeUrls":[],"rssFeedUrl":"https:\/\/stepienybarno.es\/blog\/feed\/podcast\/podcast-de-stepienybarno","embedCode":"<blockquote class=\"wp-embedded-content\" data-secret=\"4iWKXKUPjw\"><a href=\"https:\/\/stepienybarno.es\/blog\/2012\/01\/30\/casa-d-panorama-y-wmr\/\">CASA D \/ PANORAMA Y  WMR<\/a><\/blockquote><iframe sandbox=\"allow-scripts\" security=\"restricted\" src=\"https:\/\/stepienybarno.es\/blog\/2012\/01\/30\/casa-d-panorama-y-wmr\/embed\/#?secret=4iWKXKUPjw\" width=\"500\" height=\"350\" title=\"\u00abCASA D \/ PANORAMA Y  WMR\u00bb \u2014 Blog de STEPIEN Y BARNO - publicaci\u00f3n digital sobre arquitectura\" data-secret=\"4iWKXKUPjw\" frameborder=\"0\" marginwidth=\"0\" marginheight=\"0\" scrolling=\"no\" class=\"wp-embedded-content\"><\/iframe><script type=\"text\/javascript\">\n\/* <![CDATA[ *\/\n\/*! This file is auto-generated *\/\n!function(d,l){\"use strict\";l.querySelector&&d.addEventListener&&\"undefined\"!=typeof URL&&(d.wp=d.wp||{},d.wp.receiveEmbedMessage||(d.wp.receiveEmbedMessage=function(e){var t=e.data;if((t||t.secret||t.message||t.value)&&!\/[^a-zA-Z0-9]\/.test(t.secret)){for(var s,r,n,a=l.querySelectorAll('iframe[data-secret=\"'+t.secret+'\"]'),o=l.querySelectorAll('blockquote[data-secret=\"'+t.secret+'\"]'),c=new RegExp(\"^https?:$\",\"i\"),i=0;i<o.length;i++)o[i].style.display=\"none\";for(i=0;i<a.length;i++)s=a[i],e.source===s.contentWindow&&(s.removeAttribute(\"style\"),\"height\"===t.message?(1e3<(r=parseInt(t.value,10))?r=1e3:~~r<200&&(r=200),s.height=r):\"link\"===t.message&&(r=new URL(s.getAttribute(\"src\")),n=new URL(t.value),c.test(n.protocol))&&n.host===r.host&&l.activeElement===s&&(d.top.location.href=t.value))}},d.addEventListener(\"message\",d.wp.receiveEmbedMessage,!1),l.addEventListener(\"DOMContentLoaded\",function(){for(var e,t,s=l.querySelectorAll(\"iframe.wp-embedded-content\"),r=0;r<s.length;r++)(t=(e=s[r]).getAttribute(\"data-secret\"))||(t=Math.random().toString(36).substring(2,12),e.src+=\"#?secret=\"+t,e.setAttribute(\"data-secret\",t)),e.contentWindow.postMessage({message:\"ready\",secret:t},\"*\")},!1)))}(window,document);\n\/* ]]> *\/\n<\/script>\n"},"_links":{"self":[{"href":"https:\/\/stepienybarno.es\/blog\/wp-json\/wp\/v2\/posts\/4992"}],"collection":[{"href":"https:\/\/stepienybarno.es\/blog\/wp-json\/wp\/v2\/posts"}],"about":[{"href":"https:\/\/stepienybarno.es\/blog\/wp-json\/wp\/v2\/types\/post"}],"author":[{"embeddable":true,"href":"https:\/\/stepienybarno.es\/blog\/wp-json\/wp\/v2\/users\/2"}],"replies":[{"embeddable":true,"href":"https:\/\/stepienybarno.es\/blog\/wp-json\/wp\/v2\/comments?post=4992"}],"version-history":[{"count":1,"href":"https:\/\/stepienybarno.es\/blog\/wp-json\/wp\/v2\/posts\/4992\/revisions"}],"predecessor-version":[{"id":4994,"href":"https:\/\/stepienybarno.es\/blog\/wp-json\/wp\/v2\/posts\/4992\/revisions\/4994"}],"wp:attachment":[{"href":"https:\/\/stepienybarno.es\/blog\/wp-json\/wp\/v2\/media?parent=4992"}],"wp:term":[{"taxonomy":"category","embeddable":true,"href":"https:\/\/stepienybarno.es\/blog\/wp-json\/wp\/v2\/categories?post=4992"},{"taxonomy":"post_tag","embeddable":true,"href":"https:\/\/stepienybarno.es\/blog\/wp-json\/wp\/v2\/tags?post=4992"},{"taxonomy":"series","embeddable":true,"href":"https:\/\/stepienybarno.es\/blog\/wp-json\/wp\/v2\/series?post=4992"}],"curies":[{"name":"wp","href":"https:\/\/api.w.org\/{rel}","templated":true}]}}