{"id":50059,"date":"2021-10-19T08:01:26","date_gmt":"2021-10-19T06:01:26","guid":{"rendered":"https:\/\/stepienybarno.es\/blog\/?p=50059"},"modified":"2021-10-18T18:17:52","modified_gmt":"2021-10-18T16:17:52","slug":"la-arquitectura-del-futuro-demoler-jamas-transformar-siempre","status":"publish","type":"post","link":"https:\/\/stepienybarno.es\/blog\/2021\/10\/19\/la-arquitectura-del-futuro-demoler-jamas-transformar-siempre\/","title":{"rendered":"La arquitectura del futuro: demoler jam\u00e1s, transformar siempre"},"content":{"rendered":"<p><img loading=\"lazy\" decoding=\"async\" class=\"alignnone size-full wp-image-50060\" src=\"https:\/\/stepienybarno.es\/blog\/wp-content\/uploads\/2021\/10\/stepienybarno-La-arquitectura-del-futuro-demoler-jamas-transformar-siempre-postdeldia.jpg\" alt=\"\" width=\"1200\" height=\"675\" srcset=\"https:\/\/stepienybarno.es\/blog\/wp-content\/uploads\/2021\/10\/stepienybarno-La-arquitectura-del-futuro-demoler-jamas-transformar-siempre-postdeldia.jpg 1200w, https:\/\/stepienybarno.es\/blog\/wp-content\/uploads\/2021\/10\/stepienybarno-La-arquitectura-del-futuro-demoler-jamas-transformar-siempre-postdeldia-550x309.jpg 550w, https:\/\/stepienybarno.es\/blog\/wp-content\/uploads\/2021\/10\/stepienybarno-La-arquitectura-del-futuro-demoler-jamas-transformar-siempre-postdeldia-1024x576.jpg 1024w, https:\/\/stepienybarno.es\/blog\/wp-content\/uploads\/2021\/10\/stepienybarno-La-arquitectura-del-futuro-demoler-jamas-transformar-siempre-postdeldia-180x101.jpg 180w, https:\/\/stepienybarno.es\/blog\/wp-content\/uploads\/2021\/10\/stepienybarno-La-arquitectura-del-futuro-demoler-jamas-transformar-siempre-postdeldia-316x178.jpg 316w\" sizes=\"(max-width: 1200px) 100vw, 1200px\" \/><\/p>\n<h1><strong>Por: Enrique Dom\u00ednguez Uceta<br \/>\n<\/strong><\/h1>\n<h2>Desde: El diario<\/h2>\n<h2>Fotograf\u00eda: &#8216;Frac&#8217;, edificio intervenido en 2015 por Lacaton &amp; Vassal en Dunkerque, Francia Philippe Ruault<\/h2>\n<p><span class=\"css-901oao css-16my406 r-poiln3 r-bcqeeo r-qvutc0\">En la exposici\u00f3n Espacio libre, transformaci\u00f3n \u2018habiter\u2019, se despliega la claridad, la racionalidad y la empat\u00eda de los arquitectos Lacaton y Vassal, merecedores del Premio Pritzker de Arquitectura 2021. Se trata de una secuencia que se inicia con la detallada relaci\u00f3n de sus trabajos a trav\u00e9s de planos y fotograf\u00edas en la planta baja del Museo ICO de Madrid, hasta la espacialidad de la planta alta, donde la penumbra se anima con la luz de las pantallas en que se proyectan videos realizados desde el interior de sus obras, como ventanas abiertas al horizonte y al cielo. <\/span><\/p>\n<p>&nbsp;<\/p>\n<p style=\"text-align: center;\"><a href=\"https:\/\/bit.ly\/3aQo17q\" target=\"_blank\" rel=\"noopener noreferrer\">Acceder al post<\/a><\/p>\n<hr \/>\n<h5><strong>Autores del post: <a href=\"https:\/\/stepienybarno.es\/blog\/2011\/09\/04\/las-fortalezas-del-arquitecto\/\">Stepienybarno<\/a> _ Agnieszka Stepien y Lorenzo Barn\u00f3<\/strong><\/h5>\n<h5>Y como siempre, si te gust\u00f3 el post, estar\u00eda genial que lo compartas en tus redes sociales.<\/h5>\n<h5>A su vez, si todav\u00eda no est\u00e1s suscrito a nuestra Newsletter, te animamos a hacerlo en la casilla que tienes al terminar este art\u00edculo.<\/h5>\n<p>&nbsp;<\/p>\n<p>Suscribirte a nuestro blog y recibe gratis nuestra gu\u00eda: 10 Ideas para vender m\u00e1s si eres arquitecto<\/p>\n<p>Acceder: <a href=\"http:\/\/bit.ly\/2fkkTS7\">http:\/\/bit.ly\/2fkkTS7<\/a><\/p>\n<p>&nbsp;<\/p>\n<p>Si te interesa contactar con nosotros para que te ayudemos a mejorar tu visibilidad online y, en consecuencia, mejorar tus oportunidades laborales, no dudes en escribirnos a: <a href=\"mailto:blog@stepienybarno.es\">blog@stepienybarno.es<\/a><\/p>\n<p>&nbsp;<\/p>\n<p><em><a href=\"https:\/\/twitter.com\/stepienybarno\">Stepienybarno en TWITTER<\/a><\/em><\/p>\n<p><em><a href=\"https:\/\/twitter.com\/stepienybarno\">@stepienybarno (+ de 16.000 seguidores)<\/a><\/em><\/p>\n<p><em><a href=\"https:\/\/twitter.com\/stepienybarno?lang=es\">https:\/\/twitter.com\/stepienybarno?lang=es<\/a><\/em><\/p>\n<p><em><a href=\"https:\/\/www.facebook.com\/pages\/BLOG-DE-STEPIENYBARNO\/78001079029\">Stepienybarno en FACEBOOK (+ de 24<u>.000 seguidores)<\/u><\/a><\/em><\/p>\n<p><em><a href=\"https:\/\/www.facebook.com\/StepienyBarnoArquitecturaeIdentidadDigital\/\">https:\/\/www.facebook.com\/StepienyBarnoArquitecturaeIdentidadDigital\/<\/a><\/em><\/p>\n<p><em>Acceder a nuestro GRUPO CERRADO DE FACEBOOK sobre Identidad Digital para Arquitectos:<\/em><\/p>\n<p><em><a href=\"https:\/\/www.facebook.com\/groups\/IdentidadDigitalParaArquitectos\/\">https:\/\/www.facebook.com\/groups\/IdentidadDigitalParaArquitectos\/<\/a><\/em><\/p>\n<p><em>Suscr\u00edbete a nuestro canal de YOUTUBE: <a href=\"http:\/\/bit.ly\/2A1UtAd\">http:\/\/bit.ly\/2A1UtAd<\/a><\/em><\/p>\n<p>&nbsp;<\/p>\n<p>* <a href=\"https:\/\/stepienybarno.es\/blog\/2011\/09\/04\/las-fortalezas-del-arquitecto\/\">Stepienybarno<\/a> est\u00e1 formado por Agnieszka Stepien y Lorenzo Barn\u00f3 y desde mayo del 2009 estamos en la red con la presente publicaci\u00f3n digital (Blog) de arquitectura.<\/p>\n<p>Nuestra actividad se sustenta en tres pilares b\u00e1sicos: la investigaci\u00f3n, la publicaci\u00f3n y la redacci\u00f3n de proyectos de arquitectura.<\/p>\n<p>A su vez, somos socios cofundadores de <a href=\"http:\/\/sinergiasostenible.org\/\">SINERGIA SOSTENIBLE<\/a> y directores del blog de FUNDACI\u00d3N ARQUIA.<\/p>\n","protected":false},"excerpt":{"rendered":"<p>Por: Enrique Dom\u00ednguez Uceta Desde: El diario Fotograf\u00eda: &#8216;Frac&#8217;, edificio<\/p>\n","protected":false},"author":2,"featured_media":50060,"comment_status":"open","ping_status":"closed","sticky":false,"template":"","format":"standard","meta":{"om_disable_all_campaigns":false,"_monsterinsights_skip_tracking":false,"_monsterinsights_sitenote_active":false,"_monsterinsights_sitenote_note":"","_monsterinsights_sitenote_category":0,"_uf_show_specific_survey":0,"_uf_disable_surveys":false,"episode_type":"audio","audio_file":"","cover_image":"","cover_image_id":"","duration":"","filesize":"","date_recorded":"","explicit":"","block":"","filesize_raw":"","footnotes":""},"categories":[244],"tags":[1033,8044,8955],"series":[],"class_list":["post-50059","post","type-post","status-publish","format-standard","has-post-thumbnail","hentry","category-canal-de-arquitectura","tag-anne-lacaton","tag-anne-lacaton-jean-philippe-vassal","tag-enrique-dominguez-uceta"],"aioseo_notices":[],"episode_featured_image":"https:\/\/stepienybarno.es\/blog\/wp-content\/uploads\/2021\/10\/stepienybarno-La-arquitectura-del-futuro-demoler-jamas-transformar-siempre-postdeldia.jpg","episode_player_image":"https:\/\/stepienybarno.es\/blog\/wp-content\/uploads\/2020\/11\/stepienybarno-podcast-scaled.jpg","download_link":"","player_link":"","audio_player":false,"episode_data":{"playerMode":"dark","subscribeUrls":[],"rssFeedUrl":"https:\/\/stepienybarno.es\/blog\/feed\/podcast\/podcast-de-stepienybarno","embedCode":"<blockquote class=\"wp-embedded-content\" data-secret=\"yNjR4mH4uO\"><a href=\"https:\/\/stepienybarno.es\/blog\/2021\/10\/19\/la-arquitectura-del-futuro-demoler-jamas-transformar-siempre\/\">La arquitectura del futuro: demoler jam\u00e1s, transformar siempre<\/a><\/blockquote><iframe sandbox=\"allow-scripts\" security=\"restricted\" src=\"https:\/\/stepienybarno.es\/blog\/2021\/10\/19\/la-arquitectura-del-futuro-demoler-jamas-transformar-siempre\/embed\/#?secret=yNjR4mH4uO\" width=\"500\" height=\"350\" title=\"\u00abLa arquitectura del futuro: demoler jam\u00e1s, transformar siempre\u00bb \u2014 Blog de STEPIEN Y BARNO - publicaci\u00f3n digital sobre arquitectura\" data-secret=\"yNjR4mH4uO\" frameborder=\"0\" marginwidth=\"0\" marginheight=\"0\" scrolling=\"no\" class=\"wp-embedded-content\"><\/iframe><script type=\"text\/javascript\">\n\/* <![CDATA[ *\/\n\/*! This file is auto-generated *\/\n!function(d,l){\"use strict\";l.querySelector&&d.addEventListener&&\"undefined\"!=typeof URL&&(d.wp=d.wp||{},d.wp.receiveEmbedMessage||(d.wp.receiveEmbedMessage=function(e){var t=e.data;if((t||t.secret||t.message||t.value)&&!\/[^a-zA-Z0-9]\/.test(t.secret)){for(var s,r,n,a=l.querySelectorAll('iframe[data-secret=\"'+t.secret+'\"]'),o=l.querySelectorAll('blockquote[data-secret=\"'+t.secret+'\"]'),c=new RegExp(\"^https?:$\",\"i\"),i=0;i<o.length;i++)o[i].style.display=\"none\";for(i=0;i<a.length;i++)s=a[i],e.source===s.contentWindow&&(s.removeAttribute(\"style\"),\"height\"===t.message?(1e3<(r=parseInt(t.value,10))?r=1e3:~~r<200&&(r=200),s.height=r):\"link\"===t.message&&(r=new URL(s.getAttribute(\"src\")),n=new URL(t.value),c.test(n.protocol))&&n.host===r.host&&l.activeElement===s&&(d.top.location.href=t.value))}},d.addEventListener(\"message\",d.wp.receiveEmbedMessage,!1),l.addEventListener(\"DOMContentLoaded\",function(){for(var e,t,s=l.querySelectorAll(\"iframe.wp-embedded-content\"),r=0;r<s.length;r++)(t=(e=s[r]).getAttribute(\"data-secret\"))||(t=Math.random().toString(36).substring(2,12),e.src+=\"#?secret=\"+t,e.setAttribute(\"data-secret\",t)),e.contentWindow.postMessage({message:\"ready\",secret:t},\"*\")},!1)))}(window,document);\n\/* ]]> *\/\n<\/script>\n"},"_links":{"self":[{"href":"https:\/\/stepienybarno.es\/blog\/wp-json\/wp\/v2\/posts\/50059"}],"collection":[{"href":"https:\/\/stepienybarno.es\/blog\/wp-json\/wp\/v2\/posts"}],"about":[{"href":"https:\/\/stepienybarno.es\/blog\/wp-json\/wp\/v2\/types\/post"}],"author":[{"embeddable":true,"href":"https:\/\/stepienybarno.es\/blog\/wp-json\/wp\/v2\/users\/2"}],"replies":[{"embeddable":true,"href":"https:\/\/stepienybarno.es\/blog\/wp-json\/wp\/v2\/comments?post=50059"}],"version-history":[{"count":1,"href":"https:\/\/stepienybarno.es\/blog\/wp-json\/wp\/v2\/posts\/50059\/revisions"}],"predecessor-version":[{"id":50061,"href":"https:\/\/stepienybarno.es\/blog\/wp-json\/wp\/v2\/posts\/50059\/revisions\/50061"}],"wp:featuredmedia":[{"embeddable":true,"href":"https:\/\/stepienybarno.es\/blog\/wp-json\/wp\/v2\/media\/50060"}],"wp:attachment":[{"href":"https:\/\/stepienybarno.es\/blog\/wp-json\/wp\/v2\/media?parent=50059"}],"wp:term":[{"taxonomy":"category","embeddable":true,"href":"https:\/\/stepienybarno.es\/blog\/wp-json\/wp\/v2\/categories?post=50059"},{"taxonomy":"post_tag","embeddable":true,"href":"https:\/\/stepienybarno.es\/blog\/wp-json\/wp\/v2\/tags?post=50059"},{"taxonomy":"series","embeddable":true,"href":"https:\/\/stepienybarno.es\/blog\/wp-json\/wp\/v2\/series?post=50059"}],"curies":[{"name":"wp","href":"https:\/\/api.w.org\/{rel}","templated":true}]}}