{"id":50133,"date":"2021-10-29T08:01:46","date_gmt":"2021-10-29T06:01:46","guid":{"rendered":"https:\/\/stepienybarno.es\/blog\/?p=50133"},"modified":"2021-10-20T16:17:45","modified_gmt":"2021-10-20T14:17:45","slug":"lo-justo-y-necesario","status":"publish","type":"post","link":"https:\/\/stepienybarno.es\/blog\/2021\/10\/29\/lo-justo-y-necesario\/","title":{"rendered":"Lo justo y necesario"},"content":{"rendered":"<p><img loading=\"lazy\" decoding=\"async\" class=\"alignnone size-full wp-image-50134\" src=\"https:\/\/stepienybarno.es\/blog\/wp-content\/uploads\/2021\/10\/stepienybarno-Lo-justo-y-necesario-Postdeldia.jpg\" alt=\"\" width=\"800\" height=\"835\" srcset=\"https:\/\/stepienybarno.es\/blog\/wp-content\/uploads\/2021\/10\/stepienybarno-Lo-justo-y-necesario-Postdeldia.jpg 800w, https:\/\/stepienybarno.es\/blog\/wp-content\/uploads\/2021\/10\/stepienybarno-Lo-justo-y-necesario-Postdeldia-527x550.jpg 527w, https:\/\/stepienybarno.es\/blog\/wp-content\/uploads\/2021\/10\/stepienybarno-Lo-justo-y-necesario-Postdeldia-671x700.jpg 671w, https:\/\/stepienybarno.es\/blog\/wp-content\/uploads\/2021\/10\/stepienybarno-Lo-justo-y-necesario-Postdeldia-172x180.jpg 172w, https:\/\/stepienybarno.es\/blog\/wp-content\/uploads\/2021\/10\/stepienybarno-Lo-justo-y-necesario-Postdeldia-316x330.jpg 316w\" sizes=\"(max-width: 800px) 100vw, 800px\" \/><\/p>\n<h1><strong>Por: Jos\u00e9 Ram\u00f3n Hern\u00e1ndez Correa<\/strong><\/h1>\n<h2><strong>Desde: arquitectamos locos?<\/strong><\/h2>\n<h2><strong>Fotograf\u00eda: DG de Valencia<\/strong><\/h2>\n<p>Hace unos a\u00f1os, cuando empec\u00e9 con esto de las redes, descubr\u00ed y me hice seguidor de unos cuantos arquitectos y estudios de arquitectura, y desde entonces sigo con inter\u00e9s lo que tienen a bien publicar.<\/p>\n<p>Uno de los primeros que segu\u00ed, y ni recuerdo c\u00f3mo di con ellos, fue el estudio DG de Valencia. Y hoy quiero contar aqu\u00ed algo de lo que veo y de lo que siento con ellos. (No he querido contactar, ni que me explicaran nada, sino lanzar mi opini\u00f3n y mi lectura espont\u00e1neamente. Supongo que se llevar\u00e1n una sorpresa, espero que no desagradable. Si me equivoco en algo aqu\u00ed les dejo esta tribuna para que puntualicen y corrijan lo que sea preciso).<\/p>\n<p>El estudio est\u00e1 formado por los arquitectos valencianos Isabel Roger S\u00e1nchez y Daniel Gonz\u00e1lez L\u00f3pez, titulados en 2005 por la ETSAV y, creo, pareja vital tanto como profesional.<\/p>\n<p>&nbsp;<\/p>\n<p style=\"text-align: center;\"><a href=\"https:\/\/bit.ly\/3DVOsVW\" target=\"_blank\" rel=\"noopener noreferrer\">Acceder al post<\/a><\/p>\n<hr \/>\n<h5><strong>Autores del post: <a href=\"https:\/\/stepienybarno.es\/blog\/2011\/09\/04\/las-fortalezas-del-arquitecto\/\">Stepienybarno<\/a> _ Agnieszka Stepien y Lorenzo Barn\u00f3<\/strong><\/h5>\n<h5>Y como siempre, si te gust\u00f3 el post, estar\u00eda genial que lo compartas en tus redes sociales.<\/h5>\n<h5>A su vez, si todav\u00eda no est\u00e1s suscrito a nuestra Newsletter, te animamos a hacerlo en la casilla que tienes al terminar este art\u00edculo.<\/h5>\n<p>&nbsp;<\/p>\n<p>Suscribirte a nuestro blog y recibe gratis nuestra gu\u00eda: 10 Ideas para vender m\u00e1s si eres arquitecto<\/p>\n<p>Acceder: <a href=\"http:\/\/bit.ly\/2fkkTS7\">http:\/\/bit.ly\/2fkkTS7<\/a><\/p>\n<p>&nbsp;<\/p>\n<p>Si te interesa contactar con nosotros para que te ayudemos a mejorar tu visibilidad online y, en consecuencia, mejorar tus oportunidades laborales, no dudes en escribirnos a: <a href=\"mailto:blog@stepienybarno.es\">blog@stepienybarno.es<\/a><\/p>\n<p>&nbsp;<\/p>\n<p><em><a href=\"https:\/\/twitter.com\/stepienybarno\">Stepienybarno en TWITTER<\/a><\/em><\/p>\n<p><em><a href=\"https:\/\/twitter.com\/stepienybarno\">@stepienybarno (+ de 16.000 seguidores)<\/a><\/em><\/p>\n<p><em><a href=\"https:\/\/twitter.com\/stepienybarno?lang=es\">https:\/\/twitter.com\/stepienybarno?lang=es<\/a><\/em><\/p>\n<p><em><a href=\"https:\/\/www.facebook.com\/pages\/BLOG-DE-STEPIENYBARNO\/78001079029\">Stepienybarno en FACEBOOK (+ de 24<u>.000 seguidores)<\/u><\/a><\/em><\/p>\n<p><em><a href=\"https:\/\/www.facebook.com\/StepienyBarnoArquitecturaeIdentidadDigital\/\">https:\/\/www.facebook.com\/StepienyBarnoArquitecturaeIdentidadDigital\/<\/a><\/em><\/p>\n<p><em>Acceder a nuestro GRUPO CERRADO DE FACEBOOK sobre Identidad Digital para Arquitectos:<\/em><\/p>\n<p><em><a href=\"https:\/\/www.facebook.com\/groups\/IdentidadDigitalParaArquitectos\/\">https:\/\/www.facebook.com\/groups\/IdentidadDigitalParaArquitectos\/<\/a><\/em><\/p>\n<p><em>Suscr\u00edbete a nuestro canal de YOUTUBE: <a href=\"http:\/\/bit.ly\/2A1UtAd\">http:\/\/bit.ly\/2A1UtAd<\/a><\/em><\/p>\n<p>&nbsp;<\/p>\n<p>* <a href=\"https:\/\/stepienybarno.es\/blog\/2011\/09\/04\/las-fortalezas-del-arquitecto\/\">Stepienybarno<\/a> est\u00e1 formado por Agnieszka Stepien y Lorenzo Barn\u00f3 y desde mayo del 2009 estamos en la red con la presente publicaci\u00f3n digital (Blog) de arquitectura.<\/p>\n<p>Nuestra actividad se sustenta en tres pilares b\u00e1sicos: la investigaci\u00f3n, la publicaci\u00f3n y la redacci\u00f3n de proyectos de arquitectura.<\/p>\n<p>A su vez, somos socios cofundadores de <a href=\"http:\/\/sinergiasostenible.org\/\">SINERGIA SOSTENIBLE<\/a> y directores del blog de FUNDACI\u00d3N ARQUIA.<\/p>\n","protected":false},"excerpt":{"rendered":"<p>Por: Jos\u00e9 Ram\u00f3n Hern\u00e1ndez Correa Desde: arquitectamos locos? Fotograf\u00eda: DG<\/p>\n","protected":false},"author":2,"featured_media":50134,"comment_status":"open","ping_status":"closed","sticky":false,"template":"","format":"standard","meta":{"om_disable_all_campaigns":false,"_monsterinsights_skip_tracking":false,"_monsterinsights_sitenote_active":false,"_monsterinsights_sitenote_note":"","_monsterinsights_sitenote_category":0,"_uf_show_specific_survey":0,"_uf_disable_surveys":false,"episode_type":"audio","audio_file":"","cover_image":"","cover_image_id":"","duration":"","filesize":"","date_recorded":"","explicit":"","block":"","filesize_raw":"","footnotes":""},"categories":[244],"tags":[8965,1800,2480],"series":[],"class_list":["post-50133","post","type-post","status-publish","format-standard","has-post-thumbnail","hentry","category-canal-de-arquitectura","tag-daniel-gonzalez-lopez","tag-isabel-roger-sanchez","tag-jose-ramon-hernandez-correa"],"aioseo_notices":[],"episode_featured_image":"https:\/\/stepienybarno.es\/blog\/wp-content\/uploads\/2021\/10\/stepienybarno-Lo-justo-y-necesario-Postdeldia.jpg","episode_player_image":"https:\/\/stepienybarno.es\/blog\/wp-content\/uploads\/2020\/11\/stepienybarno-podcast-scaled.jpg","download_link":"","player_link":"","audio_player":false,"episode_data":{"playerMode":"dark","subscribeUrls":[],"rssFeedUrl":"https:\/\/stepienybarno.es\/blog\/feed\/podcast\/podcast-de-stepienybarno","embedCode":"<blockquote class=\"wp-embedded-content\" data-secret=\"8arQYgMwH8\"><a href=\"https:\/\/stepienybarno.es\/blog\/2021\/10\/29\/lo-justo-y-necesario\/\">Lo justo y necesario<\/a><\/blockquote><iframe sandbox=\"allow-scripts\" security=\"restricted\" src=\"https:\/\/stepienybarno.es\/blog\/2021\/10\/29\/lo-justo-y-necesario\/embed\/#?secret=8arQYgMwH8\" width=\"500\" height=\"350\" title=\"\u00abLo justo y necesario\u00bb \u2014 Blog de STEPIEN Y BARNO - publicaci\u00f3n digital sobre arquitectura\" data-secret=\"8arQYgMwH8\" frameborder=\"0\" marginwidth=\"0\" marginheight=\"0\" scrolling=\"no\" class=\"wp-embedded-content\"><\/iframe><script type=\"text\/javascript\">\n\/* <![CDATA[ *\/\n\/*! This file is auto-generated *\/\n!function(d,l){\"use strict\";l.querySelector&&d.addEventListener&&\"undefined\"!=typeof URL&&(d.wp=d.wp||{},d.wp.receiveEmbedMessage||(d.wp.receiveEmbedMessage=function(e){var t=e.data;if((t||t.secret||t.message||t.value)&&!\/[^a-zA-Z0-9]\/.test(t.secret)){for(var s,r,n,a=l.querySelectorAll('iframe[data-secret=\"'+t.secret+'\"]'),o=l.querySelectorAll('blockquote[data-secret=\"'+t.secret+'\"]'),c=new RegExp(\"^https?:$\",\"i\"),i=0;i<o.length;i++)o[i].style.display=\"none\";for(i=0;i<a.length;i++)s=a[i],e.source===s.contentWindow&&(s.removeAttribute(\"style\"),\"height\"===t.message?(1e3<(r=parseInt(t.value,10))?r=1e3:~~r<200&&(r=200),s.height=r):\"link\"===t.message&&(r=new URL(s.getAttribute(\"src\")),n=new URL(t.value),c.test(n.protocol))&&n.host===r.host&&l.activeElement===s&&(d.top.location.href=t.value))}},d.addEventListener(\"message\",d.wp.receiveEmbedMessage,!1),l.addEventListener(\"DOMContentLoaded\",function(){for(var e,t,s=l.querySelectorAll(\"iframe.wp-embedded-content\"),r=0;r<s.length;r++)(t=(e=s[r]).getAttribute(\"data-secret\"))||(t=Math.random().toString(36).substring(2,12),e.src+=\"#?secret=\"+t,e.setAttribute(\"data-secret\",t)),e.contentWindow.postMessage({message:\"ready\",secret:t},\"*\")},!1)))}(window,document);\n\/* ]]> *\/\n<\/script>\n"},"_links":{"self":[{"href":"https:\/\/stepienybarno.es\/blog\/wp-json\/wp\/v2\/posts\/50133"}],"collection":[{"href":"https:\/\/stepienybarno.es\/blog\/wp-json\/wp\/v2\/posts"}],"about":[{"href":"https:\/\/stepienybarno.es\/blog\/wp-json\/wp\/v2\/types\/post"}],"author":[{"embeddable":true,"href":"https:\/\/stepienybarno.es\/blog\/wp-json\/wp\/v2\/users\/2"}],"replies":[{"embeddable":true,"href":"https:\/\/stepienybarno.es\/blog\/wp-json\/wp\/v2\/comments?post=50133"}],"version-history":[{"count":2,"href":"https:\/\/stepienybarno.es\/blog\/wp-json\/wp\/v2\/posts\/50133\/revisions"}],"predecessor-version":[{"id":50136,"href":"https:\/\/stepienybarno.es\/blog\/wp-json\/wp\/v2\/posts\/50133\/revisions\/50136"}],"wp:featuredmedia":[{"embeddable":true,"href":"https:\/\/stepienybarno.es\/blog\/wp-json\/wp\/v2\/media\/50134"}],"wp:attachment":[{"href":"https:\/\/stepienybarno.es\/blog\/wp-json\/wp\/v2\/media?parent=50133"}],"wp:term":[{"taxonomy":"category","embeddable":true,"href":"https:\/\/stepienybarno.es\/blog\/wp-json\/wp\/v2\/categories?post=50133"},{"taxonomy":"post_tag","embeddable":true,"href":"https:\/\/stepienybarno.es\/blog\/wp-json\/wp\/v2\/tags?post=50133"},{"taxonomy":"series","embeddable":true,"href":"https:\/\/stepienybarno.es\/blog\/wp-json\/wp\/v2\/series?post=50133"}],"curies":[{"name":"wp","href":"https:\/\/api.w.org\/{rel}","templated":true}]}}