{"id":50246,"date":"2021-11-04T08:56:30","date_gmt":"2021-11-04T06:56:30","guid":{"rendered":"https:\/\/stepienybarno.es\/blog\/?p=50246"},"modified":"2021-11-04T09:01:53","modified_gmt":"2021-11-04T07:01:53","slug":"teda-arquitectes-cuando-la-tradicion-y-la-identidad-se-vueven-presente","status":"publish","type":"post","link":"https:\/\/stepienybarno.es\/blog\/2021\/11\/04\/teda-arquitectes-cuando-la-tradicion-y-la-identidad-se-vueven-presente\/","title":{"rendered":"TED\u00b4A ARQUITECTES, CUANDO LA TRADICI\u00d3N Y LA IDENTIDAD SE VUEVEN PRESENTE"},"content":{"rendered":"<p>Ayer tuvimos la oportunidad de entrevistar a Jaume Mayol dentro de la la tercera edici\u00f3n de la Bienal Mugak\/ con el t\u00edtulo de \u2018Patrimonio y Modernidad\u2019.<br \/>\nLa verdad es que fue un disfrute enorme saber m\u00e1s de ellos y entender la filosof\u00eda con la que se enfrentan a sus proyectos.<br \/>\nSi quieres saber un poco m\u00e1s de ellos, este post te ayudar\u00e1.<\/p>\n<p><!--more--><\/p>\n<div id=\"attachment_50247\" style=\"width: 2010px\" class=\"wp-caption alignnone\"><img loading=\"lazy\" decoding=\"async\" aria-describedby=\"caption-attachment-50247\" class=\"size-full wp-image-50247\" src=\"https:\/\/stepienybarno.es\/blog\/wp-content\/uploads\/2021\/11\/TEdA_arquitectes-Can_Picafort-TED\u00b4A-ARQUITECTES.jpeg\" alt=\"\" width=\"2000\" height=\"1333\" srcset=\"https:\/\/stepienybarno.es\/blog\/wp-content\/uploads\/2021\/11\/TEdA_arquitectes-Can_Picafort-TED\u00b4A-ARQUITECTES.jpeg 2000w, https:\/\/stepienybarno.es\/blog\/wp-content\/uploads\/2021\/11\/TEdA_arquitectes-Can_Picafort-TED\u00b4A-ARQUITECTES-550x367.jpeg 550w, https:\/\/stepienybarno.es\/blog\/wp-content\/uploads\/2021\/11\/TEdA_arquitectes-Can_Picafort-TED\u00b4A-ARQUITECTES-1024x682.jpeg 1024w, https:\/\/stepienybarno.es\/blog\/wp-content\/uploads\/2021\/11\/TEdA_arquitectes-Can_Picafort-TED\u00b4A-ARQUITECTES-180x120.jpeg 180w, https:\/\/stepienybarno.es\/blog\/wp-content\/uploads\/2021\/11\/TEdA_arquitectes-Can_Picafort-TED\u00b4A-ARQUITECTES-1536x1024.jpeg 1536w, https:\/\/stepienybarno.es\/blog\/wp-content\/uploads\/2021\/11\/TEdA_arquitectes-Can_Picafort-TED\u00b4A-ARQUITECTES-316x211.jpeg 316w\" sizes=\"(max-width: 2000px) 100vw, 2000px\" \/><p id=\"caption-attachment-50247\" class=\"wp-caption-text\">Fotograf\u00eda: Luis D\u00edaz D\u00edaz<\/p><\/div>\n<p>Jaume Mayol (Mallorca, 1976) e Irene P\u00e9rez (Barcelona, 1976) fundaron TEd\u2019A arquitectes con la intenci\u00f3n de <strong>revisar conceptos como la tradici\u00f3n, la pertenencia y la identidad.<\/strong> No tiran nada y apuestan por <strong>reutilizar<\/strong> por encima de reciclar. Su arquitectura est\u00e1 atenta al lugar, al lugar f\u00edsico y al lugar emocional de sus habitantes. Su trabajo es la excusa para centrar el foco en la persona y que aparezcan rincones llenos de vida. Huyen de la rigidez y apuestan por la flexibilidad.<\/p>\n<p>Podr\u00edamos hablar de una arquitectura honesta que no sacrifica nada por crear un ambiente. Tan <strong>transparente<\/strong> que la imagen final es un resultado del proyecto y no premisa de partida. Las necesidades reales del cliente son el motor de su trabajo.<\/p>\n<p><strong>Miman al cliente.<\/strong> De hecho, entienden esta relaci\u00f3n como si de un equipo se tratase. Clientes que, como nos contaba Jaume, terminan siendo amigos y amigos (y hermano) que tambi\u00e9n se han convertido en clientes.<br \/>\nMientras en las Escuelas de arquitectura se sigue, en muchos casos, poniendo enunciados de proyectos donde la figura del cliente directamente no existe, en TEd\u2019A arquitectes vemos c\u00f3mo se puede transcender la habitual relaci\u00f3n y dar un paso m\u00e1s all\u00e1.<\/p>\n<p>Nuestros protagonistas practican una arquitectura <strong>sencilla y directa<\/strong>, donde le preguntan a cada material c\u00f3mo poder sacar lo mejor de \u00e9l. Sencilla que no simple pues con muy pocos recursos condensan toda la complejidad de cada proyecto. Esto les lleva a hacer m\u00e1s de un \u00abinvento\u00bb aportando <strong>innovaci\u00f3n<\/strong> desde el respeto por la tradici\u00f3n.<br \/>\nMuchas veces vemos edificios con una af\u00e1n de protagonismo excesivo, que de tan grandiosos terminan siendo el reflejo del ego del propio arquitecto. Mientras tanto, por suerte, podemos oler otras arquitecturas como la de Jaume e Irene que en muchos casos hacer lo imposible por pasar desapercibidas. Quiz\u00e1s la <strong>humildad<\/strong> de sus autores tambi\u00e9n tenga que ver con el resultado concreto de sus proyectos.<br \/>\nCon todo ello, su arquitectura cuida el detalle al extremo; de esta forma, el propio detalle finalmente termina cuidando al habitante de su obra.<\/p>\n<p>&#8230;<br \/>\nAhora os dejamos con un extracto de esta maravillosa entrevista que les hizo en su d\u00eda nuestro amigo Santi de Molina y una conferencia sobre su obra. Ojal\u00e1 pronto los podamos tener tambi\u00e9n en un arquicafe.<\/p>\n<p>Seguiremos informando.<\/p>\n<p>Extractos de entrevista hecha por <strong>Santi de Molina<\/strong>\u00a0 para el <strong>Croquis.<\/strong><\/p>\n<blockquote><p>Hoy d\u00eda, vivimos un momento de elogio de la materia en s\u00ed misma, que se extiende (amaner\u00e1ndose) hasta el lucimiento de la pobreza. Pero su obra pertenece a un mundo donde la aproximaci\u00f3n al detalle y a la materia no es solamente t\u00e1ctil. No veo en su trabajo un &#8216;culturismo de la pobreza&#8217;, por as\u00ed decirlo, sino cierta alegr\u00eda, a pesar del estricto control de los medios empleados. Incluso en el juego de las referencias que se aprecia hacia otras arquitecturas \u2014a Siza, a Loos, a lo mediterr\u00e1neo o a Venturi\u2014, la casa de Jordi y \u00c0frica, o la de Jaime e Isabelle, tienen un car\u00e1cter casi festivo que hacen que la cita pase a un segundo plano en favor de la estructura organizativa de la casa.<\/p>\n<p>JM: A lo meramente povera le faltan otras dimensiones si quiere ser completo y complejo. Por ejemplo, si no contempla el problema organizativo del proyecto o de la propia estructura, no tiene sentido. No podemos obviar estos factores porque revierten en la econom\u00eda. Hay estructuras organizativas y portantes que coinciden y que pueden armonizarse o contrastarse, por ejemplo, en Can Jordi y n\u2019\u00c0frica no hay pilares, y gracias a eso mismo, resulta m\u00e1s econ\u00f3mica. La habitaci\u00f3n y su estructura organizativa, sea enfilade, en cruz, en patios, etc. tienen consecuencias constructivas. Y en nuestra obra existe la voluntad a\u00f1adida de que siempre la estructura, la construcci\u00f3n y el espacio se solapen. Respecto a las citas, son cosas que uno lleva en los bolsillos, cada d\u00eda se a\u00f1aden algunas. Y te salen involuntariamente, porque las has vivido. En Can Llu\u00eds i n\u2019Eul\u00e0lia, al buscar el modo de rellenar el contenedor (el per\u00edmetro de la casa) nos encontramos con el punto cero que es la cruz. \u00bfD\u00f3nde hab\u00edamos visto antes el esquema de la planta en cruz? En Palladio; pero tambi\u00e9n en otros mil ejemplos. Y la sorpresa aparece cuando descubres que es el negativo de la casa de Marco Zanuso en Arzachena. Y que, pese a ser una referencia obvia, tiene sentido constructivo en ese preciso lugar y en tales condiciones. Las referencias no se persiguen, son ellas las que te saltan encima, por sorpresa, inconscientemente.<\/p>\n<p>(&#8230;)<\/p>\n<p>En sus casas, las habitaciones se engarzan de modo que pueda percibirse la habitaci\u00f3n contigua, como si con sus puertas construyeran v\u00ednculos y no s\u00f3lo pasos o fronteras entre ellas. Por ejemplo, la fuga barroca de la casa de B\u00e4rbel y Tobias es un juego de estancias que necesitan de la habitaci\u00f3n adyacente para tener sentido.<\/p>\n<p>IP: Architecture comes from the making of a room. Siempre nos han interesado las habitaciones, y quiz\u00e1s, a\u00fan m\u00e1s, los rincones. El lugar donde uno se siente arropado; el rinc\u00f3n que tiene la escala de uno. Y que ofrece, simplemente, estar.<\/p>\n<p>JM: En Ca na B\u00e4rbel i en Tobias, que se organiza mediante una estructura de habitaciones contiguas, propusimos las puertas en el centro del vano para contener las esquinas. La raz\u00f3n es que pensamos que la arquitectura se vive desde dentro: desde la habitaci\u00f3n, desde la calle, desde la plaza. De alg\u00fan modo, la arquitectura se humaniza a trav\u00e9s de los rincones. IP: Algo evidente cuando vas al campo y te sientas bajo un \u00e1rbol. O cuando en un bar prefieres sentarte en un rinc\u00f3n, nunca en el centro. Buscas algo que tenga tu escala, tu tama\u00f1o, que tenga grano, que sea amable. A este respecto, el sill\u00f3n orejero es fant\u00e1stico, un gran invento; en s\u00ed mismo una habitaci\u00f3n, y pese a ello, ahora se ha descartado; porque los sillones, ya se sabe, han de ser objetos &#8216;irreprochables, puros&#8217;.<\/p><\/blockquote>\n<p><iframe loading=\"lazy\" title=\"TEd\u2019A Arquitectes: Ciclo de conferencias argument#03: Making Matters\" width=\"911\" height=\"512\" src=\"https:\/\/www.youtube.com\/embed\/FvjgqJP67XM?start=6072&#038;feature=oembed\" frameborder=\"0\" allow=\"accelerometer; autoplay; clipboard-write; encrypted-media; gyroscope; picture-in-picture\" allowfullscreen><\/iframe><\/p>\n<div id=\"attachment_50248\" style=\"width: 657px\" class=\"wp-caption alignnone\"><img loading=\"lazy\" decoding=\"async\" aria-describedby=\"caption-attachment-50248\" class=\"size-full wp-image-50248\" src=\"https:\/\/stepienybarno.es\/blog\/wp-content\/uploads\/2021\/11\/Jaume-Mayol-e-Irene-Pe\u0301rez.jpeg\" alt=\"\" width=\"647\" height=\"825\" srcset=\"https:\/\/stepienybarno.es\/blog\/wp-content\/uploads\/2021\/11\/Jaume-Mayol-e-Irene-Pe\u0301rez.jpeg 647w, https:\/\/stepienybarno.es\/blog\/wp-content\/uploads\/2021\/11\/Jaume-Mayol-e-Irene-Pe\u0301rez-431x550.jpeg 431w, https:\/\/stepienybarno.es\/blog\/wp-content\/uploads\/2021\/11\/Jaume-Mayol-e-Irene-Pe\u0301rez-549x700.jpeg 549w, https:\/\/stepienybarno.es\/blog\/wp-content\/uploads\/2021\/11\/Jaume-Mayol-e-Irene-Pe\u0301rez-141x180.jpeg 141w, https:\/\/stepienybarno.es\/blog\/wp-content\/uploads\/2021\/11\/Jaume-Mayol-e-Irene-Pe\u0301rez-314x400.jpeg 314w\" sizes=\"(max-width: 647px) 100vw, 647px\" \/><p id=\"caption-attachment-50248\" class=\"wp-caption-text\">Foto extra\u00edda de su web<\/p><\/div>\n","protected":false},"excerpt":{"rendered":"<p>Ayer tuvimos la oportunidad de entrevistar a Jaume Mayol dentro<\/p>\n","protected":false},"author":2,"featured_media":50248,"comment_status":"open","ping_status":"closed","sticky":false,"template":"","format":"standard","meta":{"om_disable_all_campaigns":false,"_monsterinsights_skip_tracking":false,"_monsterinsights_sitenote_active":false,"_monsterinsights_sitenote_note":"","_monsterinsights_sitenote_category":0,"_uf_show_specific_survey":0,"_uf_disable_surveys":false,"episode_type":"audio","audio_file":"","cover_image":"","cover_image_id":"","duration":"","filesize":"","date_recorded":"","explicit":"","block":"","filesize_raw":"","footnotes":""},"categories":[4],"tags":[8976,5842],"series":[],"class_list":["post-50246","post","type-post","status-publish","format-standard","has-post-thumbnail","hentry","category-arquilectura","tag-jaume-mayol-e-irene-perez","tag-teda-arquitectes"],"aioseo_notices":[],"episode_featured_image":"https:\/\/stepienybarno.es\/blog\/wp-content\/uploads\/2021\/11\/Jaume-Mayol-e-Irene-Pe\u0301rez.jpeg","episode_player_image":"https:\/\/stepienybarno.es\/blog\/wp-content\/uploads\/2020\/11\/stepienybarno-podcast-scaled.jpg","download_link":"","player_link":"","audio_player":false,"episode_data":{"playerMode":"dark","subscribeUrls":[],"rssFeedUrl":"https:\/\/stepienybarno.es\/blog\/feed\/podcast\/podcast-de-stepienybarno","embedCode":"<blockquote class=\"wp-embedded-content\" data-secret=\"seJPVzdaf2\"><a href=\"https:\/\/stepienybarno.es\/blog\/2021\/11\/04\/teda-arquitectes-cuando-la-tradicion-y-la-identidad-se-vueven-presente\/\">TED\u00b4A ARQUITECTES, CUANDO LA TRADICI\u00d3N Y LA IDENTIDAD SE VUEVEN PRESENTE<\/a><\/blockquote><iframe sandbox=\"allow-scripts\" security=\"restricted\" src=\"https:\/\/stepienybarno.es\/blog\/2021\/11\/04\/teda-arquitectes-cuando-la-tradicion-y-la-identidad-se-vueven-presente\/embed\/#?secret=seJPVzdaf2\" width=\"500\" height=\"350\" title=\"\u00abTED\u00b4A ARQUITECTES, CUANDO LA TRADICI\u00d3N Y LA IDENTIDAD SE VUEVEN PRESENTE\u00bb \u2014 Blog de STEPIEN Y BARNO - publicaci\u00f3n digital sobre arquitectura\" data-secret=\"seJPVzdaf2\" frameborder=\"0\" marginwidth=\"0\" marginheight=\"0\" scrolling=\"no\" class=\"wp-embedded-content\"><\/iframe><script type=\"text\/javascript\">\n\/* <![CDATA[ *\/\n\/*! This file is auto-generated *\/\n!function(d,l){\"use strict\";l.querySelector&&d.addEventListener&&\"undefined\"!=typeof URL&&(d.wp=d.wp||{},d.wp.receiveEmbedMessage||(d.wp.receiveEmbedMessage=function(e){var t=e.data;if((t||t.secret||t.message||t.value)&&!\/[^a-zA-Z0-9]\/.test(t.secret)){for(var s,r,n,a=l.querySelectorAll('iframe[data-secret=\"'+t.secret+'\"]'),o=l.querySelectorAll('blockquote[data-secret=\"'+t.secret+'\"]'),c=new RegExp(\"^https?:$\",\"i\"),i=0;i<o.length;i++)o[i].style.display=\"none\";for(i=0;i<a.length;i++)s=a[i],e.source===s.contentWindow&&(s.removeAttribute(\"style\"),\"height\"===t.message?(1e3<(r=parseInt(t.value,10))?r=1e3:~~r<200&&(r=200),s.height=r):\"link\"===t.message&&(r=new URL(s.getAttribute(\"src\")),n=new URL(t.value),c.test(n.protocol))&&n.host===r.host&&l.activeElement===s&&(d.top.location.href=t.value))}},d.addEventListener(\"message\",d.wp.receiveEmbedMessage,!1),l.addEventListener(\"DOMContentLoaded\",function(){for(var e,t,s=l.querySelectorAll(\"iframe.wp-embedded-content\"),r=0;r<s.length;r++)(t=(e=s[r]).getAttribute(\"data-secret\"))||(t=Math.random().toString(36).substring(2,12),e.src+=\"#?secret=\"+t,e.setAttribute(\"data-secret\",t)),e.contentWindow.postMessage({message:\"ready\",secret:t},\"*\")},!1)))}(window,document);\n\/* ]]> *\/\n<\/script>\n"},"_links":{"self":[{"href":"https:\/\/stepienybarno.es\/blog\/wp-json\/wp\/v2\/posts\/50246"}],"collection":[{"href":"https:\/\/stepienybarno.es\/blog\/wp-json\/wp\/v2\/posts"}],"about":[{"href":"https:\/\/stepienybarno.es\/blog\/wp-json\/wp\/v2\/types\/post"}],"author":[{"embeddable":true,"href":"https:\/\/stepienybarno.es\/blog\/wp-json\/wp\/v2\/users\/2"}],"replies":[{"embeddable":true,"href":"https:\/\/stepienybarno.es\/blog\/wp-json\/wp\/v2\/comments?post=50246"}],"version-history":[{"count":8,"href":"https:\/\/stepienybarno.es\/blog\/wp-json\/wp\/v2\/posts\/50246\/revisions"}],"predecessor-version":[{"id":50256,"href":"https:\/\/stepienybarno.es\/blog\/wp-json\/wp\/v2\/posts\/50246\/revisions\/50256"}],"wp:featuredmedia":[{"embeddable":true,"href":"https:\/\/stepienybarno.es\/blog\/wp-json\/wp\/v2\/media\/50248"}],"wp:attachment":[{"href":"https:\/\/stepienybarno.es\/blog\/wp-json\/wp\/v2\/media?parent=50246"}],"wp:term":[{"taxonomy":"category","embeddable":true,"href":"https:\/\/stepienybarno.es\/blog\/wp-json\/wp\/v2\/categories?post=50246"},{"taxonomy":"post_tag","embeddable":true,"href":"https:\/\/stepienybarno.es\/blog\/wp-json\/wp\/v2\/tags?post=50246"},{"taxonomy":"series","embeddable":true,"href":"https:\/\/stepienybarno.es\/blog\/wp-json\/wp\/v2\/series?post=50246"}],"curies":[{"name":"wp","href":"https:\/\/api.w.org\/{rel}","templated":true}]}}