{"id":50359,"date":"2021-11-11T08:01:13","date_gmt":"2021-11-11T06:01:13","guid":{"rendered":"https:\/\/stepienybarno.es\/blog\/?p=50359"},"modified":"2021-11-15T11:50:47","modified_gmt":"2021-11-15T09:50:47","slug":"reconectar-con-las-raices","status":"publish","type":"post","link":"https:\/\/stepienybarno.es\/blog\/2021\/11\/11\/reconectar-con-las-raices\/","title":{"rendered":"Reconectar con las ra\u00edces"},"content":{"rendered":"<div id=\"attachment_50362\" style=\"width: 1970px\" class=\"wp-caption alignnone\"><img loading=\"lazy\" decoding=\"async\" aria-describedby=\"caption-attachment-50362\" class=\"wp-image-50362 size-full\" src=\"https:\/\/stepienybarno.es\/blog\/wp-content\/uploads\/2021\/11\/stepienybarno-Reconectar-con-las-raices-postdeldia.jpg\" alt=\"\" width=\"1960\" height=\"1444\" srcset=\"https:\/\/stepienybarno.es\/blog\/wp-content\/uploads\/2021\/11\/stepienybarno-Reconectar-con-las-raices-postdeldia.jpg 1960w, https:\/\/stepienybarno.es\/blog\/wp-content\/uploads\/2021\/11\/stepienybarno-Reconectar-con-las-raices-postdeldia-550x405.jpg 550w, https:\/\/stepienybarno.es\/blog\/wp-content\/uploads\/2021\/11\/stepienybarno-Reconectar-con-las-raices-postdeldia-950x700.jpg 950w, https:\/\/stepienybarno.es\/blog\/wp-content\/uploads\/2021\/11\/stepienybarno-Reconectar-con-las-raices-postdeldia-180x133.jpg 180w, https:\/\/stepienybarno.es\/blog\/wp-content\/uploads\/2021\/11\/stepienybarno-Reconectar-con-las-raices-postdeldia-1536x1132.jpg 1536w, https:\/\/stepienybarno.es\/blog\/wp-content\/uploads\/2021\/11\/stepienybarno-Reconectar-con-las-raices-postdeldia-316x233.jpg 316w\" sizes=\"(max-width: 1960px) 100vw, 1960px\" \/><p id=\"caption-attachment-50362\" class=\"wp-caption-text\">Reportaje Reconectar con las ra\u00edces. En la imagen, El interiorismo que la dise\u00f1adora Lorna de Santos present\u00f3 en la feria Casa Decor transmit\u00eda el esp\u00edritu vern\u00e1culo con sus superficies redondeadas acabadas a mano y los materiales naturales del mobiliario. Casa Decor_Lorna de Santos<\/p><\/div>\n<h1><strong>Por: Tachy Mora<br \/>\n<\/strong><\/h1>\n<h2>Desde:\u00a0El Pa\u00eds<\/h2>\n<h2>Fotograf\u00eda: El interiorismo que la dise\u00f1adora Lorna de Santos present\u00f3 en la feria Casa Decor transmit\u00eda el esp\u00edritu vern\u00e1culo con sus superficies redondeadas acabadas a mano y los materiales naturales del mobiliario. NACHO URIBESALAZAR<\/h2>\n<p><span class=\"css-901oao css-16my406 r-poiln3 r-bcqeeo r-qvutc0\">Frente a la homogeneidad que impone la globalizaci\u00f3n, la arquitectura y el interiorismo vern\u00e1culos reivindican los materiales locales, la identidad aut\u00f3ctona y los modelos constructivos cl\u00e1sicos, que tienen en cuenta la cultura y el clima de los lugares donde surgen<\/span><\/p>\n<p>La arquitectura vern\u00e1cula se manifiesta en cada territorio de una manera, en funci\u00f3n del clima y de los materiales disponibles en el lugar. Un modo de construir perfeccionado durante siglos que, \u201csi ha llegado hasta nuestros d\u00edas, es precisamente porque encierra una gran sabidur\u00eda y sentido com\u00fan constructivo\u201d, explica Paco Oria, cuyo estudio acaba de ser galardonado por el Colegio de Arquitectos de Valencia por su proyecto Casa Chari. Poner en valor este legado, preservando sus cualidades y mejorando sus carencias desde una perspectiva contempor\u00e1nea, es el objetivo de esta tendencia.<\/p>\n<p>&nbsp;<\/p>\n<p style=\"text-align: center;\"><a href=\"https:\/\/bit.ly\/3c2faQG\" target=\"_blank\" rel=\"noopener noreferrer\">Acceder al post<\/a><\/p>\n<hr \/>\n<h5><strong>Autores del post: <a href=\"https:\/\/stepienybarno.es\/blog\/2011\/09\/04\/las-fortalezas-del-arquitecto\/\">Stepienybarno<\/a> _ Agnieszka Stepien y Lorenzo Barn\u00f3<\/strong><\/h5>\n<h5>Y como siempre, si te gust\u00f3 el post, estar\u00eda genial que lo compartas en tus redes sociales.<\/h5>\n<h5>A su vez, si todav\u00eda no est\u00e1s suscrito a nuestra Newsletter, te animamos a hacerlo en la casilla que tienes al terminar este art\u00edculo.<\/h5>\n<p>&nbsp;<\/p>\n<p>Suscribirte a nuestro blog y recibe gratis nuestra gu\u00eda: 10 Ideas para vender m\u00e1s si eres arquitecto<\/p>\n<p>Acceder: <a href=\"http:\/\/bit.ly\/2fkkTS7\">http:\/\/bit.ly\/2fkkTS7<\/a><\/p>\n<p>&nbsp;<\/p>\n<p>Si te interesa contactar con nosotros para que te ayudemos a mejorar tu visibilidad online y, en consecuencia, mejorar tus oportunidades laborales, no dudes en escribirnos a: <a href=\"mailto:blog@stepienybarno.es\">blog@stepienybarno.es<\/a><\/p>\n<p>&nbsp;<\/p>\n<p><em><a href=\"https:\/\/twitter.com\/stepienybarno\">Stepienybarno en TWITTER<\/a><\/em><\/p>\n<p><em><a href=\"https:\/\/twitter.com\/stepienybarno\">@stepienybarno (+ de 16.000 seguidores)<\/a><\/em><\/p>\n<p><em><a href=\"https:\/\/twitter.com\/stepienybarno?lang=es\">https:\/\/twitter.com\/stepienybarno?lang=es<\/a><\/em><\/p>\n<p><em><a href=\"https:\/\/www.facebook.com\/pages\/BLOG-DE-STEPIENYBARNO\/78001079029\">Stepienybarno en FACEBOOK (+ de 24<u>.000 seguidores)<\/u><\/a><\/em><\/p>\n<p><em><a href=\"https:\/\/www.facebook.com\/StepienyBarnoArquitecturaeIdentidadDigital\/\">https:\/\/www.facebook.com\/StepienyBarnoArquitecturaeIdentidadDigital\/<\/a><\/em><\/p>\n<p><em>Acceder a nuestro GRUPO CERRADO DE FACEBOOK sobre Identidad Digital para Arquitectos:<\/em><\/p>\n<p><em><a href=\"https:\/\/www.facebook.com\/groups\/IdentidadDigitalParaArquitectos\/\">https:\/\/www.facebook.com\/groups\/IdentidadDigitalParaArquitectos\/<\/a><\/em><\/p>\n<p><em>Suscr\u00edbete a nuestro canal de YOUTUBE: <a href=\"http:\/\/bit.ly\/2A1UtAd\">http:\/\/bit.ly\/2A1UtAd<\/a><\/em><\/p>\n<p>&nbsp;<\/p>\n<p>* <a href=\"https:\/\/stepienybarno.es\/blog\/2011\/09\/04\/las-fortalezas-del-arquitecto\/\">Stepienybarno<\/a> est\u00e1 formado por Agnieszka Stepien y Lorenzo Barn\u00f3 y desde mayo del 2009 estamos en la red con la presente publicaci\u00f3n digital (Blog) de arquitectura.<\/p>\n<p>Nuestra actividad se sustenta en tres pilares b\u00e1sicos: la investigaci\u00f3n, la publicaci\u00f3n y la redacci\u00f3n de proyectos de arquitectura.<\/p>\n<p>A su vez, somos socios cofundadores de <a href=\"http:\/\/sinergiasostenible.org\/\">SINERGIA SOSTENIBLE<\/a> y directores del blog de FUNDACI\u00d3N ARQUIA.<\/p>\n","protected":false},"excerpt":{"rendered":"<p>Por: Tachy Mora Desde:\u00a0El Pa\u00eds Fotograf\u00eda: El interiorismo que la<\/p>\n","protected":false},"author":2,"featured_media":50362,"comment_status":"open","ping_status":"closed","sticky":false,"template":"","format":"standard","meta":{"om_disable_all_campaigns":false,"_monsterinsights_skip_tracking":false,"_monsterinsights_sitenote_active":false,"_monsterinsights_sitenote_note":"","_monsterinsights_sitenote_category":0,"_uf_show_specific_survey":0,"_uf_disable_surveys":false,"episode_type":"audio","audio_file":"","cover_image":"","cover_image_id":"","duration":"","filesize":"","date_recorded":"","explicit":"","block":"","filesize_raw":"","footnotes":""},"categories":[244],"tags":[5890,6630],"series":[],"class_list":["post-50359","post","type-post","status-publish","format-standard","has-post-thumbnail","hentry","category-canal-de-arquitectura","tag-arquitectura-popular","tag-arquitectura-tradicional"],"aioseo_notices":[],"episode_featured_image":"https:\/\/stepienybarno.es\/blog\/wp-content\/uploads\/2021\/11\/stepienybarno-Reconectar-con-las-raices-postdeldia.jpg","episode_player_image":"https:\/\/stepienybarno.es\/blog\/wp-content\/uploads\/2020\/11\/stepienybarno-podcast-scaled.jpg","download_link":"","player_link":"","audio_player":false,"episode_data":{"playerMode":"dark","subscribeUrls":[],"rssFeedUrl":"https:\/\/stepienybarno.es\/blog\/feed\/podcast\/podcast-de-stepienybarno","embedCode":"<blockquote class=\"wp-embedded-content\" data-secret=\"Ezfm0XVQLG\"><a href=\"https:\/\/stepienybarno.es\/blog\/2021\/11\/11\/reconectar-con-las-raices\/\">Reconectar con las ra\u00edces<\/a><\/blockquote><iframe sandbox=\"allow-scripts\" security=\"restricted\" src=\"https:\/\/stepienybarno.es\/blog\/2021\/11\/11\/reconectar-con-las-raices\/embed\/#?secret=Ezfm0XVQLG\" width=\"500\" height=\"350\" title=\"\u00abReconectar con las ra\u00edces\u00bb \u2014 Blog de STEPIEN Y BARNO - publicaci\u00f3n digital sobre arquitectura\" data-secret=\"Ezfm0XVQLG\" frameborder=\"0\" marginwidth=\"0\" marginheight=\"0\" scrolling=\"no\" class=\"wp-embedded-content\"><\/iframe><script type=\"text\/javascript\">\n\/* <![CDATA[ *\/\n\/*! This file is auto-generated *\/\n!function(d,l){\"use strict\";l.querySelector&&d.addEventListener&&\"undefined\"!=typeof URL&&(d.wp=d.wp||{},d.wp.receiveEmbedMessage||(d.wp.receiveEmbedMessage=function(e){var t=e.data;if((t||t.secret||t.message||t.value)&&!\/[^a-zA-Z0-9]\/.test(t.secret)){for(var s,r,n,a=l.querySelectorAll('iframe[data-secret=\"'+t.secret+'\"]'),o=l.querySelectorAll('blockquote[data-secret=\"'+t.secret+'\"]'),c=new RegExp(\"^https?:$\",\"i\"),i=0;i<o.length;i++)o[i].style.display=\"none\";for(i=0;i<a.length;i++)s=a[i],e.source===s.contentWindow&&(s.removeAttribute(\"style\"),\"height\"===t.message?(1e3<(r=parseInt(t.value,10))?r=1e3:~~r<200&&(r=200),s.height=r):\"link\"===t.message&&(r=new URL(s.getAttribute(\"src\")),n=new URL(t.value),c.test(n.protocol))&&n.host===r.host&&l.activeElement===s&&(d.top.location.href=t.value))}},d.addEventListener(\"message\",d.wp.receiveEmbedMessage,!1),l.addEventListener(\"DOMContentLoaded\",function(){for(var e,t,s=l.querySelectorAll(\"iframe.wp-embedded-content\"),r=0;r<s.length;r++)(t=(e=s[r]).getAttribute(\"data-secret\"))||(t=Math.random().toString(36).substring(2,12),e.src+=\"#?secret=\"+t,e.setAttribute(\"data-secret\",t)),e.contentWindow.postMessage({message:\"ready\",secret:t},\"*\")},!1)))}(window,document);\n\/* ]]> *\/\n<\/script>\n"},"_links":{"self":[{"href":"https:\/\/stepienybarno.es\/blog\/wp-json\/wp\/v2\/posts\/50359"}],"collection":[{"href":"https:\/\/stepienybarno.es\/blog\/wp-json\/wp\/v2\/posts"}],"about":[{"href":"https:\/\/stepienybarno.es\/blog\/wp-json\/wp\/v2\/types\/post"}],"author":[{"embeddable":true,"href":"https:\/\/stepienybarno.es\/blog\/wp-json\/wp\/v2\/users\/2"}],"replies":[{"embeddable":true,"href":"https:\/\/stepienybarno.es\/blog\/wp-json\/wp\/v2\/comments?post=50359"}],"version-history":[{"count":3,"href":"https:\/\/stepienybarno.es\/blog\/wp-json\/wp\/v2\/posts\/50359\/revisions"}],"predecessor-version":[{"id":50382,"href":"https:\/\/stepienybarno.es\/blog\/wp-json\/wp\/v2\/posts\/50359\/revisions\/50382"}],"wp:featuredmedia":[{"embeddable":true,"href":"https:\/\/stepienybarno.es\/blog\/wp-json\/wp\/v2\/media\/50362"}],"wp:attachment":[{"href":"https:\/\/stepienybarno.es\/blog\/wp-json\/wp\/v2\/media?parent=50359"}],"wp:term":[{"taxonomy":"category","embeddable":true,"href":"https:\/\/stepienybarno.es\/blog\/wp-json\/wp\/v2\/categories?post=50359"},{"taxonomy":"post_tag","embeddable":true,"href":"https:\/\/stepienybarno.es\/blog\/wp-json\/wp\/v2\/tags?post=50359"},{"taxonomy":"series","embeddable":true,"href":"https:\/\/stepienybarno.es\/blog\/wp-json\/wp\/v2\/series?post=50359"}],"curies":[{"name":"wp","href":"https:\/\/api.w.org\/{rel}","templated":true}]}}