{"id":50390,"date":"2021-11-12T11:08:01","date_gmt":"2021-11-12T09:08:01","guid":{"rendered":"https:\/\/stepienybarno.es\/blog\/?p=50390"},"modified":"2022-02-15T08:47:19","modified_gmt":"2022-02-15T06:47:19","slug":"episodio-122-arquicafe-con-arturo-franco","status":"publish","type":"post","link":"https:\/\/stepienybarno.es\/blog\/2021\/11\/12\/episodio-122-arquicafe-con-arturo-franco\/","title":{"rendered":"Episodio 125: Arquicaf\u00e9 con Arturo Franco"},"content":{"rendered":"<p><img loading=\"lazy\" decoding=\"async\" class=\"alignnone size-full wp-image-50391\" src=\"https:\/\/stepienybarno.es\/blog\/wp-content\/uploads\/2021\/11\/miniat.jpg\" alt=\"Arquicaf\u00e9 con Arturo Franco\" width=\"1280\" height=\"720\" srcset=\"https:\/\/stepienybarno.es\/blog\/wp-content\/uploads\/2021\/11\/miniat.jpg 1280w, https:\/\/stepienybarno.es\/blog\/wp-content\/uploads\/2021\/11\/miniat-550x309.jpg 550w, https:\/\/stepienybarno.es\/blog\/wp-content\/uploads\/2021\/11\/miniat-1024x576.jpg 1024w, https:\/\/stepienybarno.es\/blog\/wp-content\/uploads\/2021\/11\/miniat-180x101.jpg 180w, https:\/\/stepienybarno.es\/blog\/wp-content\/uploads\/2021\/11\/miniat-316x178.jpg 316w\" sizes=\"(max-width: 1280px) 100vw, 1280px\" \/><\/p>\n<p>Hoy nos tomamos un arquicaf\u00e9 con <b>Arturo Franco<\/b>, Arquitecto polifac\u00e9tico, presentador del programa <strong><a href=\"https:\/\/www.rtve.es\/play\/videos\/jardines-con-historia\/\">Jardines con Historia en La 2<\/a><\/strong>, profesor en la Escuela Polit\u00e9cnico de Madrid , Fundador de la red Fundamentos&#8230;<\/p>\n<p><!--more--><\/p>\n<h4>Breve BIO<\/h4>\n<p><em><b>Arturo Franco D\u00edaz<\/b> es un arquitecto de La Coru\u00f1a, afincado en la ciudad de Madrid y especializado en la realidad iberoamericana. Entre sus obras se destacan las primeras intervenciones en Matadero Madrid. Asimismo, se destaca su labor docente en la Escuela T\u00e9cnica Superior de Arquitectura de Madrid ETSAM, por su obra cr\u00edtica y su editorial con las que ha recibido numerosos premios internacionales. Su trabajo es reconocido tambi\u00e9n por la contenci\u00f3n de medios, recursos econ\u00f3micos y la investigaci\u00f3n material l\u00edmite. Es comisario\/ director de la XI Bienal Iberoamericana de Arquitectura y Urbanismo. Su obra se ha dado a conocer en m\u00e1s de treinta ciudades en todo el mundo y fue publicada en prestigiosas revistas de arquitectura y dise\u00f1o. <\/em><strong><a href=\"https:\/\/es.wikipedia.org\/wiki\/Arturo_Franco_D%C3%ADaz\" target=\"_blank\" rel=\"noopener noreferrer\">+ Info AQU\u00cd<\/a><\/strong><\/p>\n<h4>Resumen de sus Publicaciones:<\/h4>\n<p>-Director de la revista rita_ (revista indexada de textos acad\u00e9micos), desde 2013. Hasta la fecha hay 8 n\u00fameros publicados.<\/p>\n<p>-Director de la revista Arquitectura COAM desde 2008 hasta 2012. Hasta la fecha hay 12 n\u00fameros publicados.<\/p>\n<p>Autor de libros:<\/p>\n<ul>\n<li style=\"list-style-type: none;\">\n<ul>\n<li><i>C-LM Arquitectura, Territorio e Identidad<\/i><\/li>\n<li><i>Por Venir. Conversaciones con veinte j\u00f3venes arquitectos europeos<\/i><\/li>\n<li><i>Hablan los arquitectos. Una escuela de Madrid<\/i><\/li>\n<\/ul>\n<\/li>\n<\/ul>\n<h4>Y no os perd\u00e1is su obra construida:<\/h4>\n<p><a href=\"https:\/\/stepienybarno.es\/blog\/2020\/11\/10\/o-fieiro-house-proyectodeldia\/\" target=\"_blank\" rel=\"noopener noreferrer\">Fiero House<\/a><\/p>\n<p><a href=\"https:\/\/stepienybarno.es\/blog\/2020\/11\/03\/cobertizo-de-san-caralampio-proyectodeldia\/\" target=\"_blank\" rel=\"noopener noreferrer\">Cobertizo en San Caralampio<\/a><\/p>\n<p>&nbsp;<\/p>\n<p>Puedes seguir a Arturo Franco en:<\/p>\n<p>Web: <strong><a href=\"https:\/\/arturofranco.es\/\" target=\"_blank\" rel=\"noopener noreferrer\">arturofranco.es<\/a><\/strong><\/p>\n<p>Facebook: <strong><a href=\"https:\/\/www.facebook.com\/arturo.francodiaz\">Arturo Franco<\/a><\/strong><\/p>\n<p>Instagram: <a href=\"https:\/\/www.instagram.com\/francodiazarturo\/?hl=es\" target=\"_blank\" rel=\"noopener noreferrer\"><strong>francodiazarturo<\/strong><\/a><\/p>\n<p>&nbsp;<\/p>\n<a href=\"https:\/\/www.ivoox.com\/stepienybarno-arquitectura_sq_f1856662_1.html \" class=\"kp-button \" target=\"_self\">Escucha m\u00e1s podcast de Stepienybarno en IVOOX<\/a>\n<p><iframe loading=\"lazy\" title=\"Entrevista #arquicafe a Arturo Franco\" width=\"911\" height=\"512\" src=\"https:\/\/www.youtube.com\/embed\/PFuiikZNzTA?feature=oembed\" frameborder=\"0\" allow=\"accelerometer; autoplay; clipboard-write; encrypted-media; gyroscope; picture-in-picture\" allowfullscreen><\/iframe><\/p>\n<p>Esperamos que os haya gustado este<strong> Arquicaf\u00e9 con Arturo Franco<\/strong><\/p>\n<p>Si quieres ver nuestros \u00faltimos Arquicaf\u00e9s te pierdas:<\/p>\n<p>&#8211;<a href=\"https:\/\/www.youtube.com\/watch?v=gL8FD3YArTE\">Arquicaf\u00e9 con Marta Calatrava<\/a><\/p>\n<p>&#8211;<a href=\"https:\/\/stepienybarno.es\/blog\/2021\/10\/01\/arquicafe-con-luis-lope-de-toledo\/\">Arquicaf\u00e9 con Luis Lope de Toledo<\/a><\/p>\n","protected":false},"excerpt":{"rendered":"<p>Hoy nos tomamos un arquicaf\u00e9 con Arturo Franco, Arquitecto polifac\u00e9tico,<\/p>\n","protected":false},"author":2,"featured_media":50391,"comment_status":"open","ping_status":"closed","sticky":false,"template":"","format":"standard","meta":{"om_disable_all_campaigns":false,"_monsterinsights_skip_tracking":false,"_monsterinsights_sitenote_active":false,"_monsterinsights_sitenote_note":"","_monsterinsights_sitenote_category":0,"_uf_show_specific_survey":0,"_uf_disable_surveys":false,"episode_type":"audio","audio_file":"https:\/\/stepienybarno.es\/blog\/wp-content\/uploads\/2021\/11\/125-Arquicafe\u0301-con-Arturo-Franco.mp3","cover_image":"","cover_image_id":"","duration":"29:27","filesize":"25.01M","date_recorded":"","explicit":"","block":"","filesize_raw":"26223761","footnotes":""},"categories":[34,63,7985],"tags":[1237,1379,9001,875,7997,9000,3233],"series":[10115],"class_list":["post-50390","post","type-post","status-publish","format-standard","has-post-thumbnail","hentry","category-actualidad","category-arqui-entrevista","category-podcast","tag-arturo-franco","tag-arturo-franco-diaz","tag-jardines-con-historia","tag-matadero-de-madrid","tag-podcast","tag-red-fundamentos","tag-rita","series-podcast-de-stepienybarno"],"aioseo_notices":[],"episode_featured_image":"https:\/\/stepienybarno.es\/blog\/wp-content\/uploads\/2021\/11\/miniat.jpg","episode_player_image":"https:\/\/stepienybarno.es\/blog\/wp-content\/uploads\/2020\/11\/stepienybarno-podcast-scaled.jpg","download_link":"https:\/\/stepienybarno.es\/blog\/podcast-download\/50390\/episodio-122-arquicafe-con-arturo-franco.mp3","player_link":"https:\/\/stepienybarno.es\/blog\/podcast-player\/50390\/episodio-122-arquicafe-con-arturo-franco.mp3","audio_player":"<!--[if lt IE 9]><script>document.createElement('audio');<\/script><![endif]-->\n<audio class=\"wp-audio-shortcode\" id=\"audio-50390-1\" preload=\"none\" style=\"width: 100%;\" controls=\"controls\"><source type=\"audio\/mpeg\" src=\"https:\/\/stepienybarno.es\/blog\/podcast-player\/50390\/episodio-122-arquicafe-con-arturo-franco.mp3?_=1\" \/><a href=\"https:\/\/stepienybarno.es\/blog\/podcast-player\/50390\/episodio-122-arquicafe-con-arturo-franco.mp3\">https:\/\/stepienybarno.es\/blog\/podcast-player\/50390\/episodio-122-arquicafe-con-arturo-franco.mp3<\/a><\/audio>","episode_data":{"playerMode":"dark","subscribeUrls":[],"rssFeedUrl":"https:\/\/stepienybarno.es\/blog\/feed\/podcast\/podcast-de-stepienybarno","embedCode":"<blockquote class=\"wp-embedded-content\" data-secret=\"nBL0o2G0S1\"><a href=\"https:\/\/stepienybarno.es\/blog\/2021\/11\/12\/episodio-122-arquicafe-con-arturo-franco\/\">Episodio 125: Arquicaf\u00e9 con Arturo Franco<\/a><\/blockquote><iframe sandbox=\"allow-scripts\" security=\"restricted\" src=\"https:\/\/stepienybarno.es\/blog\/2021\/11\/12\/episodio-122-arquicafe-con-arturo-franco\/embed\/#?secret=nBL0o2G0S1\" width=\"500\" height=\"350\" title=\"\u00abEpisodio 125: Arquicaf\u00e9 con Arturo Franco\u00bb \u2014 Blog de STEPIEN Y BARNO - publicaci\u00f3n digital sobre arquitectura\" data-secret=\"nBL0o2G0S1\" frameborder=\"0\" marginwidth=\"0\" marginheight=\"0\" scrolling=\"no\" class=\"wp-embedded-content\"><\/iframe><script type=\"text\/javascript\">\n\/* <![CDATA[ *\/\n\/*! This file is auto-generated *\/\n!function(d,l){\"use strict\";l.querySelector&&d.addEventListener&&\"undefined\"!=typeof URL&&(d.wp=d.wp||{},d.wp.receiveEmbedMessage||(d.wp.receiveEmbedMessage=function(e){var t=e.data;if((t||t.secret||t.message||t.value)&&!\/[^a-zA-Z0-9]\/.test(t.secret)){for(var s,r,n,a=l.querySelectorAll('iframe[data-secret=\"'+t.secret+'\"]'),o=l.querySelectorAll('blockquote[data-secret=\"'+t.secret+'\"]'),c=new RegExp(\"^https?:$\",\"i\"),i=0;i<o.length;i++)o[i].style.display=\"none\";for(i=0;i<a.length;i++)s=a[i],e.source===s.contentWindow&&(s.removeAttribute(\"style\"),\"height\"===t.message?(1e3<(r=parseInt(t.value,10))?r=1e3:~~r<200&&(r=200),s.height=r):\"link\"===t.message&&(r=new URL(s.getAttribute(\"src\")),n=new URL(t.value),c.test(n.protocol))&&n.host===r.host&&l.activeElement===s&&(d.top.location.href=t.value))}},d.addEventListener(\"message\",d.wp.receiveEmbedMessage,!1),l.addEventListener(\"DOMContentLoaded\",function(){for(var e,t,s=l.querySelectorAll(\"iframe.wp-embedded-content\"),r=0;r<s.length;r++)(t=(e=s[r]).getAttribute(\"data-secret\"))||(t=Math.random().toString(36).substring(2,12),e.src+=\"#?secret=\"+t,e.setAttribute(\"data-secret\",t)),e.contentWindow.postMessage({message:\"ready\",secret:t},\"*\")},!1)))}(window,document);\n\/* ]]> *\/\n<\/script>\n"},"_links":{"self":[{"href":"https:\/\/stepienybarno.es\/blog\/wp-json\/wp\/v2\/posts\/50390"}],"collection":[{"href":"https:\/\/stepienybarno.es\/blog\/wp-json\/wp\/v2\/posts"}],"about":[{"href":"https:\/\/stepienybarno.es\/blog\/wp-json\/wp\/v2\/types\/post"}],"author":[{"embeddable":true,"href":"https:\/\/stepienybarno.es\/blog\/wp-json\/wp\/v2\/users\/2"}],"replies":[{"embeddable":true,"href":"https:\/\/stepienybarno.es\/blog\/wp-json\/wp\/v2\/comments?post=50390"}],"version-history":[{"count":2,"href":"https:\/\/stepienybarno.es\/blog\/wp-json\/wp\/v2\/posts\/50390\/revisions"}],"predecessor-version":[{"id":50540,"href":"https:\/\/stepienybarno.es\/blog\/wp-json\/wp\/v2\/posts\/50390\/revisions\/50540"}],"wp:featuredmedia":[{"embeddable":true,"href":"https:\/\/stepienybarno.es\/blog\/wp-json\/wp\/v2\/media\/50391"}],"wp:attachment":[{"href":"https:\/\/stepienybarno.es\/blog\/wp-json\/wp\/v2\/media?parent=50390"}],"wp:term":[{"taxonomy":"category","embeddable":true,"href":"https:\/\/stepienybarno.es\/blog\/wp-json\/wp\/v2\/categories?post=50390"},{"taxonomy":"post_tag","embeddable":true,"href":"https:\/\/stepienybarno.es\/blog\/wp-json\/wp\/v2\/tags?post=50390"},{"taxonomy":"series","embeddable":true,"href":"https:\/\/stepienybarno.es\/blog\/wp-json\/wp\/v2\/series?post=50390"}],"curies":[{"name":"wp","href":"https:\/\/api.w.org\/{rel}","templated":true}]}}