{"id":5061,"date":"2012-02-08T08:48:28","date_gmt":"2012-02-08T06:48:28","guid":{"rendered":"https:\/\/www.stepienybarno.es\/blog\/?p=5061"},"modified":"2012-04-27T13:42:11","modified_gmt":"2012-04-27T11:42:11","slug":"entrevista-christophe-hutin-_-parte-1-construire-autrement-4","status":"publish","type":"post","link":"https:\/\/stepienybarno.es\/blog\/2012\/02\/08\/entrevista-christophe-hutin-_-parte-1-construire-autrement-4\/","title":{"rendered":"ENTREVISTA CHRISTOPHE HUTIN _ Parte 1. Construire autrement #4"},"content":{"rendered":"<p align=\"left\">\n<p align=\"center\"><img loading=\"lazy\" decoding=\"async\" class=\"aligncenter size-full wp-image-5063\" title=\"CHRISTOPHE HUTIN construireautrement#4img01 _ eva chacon en stepienybarno la ciudad viva 350\" src=\"https:\/\/stepienybarno.es\/blog\/wp-content\/uploads\/2012\/02\/CHRISTOPHE-HUTIN-construireautrement4img01-_-eva-chacon-en-stepienybarno-la-ciudad-viva-350-.jpg\" alt=\"CHRISTOPHE HUTIN construireautrement#4img01 _ eva chacon en stepienybarno la ciudad viva 350\" width=\"350\" height=\"197\" srcset=\"https:\/\/stepienybarno.es\/blog\/wp-content\/uploads\/2012\/02\/CHRISTOPHE-HUTIN-construireautrement4img01-_-eva-chacon-en-stepienybarno-la-ciudad-viva-350-.jpg 350w, https:\/\/stepienybarno.es\/blog\/wp-content\/uploads\/2012\/02\/CHRISTOPHE-HUTIN-construireautrement4img01-_-eva-chacon-en-stepienybarno-la-ciudad-viva-350--180x101.jpg 180w, https:\/\/stepienybarno.es\/blog\/wp-content\/uploads\/2012\/02\/CHRISTOPHE-HUTIN-construireautrement4img01-_-eva-chacon-en-stepienybarno-la-ciudad-viva-350--316x178.jpg 316w\" sizes=\"(max-width: 350px) 100vw, 350px\" \/><\/p>\n<p align=\"center\">Fuente: www.christophehutin.com<\/p>\n<p align=\"left\">\n<p align=\"left\">Esta semana estamos de suerte; despu\u00e9s del post publicado ayer, en donde tuvimos la fortuna de ser sede de las reflexiones de Daniel Ayala, Domenico Di Siena, Beatriz Aedo y Daniel Moyano, hoy, nuevamente, la casa digital de Stepienybarno abre las puertas a nuestra buena amiga Eva Chac\u00f3n.<\/p>\n<p align=\"left\">Se trata de la primera parte de la entrevista que mantuvo, en exclusiva, con el joven arquitecto Christophe Hutin. <a href=\" http:\/\/www.laciudadviva.org\/blogs\/?p=13173\">La segunda parte,<\/a> a su vez, la pod\u00e9is encontrar en el blog de La Ciudad Viva, del que Eva es corresponsal.<\/p>\n<p align=\"left\">Todo un lujo de entrada que esperamos sea de vuestro inter\u00e9s!<\/p>\n<p align=\"left\"><!--more--><\/p>\n<p align=\"left\">\n<p align=\"left\">Estimados lectores de Stepienybarno, es para mi un placer compartir en este blog la cuarta entrega de \u201c<a href=\"http:\/\/www.laciudadviva.org\/blogs\/?author=64\">Construire Autrement<\/a>\u201d, serie de art\u00edculos que publico en La Ciudad Viva como corresponsal desde noviembre de 2011.<\/p>\n<p align=\"left\">En esta ocasi\u00f3n, nos vamos al encuentro de Christophe Hutin, arquitecto que result\u00f3 ser un verdadero hallazgo en mi investigaci\u00f3n sobre las estrategias de transformaci\u00f3n del h\u00e1bitat social en Francia.\u00a0Adem\u00e1s de desarrollar un interesante trabajo desde su estudio en Burdeos, es profesor en la ENSA Toulouse y colaborador de los estudios Lacaton&amp;Vassal y Fr\u00e9d\u00e9ric Druot en el concurso \u201c<a href=\"http:\/\/www.lacub.fr\/50-000-logements\"><strong>50.000 viviendas en torno a los ejes de circulaci\u00f3n<\/strong><\/a>\u201d (2010), as\u00ed como en el\u00a0<a href=\"http:\/\/www.lemoniteur.fr\/133-amenagement\/article\/actualite\/863959-le-grand-parc-de-bordeaux-revisite-par-lacaton-vassal\"><strong>proyecto<\/strong><\/a> de reciclaje de vivienda social en el Grand Parc de Burdeos.<\/p>\n<p align=\"left\">Llegu\u00e9 a su estudio con la intenci\u00f3n de entrevistarle sobre unas intervenciones de reciclaje interior en el tejido patrimonial de Burdeos [1], y acabamos hablando adem\u00e1s de h\u00e1bitat social, de la ense\u00f1anza desde las escuelas de arquitectura y de su libro \u201c<a href=\"http:\/\/www.actes-sud.fr\/catalogue\/architecture-et-urbanisme\/lenseignement-de-soweto\"><strong>L\u2019enseignement de Soweto<\/strong><\/a>\u201d (La ense\u00f1anza de Soweto).\u00a0Dado que el resultado fue una entrevista bastante extensa, para poderla publicar como post, he pedido ayuda a mis amigos y compa\u00f1eros en La Ciudad Viva, <a href=\"https:\/\/stepienybarno.es\/blog\/\"><strong>Stepienybarno<\/strong><\/a>.<\/p>\n<p align=\"left\">A continuaci\u00f3n presentamos <strong>la primera parte de la entrevista<\/strong>, en la que su protagonista nos habla de cuestiones relacionadas con su trayectoria personal, la peque\u00f1a escala y experiencias en el h\u00e1bitat en el Burdeos patrimonial. En el blog de La Ciudad Viva encontrar\u00e9is la <a href=\"https:\/\/stepienybarno.es\/blog\/\"><strong>segunda parte<\/strong><\/a>, en la que nos centramos en el h\u00e1bitat colectivo, su visi\u00f3n sobre el reciclaje urbano y su experiencia sudafricana desde el taller EUNIC STUDIO.<\/p>\n<p align=\"left\">\n<p align=\"center\"><img loading=\"lazy\" decoding=\"async\" class=\"aligncenter size-full wp-image-5068\" title=\"CHRISTOPHE HUTIN construireautrement#4img02  eva chacon en stepienybarno la ciudad viva\" src=\"https:\/\/stepienybarno.es\/blog\/wp-content\/uploads\/2012\/02\/CHRISTOPHE-HUTIN-construireautrement4img02-eva-chacon-en-stepienybarno-la-ciudad-viva-1.jpg\" alt=\"CHRISTOPHE HUTIN construireautrement#4img02  eva chacon en stepienybarno la ciudad viva\" width=\"500\" height=\"333\" srcset=\"https:\/\/stepienybarno.es\/blog\/wp-content\/uploads\/2012\/02\/CHRISTOPHE-HUTIN-construireautrement4img02-eva-chacon-en-stepienybarno-la-ciudad-viva-1.jpg 500w, https:\/\/stepienybarno.es\/blog\/wp-content\/uploads\/2012\/02\/CHRISTOPHE-HUTIN-construireautrement4img02-eva-chacon-en-stepienybarno-la-ciudad-viva-1-180x120.jpg 180w, https:\/\/stepienybarno.es\/blog\/wp-content\/uploads\/2012\/02\/CHRISTOPHE-HUTIN-construireautrement4img02-eva-chacon-en-stepienybarno-la-ciudad-viva-1-316x210.jpg 316w\" sizes=\"(max-width: 500px) 100vw, 500px\" \/><\/p>\n<p align=\"center\"><span style=\"color: #808080;\">Vivienda en Cestas, Francia 2008. <\/span><\/p>\n<p align=\"center\"><span style=\"color: #808080;\">Fuente: www.christophehutin.com<\/span><\/p>\n<p align=\"left\">\n<p align=\"left\"><span style=\"color: #808080;\">&#8211; Vuestros proyectos de vivienda recuerdan la relaci\u00f3n con el paisaje y la naturaleza que se da en la arquitectura de Glenn Murcutt. \u00c9l dice con frecuencia que \u201c<em>la arquitectura debe ser una respuesta, no una imposici\u00f3n<\/em>\u201d. En el caso de una vivienda, \u00bfqu\u00e9 significa para ti una arquitectura que no es una imposici\u00f3n?<\/span><\/p>\n<p align=\"left\"><em>Significa una arquitectura que no impone limitaciones a los habitantes, sino m\u00e1s bien libertades. Libertades de uso de la vivienda, de usos diferentes en el mayor n\u00famero posible para que el espacio sea accesible y genere un lugar placentero. Para conseguir esto, hay cuestiones de dimensi\u00f3n y tambi\u00e9n cuestiones de relaci\u00f3n con el entorno, que favorecen la diversificaci\u00f3n de posibilidades de uso para los habitantes, y por tanto la adaptaci\u00f3n de la vivienda a sus necesidades precisas y a su situaci\u00f3n precisa.<\/em><\/p>\n<p align=\"left\">\n<p align=\"left\"><span style=\"color: #808080;\">&#8211; Leyendo tu CV me qued\u00e9 sorprendida por tu formaci\u00f3n en cuestiones de fisiolog\u00eda y biolog\u00eda aerospacial, as\u00ed como en la especialidad de psicolog\u00eda en condiciones extremas. \u00bfTan diferente es el concepto de h\u00e1bitat en un entorno aerospacial que aqu\u00ed en la Tierra?<\/span><\/p>\n<p align=\"left\"><em>Bueno, el contexto s\u00ed que es muy diferente. El contexto es diferente pero, sin embargo, la aproximaci\u00f3n puede ser la misma, es decir, se trata de una aproximaci\u00f3n precisa, y es por eso que me form\u00e9 en estudios de fisiolog\u00eda humana, para poder comprender los fen\u00f3menos que condicionan el confort de la gente en un medio extremo, y para poder hacer una aproximaci\u00f3n a estas situaciones desde la arquitectura. Porque sin este conocimiento no es posible responder con precisi\u00f3n, ir realmente a la realidad de problemas de este tipo. Y esta es una metodolog\u00eda que se aplica en muchos campos, y que trabajamos por ejemplo cuando desarrollamos un proyecto de renovaci\u00f3n de un edificio, un lugar previamente habitado. Hay una serie de cuestiones precisas que hay que detectar para ser capaces de responder de manera inteligente a una situaci\u00f3n. Por tanto, es la misma forma de actuar, pero las condiciones son muy diferentes.<\/em><\/p>\n<p align=\"left\">\n<p align=\"left\"><span style=\"color: #808080;\">&#8211; De hecho, podr\u00edamos encontrar condiciones extremas muy cerca de donde nos encontramos&#8230;<\/span><\/p>\n<p align=\"left\"><em>S\u00ed, aqu\u00ed en Francia y en Burdeos, con frecuencia nos encontramos con condiciones extremas, \u00a1desde luego!<\/em><\/p>\n<p align=\"left\">\n<p align=\"center\"><img loading=\"lazy\" decoding=\"async\" class=\"aligncenter size-full wp-image-5067\" title=\"CHRISTOPHE HUTIN construireautrement#4img03  eva chacon en stepienybarno la ciudad viva\" src=\"https:\/\/stepienybarno.es\/blog\/wp-content\/uploads\/2012\/02\/CHRISTOPHE-HUTIN-construireautrement4img03-eva-chacon-en-stepienybarno-la-ciudad-viva-1.jpg\" alt=\"CHRISTOPHE HUTIN construireautrement#4img03  eva chacon en stepienybarno la ciudad viva\" width=\"500\" height=\"668\" srcset=\"https:\/\/stepienybarno.es\/blog\/wp-content\/uploads\/2012\/02\/CHRISTOPHE-HUTIN-construireautrement4img03-eva-chacon-en-stepienybarno-la-ciudad-viva-1.jpg 500w, https:\/\/stepienybarno.es\/blog\/wp-content\/uploads\/2012\/02\/CHRISTOPHE-HUTIN-construireautrement4img03-eva-chacon-en-stepienybarno-la-ciudad-viva-1-135x180.jpg 135w, https:\/\/stepienybarno.es\/blog\/wp-content\/uploads\/2012\/02\/CHRISTOPHE-HUTIN-construireautrement4img03-eva-chacon-en-stepienybarno-la-ciudad-viva-1-412x550.jpg 412w, https:\/\/stepienybarno.es\/blog\/wp-content\/uploads\/2012\/02\/CHRISTOPHE-HUTIN-construireautrement4img03-eva-chacon-en-stepienybarno-la-ciudad-viva-1-299x400.jpg 299w\" sizes=\"(max-width: 500px) 100vw, 500px\" \/><\/p>\n<p align=\"center\"><span style=\"color: #808080;\">Tres viviendas sociales en calle Laroche, Burdeos 2005.<\/span><\/p>\n<p align=\"center\"><span style=\"color: #808080;\">Fuente: <a href=\"http:\/\/www.christophehutin.com\/\">www.christophehutin.com<\/a><\/span><\/p>\n<p align=\"left\">\n<p align=\"left\"><span style=\"color: #808080;\">&#8211; En relaci\u00f3n al proyecto de viviendas de la calle Minvieille, \u00bfen qu\u00e9 estado de conservaci\u00f3n encontraste el edificio original? \u00bfHab\u00eda evolucionado ya entonces?<\/span><\/p>\n<p align=\"left\"><em>Bueno, adem\u00e1s de este edificio en la <a href=\"http:\/\/www.christophehutin.com\/CH\/t%C3%A9l%C3%A9chargement_files\/23%20Minvielle.pdf\"><strong>calle Minvieille<\/strong><\/a> hemos desarrollado otro en la <a href=\"http:\/\/www.christophehutin.com\/CH\/t%C3%A9l%C3%A9chargement_files\/11%20Laroche.pdf\"><strong>calle Larroche<\/strong><\/a>, en el mismo barrio del Jardin Public. De hecho, son edificios del s.XVII pertenecientes al mismo propietario, y ambos se encontraban en mal estado. En la calle Minvieille por ejemplo hab\u00eda sucedido un incendio, por lo que los forjados de madera se hab\u00edan perdido. Ambos son edificios de la \u00e9poca burguesa con cualidades interesantes como la generosa altura libre. Un poco cerrados, sin embargo por la estructura de muros de carga de mamposter\u00eda, que hace que est\u00e9n encerrados sobre s\u00ed mismos, a pesar de que la parte trasera da a unos interiores de manzana ajardinados. Estos son fuente de luz y vistas que son escogidas con precisi\u00f3n. Nuestra soluci\u00f3n de proyecto fue conservar exactamente las cualidades espaciales ya existentes en el edificio, y lo hemos rehecho de una manera muy econ\u00f3mica bas\u00e1ndonos en principios de distribuci\u00f3n en relaci\u00f3n al entorno que son caracter\u00edsticos de la contemporaneidad y no del siglo XVII.<\/em><\/p>\n<p align=\"left\">\n<p align=\"left\"><span style=\"color: #808080;\">&#8211; \u00bfAl comienzo se trataba entonces de una tipolog\u00eda de \u2018\u00e9choppe\u2019 [2]?<\/span><\/p>\n<p align=\"left\"><em>No, se trataba de un inmueble de origen burgu\u00e9s en tres alturas, que evolucion\u00f3 de casa unifamiliar a edificio de apartamentos despu\u00e9s de sucesivas compartimentaciones. Pero los apartamentos estaban distribuidos a la antigua, generando espacios muy cerrados. Ocurre que hay sistemas jur\u00eddicos en Francia de financiaci\u00f3n de operaciones de rehabilitaci\u00f3n de edificios insalubres con la finalidad de transformarlos en vivienda social. El Estado subvenciona parte de la obra a cambio de que el propietario alquile el edificio e r\u00e9gimen de vivienda social durante doce a\u00f1os, despu\u00e9s de los cuales pasan a ser viviendas convencionales. Es por eso que el encargo consisti\u00f3 en desarrollar una vivienda por cada una de las tres plantas, de unos 150 m2 cada una, considerando que para que el espacio fuera flexible lo mejor era optar por un T2, es decir, una vivienda social de dos habitaciones. Por tanto, una sala de estar y un dormitorio que m\u00e1s tarde podr\u00e1 redistribuirse seg\u00fan las necesidades de cada uno debido a la generosidad de sus dimensiones.<\/em><\/p>\n<p align=\"left\">\n<p align=\"center\"><img loading=\"lazy\" decoding=\"async\" class=\"aligncenter size-full wp-image-5066\" title=\"CHRISTOPHE HUTIN construireautrement#4img04  eva chacon en stepienybarno la ciudad viva\" src=\"https:\/\/stepienybarno.es\/blog\/wp-content\/uploads\/2012\/02\/CHRISTOPHE-HUTIN-construireautrement4img04-eva-chacon-en-stepienybarno-la-ciudad-viva-.jpg\" alt=\"CHRISTOPHE HUTIN construireautrement#4img04  eva chacon en stepienybarno la ciudad viva\" width=\"500\" height=\"333\" srcset=\"https:\/\/stepienybarno.es\/blog\/wp-content\/uploads\/2012\/02\/CHRISTOPHE-HUTIN-construireautrement4img04-eva-chacon-en-stepienybarno-la-ciudad-viva-.jpg 500w, https:\/\/stepienybarno.es\/blog\/wp-content\/uploads\/2012\/02\/CHRISTOPHE-HUTIN-construireautrement4img04-eva-chacon-en-stepienybarno-la-ciudad-viva--180x120.jpg 180w, https:\/\/stepienybarno.es\/blog\/wp-content\/uploads\/2012\/02\/CHRISTOPHE-HUTIN-construireautrement4img04-eva-chacon-en-stepienybarno-la-ciudad-viva--316x210.jpg 316w\" sizes=\"(max-width: 500px) 100vw, 500px\" \/><\/p>\n<p align=\"center\"><span style=\"color: #808080;\">Tres viviendas sociales en calle Minvielle, Burdeos 2010.<\/span><\/p>\n<p align=\"center\"><span style=\"color: #808080;\">Fuente: <a href=\"http:\/\/www.christophehutin.com\/\">www.christophehutin.com<\/a><\/span><\/p>\n<p align=\"left\">\n<p align=\"left\"><span style=\"color: #808080;\">&#8211; \u00bfQu\u00e9 estrategia hab\u00e9is seguido para mantener una parte del edificio y demoler otra? \u00bfC\u00f3mo se produce esta continuidad entre lo viejo y lo nuevo?<\/span><\/p>\n<p align=\"left\"><em>En el caso de la calle Minvieille, pudimos quitar la fachada trasera para poder abrir las viviendas a la luz y el mundo del interior de manzana. La fachada hacia la calle fue restaurada, y desde ella los forjados se extienden hacia el patio con grandes paneles de vidrio. De este modo, se propone un espacio interior contempor\u00e1neo del que cabe esperar los mismos resultados que de vivienda de nueva planta. Sobre el edificio en la calle Larroche no hemos podido quitar la fachada trasera porque la obra se realiz\u00f3 con los habitantes y resultaba demasiado t\u00e9cnicamente en este caso. Por eso lo que hicimos fue superponer una estructura met\u00e1lica que prolonga es espacio des estar en la terraza que permite tener acceso al jard\u00edn interior.<\/em><\/p>\n<p align=\"left\">\n<p align=\"left\"><span style=\"color: #808080;\">&#8211; \u00bfEntonces podr\u00edamos decir que la estructura de esta tipolog\u00eda de edificio se presta a ser transformada?<\/span><\/p>\n<p align=\"left\"><em>Es una evoluci\u00f3n de la estructura existente, s\u00ed. Luego hay elementos que se prestan a ser transformados y otros que se prestan a ser conservados. Pero es necesario un trabajo t\u00e9cnico y preciso sobre todos estos elementos y sobre la econom\u00eda del proyecto para conseguir la soluci\u00f3n m\u00e1s eficaz, y tambi\u00e9n que responda a los intereses del inversor y el propietario.<\/em><\/p>\n<p align=\"left\">\n<p align=\"left\"><span style=\"color: #808080;\">&#8211; (Christophe me muestra algunas im\u00e1genes sobre la web de su estudio) S\u00ed, ya veo, es como si los espacios interiores se extendieran hacia el interior de manzana&#8230;<\/span><\/p>\n<p align=\"left\"><em>Es introducir espacios exteriores con los que no se guardaba relaci\u00f3n antes. En el caso de la calle Larroche, el suelo original de madera ha podido conservarse, s\u00f3lo se ha a\u00f1adido continuidad en el suelo hacia la estructura de los balcones rebajando los huecos originales. La fachada sur y la fachada norte dan a habitaciones continuas, y entre ambas hemos metido todas las instalaciones y cuartos h\u00famedos, aseo, ba\u00f1o y cocina. Como se pasa directamente de una habitaci\u00f3n a otra, no hay necesidad de pasillo o distribuidor.<\/em><\/p>\n<p align=\"left\">\n<p align=\"left\"><span style=\"color: #808080;\">&#8211; \u00bfC\u00f3mo imaginas una posible transformaci\u00f3n de este edificio en el futuro? \u00bfSer\u00e1 capaz de adaptarse a los cambios en el estilo de vida de sus habitantes?<\/span><\/p>\n<p align=\"left\"><em>S\u00ed, creo que a\u00fan se pueden hacer muchas cosas. Por razones patrimoniales y est\u00e9ticas muchas veces nos abstenemos de tomar decisiones que ser\u00edan beneficiosas para el conjunto de los habitantes. Por ejemplo, en la calle Minvieille hab\u00edamos propuesto una cubierta transitable com\u00fan a la que los vecinos pudieran acceder para tender la ropa, reunirse, almorzar y disfrutar de las vistas, el sol, etc. Pero no fue posible por una cuesti\u00f3n est\u00e9tica de conservaci\u00f3n el tejado de teja original, y por imposici\u00f3n de la pol\u00edtica patrimonial de la ciudad. Es una l\u00e1stima porque era una posibilidad para el edificio que no hemos podido ofrecer.<\/em><\/p>\n<p align=\"left\">\n<p align=\"left\"><span style=\"color: #808080;\">&#8211; \u00bfEntonces intentasteis convencer a los t\u00e9cnicos de patrimonio a favor de la cubierta transitable?<\/span><\/p>\n<p align=\"left\"><em>Si, lo intentamos, pero bueno son cosas que podr\u00e1n realizarse en el futuro cuando estas limitaciones cambien, por qu\u00e9 no.<\/em><\/p>\n<p align=\"left\">\n<p align=\"center\"><img loading=\"lazy\" decoding=\"async\" class=\"aligncenter size-full wp-image-5069\" title=\"CHRISTOPHE HUTIN construireautrement#4img05  eva chacon en stepienybarno la ciudad viva\" src=\"https:\/\/stepienybarno.es\/blog\/wp-content\/uploads\/2012\/02\/CHRISTOPHE-HUTIN-construireautrement4img05-eva-chacon-en-stepienybarno-la-ciudad-viva-.jpg\" alt=\"CHRISTOPHE HUTIN construireautrement#4img05  eva chacon en stepienybarno la ciudad viva\" width=\"500\" height=\"312\" srcset=\"https:\/\/stepienybarno.es\/blog\/wp-content\/uploads\/2012\/02\/CHRISTOPHE-HUTIN-construireautrement4img05-eva-chacon-en-stepienybarno-la-ciudad-viva-.jpg 500w, https:\/\/stepienybarno.es\/blog\/wp-content\/uploads\/2012\/02\/CHRISTOPHE-HUTIN-construireautrement4img05-eva-chacon-en-stepienybarno-la-ciudad-viva--180x112.jpg 180w, https:\/\/stepienybarno.es\/blog\/wp-content\/uploads\/2012\/02\/CHRISTOPHE-HUTIN-construireautrement4img05-eva-chacon-en-stepienybarno-la-ciudad-viva--316x197.jpg 316w\" sizes=\"(max-width: 500px) 100vw, 500px\" \/><\/p>\n<p align=\"center\"><span style=\"color: #808080;\">Reciclaje de una &#8216;\u00e9choppe&#8217;, Le Bouscat 2003. <\/span><\/p>\n<p align=\"center\"><span style=\"color: #808080;\">Fuente: <a href=\"http:\/\/www.christophehutin.com\/\">www.christophehutin.com<\/a><\/span><\/p>\n<p align=\"left\">\n<p align=\"left\"><span style=\"color: #808080;\">&#8211; \u00bfHas trabajado en alg\u00fan proyecto con una antigua &#8216;\u00e9choppe&#8217;?<\/span><\/p>\n<p align=\"left\"><em>S\u00ed, por ejemplo en Le Bouscat trabajamos una antigua &#8216;\u00e9choppe&#8217;. Antiguamente era un espacio en planta baja totalmente cerrado sobre s\u00ed mismo. Ahora est\u00e1 abierto hacia el interior de manzana y tiene una planta adicional, son dos espacios libres comunicados por una escalera.<\/em><\/p>\n<p align=\"left\">\n<p align=\"left\"><span style=\"color: #808080;\">&#8211; \u00bfEs posible que esta tipolog\u00eda, con el tiempo, acabe aceptando din\u00e1micas de reciclaje de este tipo de una forma m\u00e1s generalizada? \u00bfSon las reglas del juego de la ciudad las que condicionan su forma, m\u00e1s que lo que ocurre dentro de ellas?<\/span><\/p>\n<p align=\"left\"><em>Bueno, no lo s\u00e9, es un asunto dif\u00edcil porque las \u2018\u00e9choppes\u2019 ya est\u00e1n habitadas. Mayormente son viviendas unifamiliares habitadas o bien por sus propietarios o bien por arrendatarios, hay una gran diversidad de situaciones y mayormente puede resultar una molestia intervenir en ellas. Las viviendas en s\u00ed pueden recrecer en funci\u00f3n de las necesidades de las familias, como ha ocurrido durante siglos. Pero es complicado plantearse cuestiones mayores como la densidad o la estructura urbana, porque cada \u2018\u00e9choppe\u2019 tiene su propia raz\u00f3n de ser y debe evolucionar a la manera de sus habitantes, que conocen sus necesidades espaciales mejor que nosotros los arquitectos, y las \u2018echoppes\u2019 son un buen ejemplo de ello. Por otro lado, extenderlas es algo complicado porque est\u00e1n protegidas por su valor patrimonial, pero por otro lado no est\u00e1n preparadas para los modos de vida y las exigencias de confort actuales. Es una tipolog\u00eda que podr\u00eda evolucionar si se le diera la libertad necesaria, pero actualmente la arquitectura contempor\u00e1nea tiene dificultades para intervenir en ella.<\/em><\/p>\n<p align=\"left\">\n<p align=\"left\">* La entrevista ha sido realizada, en exclusiva, por la arquitecta Eva Chac\u00f3n.<\/p>\n<p align=\"left\">\n<p align=\"left\">Los que quer\u00e1is conocer m\u00e1s sobre Christophe Hutin, pod\u00e9is visitar los siguientes enlaces:<\/p>\n<p align=\"left\"><strong><a href=\"http:\/\/www.christophehutin.com\/\">Su p\u00e1gina web<\/a><\/strong>.<\/p>\n<p align=\"left\"><strong><a href=\"http:\/\/learning-from.over-blog.fr\/\">Blog de su taller en la ENSA Toulouse<\/a><\/strong> (que dirige junto a Daniel Est\u00e9vez).<\/p>\n<p align=\"left\"><strong><a href=\"http:\/\/www.dailymotion.com\/video\/xizqwt_christophe-hutin-construire-hors-des-chemins-battus_creation\">Entrevista en el Festival de Arquitectura de Vancouver<\/a><\/strong> (en franc\u00e9s).<\/p>\n<p align=\"left\">\n<p align=\"left\">Notas:<\/p>\n<p align=\"left\"><span style=\"color: #333333;\">[1] El conjunto patrimonial <a href=\"http:\/\/whc.unesco.org\/en\/list\/1256\/\"><strong>\u201cBurdeos, Puerto de la Luna\u201d<\/strong><\/a> est\u00e1 clasificado por la UNESCO desde 2007. Se trata del conjunto urbano de mayor extensi\u00f3n de los clasificados por la organizaci\u00f3n, con 1,7 ha.<\/span><\/p>\n<p align=\"left\"><span style=\"color: #333333;\">[2] La \u2018\u00e9choppe\u2019 es una tipolog\u00eda que combina vivienda obrera y espacio para taller o venta. En origen se desarrollaba en planta baja, y como respuesta a la trama parcelaria de origen rural en la que se implant\u00f3, caracterizada por una alineaci\u00f3n a calle estrecha (entre 4,20 y 8,40m) y una gran profundidad, variable seg\u00fan la manzana. La \u00e9choppe bordolesa se caracteriza por su estructura de muros de mamposter\u00eda de piedra calc\u00e1rea. Mi inter\u00e9s particular por esta tipolog\u00eda durante mi estancia de investigaci\u00f3n en Francia se debi\u00f3 a que desde las tutor\u00edas con Claire Parin y su grupo de investigaci\u00f3n en la ENSAP Bordeaux, me aconsejaron investigarla por las cualidades que presenta como vivienda abierta, con una trayectoria evolutiva de seis siglos.<\/span><\/p>\n<p align=\"left\"><span style=\"color: #333333;\">* La informaci\u00f3n aqu\u00ed recogida es resultado del trabajo de campo y entrevistas realizadas en Francia desde septiembre de 2010 para el desarrollo de una tesis doctoral europea dirigida desde la UGR por Elisa Valero e Ignacio Valverde, y supervisada por \u00a0el Grupo de Investigaci\u00f3n Arp\u00e8ge desde la ENSAPBx.<\/span><\/p>\n<p align=\"left\"><span style=\"color: #333333;\">* Esta entrevista, realizada el 8 de noviembre de 2010,\u00a0ha sido desarrollada gracias a su protagonista, Chistophe Hutin, que fue tan amable de recibirme en su estudio de Burdeos. Tambi\u00e9n agradezco a la ENSA Toulouse, y especialmente a su directora Nicole Roux-Loupiac y al profesor Daniel Estevez por su c\u00e1lida acogida el 15 de diciembre de 2010, d\u00eda de la inauguraci\u00f3n de la exposici\u00f3n del EUNIC STUDIO 2010. Agradezco tambi\u00e9n al arquitecto Luis Llopis la revisi\u00f3n del texto y su apoyo incondicional.<\/span><\/p>\n<p align=\"left\"><span style=\"color: #333333;\">* Este art\u00edculo ha sido escrito con car\u00e1cter divulgativo y sin ning\u00fan tipo de \u00e1nimo de lucro. As\u00ed que si te apetece compartirlo en cualquier otro medio, estaremos encantados de que lo hagas siempre y cuando cites el lugar donde lo has encontrado.<\/span><\/p>\n<p align=\"left\"><span style=\"color: #333333;\">* Eva Chac\u00f3n es arquitecta, docente e investigadora en el Departamento de Construcciones Arquitect\u00f3nicas de la Universidad de Granada y coordinadora del Proyecto I+D+i Reciclajes Urbanos, dirigido por Elisa Valero.<\/span><\/p>\n<p align=\"left\">\n<p align=\"left\"><a href=\"http:\/\/www.linkedin.com\/company\/stepienybarno\">STEPIENYBARNO EN LINKEDIN<\/a><\/p>\n<p align=\"left\"><a href=\"http:\/\/twitter.com\/stepienybarno\/stepienybarno\">STEPIENYBARNO EN TWITTER<\/a><\/p>\n<p align=\"left\"><a href=\"https:\/\/www.facebook.com\/StepienybarnoCANAL\">STEPIENYBARNO EN FACEBOOK<\/a><\/p>\n<p align=\"left\">\n<p align=\"left\">* Stepienybarno est\u00e1 formado por Agnieszka Stepien y Lorenzo Barn\u00f3 y desde mayo del 2009 estamos en la red con\u00a0 la presente publicaci\u00f3n digital (Blog) de arquitectura.<\/p>\n<p align=\"left\">Nuestra actividad se sustenta en tres pilares b\u00e1sicos: la investigaci\u00f3n, la publicaci\u00f3n y la redacci\u00f3n de proyectos de arquitectura.<\/p>\n<p align=\"left\">A su vez, somos socios cofundadores de <a href=\"http:\/\/sinergiasostenible.org\/\">SINERGIA SOSTENIBLE<\/a> y redactores de <a href=\"http:\/\/www.laciudadviva.org\/blogs\/?author=45\">LA CIUDAD VIVA<\/a>.<\/p>\n","protected":false},"excerpt":{"rendered":"\n<p>Esta semana estamos de suerte; despu\u00e9s del post publicado ayer, en donde tuvimos la fortuna de ser sede de las reflexiones de Daniel Ayala, Domenico Di Siena, Beatriz Aedo y Daniel Moyano, hoy, nuevamente, la casa digital de Stepienybarno abre las puertas a nuestra buena amiga Eva Chac\u00f3n.<\/p>\n<p>Se trata de la primera parte de la entrevista que mantuvo, en exclusiva, con el joven arquitecto Christophe Hutin. La segunda parte, a su vez, la pod\u00e9is encontrar en el blog de La Ciudad Viva, del que Eva es corresponsal.<\/p>\n<p>Todo un lujo de entrada que esperamos sea de vuestro inter\u00e9s!<\/p>\n","protected":false},"author":2,"featured_media":0,"comment_status":"open","ping_status":"closed","sticky":false,"template":"","format":"standard","meta":{"om_disable_all_campaigns":false,"_monsterinsights_skip_tracking":false,"_monsterinsights_sitenote_active":false,"_monsterinsights_sitenote_note":"","_monsterinsights_sitenote_category":0,"_uf_show_specific_survey":0,"_uf_disable_surveys":false,"episode_type":"","audio_file":"","cover_image":"","cover_image_id":"","duration":"","filesize":"","date_recorded":"","explicit":"","block":"","filesize_raw":"","footnotes":""},"categories":[1010,34,4],"tags":[4274,9,1470,1471,1478,1477,1476,1345,1473,1474,1475,1472,54],"series":[],"class_list":["post-5061","post","type-post","status-publish","format-standard","hentry","category-urbanismorealya-urbanismo","category-actualidad","category-arquilectura","tag-actualidad","tag-arquitectura","tag-christophe-hutin","tag-construire-autrement","tag-coordinadora-del-proyecto-idi-reciclajes-urbanos","tag-departamento-de-construcciones-arquitectonicas-de-la-universidad-de-granada","tag-eunic-studio","tag-eva-chacon","tag-frederic-druot","tag-lenseignement-de-soweto","tag-la-ensenanza-de-soweto","tag-lacatonvassal","tag-urbanismo-sostenible"],"aioseo_notices":[],"episode_featured_image":false,"episode_player_image":"https:\/\/stepienybarno.es\/blog\/wp-content\/uploads\/2020\/11\/stepienybarno-podcast-scaled.jpg","download_link":"","player_link":"","audio_player":false,"episode_data":{"playerMode":"dark","subscribeUrls":[],"rssFeedUrl":"https:\/\/stepienybarno.es\/blog\/feed\/podcast\/podcast-de-stepienybarno","embedCode":"<blockquote class=\"wp-embedded-content\" data-secret=\"VhdhWUaclq\"><a href=\"https:\/\/stepienybarno.es\/blog\/2012\/02\/08\/entrevista-christophe-hutin-_-parte-1-construire-autrement-4\/\">ENTREVISTA CHRISTOPHE HUTIN _ Parte 1. Construire autrement #4<\/a><\/blockquote><iframe sandbox=\"allow-scripts\" security=\"restricted\" src=\"https:\/\/stepienybarno.es\/blog\/2012\/02\/08\/entrevista-christophe-hutin-_-parte-1-construire-autrement-4\/embed\/#?secret=VhdhWUaclq\" width=\"500\" height=\"350\" title=\"\u00abENTREVISTA CHRISTOPHE HUTIN _ Parte 1. Construire autrement #4\u00bb \u2014 Blog de STEPIEN Y BARNO - publicaci\u00f3n digital sobre arquitectura\" data-secret=\"VhdhWUaclq\" frameborder=\"0\" marginwidth=\"0\" marginheight=\"0\" scrolling=\"no\" class=\"wp-embedded-content\"><\/iframe><script type=\"text\/javascript\">\n\/* <![CDATA[ *\/\n\/*! This file is auto-generated *\/\n!function(d,l){\"use strict\";l.querySelector&&d.addEventListener&&\"undefined\"!=typeof URL&&(d.wp=d.wp||{},d.wp.receiveEmbedMessage||(d.wp.receiveEmbedMessage=function(e){var t=e.data;if((t||t.secret||t.message||t.value)&&!\/[^a-zA-Z0-9]\/.test(t.secret)){for(var s,r,n,a=l.querySelectorAll('iframe[data-secret=\"'+t.secret+'\"]'),o=l.querySelectorAll('blockquote[data-secret=\"'+t.secret+'\"]'),c=new RegExp(\"^https?:$\",\"i\"),i=0;i<o.length;i++)o[i].style.display=\"none\";for(i=0;i<a.length;i++)s=a[i],e.source===s.contentWindow&&(s.removeAttribute(\"style\"),\"height\"===t.message?(1e3<(r=parseInt(t.value,10))?r=1e3:~~r<200&&(r=200),s.height=r):\"link\"===t.message&&(r=new URL(s.getAttribute(\"src\")),n=new URL(t.value),c.test(n.protocol))&&n.host===r.host&&l.activeElement===s&&(d.top.location.href=t.value))}},d.addEventListener(\"message\",d.wp.receiveEmbedMessage,!1),l.addEventListener(\"DOMContentLoaded\",function(){for(var e,t,s=l.querySelectorAll(\"iframe.wp-embedded-content\"),r=0;r<s.length;r++)(t=(e=s[r]).getAttribute(\"data-secret\"))||(t=Math.random().toString(36).substring(2,12),e.src+=\"#?secret=\"+t,e.setAttribute(\"data-secret\",t)),e.contentWindow.postMessage({message:\"ready\",secret:t},\"*\")},!1)))}(window,document);\n\/* ]]> *\/\n<\/script>\n"},"_links":{"self":[{"href":"https:\/\/stepienybarno.es\/blog\/wp-json\/wp\/v2\/posts\/5061"}],"collection":[{"href":"https:\/\/stepienybarno.es\/blog\/wp-json\/wp\/v2\/posts"}],"about":[{"href":"https:\/\/stepienybarno.es\/blog\/wp-json\/wp\/v2\/types\/post"}],"author":[{"embeddable":true,"href":"https:\/\/stepienybarno.es\/blog\/wp-json\/wp\/v2\/users\/2"}],"replies":[{"embeddable":true,"href":"https:\/\/stepienybarno.es\/blog\/wp-json\/wp\/v2\/comments?post=5061"}],"version-history":[{"count":7,"href":"https:\/\/stepienybarno.es\/blog\/wp-json\/wp\/v2\/posts\/5061\/revisions"}],"predecessor-version":[{"id":5074,"href":"https:\/\/stepienybarno.es\/blog\/wp-json\/wp\/v2\/posts\/5061\/revisions\/5074"}],"wp:attachment":[{"href":"https:\/\/stepienybarno.es\/blog\/wp-json\/wp\/v2\/media?parent=5061"}],"wp:term":[{"taxonomy":"category","embeddable":true,"href":"https:\/\/stepienybarno.es\/blog\/wp-json\/wp\/v2\/categories?post=5061"},{"taxonomy":"post_tag","embeddable":true,"href":"https:\/\/stepienybarno.es\/blog\/wp-json\/wp\/v2\/tags?post=5061"},{"taxonomy":"series","embeddable":true,"href":"https:\/\/stepienybarno.es\/blog\/wp-json\/wp\/v2\/series?post=5061"}],"curies":[{"name":"wp","href":"https:\/\/api.w.org\/{rel}","templated":true}]}}