{"id":50822,"date":"2021-12-16T08:02:56","date_gmt":"2021-12-16T06:02:56","guid":{"rendered":"https:\/\/stepienybarno.es\/blog\/?p=50822"},"modified":"2021-12-16T09:26:56","modified_gmt":"2021-12-16T07:26:56","slug":"la-vida-en-un-invernadero-de-policarbonato","status":"publish","type":"post","link":"https:\/\/stepienybarno.es\/blog\/2021\/12\/16\/la-vida-en-un-invernadero-de-policarbonato\/","title":{"rendered":"La vida en un invernadero de policarbonato"},"content":{"rendered":"<p><img loading=\"lazy\" decoding=\"async\" class=\"alignnone wp-image-50823\" src=\"https:\/\/stepienybarno.es\/blog\/wp-content\/uploads\/2021\/12\/stepieybarno-La-vida-en-un-invernadero-de-policarbonato-Postdeldia.jpg\" alt=\"\" width=\"750\" height=\"590\" srcset=\"https:\/\/stepienybarno.es\/blog\/wp-content\/uploads\/2021\/12\/stepieybarno-La-vida-en-un-invernadero-de-policarbonato-Postdeldia.jpg 458w, https:\/\/stepienybarno.es\/blog\/wp-content\/uploads\/2021\/12\/stepieybarno-La-vida-en-un-invernadero-de-policarbonato-Postdeldia-180x141.jpg 180w, https:\/\/stepienybarno.es\/blog\/wp-content\/uploads\/2021\/12\/stepieybarno-La-vida-en-un-invernadero-de-policarbonato-Postdeldia-316x248.jpg 316w\" sizes=\"(max-width: 750px) 100vw, 750px\" \/><\/p>\n<h1><strong>Por: Miguel Barahona<br \/>\n<\/strong><\/h1>\n<h2>Desde: <strong>arquitectura, entre otras cosas<br \/>\n<\/strong><\/h2>\n<h2>Fotograf\u00eda: Lacaton&amp;Vassal<\/h2>\n<p>Unos arrendatarios, empleados de una explotaci\u00f3n vit\u00edcola, deciden comprar una casa. Incapaces de identificarse con los modelos suburbanos est\u00e1ndar que encuentran a su alrededor, contactan con unos arquitectos de los que les interesa una casa que han visto en una exposici\u00f3n [Casa Latapie]. De ella les ha llamado la atenci\u00f3n la inclusi\u00f3n de un gran invernadero como sal\u00f3n y la b\u00fasqueda de la m\u00e1xima econom\u00eda de medios con la utilizaci\u00f3n de algunos materiales de construcci\u00f3n que normalmente son despreciados en el \u00e1mbito residencial. Comienzan las conversaciones. Arquitectos y clientes colaboran en la localizaci\u00f3n de un terreno, en la elecci\u00f3n de un sistema constructivo y en la definici\u00f3n de las caracter\u00edsticas que la vivienda debe tener. Se trata de una pareja con una hija que estudia en la ciudad. Desean una serie de habitaciones, pero les gusta mucho el jard\u00edn, ya que ellos mismos se dedican a labores agrarias. Querr\u00edan tener una relaci\u00f3n especial con el jard\u00edn. Querr\u00edan tener adem\u00e1s un huerto. Su relaci\u00f3n con la naturaleza no es idealizada. Querr\u00edan tener tambi\u00e9n plantas en invierno, y una gran habitaci\u00f3n donde poder disfrutar de sus aficiones. Son una familia convencional. No desean investigar una nueva organizaci\u00f3n tipol\u00f3gica, pero s\u00ed quieren el tipo se adapte a sus necesidades, intereses y gustos. El presupuesto es limitado. Una vez elegido el terreno, piensan que les gustar\u00eda tambi\u00e9n poder contemplar el enorme cielo que cubre los campos sin obst\u00e1culos de la regi\u00f3n de Burdeos, que se convierte as\u00ed en el principal referente paisaj\u00edstico del lugar.<\/p>\n<p style=\"text-align: center;\"><a href=\"https:\/\/bit.ly\/3yoNWy0\" target=\"_blank\" rel=\"noopener noreferrer\">Acceder al post<\/a><\/p>\n<hr \/>\n<h5><strong>Autores del post: <a href=\"https:\/\/stepienybarno.es\/blog\/2011\/09\/04\/las-fortalezas-del-arquitecto\/\">Stepienybarno<\/a> _ Agnieszka Stepien y Lorenzo Barn\u00f3<\/strong><\/h5>\n<h5>Y como siempre, si te gust\u00f3 el post, estar\u00eda genial que lo compartas en tus redes sociales.<\/h5>\n<h5>A su vez, si todav\u00eda no est\u00e1s suscrito a nuestra Newsletter, te animamos a hacerlo en la casilla que tienes al terminar este art\u00edculo.<\/h5>\n<p>&nbsp;<\/p>\n<p>Suscribirte a nuestro blog y recibe gratis nuestra gu\u00eda: 10 Ideas para vender m\u00e1s si eres arquitecto<\/p>\n<p>Acceder: <a href=\"http:\/\/bit.ly\/2fkkTS7\">http:\/\/bit.ly\/2fkkTS7<\/a><\/p>\n<p>&nbsp;<\/p>\n<p>Si te interesa contactar con nosotros para que te ayudemos a mejorar tu visibilidad online y, en consecuencia, mejorar tus oportunidades laborales, no dudes en escribirnos a: <a href=\"mailto:blog@stepienybarno.es\">blog@stepienybarno.es<\/a><\/p>\n<p>&nbsp;<\/p>\n<p><em><a href=\"https:\/\/twitter.com\/stepienybarno\">Stepienybarno en TWITTER<\/a><\/em><\/p>\n<p><em><a href=\"https:\/\/twitter.com\/stepienybarno\">@stepienybarno (+ de 16.000 seguidores)<\/a><\/em><\/p>\n<p><em><a href=\"https:\/\/twitter.com\/stepienybarno?lang=es\">https:\/\/twitter.com\/stepienybarno?lang=es<\/a><\/em><\/p>\n<p><em><a href=\"https:\/\/www.facebook.com\/pages\/BLOG-DE-STEPIENYBARNO\/78001079029\">Stepienybarno en FACEBOOK (+ de 24<u>.000 seguidores)<\/u><\/a><\/em><\/p>\n<p><em><a href=\"https:\/\/www.facebook.com\/StepienyBarnoArquitecturaeIdentidadDigital\/\">https:\/\/www.facebook.com\/StepienyBarnoArquitecturaeIdentidadDigital\/<\/a><\/em><\/p>\n<p><em>Acceder a nuestro GRUPO CERRADO DE FACEBOOK sobre Identidad Digital para Arquitectos:<\/em><\/p>\n<p><em><a href=\"https:\/\/www.facebook.com\/groups\/IdentidadDigitalParaArquitectos\/\">https:\/\/www.facebook.com\/groups\/IdentidadDigitalParaArquitectos\/<\/a><\/em><\/p>\n<p><em>Suscr\u00edbete a nuestro canal de YOUTUBE: <a href=\"http:\/\/bit.ly\/2A1UtAd\">http:\/\/bit.ly\/2A1UtAd<\/a><\/em><\/p>\n<p>&nbsp;<\/p>\n<p>* <a href=\"https:\/\/stepienybarno.es\/blog\/2011\/09\/04\/las-fortalezas-del-arquitecto\/\">Stepienybarno<\/a> est\u00e1 formado por Agnieszka Stepien y Lorenzo Barn\u00f3 y desde mayo del 2009 estamos en la red con la presente publicaci\u00f3n digital (Blog) de arquitectura.<\/p>\n<p>Nuestra actividad se sustenta en tres pilares b\u00e1sicos: la investigaci\u00f3n, la publicaci\u00f3n y la redacci\u00f3n de proyectos de arquitectura.<\/p>\n<p>A su vez, somos socios cofundadores de <a href=\"http:\/\/sinergiasostenible.org\/\">SINERGIA SOSTENIBLE<\/a> y directores del blog de FUNDACI\u00d3N ARQUIA.<\/p>\n","protected":false},"excerpt":{"rendered":"<p>Por: Miguel Barahona Desde: arquitectura, entre otras cosas Fotograf\u00eda: Lacaton&amp;Vassal<\/p>\n","protected":false},"author":2,"featured_media":50823,"comment_status":"open","ping_status":"closed","sticky":false,"template":"","format":"standard","meta":{"om_disable_all_campaigns":false,"_monsterinsights_skip_tracking":false,"_monsterinsights_sitenote_active":false,"_monsterinsights_sitenote_note":"","_monsterinsights_sitenote_category":0,"_uf_show_specific_survey":0,"_uf_disable_surveys":false,"episode_type":"audio","audio_file":"","cover_image":"","cover_image_id":"","duration":"","filesize":"","date_recorded":"","explicit":"","block":"","filesize_raw":"","footnotes":""},"categories":[244],"tags":[1033,4225,4261],"series":[],"class_list":["post-50822","post","type-post","status-publish","format-standard","has-post-thumbnail","hentry","category-canal-de-arquitectura","tag-anne-lacaton","tag-jean-philippe-vassal","tag-miguel-barahona"],"aioseo_notices":[],"episode_featured_image":"https:\/\/stepienybarno.es\/blog\/wp-content\/uploads\/2021\/12\/stepieybarno-La-vida-en-un-invernadero-de-policarbonato-Postdeldia.jpg","episode_player_image":"https:\/\/stepienybarno.es\/blog\/wp-content\/uploads\/2020\/11\/stepienybarno-podcast-scaled.jpg","download_link":"","player_link":"","audio_player":false,"episode_data":{"playerMode":"dark","subscribeUrls":[],"rssFeedUrl":"https:\/\/stepienybarno.es\/blog\/feed\/podcast\/podcast-de-stepienybarno","embedCode":"<blockquote class=\"wp-embedded-content\" data-secret=\"p6fGIpSnyo\"><a href=\"https:\/\/stepienybarno.es\/blog\/2021\/12\/16\/la-vida-en-un-invernadero-de-policarbonato\/\">La vida en un invernadero de policarbonato<\/a><\/blockquote><iframe sandbox=\"allow-scripts\" security=\"restricted\" src=\"https:\/\/stepienybarno.es\/blog\/2021\/12\/16\/la-vida-en-un-invernadero-de-policarbonato\/embed\/#?secret=p6fGIpSnyo\" width=\"500\" height=\"350\" title=\"\u00abLa vida en un invernadero de policarbonato\u00bb \u2014 Blog de STEPIEN Y BARNO - publicaci\u00f3n digital sobre arquitectura\" data-secret=\"p6fGIpSnyo\" frameborder=\"0\" marginwidth=\"0\" marginheight=\"0\" scrolling=\"no\" class=\"wp-embedded-content\"><\/iframe><script type=\"text\/javascript\">\n\/* <![CDATA[ *\/\n\/*! This file is auto-generated *\/\n!function(d,l){\"use strict\";l.querySelector&&d.addEventListener&&\"undefined\"!=typeof URL&&(d.wp=d.wp||{},d.wp.receiveEmbedMessage||(d.wp.receiveEmbedMessage=function(e){var t=e.data;if((t||t.secret||t.message||t.value)&&!\/[^a-zA-Z0-9]\/.test(t.secret)){for(var s,r,n,a=l.querySelectorAll('iframe[data-secret=\"'+t.secret+'\"]'),o=l.querySelectorAll('blockquote[data-secret=\"'+t.secret+'\"]'),c=new RegExp(\"^https?:$\",\"i\"),i=0;i<o.length;i++)o[i].style.display=\"none\";for(i=0;i<a.length;i++)s=a[i],e.source===s.contentWindow&&(s.removeAttribute(\"style\"),\"height\"===t.message?(1e3<(r=parseInt(t.value,10))?r=1e3:~~r<200&&(r=200),s.height=r):\"link\"===t.message&&(r=new URL(s.getAttribute(\"src\")),n=new URL(t.value),c.test(n.protocol))&&n.host===r.host&&l.activeElement===s&&(d.top.location.href=t.value))}},d.addEventListener(\"message\",d.wp.receiveEmbedMessage,!1),l.addEventListener(\"DOMContentLoaded\",function(){for(var e,t,s=l.querySelectorAll(\"iframe.wp-embedded-content\"),r=0;r<s.length;r++)(t=(e=s[r]).getAttribute(\"data-secret\"))||(t=Math.random().toString(36).substring(2,12),e.src+=\"#?secret=\"+t,e.setAttribute(\"data-secret\",t)),e.contentWindow.postMessage({message:\"ready\",secret:t},\"*\")},!1)))}(window,document);\n\/* ]]> *\/\n<\/script>\n"},"_links":{"self":[{"href":"https:\/\/stepienybarno.es\/blog\/wp-json\/wp\/v2\/posts\/50822"}],"collection":[{"href":"https:\/\/stepienybarno.es\/blog\/wp-json\/wp\/v2\/posts"}],"about":[{"href":"https:\/\/stepienybarno.es\/blog\/wp-json\/wp\/v2\/types\/post"}],"author":[{"embeddable":true,"href":"https:\/\/stepienybarno.es\/blog\/wp-json\/wp\/v2\/users\/2"}],"replies":[{"embeddable":true,"href":"https:\/\/stepienybarno.es\/blog\/wp-json\/wp\/v2\/comments?post=50822"}],"version-history":[{"count":2,"href":"https:\/\/stepienybarno.es\/blog\/wp-json\/wp\/v2\/posts\/50822\/revisions"}],"predecessor-version":[{"id":50825,"href":"https:\/\/stepienybarno.es\/blog\/wp-json\/wp\/v2\/posts\/50822\/revisions\/50825"}],"wp:featuredmedia":[{"embeddable":true,"href":"https:\/\/stepienybarno.es\/blog\/wp-json\/wp\/v2\/media\/50823"}],"wp:attachment":[{"href":"https:\/\/stepienybarno.es\/blog\/wp-json\/wp\/v2\/media?parent=50822"}],"wp:term":[{"taxonomy":"category","embeddable":true,"href":"https:\/\/stepienybarno.es\/blog\/wp-json\/wp\/v2\/categories?post=50822"},{"taxonomy":"post_tag","embeddable":true,"href":"https:\/\/stepienybarno.es\/blog\/wp-json\/wp\/v2\/tags?post=50822"},{"taxonomy":"series","embeddable":true,"href":"https:\/\/stepienybarno.es\/blog\/wp-json\/wp\/v2\/series?post=50822"}],"curies":[{"name":"wp","href":"https:\/\/api.w.org\/{rel}","templated":true}]}}