{"id":51197,"date":"2022-01-07T09:00:24","date_gmt":"2022-01-07T07:00:24","guid":{"rendered":"https:\/\/stepienybarno.es\/blog\/?p=51197"},"modified":"2022-01-07T14:15:24","modified_gmt":"2022-01-07T12:15:24","slug":"las-10-entrevistas-que-mas-han-gustado-en-2021-y-que-no-te-puedes-perder","status":"publish","type":"post","link":"https:\/\/stepienybarno.es\/blog\/2022\/01\/07\/las-10-entrevistas-que-mas-han-gustado-en-2021-y-que-no-te-puedes-perder\/","title":{"rendered":"Las 10 entrevistas que m\u00e1s han gustado en 2021 y que no te puedes perder!"},"content":{"rendered":"<p>&nbsp;<\/p>\n<p><img loading=\"lazy\" decoding=\"async\" class=\"alignnone size-full wp-image-51198\" src=\"https:\/\/stepienybarno.es\/blog\/wp-content\/uploads\/2022\/01\/entrevistas-2021-1.png\" alt=\"las 10 entrevistas a arquitectos mas vistas en 2021\" width=\"1280\" height=\"720\" srcset=\"https:\/\/stepienybarno.es\/blog\/wp-content\/uploads\/2022\/01\/entrevistas-2021-1.png 1280w, https:\/\/stepienybarno.es\/blog\/wp-content\/uploads\/2022\/01\/entrevistas-2021-1-550x309.png 550w, https:\/\/stepienybarno.es\/blog\/wp-content\/uploads\/2022\/01\/entrevistas-2021-1-1024x576.png 1024w, https:\/\/stepienybarno.es\/blog\/wp-content\/uploads\/2022\/01\/entrevistas-2021-1-180x101.png 180w, https:\/\/stepienybarno.es\/blog\/wp-content\/uploads\/2022\/01\/entrevistas-2021-1-316x178.png 316w\" sizes=\"(max-width: 1280px) 100vw, 1280px\" \/><\/p>\n<p>Como ya sab\u00e9is este blog de arquitectura, naci\u00f3 hace mas de 10 a\u00f1os, y siempre entre su contenido ha estado muy presente las entrevistas. Este a\u00f1o 2021 han pasado mas de 50 invitados entre <strong>Arquicaf\u00e9s<\/strong> e <strong>Instatecturas. <\/strong>Aqu\u00ed te dejamos la selecci\u00f3n de las 10 mas vistas del a\u00f1o 2021 y al final del post encontrar\u00e1s un listado con todas las personas entrevistadas con enlace directo a su entrevista.<\/p>\n<p>Agradecer a los m\u00e1s de 50 su generosidad y deseamos que en 2022 podamos dar voz a muchos arquitectos.<\/p>\n<h2>Las 10 entrevistas mas vistas de 2021 en Stepien y Barno<\/h2>\n<h3>10_BEATRIZ VILLANUEVA Y FRANCISCO CASAS<\/h3>\n<p class=\"LC20lb MBeuO DKV0Md\"><a href=\"https:\/\/www.brijuni.studio\/\" target=\"_blank\" rel=\"noopener\">bRijUNi Architects<\/a><\/p>\n<p>2-Marzo-2021<\/p>\n<p><iframe loading=\"lazy\" title=\"Entrevista #arquicaf\u00e9 con Brijuni arquitectos.\" width=\"911\" height=\"512\" src=\"https:\/\/www.youtube.com\/embed\/DATZTwb6_58?start=519&#038;feature=oembed\" frameborder=\"0\" allow=\"accelerometer; autoplay; clipboard-write; encrypted-media; gyroscope; picture-in-picture\" allowfullscreen><\/iframe><\/p>\n<p><a href=\"https:\/\/stepienybarno.es\/blog\/2021\/03\/02\/episodio-80-arquicafe-con-brijuni-arquitectos\/\" target=\"_blank\" rel=\"noopener\">+ Info AQU\u00cd<\/a><\/p>\n<h3>9_NURIA MOLINER<\/h3>\n<p>Escala Humana<\/p>\n<p>9- Febrero-2021<\/p>\n<p><iframe loading=\"lazy\" title=\"Arquicaf\u00e9 con Nuria Moliner, arquitecta y comunicadora.\" width=\"911\" height=\"512\" src=\"https:\/\/www.youtube.com\/embed\/joS0zo8Jkbs?start=5&#038;feature=oembed\" frameborder=\"0\" allow=\"accelerometer; autoplay; clipboard-write; encrypted-media; gyroscope; picture-in-picture\" allowfullscreen><\/iframe><\/p>\n<p><a href=\"https:\/\/stepienybarno.es\/blog\/2021\/02\/09\/episodio-74-arquicafe-con-nuria-moliner\/\" target=\"_blank\" rel=\"noopener\">+ Info AQU\u00cd<\/a><\/p>\n<h3>8_JOSE MAR\u00cdA ECHARTE<\/h3>\n<p>n+1<\/p>\n<p>21-Mayo-2021 (Arquicaf\u00e9)<\/p>\n<p><iframe loading=\"lazy\" title=\"Entrevista #arquicaf\u00e9 con Jos\u00e9 Mar\u00eda Echarte\" width=\"911\" height=\"512\" src=\"https:\/\/www.youtube.com\/embed\/25ARGTz22mM?feature=oembed\" frameborder=\"0\" allow=\"accelerometer; autoplay; clipboard-write; encrypted-media; gyroscope; picture-in-picture\" allowfullscreen><\/iframe><\/p>\n<p>25-Mayo-2021 (Instatectura)<\/p>\n<blockquote class=\"instagram-media\" style=\"background: #FFF; border: 0; border-radius: 3px; box-shadow: 0 0 1px 0 rgba(0,0,0,0.5),0 1px 10px 0 rgba(0,0,0,0.15); margin: 1px; max-width: 540px; min-width: 326px; padding: 0; width: calc(100% - 2px);\" data-instgrm-permalink=\"https:\/\/www.instagram.com\/tv\/CPSp-C5q-mw\/?utm_source=ig_embed&amp;utm_campaign=loading\" data-instgrm-version=\"14\">\n<div style=\"padding: 16px;\">\n<p>&nbsp;<\/p>\n<div style=\"display: flex; flex-direction: row; align-items: center;\">\n<div style=\"background-color: #f4f4f4; border-radius: 50%; flex-grow: 0; height: 40px; margin-right: 14px; width: 40px;\"><\/div>\n<div style=\"display: flex; flex-direction: column; flex-grow: 1; justify-content: center;\">\n<div style=\"background-color: #f4f4f4; border-radius: 4px; flex-grow: 0; height: 14px; margin-bottom: 6px; width: 100px;\"><\/div>\n<div style=\"background-color: #f4f4f4; border-radius: 4px; flex-grow: 0; height: 14px; width: 60px;\"><\/div>\n<\/div>\n<\/div>\n<div style=\"padding: 19% 0;\"><\/div>\n<div style=\"display: block; height: 50px; margin: 0 auto 12px; width: 50px;\"><\/div>\n<div style=\"padding-top: 8px;\">\n<div style=\"color: #3897f0; font-family: Arial,sans-serif; font-size: 14px; font-style: normal; font-weight: 550; line-height: 18px;\">Ver esta publicaci\u00f3n en Instagram<\/div>\n<\/div>\n<div style=\"padding: 12.5% 0;\"><\/div>\n<div style=\"display: flex; flex-direction: row; margin-bottom: 14px; align-items: center;\">\n<div>\n<div style=\"background-color: #f4f4f4; border-radius: 50%; height: 12.5px; width: 12.5px; transform: translateX(0px) translateY(7px);\"><\/div>\n<div style=\"background-color: #f4f4f4; height: 12.5px; transform: rotate(-45deg) translateX(3px) translateY(1px); width: 12.5px; flex-grow: 0; margin-right: 14px; margin-left: 2px;\"><\/div>\n<div style=\"background-color: #f4f4f4; border-radius: 50%; height: 12.5px; width: 12.5px; transform: translateX(9px) translateY(-18px);\"><\/div>\n<\/div>\n<div style=\"margin-left: 8px;\">\n<div style=\"background-color: #f4f4f4; border-radius: 50%; flex-grow: 0; height: 20px; width: 20px;\"><\/div>\n<div style=\"width: 0; height: 0; border-top: 2px solid transparent; border-left: 6px solid #f4f4f4; border-bottom: 2px solid transparent; transform: translateX(16px) translateY(-4px) rotate(30deg);\"><\/div>\n<\/div>\n<div style=\"margin-left: auto;\">\n<div style=\"width: 0px; border-top: 8px solid #F4F4F4; border-right: 8px solid transparent; transform: translateY(16px);\"><\/div>\n<div style=\"background-color: #f4f4f4; flex-grow: 0; height: 12px; width: 16px; transform: translateY(-4px);\"><\/div>\n<div style=\"width: 0; height: 0; border-top: 8px solid #F4F4F4; border-left: 8px solid transparent; transform: translateY(-4px) translateX(8px);\"><\/div>\n<\/div>\n<\/div>\n<div style=\"display: flex; flex-direction: column; flex-grow: 1; justify-content: center; margin-bottom: 24px;\">\n<div style=\"background-color: #f4f4f4; border-radius: 4px; flex-grow: 0; height: 14px; margin-bottom: 6px; width: 224px;\"><\/div>\n<div style=\"background-color: #f4f4f4; border-radius: 4px; flex-grow: 0; height: 14px; width: 144px;\"><\/div>\n<\/div>\n<p>&nbsp;<\/p>\n<p style=\"color: #c9c8cd; font-family: Arial,sans-serif; font-size: 14px; line-height: 17px; margin-bottom: 0; margin-top: 8px; overflow: hidden; padding: 8px 0 7px; text-align: center; text-overflow: ellipsis; white-space: nowrap;\"><a style=\"color: #c9c8cd; font-family: Arial,sans-serif; font-size: 14px; font-style: normal; font-weight: normal; line-height: 17px; text-decoration: none;\" href=\"https:\/\/www.instagram.com\/tv\/CPSp-C5q-mw\/?utm_source=ig_embed&amp;utm_campaign=loading\" target=\"_blank\" rel=\"noopener\">Una publicaci\u00f3n compartida de Stepienybarno (@stepienybarno)<\/a><\/p>\n<\/div>\n<\/blockquote>\n<p><script async src=\"\/\/www.instagram.com\/embed.js\"><\/script><\/p>\n<p><a href=\"https:\/\/stepienybarno.es\/blog\/2021\/05\/21\/episodio-97-arquicafe-con-jose-maria-echarte\/\" target=\"_blank\" rel=\"noopener\">+ Info AQU\u00cd<\/a><\/p>\n<h3>7_\u00c1LVARO CARRILLO<\/h3>\n<p><a href=\"https:\/\/www.instagram.com\/alvarocarrilloestudio\/?hl=es\" target=\"_blank\" rel=\"noopener\">\u00c1lvaro Carrillo Arquitectos<\/a><\/p>\n<p>11-Diciembre-2021 (Instatectura)<\/p>\n<blockquote class=\"instagram-media\" style=\"background: #FFF; border: 0; border-radius: 3px; box-shadow: 0 0 1px 0 rgba(0,0,0,0.5),0 1px 10px 0 rgba(0,0,0,0.15); margin: 1px; max-width: 540px; min-width: 326px; padding: 0; width: calc(100% - 2px);\" data-instgrm-permalink=\"https:\/\/www.instagram.com\/tv\/CXa6-TkhDa-\/?utm_source=ig_embed&amp;utm_campaign=loading\" data-instgrm-version=\"14\">\n<div style=\"padding: 16px;\">\n<p>&nbsp;<\/p>\n<div style=\"display: flex; flex-direction: row; align-items: center;\">\n<div style=\"background-color: #f4f4f4; border-radius: 50%; flex-grow: 0; height: 40px; margin-right: 14px; width: 40px;\"><\/div>\n<div style=\"display: flex; flex-direction: column; flex-grow: 1; justify-content: center;\">\n<div style=\"background-color: #f4f4f4; border-radius: 4px; flex-grow: 0; height: 14px; margin-bottom: 6px; width: 100px;\"><\/div>\n<div style=\"background-color: #f4f4f4; border-radius: 4px; flex-grow: 0; height: 14px; width: 60px;\"><\/div>\n<\/div>\n<\/div>\n<div style=\"padding: 19% 0;\"><\/div>\n<div style=\"display: block; height: 50px; margin: 0 auto 12px; width: 50px;\"><\/div>\n<div style=\"padding-top: 8px;\">\n<div style=\"color: #3897f0; font-family: Arial,sans-serif; font-size: 14px; font-style: normal; font-weight: 550; line-height: 18px;\">Ver esta publicaci\u00f3n en Instagram<\/div>\n<\/div>\n<div style=\"padding: 12.5% 0;\"><\/div>\n<div style=\"display: flex; flex-direction: row; margin-bottom: 14px; align-items: center;\">\n<div>\n<div style=\"background-color: #f4f4f4; border-radius: 50%; height: 12.5px; width: 12.5px; transform: translateX(0px) translateY(7px);\"><\/div>\n<div style=\"background-color: #f4f4f4; height: 12.5px; transform: rotate(-45deg) translateX(3px) translateY(1px); width: 12.5px; flex-grow: 0; margin-right: 14px; margin-left: 2px;\"><\/div>\n<div style=\"background-color: #f4f4f4; border-radius: 50%; height: 12.5px; width: 12.5px; transform: translateX(9px) translateY(-18px);\"><\/div>\n<\/div>\n<div style=\"margin-left: 8px;\">\n<div style=\"background-color: #f4f4f4; border-radius: 50%; flex-grow: 0; height: 20px; width: 20px;\"><\/div>\n<div style=\"width: 0; height: 0; border-top: 2px solid transparent; border-left: 6px solid #f4f4f4; border-bottom: 2px solid transparent; transform: translateX(16px) translateY(-4px) rotate(30deg);\"><\/div>\n<\/div>\n<div style=\"margin-left: auto;\">\n<div style=\"width: 0px; border-top: 8px solid #F4F4F4; border-right: 8px solid transparent; transform: translateY(16px);\"><\/div>\n<div style=\"background-color: #f4f4f4; flex-grow: 0; height: 12px; width: 16px; transform: translateY(-4px);\"><\/div>\n<div style=\"width: 0; height: 0; border-top: 8px solid #F4F4F4; border-left: 8px solid transparent; transform: translateY(-4px) translateX(8px);\"><\/div>\n<\/div>\n<\/div>\n<div style=\"display: flex; flex-direction: column; flex-grow: 1; justify-content: center; margin-bottom: 24px;\">\n<div style=\"background-color: #f4f4f4; border-radius: 4px; flex-grow: 0; height: 14px; margin-bottom: 6px; width: 224px;\"><\/div>\n<div style=\"background-color: #f4f4f4; border-radius: 4px; flex-grow: 0; height: 14px; width: 144px;\"><\/div>\n<\/div>\n<p>&nbsp;<\/p>\n<p style=\"color: #c9c8cd; font-family: Arial,sans-serif; font-size: 14px; line-height: 17px; margin-bottom: 0; margin-top: 8px; overflow: hidden; padding: 8px 0 7px; text-align: center; text-overflow: ellipsis; white-space: nowrap;\"><a style=\"color: #c9c8cd; font-family: Arial,sans-serif; font-size: 14px; font-style: normal; font-weight: normal; line-height: 17px; text-decoration: none;\" href=\"https:\/\/www.instagram.com\/tv\/CXa6-TkhDa-\/?utm_source=ig_embed&amp;utm_campaign=loading\" target=\"_blank\" rel=\"noopener\">Una publicaci\u00f3n compartida de Stepienybarno (@stepienybarno)<\/a><\/p>\n<\/div>\n<\/blockquote>\n<p><script async src=\"\/\/www.instagram.com\/embed.js\"><\/script><\/p>\n<p><a href=\"https:\/\/stepienybarno.es\/blog\/tag\/alvaro-carrillo\/\" target=\"_blank\" rel=\"noopener\">+ Info AQU\u00cd<\/a><\/p>\n<h3>6_LUC\u00cdA PEREZ MORENO<\/h3>\n<p><a href=\"http:\/\/muwo.unizar.es\/author\/muwoarch\/\">MUWOARCH<\/a><\/p>\n<p>12-Marzo-2021 (Instatectura)<\/p>\n<p><iframe loading=\"lazy\" title=\"\ud83d\udc9c\ud83d\udd25 PROYECTO MUWO + PRITZKER + PADRES DE LA ARQUITECTURA\" width=\"911\" height=\"512\" src=\"https:\/\/www.youtube.com\/embed\/0c6u_lnG1PE?start=12&#038;feature=oembed\" frameborder=\"0\" allow=\"accelerometer; autoplay; clipboard-write; encrypted-media; gyroscope; picture-in-picture\" allowfullscreen><\/iframe><\/p>\n<p><a href=\"https:\/\/stepienybarno.es\/blog\/2021\/03\/22\/episodio-84-instatectura-la-semana-en-syb\/\">+ Info AQU\u00cd<\/a><\/p>\n<h3>5_ MILENA VILLALBA<\/h3>\n<p>Fotograf\u00eda de Arquitectura<\/p>\n<p>15-Febrero-2021 (Instatectura)<\/p>\n<blockquote class=\"instagram-media\" style=\"background: #FFF; border: 0; border-radius: 3px; box-shadow: 0 0 1px 0 rgba(0,0,0,0.5),0 1px 10px 0 rgba(0,0,0,0.15); margin: 1px; max-width: 540px; min-width: 326px; padding: 0; width: calc(100% - 2px);\" data-instgrm-permalink=\"https:\/\/www.instagram.com\/tv\/CLT0Zu7izQ7\/?utm_source=ig_embed&amp;utm_campaign=loading\" data-instgrm-version=\"14\">\n<div style=\"padding: 16px;\">\n<p>&nbsp;<\/p>\n<div style=\"display: flex; flex-direction: row; align-items: center;\">\n<div style=\"background-color: #f4f4f4; border-radius: 50%; flex-grow: 0; height: 40px; margin-right: 14px; width: 40px;\"><\/div>\n<div style=\"display: flex; flex-direction: column; flex-grow: 1; justify-content: center;\">\n<div style=\"background-color: #f4f4f4; border-radius: 4px; flex-grow: 0; height: 14px; margin-bottom: 6px; width: 100px;\"><\/div>\n<div style=\"background-color: #f4f4f4; border-radius: 4px; flex-grow: 0; height: 14px; width: 60px;\"><\/div>\n<\/div>\n<\/div>\n<div style=\"padding: 19% 0;\"><\/div>\n<div style=\"display: block; height: 50px; margin: 0 auto 12px; width: 50px;\"><\/div>\n<div style=\"padding-top: 8px;\">\n<div style=\"color: #3897f0; font-family: Arial,sans-serif; font-size: 14px; font-style: normal; font-weight: 550; line-height: 18px;\">Ver esta publicaci\u00f3n en Instagram<\/div>\n<\/div>\n<div style=\"padding: 12.5% 0;\"><\/div>\n<div style=\"display: flex; flex-direction: row; margin-bottom: 14px; align-items: center;\">\n<div>\n<div style=\"background-color: #f4f4f4; border-radius: 50%; height: 12.5px; width: 12.5px; transform: translateX(0px) translateY(7px);\"><\/div>\n<div style=\"background-color: #f4f4f4; height: 12.5px; transform: rotate(-45deg) translateX(3px) translateY(1px); width: 12.5px; flex-grow: 0; margin-right: 14px; margin-left: 2px;\"><\/div>\n<div style=\"background-color: #f4f4f4; border-radius: 50%; height: 12.5px; width: 12.5px; transform: translateX(9px) translateY(-18px);\"><\/div>\n<\/div>\n<div style=\"margin-left: 8px;\">\n<div style=\"background-color: #f4f4f4; border-radius: 50%; flex-grow: 0; height: 20px; width: 20px;\"><\/div>\n<div style=\"width: 0; height: 0; border-top: 2px solid transparent; border-left: 6px solid #f4f4f4; border-bottom: 2px solid transparent; transform: translateX(16px) translateY(-4px) rotate(30deg);\"><\/div>\n<\/div>\n<div style=\"margin-left: auto;\">\n<div style=\"width: 0px; border-top: 8px solid #F4F4F4; border-right: 8px solid transparent; transform: translateY(16px);\"><\/div>\n<div style=\"background-color: #f4f4f4; flex-grow: 0; height: 12px; width: 16px; transform: translateY(-4px);\"><\/div>\n<div style=\"width: 0; height: 0; border-top: 8px solid #F4F4F4; border-left: 8px solid transparent; transform: translateY(-4px) translateX(8px);\"><\/div>\n<\/div>\n<\/div>\n<div style=\"display: flex; flex-direction: column; flex-grow: 1; justify-content: center; margin-bottom: 24px;\">\n<div style=\"background-color: #f4f4f4; border-radius: 4px; flex-grow: 0; height: 14px; margin-bottom: 6px; width: 224px;\"><\/div>\n<div style=\"background-color: #f4f4f4; border-radius: 4px; flex-grow: 0; height: 14px; width: 144px;\"><\/div>\n<\/div>\n<p>&nbsp;<\/p>\n<p style=\"color: #c9c8cd; font-family: Arial,sans-serif; font-size: 14px; line-height: 17px; margin-bottom: 0; margin-top: 8px; overflow: hidden; padding: 8px 0 7px; text-align: center; text-overflow: ellipsis; white-space: nowrap;\"><a style=\"color: #c9c8cd; font-family: Arial,sans-serif; font-size: 14px; font-style: normal; font-weight: normal; line-height: 17px; text-decoration: none;\" href=\"https:\/\/www.instagram.com\/tv\/CLT0Zu7izQ7\/?utm_source=ig_embed&amp;utm_campaign=loading\" target=\"_blank\" rel=\"noopener\">Una publicaci\u00f3n compartida de Stepienybarno (@stepienybarno)<\/a><\/p>\n<\/div>\n<\/blockquote>\n<p><script async src=\"\/\/www.instagram.com\/embed.js\"><\/script><\/p>\n<p>16-Abril-2021 (Arquicaf\u00e9)<\/p>\n<p><iframe loading=\"lazy\" title=\"entrevista con Milena Villalba, fot\u00f3grafa de arquitectura #arquicaf\u00e9\" width=\"911\" height=\"512\" src=\"https:\/\/www.youtube.com\/embed\/8SpALkEmjP8?start=178&#038;feature=oembed\" frameborder=\"0\" allow=\"accelerometer; autoplay; clipboard-write; encrypted-media; gyroscope; picture-in-picture\" allowfullscreen><\/iframe><\/p>\n<p><a href=\"https:\/\/stepienybarno.es\/blog\/2021\/04\/16\/episodio-89-arquicafe-con-milena-villalba\/\" target=\"_blank\" rel=\"noopener\">+Info AQU\u00cd<\/a><\/p>\n<h3>4_ALMUDENA DE BENITO<\/h3>\n<p><a href=\"https:\/\/www.chiquitectos.com\/\" target=\"_blank\" rel=\"noopener\">Chiquitectos<\/a><\/p>\n<p>18-Junio -2021 (Arquicaf\u00e9)<\/p>\n<p><iframe loading=\"lazy\" title=\"entrevista #arquicaf\u00e9 con Almudena de Benito\" width=\"911\" height=\"512\" src=\"https:\/\/www.youtube.com\/embed\/BRNNB0HfC8w?start=544&#038;feature=oembed\" frameborder=\"0\" allow=\"accelerometer; autoplay; clipboard-write; encrypted-media; gyroscope; picture-in-picture\" allowfullscreen><\/iframe><\/p>\n<p>25-Octubre-2021 (Instatectura)<\/p>\n<blockquote class=\"instagram-media\" style=\"background: #FFF; border: 0; border-radius: 3px; box-shadow: 0 0 1px 0 rgba(0,0,0,0.5),0 1px 10px 0 rgba(0,0,0,0.15); margin: 1px; max-width: 540px; min-width: 326px; padding: 0; width: calc(100% - 2px);\" data-instgrm-permalink=\"https:\/\/www.instagram.com\/tv\/CVcoIUCBBJX\/?utm_source=ig_embed&amp;utm_campaign=loading\" data-instgrm-version=\"14\">\n<div style=\"padding: 16px;\">\n<p>&nbsp;<\/p>\n<div style=\"display: flex; flex-direction: row; align-items: center;\">\n<div style=\"background-color: #f4f4f4; border-radius: 50%; flex-grow: 0; height: 40px; margin-right: 14px; width: 40px;\"><\/div>\n<div style=\"display: flex; flex-direction: column; flex-grow: 1; justify-content: center;\">\n<div style=\"background-color: #f4f4f4; border-radius: 4px; flex-grow: 0; height: 14px; margin-bottom: 6px; width: 100px;\"><\/div>\n<div style=\"background-color: #f4f4f4; border-radius: 4px; flex-grow: 0; height: 14px; width: 60px;\"><\/div>\n<\/div>\n<\/div>\n<div style=\"padding: 19% 0;\"><\/div>\n<div style=\"display: block; height: 50px; margin: 0 auto 12px; width: 50px;\"><\/div>\n<div style=\"padding-top: 8px;\">\n<div style=\"color: #3897f0; font-family: Arial,sans-serif; font-size: 14px; font-style: normal; font-weight: 550; line-height: 18px;\">Ver esta publicaci\u00f3n en Instagram<\/div>\n<\/div>\n<div style=\"padding: 12.5% 0;\"><\/div>\n<div style=\"display: flex; flex-direction: row; margin-bottom: 14px; align-items: center;\">\n<div>\n<div style=\"background-color: #f4f4f4; border-radius: 50%; height: 12.5px; width: 12.5px; transform: translateX(0px) translateY(7px);\"><\/div>\n<div style=\"background-color: #f4f4f4; height: 12.5px; transform: rotate(-45deg) translateX(3px) translateY(1px); width: 12.5px; flex-grow: 0; margin-right: 14px; margin-left: 2px;\"><\/div>\n<div style=\"background-color: #f4f4f4; border-radius: 50%; height: 12.5px; width: 12.5px; transform: translateX(9px) translateY(-18px);\"><\/div>\n<\/div>\n<div style=\"margin-left: 8px;\">\n<div style=\"background-color: #f4f4f4; border-radius: 50%; flex-grow: 0; height: 20px; width: 20px;\"><\/div>\n<div style=\"width: 0; height: 0; border-top: 2px solid transparent; border-left: 6px solid #f4f4f4; border-bottom: 2px solid transparent; transform: translateX(16px) translateY(-4px) rotate(30deg);\"><\/div>\n<\/div>\n<div style=\"margin-left: auto;\">\n<div style=\"width: 0px; border-top: 8px solid #F4F4F4; border-right: 8px solid transparent; transform: translateY(16px);\"><\/div>\n<div style=\"background-color: #f4f4f4; flex-grow: 0; height: 12px; width: 16px; transform: translateY(-4px);\"><\/div>\n<div style=\"width: 0; height: 0; border-top: 8px solid #F4F4F4; border-left: 8px solid transparent; transform: translateY(-4px) translateX(8px);\"><\/div>\n<\/div>\n<\/div>\n<div style=\"display: flex; flex-direction: column; flex-grow: 1; justify-content: center; margin-bottom: 24px;\">\n<div style=\"background-color: #f4f4f4; border-radius: 4px; flex-grow: 0; height: 14px; margin-bottom: 6px; width: 224px;\"><\/div>\n<div style=\"background-color: #f4f4f4; border-radius: 4px; flex-grow: 0; height: 14px; width: 144px;\"><\/div>\n<\/div>\n<p>&nbsp;<\/p>\n<p style=\"color: #c9c8cd; font-family: Arial,sans-serif; font-size: 14px; line-height: 17px; margin-bottom: 0; margin-top: 8px; overflow: hidden; padding: 8px 0 7px; text-align: center; text-overflow: ellipsis; white-space: nowrap;\"><a style=\"color: #c9c8cd; font-family: Arial,sans-serif; font-size: 14px; font-style: normal; font-weight: normal; line-height: 17px; text-decoration: none;\" href=\"https:\/\/www.instagram.com\/tv\/CVcoIUCBBJX\/?utm_source=ig_embed&amp;utm_campaign=loading\" target=\"_blank\" rel=\"noopener\">Una publicaci\u00f3n compartida de Stepienybarno (@stepienybarno)<\/a><\/p>\n<\/div>\n<\/blockquote>\n<p><script async src=\"\/\/www.instagram.com\/embed.js\"><\/script><\/p>\n<p><a href=\"https:\/\/stepienybarno.es\/blog\/2021\/06\/18\/episodio-104-arquicafe-con-almudena-de-benito-de-chiquitectos\/\" target=\"_blank\" rel=\"noopener\">+ Info AQU\u00cd<\/a><\/p>\n<h3>3_AMPARO GOMEZ<\/h3>\n<p>Arquitectura e Infancia<\/p>\n<p>12-Abril-2021 (Instatectura)<\/p>\n<blockquote class=\"instagram-media\" style=\"background: #FFF; border: 0; border-radius: 3px; box-shadow: 0 0 1px 0 rgba(0,0,0,0.5),0 1px 10px 0 rgba(0,0,0,0.15); margin: 1px; max-width: 540px; min-width: 326px; padding: 0; width: calc(100% - 2px);\" data-instgrm-permalink=\"https:\/\/www.instagram.com\/tv\/CNj8GLnqqxH\/?utm_source=ig_embed&amp;utm_campaign=loading\" data-instgrm-version=\"14\">\n<div style=\"padding: 16px;\">\n<p>&nbsp;<\/p>\n<div style=\"display: flex; flex-direction: row; align-items: center;\">\n<div style=\"background-color: #f4f4f4; border-radius: 50%; flex-grow: 0; height: 40px; margin-right: 14px; width: 40px;\"><\/div>\n<div style=\"display: flex; flex-direction: column; flex-grow: 1; justify-content: center;\">\n<div style=\"background-color: #f4f4f4; border-radius: 4px; flex-grow: 0; height: 14px; margin-bottom: 6px; width: 100px;\"><\/div>\n<div style=\"background-color: #f4f4f4; border-radius: 4px; flex-grow: 0; height: 14px; width: 60px;\"><\/div>\n<\/div>\n<\/div>\n<div style=\"padding: 19% 0;\"><\/div>\n<div style=\"display: block; height: 50px; margin: 0 auto 12px; width: 50px;\"><\/div>\n<div style=\"padding-top: 8px;\">\n<div style=\"color: #3897f0; font-family: Arial,sans-serif; font-size: 14px; font-style: normal; font-weight: 550; line-height: 18px;\">Ver esta publicaci\u00f3n en Instagram<\/div>\n<\/div>\n<div style=\"padding: 12.5% 0;\"><\/div>\n<div style=\"display: flex; flex-direction: row; margin-bottom: 14px; align-items: center;\">\n<div>\n<div style=\"background-color: #f4f4f4; border-radius: 50%; height: 12.5px; width: 12.5px; transform: translateX(0px) translateY(7px);\"><\/div>\n<div style=\"background-color: #f4f4f4; height: 12.5px; transform: rotate(-45deg) translateX(3px) translateY(1px); width: 12.5px; flex-grow: 0; margin-right: 14px; margin-left: 2px;\"><\/div>\n<div style=\"background-color: #f4f4f4; border-radius: 50%; height: 12.5px; width: 12.5px; transform: translateX(9px) translateY(-18px);\"><\/div>\n<\/div>\n<div style=\"margin-left: 8px;\">\n<div style=\"background-color: #f4f4f4; border-radius: 50%; flex-grow: 0; height: 20px; width: 20px;\"><\/div>\n<div style=\"width: 0; height: 0; border-top: 2px solid transparent; border-left: 6px solid #f4f4f4; border-bottom: 2px solid transparent; transform: translateX(16px) translateY(-4px) rotate(30deg);\"><\/div>\n<\/div>\n<div style=\"margin-left: auto;\">\n<div style=\"width: 0px; border-top: 8px solid #F4F4F4; border-right: 8px solid transparent; transform: translateY(16px);\"><\/div>\n<div style=\"background-color: #f4f4f4; flex-grow: 0; height: 12px; width: 16px; transform: translateY(-4px);\"><\/div>\n<div style=\"width: 0; height: 0; border-top: 8px solid #F4F4F4; border-left: 8px solid transparent; transform: translateY(-4px) translateX(8px);\"><\/div>\n<\/div>\n<\/div>\n<div style=\"display: flex; flex-direction: column; flex-grow: 1; justify-content: center; margin-bottom: 24px;\">\n<div style=\"background-color: #f4f4f4; border-radius: 4px; flex-grow: 0; height: 14px; margin-bottom: 6px; width: 224px;\"><\/div>\n<div style=\"background-color: #f4f4f4; border-radius: 4px; flex-grow: 0; height: 14px; width: 144px;\"><\/div>\n<\/div>\n<p>&nbsp;<\/p>\n<p style=\"color: #c9c8cd; font-family: Arial,sans-serif; font-size: 14px; line-height: 17px; margin-bottom: 0; margin-top: 8px; overflow: hidden; padding: 8px 0 7px; text-align: center; text-overflow: ellipsis; white-space: nowrap;\"><a style=\"color: #c9c8cd; font-family: Arial,sans-serif; font-size: 14px; font-style: normal; font-weight: normal; line-height: 17px; text-decoration: none;\" href=\"https:\/\/www.instagram.com\/tv\/CNj8GLnqqxH\/?utm_source=ig_embed&amp;utm_campaign=loading\" target=\"_blank\" rel=\"noopener\">Una publicaci\u00f3n compartida de Stepienybarno (@stepienybarno)<\/a><\/p>\n<\/div>\n<\/blockquote>\n<p><script async src=\"\/\/www.instagram.com\/embed.js\"><\/script><br \/>\n<a href=\"https:\/\/stepienybarno.es\/blog\/2021\/04\/12\/instatectura-la-semana-en-syb-marketing-para-arquitectos-y-arquitectura-educacion-e-infancia-con-amparo-gomez\/\" target=\"_blank\" rel=\"noopener\">+Info AQU\u00cd<\/a><\/p>\n<h3>2_ PAU M. JUST<\/h3>\n<p><a href=\"https:\/\/www.youtube.com\/c\/Deconstruyendoelcine\" target=\"_blank\" rel=\"noopener\">Deconstruyendo el cine<\/a><\/p>\n<p>12-Enero-2021 (Arquicaf\u00e9)<\/p>\n<p><iframe loading=\"lazy\" title=\"Arquicafe\u0301 Pau Marti\u0301nez Just\" width=\"911\" height=\"512\" src=\"https:\/\/www.youtube.com\/embed\/1vGr7RwjD2I?start=13&#038;feature=oembed\" frameborder=\"0\" allow=\"accelerometer; autoplay; clipboard-write; encrypted-media; gyroscope; picture-in-picture\" allowfullscreen><\/iframe><\/p>\n<p>4-Enero-2021 (Instatectura)<\/p>\n<blockquote class=\"instagram-media\" style=\"background: #FFF; border: 0; border-radius: 3px; box-shadow: 0 0 1px 0 rgba(0,0,0,0.5),0 1px 10px 0 rgba(0,0,0,0.15); margin: 1px; max-width: 540px; min-width: 326px; padding: 0; width: calc(100% - 2px);\" data-instgrm-permalink=\"https:\/\/www.instagram.com\/tv\/CJnqHgIixHL\/?utm_source=ig_embed&amp;utm_campaign=loading\" data-instgrm-version=\"14\">\n<div style=\"padding: 16px;\">\n<p>&nbsp;<\/p>\n<div style=\"display: flex; flex-direction: row; align-items: center;\">\n<div style=\"background-color: #f4f4f4; border-radius: 50%; flex-grow: 0; height: 40px; margin-right: 14px; width: 40px;\"><\/div>\n<div style=\"display: flex; flex-direction: column; flex-grow: 1; justify-content: center;\">\n<div style=\"background-color: #f4f4f4; border-radius: 4px; flex-grow: 0; height: 14px; margin-bottom: 6px; width: 100px;\"><\/div>\n<div style=\"background-color: #f4f4f4; border-radius: 4px; flex-grow: 0; height: 14px; width: 60px;\"><\/div>\n<\/div>\n<\/div>\n<div style=\"padding: 19% 0;\"><\/div>\n<div style=\"display: block; height: 50px; margin: 0 auto 12px; width: 50px;\"><\/div>\n<div style=\"padding-top: 8px;\">\n<div style=\"color: #3897f0; font-family: Arial,sans-serif; font-size: 14px; font-style: normal; font-weight: 550; line-height: 18px;\">Ver esta publicaci\u00f3n en Instagram<\/div>\n<\/div>\n<div style=\"padding: 12.5% 0;\"><\/div>\n<div style=\"display: flex; flex-direction: row; margin-bottom: 14px; align-items: center;\">\n<div>\n<div style=\"background-color: #f4f4f4; border-radius: 50%; height: 12.5px; width: 12.5px; transform: translateX(0px) translateY(7px);\"><\/div>\n<div style=\"background-color: #f4f4f4; height: 12.5px; transform: rotate(-45deg) translateX(3px) translateY(1px); width: 12.5px; flex-grow: 0; margin-right: 14px; margin-left: 2px;\"><\/div>\n<div style=\"background-color: #f4f4f4; border-radius: 50%; height: 12.5px; width: 12.5px; transform: translateX(9px) translateY(-18px);\"><\/div>\n<\/div>\n<div style=\"margin-left: 8px;\">\n<div style=\"background-color: #f4f4f4; border-radius: 50%; flex-grow: 0; height: 20px; width: 20px;\"><\/div>\n<div style=\"width: 0; height: 0; border-top: 2px solid transparent; border-left: 6px solid #f4f4f4; border-bottom: 2px solid transparent; transform: translateX(16px) translateY(-4px) rotate(30deg);\"><\/div>\n<\/div>\n<div style=\"margin-left: auto;\">\n<div style=\"width: 0px; border-top: 8px solid #F4F4F4; border-right: 8px solid transparent; transform: translateY(16px);\"><\/div>\n<div style=\"background-color: #f4f4f4; flex-grow: 0; height: 12px; width: 16px; transform: translateY(-4px);\"><\/div>\n<div style=\"width: 0; height: 0; border-top: 8px solid #F4F4F4; border-left: 8px solid transparent; transform: translateY(-4px) translateX(8px);\"><\/div>\n<\/div>\n<\/div>\n<div style=\"display: flex; flex-direction: column; flex-grow: 1; justify-content: center; margin-bottom: 24px;\">\n<div style=\"background-color: #f4f4f4; border-radius: 4px; flex-grow: 0; height: 14px; margin-bottom: 6px; width: 224px;\"><\/div>\n<div style=\"background-color: #f4f4f4; border-radius: 4px; flex-grow: 0; height: 14px; width: 144px;\"><\/div>\n<\/div>\n<p>&nbsp;<\/p>\n<p style=\"color: #c9c8cd; font-family: Arial,sans-serif; font-size: 14px; line-height: 17px; margin-bottom: 0; margin-top: 8px; overflow: hidden; padding: 8px 0 7px; text-align: center; text-overflow: ellipsis; white-space: nowrap;\"><a style=\"color: #c9c8cd; font-family: Arial,sans-serif; font-size: 14px; font-style: normal; font-weight: normal; line-height: 17px; text-decoration: none;\" href=\"https:\/\/www.instagram.com\/tv\/CJnqHgIixHL\/?utm_source=ig_embed&amp;utm_campaign=loading\" target=\"_blank\" rel=\"noopener\">Una publicaci\u00f3n compartida de Stepienybarno (@stepienybarno)<\/a><\/p>\n<\/div>\n<\/blockquote>\n<p><script async src=\"\/\/www.instagram.com\/embed.js\"><\/script><\/p>\n<p><a href=\"https:\/\/stepienybarno.es\/blog\/2021\/01\/12\/episodio-68-arquicafe-con-pau-m-just\/\">+ Info AQU\u00cd<\/a><\/p>\n<p>&nbsp;<\/p>\n<h3><strong>1_JOSE RAM\u00d3N HERNANDEZ CORREA\u00a0<\/strong><\/h3>\n<p><a href=\"http:\/\/arquitectamoslocos.blogspot.com\/\" target=\"_blank\" rel=\"noopener\">Arquitectamos locos<\/a><\/p>\n<p>31- Marzo -2021 (Arquicaf\u00e9)<\/p>\n<p><iframe loading=\"lazy\" title=\"Entrevista arquicaf\u00e9 con Jos\u00e9 Ram\u00f3n Hern\u00e1ndez Correa (Arquitectamos Locos) Blogs de Arquitectura\" width=\"911\" height=\"512\" src=\"https:\/\/www.youtube.com\/embed\/KUruQbRlkdU?feature=oembed\" frameborder=\"0\" allow=\"accelerometer; autoplay; clipboard-write; encrypted-media; gyroscope; picture-in-picture\" allowfullscreen><\/iframe><\/p>\n<p><a href=\"https:\/\/stepienybarno.es\/blog\/2021\/03\/31\/episodio-86-arquicafe-con-jose-ramon-hernandez-correa\/\">+ Info AQU\u00cd<\/a><\/p>\n<p>&nbsp;<\/p>\n<p>Estas son las 10 entrevistas mas vistas de 2021 en S<strong>tepien y Barno<\/strong> , y queremos agradecer a todos los entrevistados de este a\u00f1o su disposici\u00f3n, su amabilidad y generosidad para compartir su conocimientos con nosotros. GRACIAS.<\/p>\n<p>&nbsp;<\/p>\n<h2>Todas las entrevistas de 2021 (haz click en el nombre para acceder a cada entrevista)<\/h2>\n<p><a href=\"https:\/\/stepienybarno.es\/blog\/2021\/01\/19\/episodio-69-instatectura-la-semana-en-syb-campo-baeza-lo-mas-leido-en-2020-y-la-silla-de-la-discordia\/\" target=\"_blank\" rel=\"noopener\"><strong>Amparo Mart\u00ednez Vidal<\/strong><\/a> de Vitra<\/p>\n<p><a href=\"https:\/\/stepienybarno.es\/blog\/2021\/02\/22\/episodio-77-instatectura-la-semana-en-syb-fermina-garrido-bienal-de-arquitectura-y-arquicafe-con-ignacio-rubino\/\" target=\"_blank\" rel=\"noopener\"><strong>Fermina Garrida<\/strong><\/a> de Congreso los Cuidados<\/p>\n<p><a href=\"https:\/\/stepienybarno.es\/blog\/2021\/03\/01\/episodio-79-instatectura-la-semana-en-syb-mujeres-en-arquitectura-ojeras-y-poesia-en-el-andamio\/\"><strong>Lola Bataller<\/strong><\/a><\/p>\n<p><a href=\"https:\/\/stepienybarno.es\/blog\/2021\/03\/09\/episodio-81-instatectura-la-semana-en-syb-mujeres-en-arquitectura-y-vivienda-gerundio-de-vivir\/\"><strong>Ana Enguita<\/strong><\/a> de Urbanas<\/p>\n<p><a href=\"https:\/\/stepienybarno.es\/blog\/2021\/03\/15\/episodio-82-instatectura-la-semana-en-syb-de-thu-al-pompidu\/\" target=\"_blank\" rel=\"noopener\"><strong>Antonio Muriel<\/strong><\/a> de THU<\/p>\n<p><a href=\"https:\/\/stepienybarno.es\/blog\/2021\/03\/22\/episodio-84-instatectura-la-semana-en-syb\/\" target=\"_blank\" rel=\"noopener\"><strong>Luc\u00eda P\u00e9rez Moreno<\/strong><\/a> de MUWOARCH<\/p>\n<p><a href=\"https:\/\/stepienybarno.es\/blog\/2021\/04\/12\/instatectura-la-semana-en-syb-marketing-para-arquitectos-y-arquitectura-educacion-e-infancia-con-amparo-gomez\/\" target=\"_blank\" rel=\"noopener\"><strong>Amparo G\u00f3mez<\/strong><\/a> de Arquitectura e Infancia<\/p>\n<p><a href=\"https:\/\/stepienybarno.es\/blog\/2021\/04\/19\/episodio-91-instatectura-la-semana-en-syb-especial-dia-del-libro\/\" target=\"_blank\" rel=\"noopener\"><strong>Carmelo Rodr\u00edguez<\/strong><\/a> de I book on Sundays<\/p>\n<p><a href=\"https:\/\/stepienybarno.es\/blog\/2021\/04\/27\/episodio-91-instatectura-la-semana-en-syb-sorteo-de-libros-construccion-en-madera\/\" target=\"_blank\" rel=\"noopener\"><strong>Mar\u00eda S\u00e1nchez<\/strong><\/a> de The Cambium Design<\/p>\n<p><a href=\"https:\/\/stepienybarno.es\/blog\/2021\/05\/10\/episodio-94-instatectura-la-semana-en-syb-arquitectura-efimera-y-paisaje-con-xavi-bayona\/\" target=\"_blank\" rel=\"noopener\"><strong>Xavi Bayona<\/strong><\/a> de Bayona Studio<\/p>\n<p><a href=\"https:\/\/stepienybarno.es\/blog\/2021\/05\/17\/episodio-96-instatectura-la-semana-en-syb-cuestion-de-sentimiento-en-arquitectura-con-garmendia-cordero-arquitectos\/\" target=\"_blank\" rel=\"noopener\"><strong>Carlos Garmendia<\/strong><\/a> de Garmendia &amp; Cordero Arquitectos<\/p>\n<p><a href=\"https:\/\/stepienybarno.es\/blog\/2021\/06\/07\/episodio-101-instatectura-la-semana-en-syb-visitas-de-obra-casa-con-contenedores-maritimos-segovia-y-plaza-de-las-llanas-burgos\/\" target=\"_blank\" rel=\"noopener\"><strong>Carmen Franc\u00e9s<\/strong><\/a> de AJO Taller<\/p>\n<p><a href=\"https:\/\/stepienybarno.es\/blog\/2021\/12\/21\/episodio-129-instatectura-la-semana-en-syb-premios-mapei-con-oscar-aguera\/\" target=\"_blank\" rel=\"noopener\"><strong>Oscar Aguera<\/strong><\/a> e Mapei<\/p>\n<p><a href=\"https:\/\/stepienybarno.es\/blog\/2021\/06\/21\/episodio-105-instatectura-la-semana-en-syb-el-proceso-creativo-y-la-innovacion-con-oihane-pardo-de-amarenak\/\" target=\"_blank\" rel=\"noopener\"><strong>Orihane Pardo<\/strong><\/a> de Anarenak<\/p>\n<p><a href=\"https:\/\/stepienybarno.es\/blog\/2021\/06\/28\/episodio-106-instatectura-la-semana-en-syb-la-mujer-en-la-construccion-con-ella-construye\/\" target=\"_blank\" rel=\"noopener\"><strong>Laura Baquero<\/strong><\/a> de Ella Construye<\/p>\n<p><a href=\"https:\/\/stepienybarno.es\/blog\/2021\/07\/13\/episodio-108-instatectura-la-semana-en-syb-retos-en-la-ciudad-y-en-lo-rural-con-paisaje-transversal\/\" target=\"_blank\" rel=\"noopener\"><strong>Jon Aguirre<\/strong><\/a> de Paisaje Transversal<\/p>\n<p><a href=\"https:\/\/stepienybarno.es\/blog\/2021\/07\/20\/episodio-110-instatectura-la-semana-en-syb\/\" target=\"_blank\" rel=\"noopener\"><strong>Manu Saga<\/strong><\/a> de Amate y Saga Arquitectura<\/p>\n<p><a href=\"https:\/\/stepienybarno.es\/blog\/2021\/07\/28\/episodio-11-instatectura-la-semana-en-syb-la-ciudad-que-queremos-entrevista-a-jose-maria-ezquiaga\/\" target=\"_blank\" rel=\"noopener\"><b>Jos\u00e9<\/b><strong>\u00a0Mar\u00eda Ezquiaga<\/strong><\/a> de Ezquiaga Arquitectura<\/p>\n<p><a href=\"https:\/\/stepienybarno.es\/blog\/2021\/09\/27\/episodio-118-instatectura-la-semana-en-syb-10a-edicion-del-festival-urbanbat\/\" target=\"_blank\" rel=\"noopener\"><strong>Gorka Rodr\u00edguez<\/strong><\/a> de Urbanbat<\/p>\n<p><a href=\"https:\/\/www.instagram.com\/p\/CUUuGn5IhKT\/?utm_source=ig_web_copy_link\" target=\"_blank\" rel=\"noopener\"><strong>Roc\u00edo Garc\u00eda<\/strong> <\/a>del Congreso Arquitectura y Persona<\/p>\n<p><a href=\"https:\/\/www.instagram.com\/p\/CUU1SfJFEo9\/?utm_source=ig_web_copy_link\" target=\"_blank\" rel=\"noopener\"><strong>Pedro Torrijos<\/strong><\/a> del Congreso Arquitectura y Persona<\/p>\n<p><a href=\"https:\/\/stepienybarno.es\/blog\/2021\/10\/18\/episodio-122-instatectura-la-semana-en-syb-one-day-design-challenge-by-rocachallenge\/\" target=\"_blank\" rel=\"noopener\"><strong>Lena Blanco<\/strong><\/a> de Roca Challenge<\/p>\n<p><a href=\"https:\/\/stepienybarno.es\/blog\/2021\/12\/13\/episodio-128-instatectura-la-semana-en-syb-arquia-proxima-con-alvaro-carrillo-y-debate-dia-a-dia-de-un-estudio-de-arquitectura\/\" target=\"_blank\" rel=\"noopener\"><strong>\u00c1lvaro Carrillo<\/strong><\/a> de Carrillo Studio<\/p>\n<p><a href=\"https:\/\/stepienybarno.es\/blog\/2021\/11\/12\/episodio-122-arquicafe-con-arturo-franco\/\" target=\"_blank\" rel=\"noopener\"><strong>Arturo Franco<\/strong><\/a> de Jardines con encanto<\/p>\n<p><a href=\"https:\/\/stepienybarno.es\/blog\/2021\/10\/15\/episodio-121-arquicafe-con-ivan-guerra\/\" target=\"_blank\" rel=\"noopener\"><strong>Iv\u00e1n Guerra<\/strong><\/a> de BIMlevel<\/p>\n<p><a href=\"https:\/\/stepienybarno.es\/blog\/2021\/10\/01\/arquicafe-con-luis-lope-de-toledo\/\" target=\"_blank\" rel=\"noopener\"><strong>Luis Lope de Toledo<\/strong><\/a><\/p>\n<p><a href=\"https:\/\/stepienybarno.es\/blog\/2021\/09\/17\/episodio-116-arquicafe-con-oscar-m-ares\/\" target=\"_blank\" rel=\"noopener\"><strong>Oscar Miguel Ares<\/strong><\/a> de Contextos de Arquitectura<\/p>\n<p><a href=\"https:\/\/stepienybarno.es\/blog\/2021\/09\/03\/episodio-114-arquicafe-con-marta-calatrava\/\" target=\"_blank\" rel=\"noopener\"><strong>Marta Calatrava<\/strong><\/a><\/p>\n<p><a href=\"https:\/\/stepienybarno.es\/blog\/2021\/08\/25\/episodio-113-arquicafe-con-felipe-samaran\/\" target=\"_blank\" rel=\"noopener\"><strong>Felipe Samar\u00e1n<\/strong><\/a> del Congreso Arquitectura y persona<\/p>\n<p><a href=\"https:\/\/stepienybarno.es\/blog\/2021\/07\/30\/episodio-112-arquicafe-con-ekain-jimenez\/\" target=\"_blank\" rel=\"noopener\"><strong>Ekain Jim\u00e9nez<\/strong><\/a><\/p>\n<p><a href=\"https:\/\/stepienybarno.es\/blog\/2021\/07\/14\/episodio-109-arquicafe-con-maria-jesus-gonzalez\/\" target=\"_blank\" rel=\"noopener\"><strong>Mar\u00eda Jes\u00fas Gonz\u00e1lez<\/strong><\/a> de <em>Lo que vemos pero no miramos<\/em><\/p>\n<p><a href=\"https:\/\/stepienybarno.es\/blog\/2021\/06\/18\/episodio-104-arquicafe-con-almudena-de-benito-de-chiquitectos\/\" target=\"_blank\" rel=\"noopener\"><strong>Almudena de Benito<\/strong><\/a> de Chiquitectos<\/p>\n<p><a href=\"https:\/\/stepienybarno.es\/blog\/2021\/06\/11\/episodio-102-arquicafe-con-marta-fernandez-e-ivan-valero-de-bandada-studio\/\" target=\"_blank\" rel=\"noopener\"><strong>Marta Fern\u00e1ndez<\/strong> e <strong>Iv\u00e1n Valero<\/strong><\/a> de Bandada Estudio<\/p>\n<p><a href=\"https:\/\/stepienybarno.es\/blog\/2021\/05\/28\/episodio-99-arquicafe-con-enrique-parra\/\" target=\"_blank\" rel=\"noopener\"><strong>Enrique Parra<\/strong><\/a> de Parra Arquitectos<\/p>\n<p><a href=\"https:\/\/stepienybarno.es\/blog\/2021\/05\/21\/episodio-97-arquicafe-con-jose-maria-echarte\/\" target=\"_blank\" rel=\"noopener\"><strong>Jos\u00e9 Mar\u00eda Echarte<\/strong><\/a> de n+1<\/p>\n<p><a href=\"https:\/\/stepienybarno.es\/blog\/2021\/05\/14\/episodio-95-arquicafe-con-iria-heredia-de-cien-grados-design\/\" target=\"_blank\" rel=\"noopener\"><strong>Iria Heredia<\/strong><\/a> de Cien grados design<\/p>\n<p><a href=\"https:\/\/stepienybarno.es\/blog\/2021\/04\/30\/episodio-92-arquicafe-con-elena-detalleres\/\" target=\"_blank\" rel=\"noopener\"><strong>Elena Rodr\u00edguez<\/strong> <\/a>de Detalleres<\/p>\n<p><a href=\"https:\/\/stepienybarno.es\/blog\/2021\/04\/16\/episodio-89-arquicafe-con-milena-villalba\/\" target=\"_blank\" rel=\"noopener\"><strong>Milena Villalba<\/strong><\/a><\/p>\n<p><a href=\"https:\/\/stepienybarno.es\/blog\/2021\/04\/09\/episodio-87-arquicafe-con-ana-amado\/\" target=\"_blank\" rel=\"noopener\"><strong>Ana Amado<\/strong><\/a><\/p>\n<p><a href=\"https:\/\/stepienybarno.es\/blog\/2021\/03\/31\/episodio-86-arquicafe-con-jose-ramon-hernandez-correa\/\" target=\"_blank\" rel=\"noopener\"><strong>Jos\u00e9 Ram\u00f3n Hern\u00e1ndez Correa<\/strong><\/a><\/p>\n<p><a href=\"https:\/\/stepienybarno.es\/blog\/2021\/03\/23\/episodio-85-arquicafe-con-ana-asensio\/\" target=\"_blank\" rel=\"noopener\"><strong>Ana Asensio<\/strong><\/a><\/p>\n<p><a href=\"https:\/\/stepienybarno.es\/blog\/2021\/03\/16\/episodio-83-arquicafe-con-sara-san-gregorio-y-alicia-gutierrez\/\" target=\"_blank\" rel=\"noopener\"><strong>Sara San Gregorio<\/strong> y <strong>Alicia Guti\u00e9rrez<\/strong><\/a> de Menudas Piezas<\/p>\n<p><a href=\"https:\/\/stepienybarno.es\/blog\/2021\/03\/02\/episodio-80-arquicafe-con-brijuni-arquitectos\/\" target=\"_blank\" rel=\"noopener\"><strong>Bea Villanueva<\/strong> y <strong>Paco Casa<\/strong><\/a> de Brijuni Arquitectos<\/p>\n<p><a href=\"https:\/\/stepienybarno.es\/blog\/2021\/02\/23\/episodio-78-arquicafe-con-ignacio-rubino\/\" target=\"_blank\" rel=\"noopener\"><strong>Ignacio Rubi\u00f1o<\/strong><\/a> de RGR Arquitectos<\/p>\n<p><a href=\"https:\/\/stepienybarno.es\/blog\/2021\/02\/16\/episodio-76-arquicafe-con-anna-devis-y-daniel-rueda\/\" target=\"_blank\" rel=\"noopener\"><strong>Anna Devis<\/strong> y <strong>Daniel Rueda<\/strong><\/a><\/p>\n<p><a href=\"https:\/\/stepienybarno.es\/blog\/2021\/02\/09\/episodio-74-arquicafe-con-nuria-moliner\/\" target=\"_blank\" rel=\"noopener\"><strong>Nuria Moliner<\/strong><\/a> de Escala Humana<\/p>\n<p><a href=\"https:\/\/stepienybarno.es\/blog\/2021\/01\/26\/episodio-71-arquicafe-con-diana-sanchez\/\" target=\"_blank\" rel=\"noopener\"><strong>Diana S\u00e1nchez<\/strong> <\/a>de Patrimonio Industrial Arquitect\u00f3nico<\/p>\n<p><a href=\"https:\/\/stepienybarno.es\/blog\/2021\/01\/12\/episodio-68-arquicafe-con-pau-m-just\/\" target=\"_blank\" rel=\"noopener\"><strong>Pau M Just<\/strong> <\/a>de Deconstruyendo el cine<\/p>\n<p><a href=\"https:\/\/stepienybarno.es\/blog\/2021\/02\/01\/episodio-72-instatectura-la-semana-en-syb-sospagola-sos-arquitectura-y-alberto-alonso-de-veredes\/\" target=\"_blank\" rel=\"noopener\"><strong>Alberto Alonso<\/strong><\/a> de Veredes y VAD<\/p>\n<p>MIL GRACIAS<\/p>\n","protected":false},"excerpt":{"rendered":"<p>&nbsp; Como ya sab\u00e9is este blog de arquitectura, naci\u00f3 hace<\/p>\n","protected":false},"author":2,"featured_media":51198,"comment_status":"open","ping_status":"closed","sticky":false,"template":"","format":"standard","meta":{"om_disable_all_campaigns":false,"_monsterinsights_skip_tracking":false,"_monsterinsights_sitenote_active":false,"_monsterinsights_sitenote_note":"","_monsterinsights_sitenote_category":0,"_uf_show_specific_survey":0,"_uf_disable_surveys":false,"episode_type":"audio","audio_file":"","cover_image":"","cover_image_id":"","duration":"","filesize":"","date_recorded":"","explicit":"","block":"","filesize_raw":"","footnotes":""},"categories":[34],"tags":[7777,3787,9052,4885,2829,8110,6758,2480,7840,4702,7947,8498],"series":[],"class_list":["post-51197","post","type-post","status-publish","format-standard","has-post-thumbnail","hentry","category-actualidad","tag-arquicafe","tag-almudena-de-benito","tag-alvaro-carrillo","tag-amparo-gomez","tag-brijuni-architects","tag-instatectura","tag-jose-maria-echarte-ramos","tag-jose-ramon-hernandez-correa","tag-lucia-c-perez-moreno","tag-milena-villalba","tag-nuria-moliner","tag-pau-m-just"],"aioseo_notices":[],"episode_featured_image":"https:\/\/stepienybarno.es\/blog\/wp-content\/uploads\/2022\/01\/entrevistas-2021-1.png","episode_player_image":"https:\/\/stepienybarno.es\/blog\/wp-content\/uploads\/2020\/11\/stepienybarno-podcast-scaled.jpg","download_link":"","player_link":"","audio_player":false,"episode_data":{"playerMode":"dark","subscribeUrls":[],"rssFeedUrl":"https:\/\/stepienybarno.es\/blog\/feed\/podcast\/podcast-de-stepienybarno","embedCode":"<blockquote class=\"wp-embedded-content\" data-secret=\"fQsxtinw1l\"><a href=\"https:\/\/stepienybarno.es\/blog\/2022\/01\/07\/las-10-entrevistas-que-mas-han-gustado-en-2021-y-que-no-te-puedes-perder\/\">Las 10 entrevistas que m\u00e1s han gustado en 2021 y que no te puedes perder!<\/a><\/blockquote><iframe sandbox=\"allow-scripts\" security=\"restricted\" src=\"https:\/\/stepienybarno.es\/blog\/2022\/01\/07\/las-10-entrevistas-que-mas-han-gustado-en-2021-y-que-no-te-puedes-perder\/embed\/#?secret=fQsxtinw1l\" width=\"500\" height=\"350\" title=\"\u00abLas 10 entrevistas que m\u00e1s han gustado en 2021 y que no te puedes perder!\u00bb \u2014 Blog de STEPIEN Y BARNO - publicaci\u00f3n digital sobre arquitectura\" data-secret=\"fQsxtinw1l\" frameborder=\"0\" marginwidth=\"0\" marginheight=\"0\" scrolling=\"no\" class=\"wp-embedded-content\"><\/iframe><script type=\"text\/javascript\">\n\/* <![CDATA[ *\/\n\/*! This file is auto-generated *\/\n!function(d,l){\"use strict\";l.querySelector&&d.addEventListener&&\"undefined\"!=typeof URL&&(d.wp=d.wp||{},d.wp.receiveEmbedMessage||(d.wp.receiveEmbedMessage=function(e){var t=e.data;if((t||t.secret||t.message||t.value)&&!\/[^a-zA-Z0-9]\/.test(t.secret)){for(var s,r,n,a=l.querySelectorAll('iframe[data-secret=\"'+t.secret+'\"]'),o=l.querySelectorAll('blockquote[data-secret=\"'+t.secret+'\"]'),c=new RegExp(\"^https?:$\",\"i\"),i=0;i<o.length;i++)o[i].style.display=\"none\";for(i=0;i<a.length;i++)s=a[i],e.source===s.contentWindow&&(s.removeAttribute(\"style\"),\"height\"===t.message?(1e3<(r=parseInt(t.value,10))?r=1e3:~~r<200&&(r=200),s.height=r):\"link\"===t.message&&(r=new URL(s.getAttribute(\"src\")),n=new URL(t.value),c.test(n.protocol))&&n.host===r.host&&l.activeElement===s&&(d.top.location.href=t.value))}},d.addEventListener(\"message\",d.wp.receiveEmbedMessage,!1),l.addEventListener(\"DOMContentLoaded\",function(){for(var e,t,s=l.querySelectorAll(\"iframe.wp-embedded-content\"),r=0;r<s.length;r++)(t=(e=s[r]).getAttribute(\"data-secret\"))||(t=Math.random().toString(36).substring(2,12),e.src+=\"#?secret=\"+t,e.setAttribute(\"data-secret\",t)),e.contentWindow.postMessage({message:\"ready\",secret:t},\"*\")},!1)))}(window,document);\n\/* ]]> *\/\n<\/script>\n"},"_links":{"self":[{"href":"https:\/\/stepienybarno.es\/blog\/wp-json\/wp\/v2\/posts\/51197"}],"collection":[{"href":"https:\/\/stepienybarno.es\/blog\/wp-json\/wp\/v2\/posts"}],"about":[{"href":"https:\/\/stepienybarno.es\/blog\/wp-json\/wp\/v2\/types\/post"}],"author":[{"embeddable":true,"href":"https:\/\/stepienybarno.es\/blog\/wp-json\/wp\/v2\/users\/2"}],"replies":[{"embeddable":true,"href":"https:\/\/stepienybarno.es\/blog\/wp-json\/wp\/v2\/comments?post=51197"}],"version-history":[{"count":18,"href":"https:\/\/stepienybarno.es\/blog\/wp-json\/wp\/v2\/posts\/51197\/revisions"}],"predecessor-version":[{"id":51262,"href":"https:\/\/stepienybarno.es\/blog\/wp-json\/wp\/v2\/posts\/51197\/revisions\/51262"}],"wp:featuredmedia":[{"embeddable":true,"href":"https:\/\/stepienybarno.es\/blog\/wp-json\/wp\/v2\/media\/51198"}],"wp:attachment":[{"href":"https:\/\/stepienybarno.es\/blog\/wp-json\/wp\/v2\/media?parent=51197"}],"wp:term":[{"taxonomy":"category","embeddable":true,"href":"https:\/\/stepienybarno.es\/blog\/wp-json\/wp\/v2\/categories?post=51197"},{"taxonomy":"post_tag","embeddable":true,"href":"https:\/\/stepienybarno.es\/blog\/wp-json\/wp\/v2\/tags?post=51197"},{"taxonomy":"series","embeddable":true,"href":"https:\/\/stepienybarno.es\/blog\/wp-json\/wp\/v2\/series?post=51197"}],"curies":[{"name":"wp","href":"https:\/\/api.w.org\/{rel}","templated":true}]}}