{"id":51370,"date":"2022-01-14T16:16:04","date_gmt":"2022-01-14T14:16:04","guid":{"rendered":"https:\/\/stepienybarno.es\/blog\/?p=51370"},"modified":"2022-01-14T19:36:48","modified_gmt":"2022-01-14T17:36:48","slug":"dep-ricardo-bofill","status":"publish","type":"post","link":"https:\/\/stepienybarno.es\/blog\/2022\/01\/14\/dep-ricardo-bofill\/","title":{"rendered":"DEP Ricardo Bofill"},"content":{"rendered":"<p><img loading=\"lazy\" decoding=\"async\" class=\"wp-image-51371 size-full aligncenter\" src=\"https:\/\/stepienybarno.es\/blog\/wp-content\/uploads\/2022\/01\/RICARDO-BOFILL.jpg\" alt=\"ricardo bofill\" width=\"280\" height=\"280\" srcset=\"https:\/\/stepienybarno.es\/blog\/wp-content\/uploads\/2022\/01\/RICARDO-BOFILL.jpg 280w, https:\/\/stepienybarno.es\/blog\/wp-content\/uploads\/2022\/01\/RICARDO-BOFILL-180x180.jpg 180w, https:\/\/stepienybarno.es\/blog\/wp-content\/uploads\/2022\/01\/RICARDO-BOFILL-224x224.jpg 224w\" sizes=\"(max-width: 280px) 100vw, 280px\" \/><\/p>\n<p>Hoy viernes d\u00eda 14 de Enero de 2022, fallece el Arquitecto Ricardo Bofill a la edad de 82 a\u00f1os. Uno de los arquitectos espa\u00f1oles con m\u00e1s proyecci\u00f3n internacional.<\/p>\n<h2 style=\"text-align: center;\"><em>\u00abMi obra es el reflejo de la evoluci\u00f3n de mi personalidad a lo largo del tiempo.\u00bb Ricardo Bofill<\/em><\/h2>\n<p><em>\u00abTal vez por rebeld\u00eda o quiz\u00e1 porque se esforz\u00f3 por ser un tipo libre, Bofill esquiv\u00f3 el racionalismo casi toda su vida. Le preocup\u00f3 m\u00e1s construir lugares conectados a la ciudad que edificios aislados. En medio de una ola generalizada de depuraci\u00f3n moderna \u2014que solo emple\u00f3 para simplificar y actualizar el car\u00e1cter vern\u00e1culo de sus primeros proyectos\u2014 \u00e9l siempre respondi\u00f3 recurriendo a la historia. \u00ab<\/em><\/p>\n<p>Articulo completo : <a href=\"https:\/\/elpais.com\/cultura\/2022-01-14\/muere-ricardo-bofill-el-mas-cosmopolita-de-los-arquitectos-espanoles.html?ssm=TW_CC\" target=\"_blank\" rel=\"noopener\">Muere Ricardo Bofill, el m\u00e1s cosmopolita de los arquitectos espa\u00f1oles<\/a> escrito por ANATXU ZABALBEASCOA para El Pais<\/p>\n<p>&nbsp;<\/p>\n<p><strong>-Conferencia de de Ricardo Bofill<\/strong> : Hace menos de 6 meses realizaba esta conferencia con motivo de los premios FAD 2021, de los que fue presidente, en la que repasaba toda su obra.<\/p>\n<p><iframe loading=\"lazy\" title=\"YouTube video player\" src=\"https:\/\/www.youtube.com\/embed\/YbYl3hnhNWY?start=1119\" width=\"560\" height=\"315\" frameborder=\"0\" allowfullscreen=\"allowfullscreen\"><\/iframe><\/p>\n<p><strong>-Desde Stepien y Barno<\/strong> hablamos de una de sus obras mas ic\u00f3nicas como es <strong>la Muralla Roja<\/strong> y su relaci\u00f3n con la serie de exito <strong>\u00abEl juego del Calamar\u00bb<\/strong><\/p>\n<blockquote class=\"instagram-media\" style=\"background: #FFF; border: 0; border-radius: 3px; box-shadow: 0 0 1px 0 rgba(0,0,0,0.5),0 1px 10px 0 rgba(0,0,0,0.15); margin: 1px; max-width: 540px; min-width: 326px; padding: 0; width: calc(100% - 2px);\" data-instgrm-permalink=\"https:\/\/www.instagram.com\/tv\/CU4jFTbBVhe\/?utm_source=ig_embed&amp;utm_campaign=loading\" data-instgrm-version=\"14\">\n<div style=\"padding: 16px;\">\n<p>&nbsp;<\/p>\n<div style=\"display: flex; flex-direction: row; align-items: center;\">\n<div style=\"background-color: #f4f4f4; border-radius: 50%; flex-grow: 0; height: 40px; margin-right: 14px; width: 40px;\"><\/div>\n<div style=\"display: flex; flex-direction: column; flex-grow: 1; justify-content: center;\">\n<div style=\"background-color: #f4f4f4; border-radius: 4px; flex-grow: 0; height: 14px; margin-bottom: 6px; width: 100px;\"><\/div>\n<div style=\"background-color: #f4f4f4; border-radius: 4px; flex-grow: 0; height: 14px; width: 60px;\"><\/div>\n<\/div>\n<\/div>\n<div style=\"padding: 19% 0;\"><\/div>\n<div style=\"display: block; height: 50px; margin: 0 auto 12px; width: 50px;\"><\/div>\n<div style=\"padding-top: 8px;\">\n<div style=\"color: #3897f0; font-family: Arial,sans-serif; font-size: 14px; font-style: normal; font-weight: 550; line-height: 18px;\">Ver esta publicaci\u00f3n en Instagram<\/div>\n<\/div>\n<div style=\"padding: 12.5% 0;\"><\/div>\n<div style=\"display: flex; flex-direction: row; margin-bottom: 14px; align-items: center;\">\n<div>\n<div style=\"background-color: #f4f4f4; border-radius: 50%; height: 12.5px; width: 12.5px; transform: translateX(0px) translateY(7px);\"><\/div>\n<div style=\"background-color: #f4f4f4; height: 12.5px; transform: rotate(-45deg) translateX(3px) translateY(1px); width: 12.5px; flex-grow: 0; margin-right: 14px; margin-left: 2px;\"><\/div>\n<div style=\"background-color: #f4f4f4; border-radius: 50%; height: 12.5px; width: 12.5px; transform: translateX(9px) translateY(-18px);\"><\/div>\n<\/div>\n<div style=\"margin-left: 8px;\">\n<div style=\"background-color: #f4f4f4; border-radius: 50%; flex-grow: 0; height: 20px; width: 20px;\"><\/div>\n<div style=\"width: 0; height: 0; border-top: 2px solid transparent; border-left: 6px solid #f4f4f4; border-bottom: 2px solid transparent; transform: translateX(16px) translateY(-4px) rotate(30deg);\"><\/div>\n<\/div>\n<div style=\"margin-left: auto;\">\n<div style=\"width: 0px; border-top: 8px solid #F4F4F4; border-right: 8px solid transparent; transform: translateY(16px);\"><\/div>\n<div style=\"background-color: #f4f4f4; flex-grow: 0; height: 12px; width: 16px; transform: translateY(-4px);\"><\/div>\n<div style=\"width: 0; height: 0; border-top: 8px solid #F4F4F4; border-left: 8px solid transparent; transform: translateY(-4px) translateX(8px);\"><\/div>\n<\/div>\n<\/div>\n<div style=\"display: flex; flex-direction: column; flex-grow: 1; justify-content: center; margin-bottom: 24px;\">\n<div style=\"background-color: #f4f4f4; border-radius: 4px; flex-grow: 0; height: 14px; margin-bottom: 6px; width: 224px;\"><\/div>\n<div style=\"background-color: #f4f4f4; border-radius: 4px; flex-grow: 0; height: 14px; width: 144px;\"><\/div>\n<\/div>\n<p>&nbsp;<\/p>\n<p style=\"color: #c9c8cd; font-family: Arial,sans-serif; font-size: 14px; line-height: 17px; margin-bottom: 0; margin-top: 8px; overflow: hidden; padding: 8px 0 7px; text-align: center; text-overflow: ellipsis; white-space: nowrap;\"><a style=\"color: #c9c8cd; font-family: Arial,sans-serif; font-size: 14px; font-style: normal; font-weight: normal; line-height: 17px; text-decoration: none;\" href=\"https:\/\/www.instagram.com\/tv\/CU4jFTbBVhe\/?utm_source=ig_embed&amp;utm_campaign=loading\" target=\"_blank\" rel=\"noopener\">Una publicaci\u00f3n compartida de Stepienybarno (@stepienybarno)<\/a><\/p>\n<\/div>\n<\/blockquote>\n<p><script async src=\"\/\/www.instagram.com\/embed.js\"><\/script><\/p>\n<p><strong>-La fundaci\u00f3n Arquia<\/strong> se hace eco del fallecimiento, y en homenaje deja en abierto el documental sobre Ricardo Bofill #arquimaestros.<\/p>\n<p><em>Su itinerario fulgurante se recorre en la entrevista de Luis Fern\u00e1ndez-Galiano, desde la influencia del ambiente familiar, la formaci\u00f3n fuera de Espa\u00f1a y la creaci\u00f3n del multidisciplinar Taller de Arquitectura en Barcelona, hasta las experiencias cosmopolitas de un creador que construye en todo el mundo, deteni\u00e9ndose en hitos tan singulares como los experimentales Castillo de Kafka, Muralla Roja y Walden 7 \u2014tres on\u00edricas y ut\u00f3picas realizaciones residenciales que han quedado como la mejor representaci\u00f3n del esp\u00edritu del 68\u2014 y en obras tan difundidas como los grandes conjuntos de vivienda en Francia, de Les Arcades du Lac o Le Palais d\u2019Abraxas hasta Antigone o Les \u00c9chelles du Baroque, cuya urbanidad clasicista los hizo genuinos manifiestos postmodernos, que la trayectoria posterior de su autor templar\u00eda con inteligencia t\u00e9cnica y sensibilidad mediterr\u00e1nea para desarrollar una exitosa carrera internacional. <\/em><strong><a href=\"https:\/\/fundacion.arquia.com\/noticia\/la-fundacion\/fundaci%C3%B3n-arquia\/homenaje-a-ricardo-bofill\/\" target=\"_blank\" rel=\"noopener\">+ INFO Aqu\u00ed<\/a><\/strong><\/p>\n<p><iframe loading=\"lazy\" title=\"vimeo-player\" src=\"https:\/\/player.vimeo.com\/video\/436413346?h=b97ffbf833\" width=\"640\" height=\"360\" frameborder=\"0\" allowfullscreen=\"allowfullscreen\"><\/iframe><\/p>\n<p>&nbsp;<\/p>\n<p>&nbsp;<\/p>\n<p>Desde twitter honran su figura compa\u00f1eros como:<\/p>\n<blockquote class=\"twitter-tweet\">\n<p dir=\"ltr\" lang=\"es\">Pues me acaba de decir <a href=\"https:\/\/twitter.com\/mcarmenjuan?ref_src=twsrc%5Etfw\">@mcarmenjuan<\/a> que se ha muerto Ricardo Bofill.<br \/>\nDurante muchos a\u00f1os fue EL arquitecto. Ten\u00eda una obra interesante y muy bien valorada, pero era la figura m\u00e1s medi\u00e1tica.<\/p>\n<p>\u2014 David Garc\u00eda-Asenjo (@dgllana) <a href=\"https:\/\/twitter.com\/dgllana\/status\/1481978729056415745?ref_src=twsrc%5Etfw\">January 14, 2022<\/a><\/p><\/blockquote>\n<p><script async src=\"https:\/\/platform.twitter.com\/widgets.js\" charset=\"utf-8\"><\/script><\/p>\n<blockquote class=\"twitter-tweet\">\n<p dir=\"ltr\" lang=\"es\">Ha muerto Ricardo Bofill.<br \/>\nSeguro que seguir\u00e1s construyendo laberintos amables all\u00e1 donde vayas, viejo amigo.<\/p>\n<p>\ud83d\udcf7: Sebastian Weiss. <a href=\"https:\/\/t.co\/o7cYhSWfQn\">pic.twitter.com\/o7cYhSWfQn<\/a><\/p>\n<p>\u2014 Pedro Torrijos (@Pedro_Torrijos) <a href=\"https:\/\/twitter.com\/Pedro_Torrijos\/status\/1481984414825558024?ref_src=twsrc%5Etfw\">January 14, 2022<\/a><\/p><\/blockquote>\n<p><script async src=\"https:\/\/platform.twitter.com\/widgets.js\" charset=\"utf-8\"><\/script><\/p>\n<p>&nbsp;<\/p>\n<p><strong>Descanse en Paz<\/strong><\/p>\n","protected":false},"excerpt":{"rendered":"<p>Hoy viernes d\u00eda 14 de Enero de 2022, fallece el<\/p>\n","protected":false},"author":2,"featured_media":51371,"comment_status":"open","ping_status":"closed","sticky":false,"template":"","format":"standard","meta":{"om_disable_all_campaigns":false,"_monsterinsights_skip_tracking":false,"_monsterinsights_sitenote_active":false,"_monsterinsights_sitenote_note":"","_monsterinsights_sitenote_category":0,"_uf_show_specific_survey":0,"_uf_disable_surveys":false,"episode_type":"audio","audio_file":"","cover_image":"","cover_image_id":"","duration":"","filesize":"","date_recorded":"","explicit":"","block":"","filesize_raw":"","footnotes":""},"categories":[34],"tags":[4096],"series":[],"class_list":["post-51370","post","type-post","status-publish","format-standard","has-post-thumbnail","hentry","category-actualidad","tag-ricardo-bofill"],"aioseo_notices":[],"episode_featured_image":"https:\/\/stepienybarno.es\/blog\/wp-content\/uploads\/2022\/01\/RICARDO-BOFILL.jpg","episode_player_image":"https:\/\/stepienybarno.es\/blog\/wp-content\/uploads\/2020\/11\/stepienybarno-podcast-scaled.jpg","download_link":"","player_link":"","audio_player":false,"episode_data":{"playerMode":"dark","subscribeUrls":[],"rssFeedUrl":"https:\/\/stepienybarno.es\/blog\/feed\/podcast\/podcast-de-stepienybarno","embedCode":"<blockquote class=\"wp-embedded-content\" data-secret=\"HsIITOAOqX\"><a href=\"https:\/\/stepienybarno.es\/blog\/2022\/01\/14\/dep-ricardo-bofill\/\">DEP Ricardo Bofill<\/a><\/blockquote><iframe sandbox=\"allow-scripts\" security=\"restricted\" src=\"https:\/\/stepienybarno.es\/blog\/2022\/01\/14\/dep-ricardo-bofill\/embed\/#?secret=HsIITOAOqX\" width=\"500\" height=\"350\" title=\"\u00abDEP Ricardo Bofill\u00bb \u2014 Blog de STEPIEN Y BARNO - publicaci\u00f3n digital sobre arquitectura\" data-secret=\"HsIITOAOqX\" frameborder=\"0\" marginwidth=\"0\" marginheight=\"0\" scrolling=\"no\" class=\"wp-embedded-content\"><\/iframe><script type=\"text\/javascript\">\n\/* <![CDATA[ *\/\n\/*! This file is auto-generated *\/\n!function(d,l){\"use strict\";l.querySelector&&d.addEventListener&&\"undefined\"!=typeof URL&&(d.wp=d.wp||{},d.wp.receiveEmbedMessage||(d.wp.receiveEmbedMessage=function(e){var t=e.data;if((t||t.secret||t.message||t.value)&&!\/[^a-zA-Z0-9]\/.test(t.secret)){for(var s,r,n,a=l.querySelectorAll('iframe[data-secret=\"'+t.secret+'\"]'),o=l.querySelectorAll('blockquote[data-secret=\"'+t.secret+'\"]'),c=new RegExp(\"^https?:$\",\"i\"),i=0;i<o.length;i++)o[i].style.display=\"none\";for(i=0;i<a.length;i++)s=a[i],e.source===s.contentWindow&&(s.removeAttribute(\"style\"),\"height\"===t.message?(1e3<(r=parseInt(t.value,10))?r=1e3:~~r<200&&(r=200),s.height=r):\"link\"===t.message&&(r=new URL(s.getAttribute(\"src\")),n=new URL(t.value),c.test(n.protocol))&&n.host===r.host&&l.activeElement===s&&(d.top.location.href=t.value))}},d.addEventListener(\"message\",d.wp.receiveEmbedMessage,!1),l.addEventListener(\"DOMContentLoaded\",function(){for(var e,t,s=l.querySelectorAll(\"iframe.wp-embedded-content\"),r=0;r<s.length;r++)(t=(e=s[r]).getAttribute(\"data-secret\"))||(t=Math.random().toString(36).substring(2,12),e.src+=\"#?secret=\"+t,e.setAttribute(\"data-secret\",t)),e.contentWindow.postMessage({message:\"ready\",secret:t},\"*\")},!1)))}(window,document);\n\/* ]]> *\/\n<\/script>\n"},"_links":{"self":[{"href":"https:\/\/stepienybarno.es\/blog\/wp-json\/wp\/v2\/posts\/51370"}],"collection":[{"href":"https:\/\/stepienybarno.es\/blog\/wp-json\/wp\/v2\/posts"}],"about":[{"href":"https:\/\/stepienybarno.es\/blog\/wp-json\/wp\/v2\/types\/post"}],"author":[{"embeddable":true,"href":"https:\/\/stepienybarno.es\/blog\/wp-json\/wp\/v2\/users\/2"}],"replies":[{"embeddable":true,"href":"https:\/\/stepienybarno.es\/blog\/wp-json\/wp\/v2\/comments?post=51370"}],"version-history":[{"count":7,"href":"https:\/\/stepienybarno.es\/blog\/wp-json\/wp\/v2\/posts\/51370\/revisions"}],"predecessor-version":[{"id":51379,"href":"https:\/\/stepienybarno.es\/blog\/wp-json\/wp\/v2\/posts\/51370\/revisions\/51379"}],"wp:featuredmedia":[{"embeddable":true,"href":"https:\/\/stepienybarno.es\/blog\/wp-json\/wp\/v2\/media\/51371"}],"wp:attachment":[{"href":"https:\/\/stepienybarno.es\/blog\/wp-json\/wp\/v2\/media?parent=51370"}],"wp:term":[{"taxonomy":"category","embeddable":true,"href":"https:\/\/stepienybarno.es\/blog\/wp-json\/wp\/v2\/categories?post=51370"},{"taxonomy":"post_tag","embeddable":true,"href":"https:\/\/stepienybarno.es\/blog\/wp-json\/wp\/v2\/tags?post=51370"},{"taxonomy":"series","embeddable":true,"href":"https:\/\/stepienybarno.es\/blog\/wp-json\/wp\/v2\/series?post=51370"}],"curies":[{"name":"wp","href":"https:\/\/api.w.org\/{rel}","templated":true}]}}