{"id":51843,"date":"2022-02-15T18:47:10","date_gmt":"2022-02-15T16:47:10","guid":{"rendered":"https:\/\/stepienybarno.es\/blog\/?p=51843"},"modified":"2022-02-21T15:10:08","modified_gmt":"2022-02-21T13:10:08","slug":"arquitectura-en-las-ondas","status":"publish","type":"post","link":"https:\/\/stepienybarno.es\/blog\/2022\/02\/15\/arquitectura-en-las-ondas\/","title":{"rendered":"ARQUITECTURA EN LAS ONDAS"},"content":{"rendered":"<h2><img loading=\"lazy\" decoding=\"async\" class=\"alignnone size-full wp-image-51913\" src=\"https:\/\/stepienybarno.es\/blog\/wp-content\/uploads\/2022\/02\/stepienybarno-arquitectura-en-las-ondas.png\" alt=\"\" width=\"1280\" height=\"720\" srcset=\"https:\/\/stepienybarno.es\/blog\/wp-content\/uploads\/2022\/02\/stepienybarno-arquitectura-en-las-ondas.png 1280w, https:\/\/stepienybarno.es\/blog\/wp-content\/uploads\/2022\/02\/stepienybarno-arquitectura-en-las-ondas-550x309.png 550w, https:\/\/stepienybarno.es\/blog\/wp-content\/uploads\/2022\/02\/stepienybarno-arquitectura-en-las-ondas-1024x576.png 1024w, https:\/\/stepienybarno.es\/blog\/wp-content\/uploads\/2022\/02\/stepienybarno-arquitectura-en-las-ondas-180x101.png 180w, https:\/\/stepienybarno.es\/blog\/wp-content\/uploads\/2022\/02\/stepienybarno-arquitectura-en-las-ondas-316x178.png 316w\" sizes=\"(max-width: 1280px) 100vw, 1280px\" \/><\/h2>\n<h1>PR\u00d3XIMO EVENTO ONLINE: ARQUITECTURA EN LAS ONDAS<\/h1>\n<h4 style=\"text-align: center;\">Por motivos t\u00e9cnicos, posponemos el evento para m\u00e1s adelante.<\/h4>\n<h4 style=\"text-align: center;\">Pr\u00f3ximamente, os concretamos la fecha. Disculpad las molestias.<\/h4>\n<p style=\"text-align: center;\"><strong>Si os interesa y quer\u00e9is estar informados de primera mano escribid un email a: <\/strong><\/p>\n<p style=\"text-align: center;\"><strong>blog@stepienybarno.es<\/strong><\/p>\n<h2>INFO<\/h2>\n<p>\u00a1No te lo pierdas!<\/p>\n<p>El pasado 13 de febrero era el D\u00eda Internacional de la Radio, para las personas que amamos este formato fue d\u00eda de fiesta&#8230; y en concreto, para Stepienybarno, d\u00eda de celebraci\u00f3n pues exactamente hac\u00eda 2 a\u00f1os que inici\u00e1bamos nuestro espacio de <a href=\"https:\/\/stepienybarno.es\/blog\/tag\/podcast\/\" target=\"_blank\" rel=\"noopener\">podcast<\/a>.<\/p>\n<p>Han sido 137 episodios desde entonces, \u00a1que se dice pronto! y ojal\u00e1 les sigan muchos m\u00e1s.<\/p>\n<p>Siguiendo con esa idea de celebrar y tambi\u00e9n, por qu\u00e9 no, con intenci\u00f3n de seguir explorando nuevas formas para la difusi\u00f3n de arquitectura desde nuestro sitio web, hemos organizado un EVENTO ONLINE con compa\u00f1eros y compa\u00f1eras vinculados a la profesi\u00f3n arquitect\u00f3nica que puedan contarnos desde su propia experiencia c\u00f3mo ven <em>las ondas<\/em> como medio para su difusi\u00f3n.<\/p>\n<p>Arquitectura, disciplina visual donde las haya \u2013extremadamente visual me atrever\u00eda a decir\u2013, y que no acostumbramos tanto a consumir en formato de audio. Hablemos de ello, \u00a1de cuando alguien te susurra arquitectura al o\u00eddo!<\/p>\n<pre>\u00bfCU\u00c1NDO?<\/pre>\n<p>El evento tendr\u00e1 lugar el pr\u00f3ximo 23 de febrero a las 20h (esp.)<\/p>\n<pre>\u00bfD\u00d3NDE?<\/pre>\n<p>Online v\u00eda Zoom.<\/p>\n<pre>INSCRIPCIONES<\/pre>\n<p>INSCRIPCI\u00d3N GRATUITA Y OBLIGATORIA ESCRIBIENDO A: blog@stepienybarno.es<\/p>\n<h1>PONENTES<\/h1>\n<p>No podemos estar m\u00e1s contentos con el cartel, ese d\u00eda hemos logrado juntar a este fant\u00e1stico equipo.<\/p>\n<h2>AURORA DOM\u00cdNGUEZ<\/h2>\n<p><img loading=\"lazy\" decoding=\"async\" class=\"alignnone size-full wp-image-51881\" src=\"https:\/\/stepienybarno.es\/blog\/wp-content\/uploads\/2022\/02\/stepienybarno-arquitectura-en-las-ondas-aurora-dominguez.png\" alt=\"\" width=\"1920\" height=\"750\" srcset=\"https:\/\/stepienybarno.es\/blog\/wp-content\/uploads\/2022\/02\/stepienybarno-arquitectura-en-las-ondas-aurora-dominguez.png 1920w, https:\/\/stepienybarno.es\/blog\/wp-content\/uploads\/2022\/02\/stepienybarno-arquitectura-en-las-ondas-aurora-dominguez-550x215.png 550w, https:\/\/stepienybarno.es\/blog\/wp-content\/uploads\/2022\/02\/stepienybarno-arquitectura-en-las-ondas-aurora-dominguez-1024x400.png 1024w, https:\/\/stepienybarno.es\/blog\/wp-content\/uploads\/2022\/02\/stepienybarno-arquitectura-en-las-ondas-aurora-dominguez-180x70.png 180w, https:\/\/stepienybarno.es\/blog\/wp-content\/uploads\/2022\/02\/stepienybarno-arquitectura-en-las-ondas-aurora-dominguez-1536x600.png 1536w, https:\/\/stepienybarno.es\/blog\/wp-content\/uploads\/2022\/02\/stepienybarno-arquitectura-en-las-ondas-aurora-dominguez-316x123.png 316w\" sizes=\"(max-width: 1920px) 100vw, 1920px\" \/><\/p>\n<div>\n<div>\n<p>Licenciada Filosof\u00eda y Periodismo por la Universidad Complutense de Madrid. Estudi\u00f3 Arquitectura en la Technische Universit\u00e4t Berlin. Su pr\u00e1ctica art\u00edstica se centra en acciones, intervenciones p\u00fablicas, video, instalaciones y fotograf\u00eda.<\/p>\n<\/div>\n<div>\n<p>Ha sido profesora de proyectos y comunicaci\u00f3n en el IED Madrid en la escuela de Design. Y formado parte del equipo de redacci\u00f3n de la Revista Neo2 Magazine y de la Revista del Colegio de Arquitectos de Madrid bajo la direcci\u00f3n de Victoria Acebo y \u00c1ngel Alonso.<\/p>\n<div>\n<p>Entre sus proyectos y exposiciones se encuentran: Fluxus to the People. Performance Colectiva. Museo Nacional Centro de Arte Reina Sof\u00eda. Instalaci\u00f3n Neum\u00e1tica. Primavera Sound. Barcelona Con el colectivo Plastique Fantastique. Instalaci\u00f3n Neum\u00e1tica para el Festival Internacional de Arquitectura y Dise\u00f1o Concentrico Logro\u00f1o.\u00a0 Plurisensorial Delicioso en el IAC y CC Las cigarreras de Alicante.<\/p>\n<p>Podcast: <a href=\"https:\/\/www.ivoox.com\/podcast-lecciones-inesperadas-paseo-alacant_sq_f11400994_amp_1.html\" target=\"_blank\" rel=\"noopener\">Lecciones inesperadas Un paseo por Alacant<\/a><\/p>\n<\/div>\n<\/div>\n<\/div>\n<h2>PEDRO TORRIJOS<\/h2>\n<p><img loading=\"lazy\" decoding=\"async\" class=\"alignnone size-full wp-image-51879\" src=\"https:\/\/stepienybarno.es\/blog\/wp-content\/uploads\/2022\/02\/stepienybarno-arquitectura-en-las-ondas-pedro-torrijos.png\" alt=\"\" width=\"1920\" height=\"750\" srcset=\"https:\/\/stepienybarno.es\/blog\/wp-content\/uploads\/2022\/02\/stepienybarno-arquitectura-en-las-ondas-pedro-torrijos.png 1920w, https:\/\/stepienybarno.es\/blog\/wp-content\/uploads\/2022\/02\/stepienybarno-arquitectura-en-las-ondas-pedro-torrijos-550x215.png 550w, https:\/\/stepienybarno.es\/blog\/wp-content\/uploads\/2022\/02\/stepienybarno-arquitectura-en-las-ondas-pedro-torrijos-1024x400.png 1024w, https:\/\/stepienybarno.es\/blog\/wp-content\/uploads\/2022\/02\/stepienybarno-arquitectura-en-las-ondas-pedro-torrijos-180x70.png 180w, https:\/\/stepienybarno.es\/blog\/wp-content\/uploads\/2022\/02\/stepienybarno-arquitectura-en-las-ondas-pedro-torrijos-1536x600.png 1536w, https:\/\/stepienybarno.es\/blog\/wp-content\/uploads\/2022\/02\/stepienybarno-arquitectura-en-las-ondas-pedro-torrijos-316x123.png 316w\" sizes=\"(max-width: 1920px) 100vw, 1920px\" \/><\/p>\n<div>Pedro Torrijos (Madrid, 1975) cuenta historias. Y cuenta historias porque eso es lo que ha querido hacer siempre.<\/div>\n<div>Arquitecto por la ETSAM, lleva desde 2011 contando historias relacionadas con la arquitectura de todas las maneras y en todos los formatos.<\/div>\n<div>Historias de hombres, de mujeres, de edificios y de lugares. Historias que son art\u00edculos en El Pa\u00eds, Yorokobu o Jot Down, entre otros.<\/div>\n<div>Historias que contaba como profesor de proyectos. Historias que son paisajes sonoros en podcast para Podium o el Museo ICO.<\/div>\n<div>Historias que son reportajes contados en el lenguaje \u00fanico de las redes sociales.<\/div>\n<div><\/div>\n<div>Responsable del proyecto #LaBrasaTorrijos, lleva desde 2019 contando historias de arquitectura y ayudando a entenderla a millones de personas cada semana.<\/div>\n<div>\n<p>Y si os lo encontr\u00e1is por la calle, probablemente os contar\u00e1 una historia.<\/p>\n<p>Podcast: <a href=\"https:\/\/www.podiumpodcast.com\/territorios-improbables\/\" target=\"_blank\" rel=\"noopener\">Territorios Improbables<\/a><\/p>\n<\/div>\n<h2>CRISTINA CABRERA<\/h2>\n<p><img loading=\"lazy\" decoding=\"async\" class=\"alignnone size-full wp-image-51880\" src=\"https:\/\/stepienybarno.es\/blog\/wp-content\/uploads\/2022\/02\/stepienybarno-arquitectura-en-las-ondas-cristina-cabrera.png\" alt=\"\" width=\"1920\" height=\"750\" srcset=\"https:\/\/stepienybarno.es\/blog\/wp-content\/uploads\/2022\/02\/stepienybarno-arquitectura-en-las-ondas-cristina-cabrera.png 1920w, https:\/\/stepienybarno.es\/blog\/wp-content\/uploads\/2022\/02\/stepienybarno-arquitectura-en-las-ondas-cristina-cabrera-550x215.png 550w, https:\/\/stepienybarno.es\/blog\/wp-content\/uploads\/2022\/02\/stepienybarno-arquitectura-en-las-ondas-cristina-cabrera-1024x400.png 1024w, https:\/\/stepienybarno.es\/blog\/wp-content\/uploads\/2022\/02\/stepienybarno-arquitectura-en-las-ondas-cristina-cabrera-180x70.png 180w, https:\/\/stepienybarno.es\/blog\/wp-content\/uploads\/2022\/02\/stepienybarno-arquitectura-en-las-ondas-cristina-cabrera-1536x600.png 1536w, https:\/\/stepienybarno.es\/blog\/wp-content\/uploads\/2022\/02\/stepienybarno-arquitectura-en-las-ondas-cristina-cabrera-316x123.png 316w\" sizes=\"(max-width: 1920px) 100vw, 1920px\" \/><\/p>\n<div>\n<p>Cristina es Licenciada en Derecho por la Universidad Complutense de Madrid y Postgrado en Relaciones Internacionales por la Universitat de Barcelona. Est\u00e1 certificada en Cambio<br \/>\nClim\u00e1tico y en International Environmental Law por UNITAR adem\u00e1s de estar especializada en Geopol\u00edtica y Gobernanza Global por ESADE.<br \/>\nCon una trayectoria muy relevante y completa, destaca su experiencia como Directora de la\u00a0Fundaci\u00f3n ICO\u00a0entre 2016 y 2018 y su trabajo como\u00a0Directora de Gabinete del Ministro de<br \/>\nEconom\u00eda y Competitividad\u00a0desde noviembre de 2015.<\/p>\n<p>Adem\u00e1s, ha desarrollado su carrera profesional en puestos como asesora del Ministro de Econom\u00eda y Competitividad durante 4 a\u00f1os; asesora parlamentaria de Asuntos Exteriores en el<br \/>\nCongreso de los Diputados durante m\u00e1s de 3 a\u00f1os.<\/p>\n<p>Es directora de la Fundaci\u00f3n Arquitectura y Sociedad desde junio de 2021.<\/p>\n<p>Podcast FAyS: <a href=\"https:\/\/arquitecturaysociedad.com\/podcast\/\" target=\"_blank\" rel=\"noopener\">Despu\u00e9s de todo, la ciudad<\/a><\/p>\n<\/div>\n<div>\n<div>\n<div>\n<p>&nbsp;<\/p>\n<\/div>\n<\/div>\n<\/div>\n<h2>NURIA HERAS<\/h2>\n<p><img loading=\"lazy\" decoding=\"async\" class=\"alignnone size-full wp-image-51882\" src=\"https:\/\/stepienybarno.es\/blog\/wp-content\/uploads\/2022\/02\/stepienybarno-arquitectura-en-las-ondas-nuria-heras.png\" alt=\"\" width=\"1920\" height=\"750\" srcset=\"https:\/\/stepienybarno.es\/blog\/wp-content\/uploads\/2022\/02\/stepienybarno-arquitectura-en-las-ondas-nuria-heras.png 1920w, https:\/\/stepienybarno.es\/blog\/wp-content\/uploads\/2022\/02\/stepienybarno-arquitectura-en-las-ondas-nuria-heras-550x215.png 550w, https:\/\/stepienybarno.es\/blog\/wp-content\/uploads\/2022\/02\/stepienybarno-arquitectura-en-las-ondas-nuria-heras-1024x400.png 1024w, https:\/\/stepienybarno.es\/blog\/wp-content\/uploads\/2022\/02\/stepienybarno-arquitectura-en-las-ondas-nuria-heras-180x70.png 180w, https:\/\/stepienybarno.es\/blog\/wp-content\/uploads\/2022\/02\/stepienybarno-arquitectura-en-las-ondas-nuria-heras-1536x600.png 1536w, https:\/\/stepienybarno.es\/blog\/wp-content\/uploads\/2022\/02\/stepienybarno-arquitectura-en-las-ondas-nuria-heras-316x123.png 316w\" sizes=\"(max-width: 1920px) 100vw, 1920px\" \/><\/p>\n<p><span lang=\"ES\">Nuria Heras Diez es arquitecta M\u00e1ster en Tecnolog\u00eda de la Arquitectura con especialidad en Restauraci\u00f3n y Rehabilitaci\u00f3n de edificios existentes. Estudiar en diferentes universidades internacionales aviv\u00f3 sus ganas de conocer otras maneras de hacer arquitectura, llev\u00e1ndola a trabajar a Ciudad de M\u00e9xico y New York, donde reside actualmente. Vivir y ejercer en ciudades de or\u00edgenes y tradiciones tan diversas, ha hecho crecer su inter\u00e9s en el desarrollo urbano de las ciudades y las diferentes estrategias para abordarlo. Apasionada de los mecanismos de inserci\u00f3n en la trama urbana, defiende que la reutilizaci\u00f3n de los edificios existentes es la manera de revitalizar los centros hist\u00f3ricos creando islas de equipamientos que permitan hacer m\u00e1s heterog\u00e9neo el tejido de la ciudad.<u><\/u><u><\/u><\/span><\/p>\n<p><span lang=\"ES\">Los proyectos desarrollados por cuenta propia y en colaboraci\u00f3n con diversas firmas de renombre internacional, van desde el interiorismo hasta el planeamiento urbano y el paisajismo. Algunos de ellos han sido merecedores de reconocimientos internacionales. En paralelo a su actividad profesional, ha sido cr\u00edtica en universidades del prestigio de la Universidad de Columbia, el City College of NY o la Universidad Parsons, todas ellas en New York, as\u00ed como en la Universidad de Arquitectura de Lousiana. Adem\u00e1s de colaborar con diversas publicaciones arquitect\u00f3nicas, desde 2019 cre\u00f3 un podcast llamado \u201cPunto de fuga\u201d donde da rienda suelta a su curiosidad abordando temas varios del entorno arquitect\u00f3nico.<\/span><\/p>\n<div>\n<p>Podcast: <a href=\"https:\/\/podcasts.apple.com\/es\/podcast\/punto-de-fuga-podcast-de-arquitectura\/id1451565435\" target=\"_blank\" rel=\"noopener\">Punto de Fuga<\/a><\/p>\n<\/div>\n<h1>MODERAN<\/h1>\n<h2>LORENZO BARN\u00d3<\/h2>\n<p><img loading=\"lazy\" decoding=\"async\" class=\"alignnone size-full wp-image-51883\" src=\"https:\/\/stepienybarno.es\/blog\/wp-content\/uploads\/2022\/02\/stepienybarno-arquitectura-en-las-ondas-lorenzo-barno\u0301.png\" alt=\"\" width=\"1920\" height=\"750\" srcset=\"https:\/\/stepienybarno.es\/blog\/wp-content\/uploads\/2022\/02\/stepienybarno-arquitectura-en-las-ondas-lorenzo-barno\u0301.png 1920w, https:\/\/stepienybarno.es\/blog\/wp-content\/uploads\/2022\/02\/stepienybarno-arquitectura-en-las-ondas-lorenzo-barno\u0301-550x215.png 550w, https:\/\/stepienybarno.es\/blog\/wp-content\/uploads\/2022\/02\/stepienybarno-arquitectura-en-las-ondas-lorenzo-barno\u0301-1024x400.png 1024w, https:\/\/stepienybarno.es\/blog\/wp-content\/uploads\/2022\/02\/stepienybarno-arquitectura-en-las-ondas-lorenzo-barno\u0301-180x70.png 180w, https:\/\/stepienybarno.es\/blog\/wp-content\/uploads\/2022\/02\/stepienybarno-arquitectura-en-las-ondas-lorenzo-barno\u0301-1536x600.png 1536w, https:\/\/stepienybarno.es\/blog\/wp-content\/uploads\/2022\/02\/stepienybarno-arquitectura-en-las-ondas-lorenzo-barno\u0301-316x123.png 316w\" sizes=\"(max-width: 1920px) 100vw, 1920px\" \/><\/p>\n<div>50% de Stepienybarno; uno de los 5 blogs de arquitectura con m\u00e1s impacto en lengua castellana.<\/div>\n<div>\n<p class=\"_04xlpA direction-ltr align-start para-style-body\"><span class=\"JsGRdQ\">Desde el 2011 realizan cursos online de productividad e Identidad Digital para arquitectos.<\/span><\/p>\n<p class=\"_04xlpA direction-ltr align-start para-style-body\"><span class=\"JsGRdQ\">Han estado detr\u00e1s de la Identidad Digital de varias empresas e instituciones como Finsa, Madera y Construcci\u00f3n, Sinergia Sostenible, ASA, Arquitasa, FQ, Roca Madrid Gallery, UFV arquitectura y colegios de arquitectura.<\/span><\/p>\n<p class=\"_04xlpA direction-ltr align-start para-style-body\"><span class=\"JsGRdQ\">Son directores del blog de Fundaci\u00f3n Arquia y maderayconstruccion del Grupo Finsa.<\/span><\/p>\n<p class=\"_04xlpA direction-ltr align-start para-style-body\"><span class=\"JsGRdQ\">Han organizado congresos (Equiciudad) y comunicado varios eventos como Pr\u00f3xima de Fundaci\u00f3n Arquia o La periferia de la arquitectura de HNA.<\/span><\/p>\n<p class=\"_04xlpA direction-ltr align-start para-style-body\"><span class=\"JsGRdQ\">Realizan difusi\u00f3n online de congresos colaborando con Fundaci\u00f3n Arquitectura y Sociedad<\/span> <span class=\"JsGRdQ\">(Congreso del Baluarte de Pamplona) o Escuela de Arquitectura UFV (Arquitectura y persona).<\/span><\/p>\n<p class=\"_04xlpA direction-ltr align-start para-style-body\"><span class=\"JsGRdQ\">Durante estos a\u00f1os han dado cursos y charlas en m\u00e1s de 15 colegios de arquitectura y en varias Universidades.<\/span><\/p>\n<p class=\"_04xlpA direction-ltr align-start para-style-body\"><span class=\"JsGRdQ\">En el 2019 publicaron de la mano de FQ y Catarata el libro: Productividad para arquitectos<\/span><\/p>\n<p>Podcast: <a href=\"https:\/\/stepienybarno.es\/blog\/tag\/podcast\/\" target=\"_blank\" rel=\"noopener\">Stepienybarno<\/a><\/p>\n<\/div>\n<h2>UXUA DOMBL\u00c1S<\/h2>\n<p><img loading=\"lazy\" decoding=\"async\" class=\"alignnone size-full wp-image-51884\" src=\"https:\/\/stepienybarno.es\/blog\/wp-content\/uploads\/2022\/02\/stepienybarno-arquitectura-en-las-ondas-uxu-dombla\u0301s.png\" alt=\"\" width=\"1920\" height=\"750\" srcset=\"https:\/\/stepienybarno.es\/blog\/wp-content\/uploads\/2022\/02\/stepienybarno-arquitectura-en-las-ondas-uxu-dombla\u0301s.png 1920w, https:\/\/stepienybarno.es\/blog\/wp-content\/uploads\/2022\/02\/stepienybarno-arquitectura-en-las-ondas-uxu-dombla\u0301s-550x215.png 550w, https:\/\/stepienybarno.es\/blog\/wp-content\/uploads\/2022\/02\/stepienybarno-arquitectura-en-las-ondas-uxu-dombla\u0301s-1024x400.png 1024w, https:\/\/stepienybarno.es\/blog\/wp-content\/uploads\/2022\/02\/stepienybarno-arquitectura-en-las-ondas-uxu-dombla\u0301s-180x70.png 180w, https:\/\/stepienybarno.es\/blog\/wp-content\/uploads\/2022\/02\/stepienybarno-arquitectura-en-las-ondas-uxu-dombla\u0301s-1536x600.png 1536w, https:\/\/stepienybarno.es\/blog\/wp-content\/uploads\/2022\/02\/stepienybarno-arquitectura-en-las-ondas-uxu-dombla\u0301s-316x123.png 316w\" sizes=\"(max-width: 1920px) 100vw, 1920px\" \/><\/p>\n<p>Doctora Arquitecta, M\u00e1ster en Gesti\u00f3n y Rehabilitaci\u00f3n Integral del Patrimonio Hist\u00f3rico Construido y form\u00f3 parte del Grupo de Investigaci\u00f3n en Patrimonio Construido\u00a0(GPAC) y de la\u00a0C\u00e1tedra UNESCO Paisajes Culturales y Patrimonio donde ha realizado su tesis doctoral en la especialidad de\u00a0Estrategias Cient\u00edficas Interdisciplinares en Patrimonio y Paisaje (ECIPP).<\/p>\n<p>En el \u00e1mbito de la comunicaci\u00f3n, durante a\u00f1os ha sido colaboradora semanal en espacios radiof\u00f3nicos a nivel Euskadi y Navarra (grupo Eitb) y en la comarca de Pamplona (Euskal Herria Irratia), reflexionando sobre urbanismo y ciudad. Es c\u00f3mplice habitual del estudio de arquitectura Stepienybarno y es con ellos con quien se inici\u00f3 en el mundo podcast que seguido le llevar\u00eda a crear el suyo que espera, pronto, poder retomar.<\/p>\n<p>Podcast: <a href=\"https:\/\/www.ivoox.com\/podcast-ballet-aceras_sq_f1875142_1.html\" target=\"_blank\" rel=\"noopener\">El ballet de las aceras <\/a><\/p>\n","protected":false},"excerpt":{"rendered":"<p>PR\u00d3XIMO EVENTO ONLINE: ARQUITECTURA EN LAS ONDAS Por motivos t\u00e9cnicos,<\/p>\n","protected":false},"author":2,"featured_media":51913,"comment_status":"open","ping_status":"closed","sticky":false,"template":"","format":"standard","meta":{"om_disable_all_campaigns":false,"_monsterinsights_skip_tracking":false,"_monsterinsights_sitenote_active":false,"_monsterinsights_sitenote_note":"","_monsterinsights_sitenote_category":0,"_uf_show_specific_survey":0,"_uf_disable_surveys":false,"episode_type":"audio","audio_file":"","cover_image":"","cover_image_id":"","duration":"","filesize":"","date_recorded":"","explicit":"","block":"","filesize_raw":"","footnotes":""},"categories":[34,7985,2976],"tags":[9162,9160,8162,1025,4628,9161,3574,7997,1299],"series":[],"class_list":["post-51843","post","type-post","status-publish","format-standard","has-post-thumbnail","hentry","category-actualidad","category-podcast","category-profesion-arquitecto","tag-aurora-dominguez","tag-cristina-cabrera","tag-eventos-online-de-stepienybarno","tag-fundacion-arquitectura-y-sociedad","tag-lorenzo-barno","tag-nuria-heras","tag-pedro-torrijos","tag-podcast","tag-uxua-domblas"],"aioseo_notices":[],"episode_featured_image":"https:\/\/stepienybarno.es\/blog\/wp-content\/uploads\/2022\/02\/stepienybarno-arquitectura-en-las-ondas.png","episode_player_image":"https:\/\/stepienybarno.es\/blog\/wp-content\/uploads\/2020\/11\/stepienybarno-podcast-scaled.jpg","download_link":"","player_link":"","audio_player":false,"episode_data":{"playerMode":"dark","subscribeUrls":[],"rssFeedUrl":"https:\/\/stepienybarno.es\/blog\/feed\/podcast\/podcast-de-stepienybarno","embedCode":"<blockquote class=\"wp-embedded-content\" data-secret=\"Da49dHQkd3\"><a href=\"https:\/\/stepienybarno.es\/blog\/2022\/02\/15\/arquitectura-en-las-ondas\/\">ARQUITECTURA EN LAS ONDAS<\/a><\/blockquote><iframe sandbox=\"allow-scripts\" security=\"restricted\" src=\"https:\/\/stepienybarno.es\/blog\/2022\/02\/15\/arquitectura-en-las-ondas\/embed\/#?secret=Da49dHQkd3\" width=\"500\" height=\"350\" title=\"\u00abARQUITECTURA EN LAS ONDAS\u00bb \u2014 Blog de STEPIEN Y BARNO - publicaci\u00f3n digital sobre arquitectura\" data-secret=\"Da49dHQkd3\" frameborder=\"0\" marginwidth=\"0\" marginheight=\"0\" scrolling=\"no\" class=\"wp-embedded-content\"><\/iframe><script type=\"text\/javascript\">\n\/* <![CDATA[ *\/\n\/*! This file is auto-generated *\/\n!function(d,l){\"use strict\";l.querySelector&&d.addEventListener&&\"undefined\"!=typeof URL&&(d.wp=d.wp||{},d.wp.receiveEmbedMessage||(d.wp.receiveEmbedMessage=function(e){var t=e.data;if((t||t.secret||t.message||t.value)&&!\/[^a-zA-Z0-9]\/.test(t.secret)){for(var s,r,n,a=l.querySelectorAll('iframe[data-secret=\"'+t.secret+'\"]'),o=l.querySelectorAll('blockquote[data-secret=\"'+t.secret+'\"]'),c=new RegExp(\"^https?:$\",\"i\"),i=0;i<o.length;i++)o[i].style.display=\"none\";for(i=0;i<a.length;i++)s=a[i],e.source===s.contentWindow&&(s.removeAttribute(\"style\"),\"height\"===t.message?(1e3<(r=parseInt(t.value,10))?r=1e3:~~r<200&&(r=200),s.height=r):\"link\"===t.message&&(r=new URL(s.getAttribute(\"src\")),n=new URL(t.value),c.test(n.protocol))&&n.host===r.host&&l.activeElement===s&&(d.top.location.href=t.value))}},d.addEventListener(\"message\",d.wp.receiveEmbedMessage,!1),l.addEventListener(\"DOMContentLoaded\",function(){for(var e,t,s=l.querySelectorAll(\"iframe.wp-embedded-content\"),r=0;r<s.length;r++)(t=(e=s[r]).getAttribute(\"data-secret\"))||(t=Math.random().toString(36).substring(2,12),e.src+=\"#?secret=\"+t,e.setAttribute(\"data-secret\",t)),e.contentWindow.postMessage({message:\"ready\",secret:t},\"*\")},!1)))}(window,document);\n\/* ]]> *\/\n<\/script>\n"},"_links":{"self":[{"href":"https:\/\/stepienybarno.es\/blog\/wp-json\/wp\/v2\/posts\/51843"}],"collection":[{"href":"https:\/\/stepienybarno.es\/blog\/wp-json\/wp\/v2\/posts"}],"about":[{"href":"https:\/\/stepienybarno.es\/blog\/wp-json\/wp\/v2\/types\/post"}],"author":[{"embeddable":true,"href":"https:\/\/stepienybarno.es\/blog\/wp-json\/wp\/v2\/users\/2"}],"replies":[{"embeddable":true,"href":"https:\/\/stepienybarno.es\/blog\/wp-json\/wp\/v2\/comments?post=51843"}],"version-history":[{"count":34,"href":"https:\/\/stepienybarno.es\/blog\/wp-json\/wp\/v2\/posts\/51843\/revisions"}],"predecessor-version":[{"id":51966,"href":"https:\/\/stepienybarno.es\/blog\/wp-json\/wp\/v2\/posts\/51843\/revisions\/51966"}],"wp:featuredmedia":[{"embeddable":true,"href":"https:\/\/stepienybarno.es\/blog\/wp-json\/wp\/v2\/media\/51913"}],"wp:attachment":[{"href":"https:\/\/stepienybarno.es\/blog\/wp-json\/wp\/v2\/media?parent=51843"}],"wp:term":[{"taxonomy":"category","embeddable":true,"href":"https:\/\/stepienybarno.es\/blog\/wp-json\/wp\/v2\/categories?post=51843"},{"taxonomy":"post_tag","embeddable":true,"href":"https:\/\/stepienybarno.es\/blog\/wp-json\/wp\/v2\/tags?post=51843"},{"taxonomy":"series","embeddable":true,"href":"https:\/\/stepienybarno.es\/blog\/wp-json\/wp\/v2\/series?post=51843"}],"curies":[{"name":"wp","href":"https:\/\/api.w.org\/{rel}","templated":true}]}}