{"id":51873,"date":"2022-02-16T10:58:57","date_gmt":"2022-02-16T08:58:57","guid":{"rendered":"https:\/\/stepienybarno.es\/blog\/?p=51873"},"modified":"2022-02-17T19:13:49","modified_gmt":"2022-02-17T17:13:49","slug":"cual-es-tu-obra-de-arquitectura-favorita","status":"publish","type":"post","link":"https:\/\/stepienybarno.es\/blog\/2022\/02\/16\/cual-es-tu-obra-de-arquitectura-favorita\/","title":{"rendered":"\u00bfCu\u00e1l es tu obra de Arquitectura Favorita?"},"content":{"rendered":"<h3>\u00bfCu\u00e1l es tu obra de Arquitectura Favorita?<\/h3>\n<p><img loading=\"lazy\" decoding=\"async\" class=\"alignnone size-full wp-image-51907\" src=\"https:\/\/stepienybarno.es\/blog\/wp-content\/uploads\/2022\/02\/Miniaturas-youtube-SyB-3.png\" alt=\"tu edificio favorito\" width=\"1280\" height=\"720\" srcset=\"https:\/\/stepienybarno.es\/blog\/wp-content\/uploads\/2022\/02\/Miniaturas-youtube-SyB-3.png 1280w, https:\/\/stepienybarno.es\/blog\/wp-content\/uploads\/2022\/02\/Miniaturas-youtube-SyB-3-550x309.png 550w, https:\/\/stepienybarno.es\/blog\/wp-content\/uploads\/2022\/02\/Miniaturas-youtube-SyB-3-1024x576.png 1024w, https:\/\/stepienybarno.es\/blog\/wp-content\/uploads\/2022\/02\/Miniaturas-youtube-SyB-3-180x101.png 180w, https:\/\/stepienybarno.es\/blog\/wp-content\/uploads\/2022\/02\/Miniaturas-youtube-SyB-3-316x178.png 316w\" sizes=\"(max-width: 1280px) 100vw, 1280px\" \/><\/p>\n<p>Ya sab\u00e9is que en estos m\u00e1s de 11 a\u00f1os de vida de <strong>Stepienybarno<\/strong>, nuestro mayor logro es haber hecho muchos y grandes amigos. Hemos preguntado a 11 valientes <b>\u00bfCu\u00e1les son tus tres edificios favoritos?<\/b><\/p>\n<p>Y cu\u00e1l es nuestra sorpresa, aparte de las excelentes referencias de todo tipo, <strong>no hay ninguna coincidencia <\/strong>entre todos los participantes.<\/p>\n<p>Con esto hemos montado 2 videos, para que la visualizaci\u00f3n sea m\u00e1s c\u00f3moda, con todas las respuestas.<\/p>\n<p>Y nuestro objetivo final es realizar una <strong>macro-encuesta<\/strong>, donde las referencias recabadas sean la base y se admitan vuestra propuestas, pronto tendr\u00e9is mas noticias.<\/p>\n<h2>Video 1 de 2 Obra de Arquitectura Favorita 1<\/h2>\n<p><iframe loading=\"lazy\" title=\"\u00bfCu\u00e1l es tu obra de arquitectura favorita? (V\u00eddeo 1 de 2)\" width=\"911\" height=\"512\" src=\"https:\/\/www.youtube.com\/embed\/p_-dMGYglY8?feature=oembed\" frameborder=\"0\" allow=\"accelerometer; autoplay; clipboard-write; encrypted-media; gyroscope; picture-in-picture\" allowfullscreen><\/iframe><\/p>\n<h3>ANNA Y EUGENI BACH<\/h3>\n<p><em>\u00abAnna &amp; Eugeni Bach es un estudio de arquitectura que opera en un amplio espectro del dise\u00f1o, desde el urbanismo y la arquitectura hasta el dise\u00f1o de interiores y de objetos. Su trabajo se fundamenta en cuatro ramas: la profesional, la docente, la investigaci\u00f3n y la actividad cultural. A trav\u00e9s de la innovaci\u00f3n y la investigaci\u00f3n, el estudio trata de encontrar nuevas soluciones y alternativas para cada proyecto mediante la optimizaci\u00f3n tanto de los recursos naturales como los econ\u00f3micos, trabajando en equipo con el usuario final para asegurar la mejor s\u00edntesis de concepto, funcionalidad y belleza.\u00bb<\/em><\/p>\n<p><strong><a href=\"https:\/\/annaeugenibach.com\/\" target=\"_blank\" rel=\"noopener\">+ INFO Aqu\u00ed<\/a><\/strong><\/p>\n<ul>\n<li>Hexenhouse- Allison y Peter Smithson<\/li>\n<li>Krege College- Charles W. Moore<\/li>\n<li>Loyola Law School- Frank Gehry<\/li>\n<\/ul>\n<h3>SANTI DE MOLINA<\/h3>\n<p>Arquitecto ETSAM, Doctor Arquitecto UPM. Premio extraordinario de Doctorado. Director de la Escuela Polit\u00e9cnica Superior de la Universidad CEU San Pablo de Madrid. Compagina labores como docente en esta Universidad con el trabajo en su oficina de arquitectura. Ha publicado los libros,\u00a0<i>Todas las Escaleras del Mundo,\u00a0Hambre de Arquitectura,\u00a0M\u00faltiples. Estrategias de la arquitectura\u00a0Arquitectos al margen, y\u00a0Collage y Arquitectura,\u00a0\u00e9ste \u00faltimo seleccionado en los premios FAD de Arquitectura y Cr\u00edtica 2015.\u00a0Su obra construida ha sido seleccionada en la Bienal de Arquitectura y Urbanismo Espa\u00f1ola 2013. Sus obras y sus escritos han sido publicados en diversos medios nacionales e internacionales.<\/i><\/p>\n<p><a href=\"https:\/\/www.santiagodemolina.com\/\" target=\"_blank\" rel=\"noopener\">+<strong> INFO Aqu\u00ed<\/strong><\/a><\/p>\n<ul>\n<li>Monasterio de la Tourette- Le Corbusier<\/li>\n<li>San Baudelio de Berlanga<\/li>\n<li>Santa Sof\u00eda<\/li>\n<\/ul>\n<h3>ALMUDENA DE BENITO<\/h3>\n<p><em><b>Almudena de Benito Alonso<\/b>\u00a0(Madrid,\u00a01973) es una\u00a0arquitecta\u00a0urbanista\u00a0por la\u00a0Escuela T\u00e9cnica Superior de Arquitectura de Madrid\u00a0(ETSAM) (1999) y <strong>doctora arquitecta<\/strong> por la\u00a0Universidad Polit\u00e9cnica de Madrid\u00a0(UPM) (2018). Es directora y fundadora de <strong>Chiquitectos<\/strong> y docente en la\u00a0Universidad Rey Juan Carlos\u00a0desde 2014 en el grado de Fundamentos de la Arquitectura y en el de Dise\u00f1o Integral y Gesti\u00f3n de la Imagen.<\/em><\/p>\n<p>Ver Arquicaf\u00e9 con Almudena de Benito <a href=\"https:\/\/stepienybarno.es\/blog\/2021\/06\/18\/episodio-104-arquicafe-con-almudena-de-benito-de-chiquitectos\/\" target=\"_blank\" rel=\"noopener\">+ INFO Aqu\u00ed<\/a><\/p>\n<ul>\n<li>Space Needle Seattle- Edward E. Carlson<\/li>\n<li>C\u00fapula Reichstag- Norman Foster<\/li>\n<li>Pompidou- Renzo Piano y Richard Rogers<\/li>\n<li>Villa Tugendhat- Mies Van der Rohe<\/li>\n<\/ul>\n<h3>JAVIER GARC\u00cdA LIBRERO<\/h3>\n<div data-id=\"0487844\" data-element_type=\"widget\" data-widget_type=\"text-editor.default\">\n<div>\n<div><em>HOLA SOY JAVIER GARC\u00cdA LIBRERO Arquitecto apasionado por la comunicaci\u00f3n, el marketing y las ventas. Utilizo la innovaci\u00f3n, el dise\u00f1o y la creatividad para crear estrategias que potencien la comunicaci\u00f3n y visibilidad de empresas de arquitectura, dise\u00f1o, ingenier\u00eda y construcci\u00f3n. Actualmente soy responsable de comunicaci\u00f3n de <a href=\"https:\/\/errearquitectura.com\/es\/\" target=\"_blank\" rel=\"noopener\">ERRE arquitectura<\/a><\/em><\/div>\n<div><\/div>\n<\/div>\n<div>Ver Arquicaf\u00e9 con Javier Garc\u00eda Librero <strong><a href=\"https:\/\/stepienybarno.es\/blog\/2020\/06\/23\/episodio-33-arquicafe-con-javier-garcia-librero\/\" target=\"_blank\" rel=\"noopener\">+INFO Aqu\u00ed<\/a><\/strong><\/div>\n<div>\n<ul>\n<li>Rascainfiernos- Fernando Higueras<\/li>\n<li>Piscina das Mar\u00e9s- \u00c1lvaro Siza<\/li>\n<li>Museo Guggenheim- Frank Lloyd Wright<\/li>\n<\/ul>\n<\/div>\n<\/div>\n<h3>BELEN MART\u00cdN GRANIZO<\/h3>\n<p><em><span style=\"font-weight: 400;\">En <\/span><b>1994<\/b><span style=\"font-weight: 400;\"> crea DMG Arquitectura junto a Daniel Diaz Font , especializados en <\/span><span style=\"font-weight: 400;\">Concurso p\u00fablico edificio p\u00fablicos y singulares<\/span><\/em><\/p>\n<p><em><span style=\"font-weight: 400;\">Perfil gestor Concejala de urbanismo de Leon de 2011-15 y <\/span><span style=\"font-weight: 400;\">Representante de los mutualista desde 2010 de Leon Palencia Zamora y Salamanca<\/span><\/em><\/p>\n<p><em><span style=\"font-weight: 400;\">Desarrollo y gesti\u00f3n de promociones inmobiliarias.<\/span><\/em><\/p>\n<ul>\n<li>Bas\u00edlica de Aranzazu- S\u00e1enz de O\u00edza<\/li>\n<li>Museo de M\u00e9rida- Rafael Moneo<\/li>\n<li>Auditorio de Le\u00f3n- Tu\u00f1\u00f3n y Mansilla<\/li>\n<\/ul>\n<h2>Video 2 de 2 Obra de Arquitectura Favorita 2<\/h2>\n<p><iframe loading=\"lazy\" title=\"\u00bfCu\u00e1l es tu obra de arquitectura favorita? (Video 2 de 2)\" width=\"911\" height=\"512\" src=\"https:\/\/www.youtube.com\/embed\/O8cHWCMO1bM?feature=oembed\" frameborder=\"0\" allow=\"accelerometer; autoplay; clipboard-write; encrypted-media; gyroscope; picture-in-picture\" allowfullscreen><\/iframe><\/p>\n<h3>FRANCISCO CAMINO<\/h3>\n<p><em>Arquitecto con especialidad de urbanismo por ETSA Madrid. Estudio propio de arquitectura desde 1.990 en Murcia y en Madrid. M\u00e1s de 300 proyectos de arquitectura, urbanismo, rehabilitaci\u00f3n, etc. <\/em><br \/>\n<em>22 Concursos de arquitectura ganados. Varios premios. Seleccionado por Ministerio Vivienda para representar a Espa\u00f1a en Bienal de Arquitectura de Bogot\u00e1. Obra publicada en numerosas publicaciones especializadas y libros. Obra expuesta en varias exposiciones colectivas.<\/em><\/p>\n<p>Ver Arquicaf\u00e9 con Francisco Camino<strong><a href=\"https:\/\/stepienybarno.es\/blog\/2020\/04\/28\/episodio-18-arquicafe-con-pacho-camino\/\" target=\"_blank\" rel=\"noopener\"> + INFO Aqu\u00ed<\/a><\/strong><\/p>\n<ul>\n<li>Mezquita de C\u00f3rdoba<\/li>\n<li>BBVA- S\u00e1enz de Oiza<\/li>\n<li>Unit\u00e9 de Marsella- Le Corbusier<\/li>\n<\/ul>\n<h3>LAURA ORT\u00cdN<\/h3>\n<p><em>Desde la arquitectura, disciplina en la que me form\u00e9, llevo trabajando 10 a\u00f1os como profesional liberal. Durante este per\u00edodo he colaborado activamente en el estudio de arquitectura ADHOC mslp para formar despu\u00e9s mi propio espacio creativo LOdise\u00f1aLO y Laura Ort\u00edn Arquitectura. Los a\u00f1os en el estudio de arquitectura me permitieron recorrer todas las fases del proyecto arquitect\u00f3nico as\u00ed como conectar e impregnarme de experiencias rutilantes que fortalecieron y ampliaron mi intelecto y mi forma de vivir la arquitectura m\u00e1s all\u00e1 del mero formalismo arcaico.<\/em><\/p>\n<p><strong><a href=\"https:\/\/lauraortin.com\/\" target=\"_blank\" rel=\"noopener\">+INFO Aqu\u00ed<\/a><\/strong><\/p>\n<ul>\n<li>Rollex Center en Laussane-SANAA<\/li>\n<li>Casa de la Cascada- Frank Lloyd Wright<\/li>\n<li>Torres Blancas- S\u00e1enz de Oiza<\/li>\n<\/ul>\n<h3>JOSE RAMON HERNANDEZ CORREA<\/h3>\n<p><em>Doctor Arquitecto.<\/em><br \/>\n<em>Ejerzo la profesi\u00f3n liberal de arquitecto desde que termin\u00e9 la carrera, en 1985.<\/em><br \/>\n<em>Hace muchos a\u00f1os fui profesor asociado de proyectos en la Escuela T\u00e9cnica Superior de Arquitectura de Madrid.<\/em><br \/>\n<em>Sigo opinando y hablando de arquitectura y de m\u00e1s cosas en mi blog.<\/em><br \/>\n<a href=\"http:\/\/arquitectamoslocos.blogspot.com.es\/\" target=\"_blank\" rel=\"noopener\"><em>http:\/\/arquitectamoslocos.blogspot.com.es\/<\/em><\/a><\/p>\n<p>Ver Arquicaf\u00e9 con Jos\u00e9 Ram\u00f3n Hern\u00e1ndez Correa <strong><a href=\"https:\/\/stepienybarno.es\/blog\/2021\/03\/31\/episodio-86-arquicafe-con-jose-ramon-hernandez-correa\/\" target=\"_blank\" rel=\"noopener\">+ INFO Aqu\u00ed<\/a><\/strong><\/p>\n<ul>\n<li>Ayuntamiento de Saynatsalo- Alvar y Aino Aalto<\/li>\n<li>Ayuntamiento de Hilversum-<\/li>\n<li>Casa de invitados en la casa de Neils Bohr<\/li>\n<\/ul>\n<h3>FERM\u00cdN G BLANCO<\/h3>\n<p><em><strong>Ferm\u00edn Gonz\u00e1lez Blanco<\/strong>\u00a0es doctor por la Universidad Polit\u00e9cnica de Madrid (2010) y arquitecto por la ETSA de Valladolid (2002).<\/em><br \/>\n<em>\u00a0<\/em><br \/>\n<em>Comienza su experiencia profesional con el arquitecto Manuel Gallego (2003-06). A partir de 2006 ejerce la profesi\u00f3n desde su propio estudio de arquitectura.<\/em><br \/>\n<em>\u00a0<\/em><br \/>\n<em>Durante estos a\u00f1os ha realizado exposiciones, ha impartido cursos y conferencias relacionadas con la arquitectura, la docencia y el dise\u00f1o industrial por diferentes organismos e instituciones.<\/em> Fruto de este compromiso con la investigaci\u00f3n, la construcci\u00f3n y la did\u00e1ctica, en 2008 funda SISTEMA LUPO, que en la actualidad es un paraguas bajo el que se cobija un excelente grupo de profesionales interesados en el binomio arquitectura y educaci\u00f3n.<\/p>\n<p>Ver Arquicaf\u00e9 con Ferm\u00edn G Blanco <strong><a href=\"https:\/\/stepienybarno.es\/blog\/2020\/07\/22\/arquicafe-con-fermin-blanco\/\" target=\"_blank\" rel=\"noopener\">+ INFO Aqu\u00ed<\/a><\/strong><\/p>\n<ul>\n<li>Paraguas de Mercado de Ganado de Pola de Siero- Ildefonso S\u00e1nchez del R\u00edo.<\/li>\n<li>Iglesia de Pumarejo de Tera- Miguel Fisac.<\/li>\n<li>Pabell\u00f3n Alem\u00e1n de la Expo Montreal 1967- Frei Otto<\/li>\n<\/ul>\n<h3>MANUEL SAGA<\/h3>\n<p>Es arquitecto egresado por la UGR y Mag\u00edster en Arquitectura con grado cum Laude por la Universidad de los Andes, Bogot\u00e1. Actualmente es investigador predoctoral del Departamento de Arquitectura y Dise\u00f1o del Polit\u00e9cnico di Torino en cotutela con el programa en Historia y Artes de la UGR. Desarrolla labores editoriales en el journal\u00a0<i>Architectural Histories<\/i>\u00a0de la European Architectural History Network. Ha realizado consultor\u00edas para la creaci\u00f3n de programas y centros de estudios universitarios. Es autor de libros como \u201cMensajes de Modernidad en Revista Proa\u201d o \u201cGranada Des-Granada\u201d adem\u00e1s de art\u00edculos de investigaci\u00f3n en historia urbana y\u00a0<i>game studies<\/i>\u00a0y colaboraciones con medios como National Geographic Historia, LOBBY, Archdaily, entre otros.<\/p>\n<p>Ver Arquicaf\u00e9 con Manuel Saga <strong><a href=\"https:\/\/stepienybarno.es\/blog\/2020\/03\/10\/episodio-8-arquicafe-con-manuel-saga\/\" target=\"_blank\" rel=\"noopener\">+ INFO Aqu\u00ed<\/a><\/strong><\/p>\n<ul>\n<li>Salk Institute- Louis Kahn<\/li>\n<li>Biblioteca Virgilio Barco- Rogelio Salmona<\/li>\n<li>Palacio de Comares de la Alhambra<\/li>\n<\/ul>\n<h3>MARIA JES\u00daS GONZ\u00c1LEZ<\/h3>\n<p><em>Doctora Arquitecta por la Universidad Polit\u00e9cnica de Madrid (UPM), especializada en arquitectura y sostenibilidad, con base en Espa\u00f1a y los Pa\u00edses Bajos, ejerce la profesi\u00f3n liberal en edificaci\u00f3n (premios en Espa\u00f1a y otros pa\u00edses, de Construcci\u00f3n Sostenible del ICCL convocatorias I y II, Investigaci\u00f3n sobre Energ\u00edas Renovables Caja Espa\u00f1a, Good Practices Habitat Dubai, etc.); realiza investigaci\u00f3n en proyectos I+D+i, y con el grupo de investigaci\u00f3n giSCI de la UPM; es autora de numerosos textos sobre sostenibilidad y arquitectura en libros (\u201cArquitectura sostenible y aprovechamiento solar\u201d), art\u00edculos, congresos y revistas cient\u00edficas. Ha presidido la Asociaci\u00f3n Sostenibilidad y Arquitectura-ASA, 2009-2012; la Agrupaci\u00f3n de Arquitectos por la Sostenibilidad (COACYLE) 2007-2015; y es miembro del Comit\u00e9 Ejecutivo de GBCe (Green Building Council Espa\u00f1a).<\/em><\/p>\n<p>Ver Arquicaf\u00e9 con Mar\u00eda Jes\u00fas Gonz\u00e1lez <strong><a href=\"https:\/\/stepienybarno.es\/blog\/2021\/07\/14\/episodio-109-arquicafe-con-maria-jesus-gonzalez\/\" target=\"_blank\" rel=\"noopener\">+ INFO Aqu\u00ed<\/a><\/strong><\/p>\n<ul>\n<li>Castellana 112<\/li>\n<li>Centro de formaci\u00f3n profesional -Moreno Barber\u00e1<\/li>\n<li>Edificio Bellas Vistas<\/li>\n<\/ul>\n<p>&nbsp;<\/p>\n<p>Finalmente, agradecer de coraz\u00f3n a todos nuestros amigos por vuestra generosidad con vuestro tiempo y vuestro conocimiento. GRACIAS<\/p>\n","protected":false},"excerpt":{"rendered":"<p>\u00bfCu\u00e1l es tu obra de Arquitectura Favorita? Ya sab\u00e9is que<\/p>\n","protected":false},"author":2,"featured_media":51907,"comment_status":"open","ping_status":"closed","sticky":false,"template":"","format":"standard","meta":{"om_disable_all_campaigns":false,"_monsterinsights_skip_tracking":false,"_monsterinsights_sitenote_active":false,"_monsterinsights_sitenote_note":"","_monsterinsights_sitenote_category":0,"_uf_show_specific_survey":0,"_uf_disable_surveys":false,"episode_type":"audio","audio_file":"","cover_image":"","cover_image_id":"","duration":"","filesize":"","date_recorded":"","explicit":"","block":"","filesize_raw":"","footnotes":""},"categories":[34],"tags":[3787,3947,866,9163,7884,3159,8234,2480,5888,2124,2087,2414],"series":[],"class_list":["post-51873","post","type-post","status-publish","format-standard","has-post-thumbnail","hentry","category-actualidad","tag-almudena-de-benito","tag-anna-and-eugeni-bach","tag-belen-martin-granizo","tag-edificio-favorito","tag-fermin-g-blanco","tag-francisco-camino","tag-javier-garcia-librero","tag-jose-ramon-hernandez-correa","tag-laura-ortin","tag-manuel-saga","tag-maria-jesus-gonzalez","tag-santi-de-molina"],"aioseo_notices":[],"episode_featured_image":"https:\/\/stepienybarno.es\/blog\/wp-content\/uploads\/2022\/02\/Miniaturas-youtube-SyB-3.png","episode_player_image":"https:\/\/stepienybarno.es\/blog\/wp-content\/uploads\/2020\/11\/stepienybarno-podcast-scaled.jpg","download_link":"","player_link":"","audio_player":false,"episode_data":{"playerMode":"dark","subscribeUrls":[],"rssFeedUrl":"https:\/\/stepienybarno.es\/blog\/feed\/podcast\/podcast-de-stepienybarno","embedCode":"<blockquote class=\"wp-embedded-content\" data-secret=\"dSuEgorHW8\"><a href=\"https:\/\/stepienybarno.es\/blog\/2022\/02\/16\/cual-es-tu-obra-de-arquitectura-favorita\/\">\u00bfCu\u00e1l es tu obra de Arquitectura Favorita?<\/a><\/blockquote><iframe sandbox=\"allow-scripts\" security=\"restricted\" src=\"https:\/\/stepienybarno.es\/blog\/2022\/02\/16\/cual-es-tu-obra-de-arquitectura-favorita\/embed\/#?secret=dSuEgorHW8\" width=\"500\" height=\"350\" title=\"\u00ab\u00bfCu\u00e1l es tu obra de Arquitectura Favorita?\u00bb \u2014 Blog de STEPIEN Y BARNO - publicaci\u00f3n digital sobre arquitectura\" data-secret=\"dSuEgorHW8\" frameborder=\"0\" marginwidth=\"0\" marginheight=\"0\" scrolling=\"no\" class=\"wp-embedded-content\"><\/iframe><script type=\"text\/javascript\">\n\/* <![CDATA[ *\/\n\/*! This file is auto-generated *\/\n!function(d,l){\"use strict\";l.querySelector&&d.addEventListener&&\"undefined\"!=typeof URL&&(d.wp=d.wp||{},d.wp.receiveEmbedMessage||(d.wp.receiveEmbedMessage=function(e){var t=e.data;if((t||t.secret||t.message||t.value)&&!\/[^a-zA-Z0-9]\/.test(t.secret)){for(var s,r,n,a=l.querySelectorAll('iframe[data-secret=\"'+t.secret+'\"]'),o=l.querySelectorAll('blockquote[data-secret=\"'+t.secret+'\"]'),c=new RegExp(\"^https?:$\",\"i\"),i=0;i<o.length;i++)o[i].style.display=\"none\";for(i=0;i<a.length;i++)s=a[i],e.source===s.contentWindow&&(s.removeAttribute(\"style\"),\"height\"===t.message?(1e3<(r=parseInt(t.value,10))?r=1e3:~~r<200&&(r=200),s.height=r):\"link\"===t.message&&(r=new URL(s.getAttribute(\"src\")),n=new URL(t.value),c.test(n.protocol))&&n.host===r.host&&l.activeElement===s&&(d.top.location.href=t.value))}},d.addEventListener(\"message\",d.wp.receiveEmbedMessage,!1),l.addEventListener(\"DOMContentLoaded\",function(){for(var e,t,s=l.querySelectorAll(\"iframe.wp-embedded-content\"),r=0;r<s.length;r++)(t=(e=s[r]).getAttribute(\"data-secret\"))||(t=Math.random().toString(36).substring(2,12),e.src+=\"#?secret=\"+t,e.setAttribute(\"data-secret\",t)),e.contentWindow.postMessage({message:\"ready\",secret:t},\"*\")},!1)))}(window,document);\n\/* ]]> *\/\n<\/script>\n"},"_links":{"self":[{"href":"https:\/\/stepienybarno.es\/blog\/wp-json\/wp\/v2\/posts\/51873"}],"collection":[{"href":"https:\/\/stepienybarno.es\/blog\/wp-json\/wp\/v2\/posts"}],"about":[{"href":"https:\/\/stepienybarno.es\/blog\/wp-json\/wp\/v2\/types\/post"}],"author":[{"embeddable":true,"href":"https:\/\/stepienybarno.es\/blog\/wp-json\/wp\/v2\/users\/2"}],"replies":[{"embeddable":true,"href":"https:\/\/stepienybarno.es\/blog\/wp-json\/wp\/v2\/comments?post=51873"}],"version-history":[{"count":11,"href":"https:\/\/stepienybarno.es\/blog\/wp-json\/wp\/v2\/posts\/51873\/revisions"}],"predecessor-version":[{"id":51934,"href":"https:\/\/stepienybarno.es\/blog\/wp-json\/wp\/v2\/posts\/51873\/revisions\/51934"}],"wp:featuredmedia":[{"embeddable":true,"href":"https:\/\/stepienybarno.es\/blog\/wp-json\/wp\/v2\/media\/51907"}],"wp:attachment":[{"href":"https:\/\/stepienybarno.es\/blog\/wp-json\/wp\/v2\/media?parent=51873"}],"wp:term":[{"taxonomy":"category","embeddable":true,"href":"https:\/\/stepienybarno.es\/blog\/wp-json\/wp\/v2\/categories?post=51873"},{"taxonomy":"post_tag","embeddable":true,"href":"https:\/\/stepienybarno.es\/blog\/wp-json\/wp\/v2\/tags?post=51873"},{"taxonomy":"series","embeddable":true,"href":"https:\/\/stepienybarno.es\/blog\/wp-json\/wp\/v2\/series?post=51873"}],"curies":[{"name":"wp","href":"https:\/\/api.w.org\/{rel}","templated":true}]}}