{"id":5188,"date":"2012-02-27T22:47:35","date_gmt":"2012-02-27T20:47:35","guid":{"rendered":"https:\/\/www.stepienybarno.es\/blog\/?p=5188"},"modified":"2012-02-27T22:55:37","modified_gmt":"2012-02-27T20:55:37","slug":"%c2%bfcual-es-o-debiera-ser-el-papel-del-espacio-publico-dentro-de-nuestras-ciudades","status":"publish","type":"post","link":"https:\/\/stepienybarno.es\/blog\/2012\/02\/27\/%c2%bfcual-es-o-debiera-ser-el-papel-del-espacio-publico-dentro-de-nuestras-ciudades\/","title":{"rendered":"\u00bfCU\u00c1L ES, O DEBIERA SER, EL PAPEL DEL ESPACIO P\u00daBLICO DENTRO DE NUESTRAS CIUDADES?"},"content":{"rendered":"<p align=\"center\"><img loading=\"lazy\" decoding=\"async\" class=\"aligncenter size-full wp-image-5189\" title=\"ESPACIO P\u00daBLICO CIUDADESde arquitectura _  stepienybarno _  350    copia\" src=\"https:\/\/stepienybarno.es\/blog\/wp-content\/uploads\/2012\/02\/ESPACIO-P\u00daBLICO-CIUDADESde-arquitectura-_-stepienybarno-_-350-copia.jpg\" alt=\"ESPACIO P\u00daBLICO CIUDADESde arquitectura _  stepienybarno _  350    copia\" width=\"350\" height=\"289\" srcset=\"https:\/\/stepienybarno.es\/blog\/wp-content\/uploads\/2012\/02\/ESPACIO-P\u00daBLICO-CIUDADESde-arquitectura-_-stepienybarno-_-350-copia.jpg 350w, https:\/\/stepienybarno.es\/blog\/wp-content\/uploads\/2012\/02\/ESPACIO-P\u00daBLICO-CIUDADESde-arquitectura-_-stepienybarno-_-350-copia-180x149.jpg 180w, https:\/\/stepienybarno.es\/blog\/wp-content\/uploads\/2012\/02\/ESPACIO-P\u00daBLICO-CIUDADESde-arquitectura-_-stepienybarno-_-350-copia-316x261.jpg 316w\" sizes=\"(max-width: 350px) 100vw, 350px\" \/><\/p>\n<p>Nueva pregunta para empezar con \u00e1nimo la semana. De momento, os dejamos con las respuestas que nos llegan desde nuestro grupo de debate de Facebook; esta vez de la mano de Alfonso Mollinedo y a Betariz Thierer. Mil gracias, nuevamente, para nuestros colaboradores y ahora es el turno de que, si os apetece, nos deis vuestra opini\u00f3n sobre el tema!!<\/p>\n<p><!--more--><\/p>\n<p>\u00bfCU\u00c1L ES, O DEBIERA SER, EL PAPEL DEL ESPACIO P\u00daBLICO DENTRO DE NUESTRAS CIUDADES?<\/p>\n<blockquote><p>RESPUESTA 1 _ Autor: Alfonso Mollinedo (1)<\/p>\n<p>Conocemos que la modelaci\u00f3n y entendimiento del espacio p\u00fablico, como tal, depende de sus referencias hist\u00f3ricas, de la identidad, de la cultura, de la posici\u00f3n geogr\u00e1fica y su geometr\u00eda, del % de poblaci\u00f3n, de su situaci\u00f3n y enmarque urbano, del % seg\u00fan planeamientos, del dedo pol\u00edtico\u2026\u2026..nacen calles, plazas, plazoletas, adarves, vac\u00edos urbanos, muelles, mega centros\u2026. Cualquier trozo sobrante puede ser un espacio p\u00fablico tanto dentro como fuera de la centralidad urbana, est\u00e9 bien o mal dise\u00f1ado, est\u00e9 bien o mal pensado, \u00a1\u00a1\u00a1\u00a1da igual\u00a1\u00a1\u00a1\u00a1\u2026 la ausencia como\u00a0 motivaci\u00f3n.<\/p>\n<p>La funci\u00f3n de los espacios p\u00fablicos no s\u00f3lo es su ocupaci\u00f3n o el uso futuro, sino la capacidad de ese espacio para sentir el lugar como propio e integrarlo; la necesidad de tener la capacidad para humanizar.<\/p>\n<p>\u201c\u2026 c\u00f3mo instalarse \u2013uno mismo y los dem\u00e1s- entre la naturaleza y la cultura, pues hay arquitectos cuyas obras miran con nosotros, desde nosotros, hacia la naturaleza.\u201d Como dec\u00eda L.M.Mansilla.<\/p>\n<p>Nos olvidamos del hombre como regla de medida, como medio y fin para dise\u00f1ar. Nos arropamos con pensamientos grandilocuentes sin pensar que quien lo habita, lo pasea, lo respira es parte de esa naturaleza.<\/p>\n<p>\u201c\u2026 en esta ciudad un hombre es m\u00e1s una silueta que sus rasgos singulares, y una silueta se puede mejorar\u2026 sea como fuere los desaf\u00eda\u2026.\u201d J.Brodsky.<\/p>\n<p>Los espacios p\u00fablicos son de asignaci\u00f3n social, pero \u00bfest\u00e1 educado el espacio para recibir a la sociedad?, \u201c\u2026 puede que, simplemente, nosotros hemos creado un nuevo analfabetismo, una nueva ceguera.\u201d R.Koolhaas.<\/p>\n<p>El espacio p\u00fablico debe ser el centro de toda y cualquier intervenci\u00f3n urbana, planificaci\u00f3n\u00a0 o dise\u00f1o urban\u00edstico, no como ha sido ahora residuo de ciertos intereses o como recorte de muchas ambiciones.<\/p>\n<p>La habitabilidad debe ser la ecuaci\u00f3n del dise\u00f1o, la humanizaci\u00f3n y proporci\u00f3n la de la edificabilidad, y la positividad el % de ocupaci\u00f3n en relaci\u00f3n con la ciudad.<\/p><\/blockquote>\n<blockquote><p>RESPUESTA 2 _ Autor: Ana Betariz Thierer (2)<\/p>\n<p>El espacio urbano en la arquitectura y dise\u00f1o de la ciudad deber\u00eda ser un tanto liberador, por decirlo as\u00ed. Liberador de situaciones de aglomerados urbanos, de saturaci\u00f3n de redes de energ\u00eda, de poblaci\u00f3n, de gente en general, residente en las ciudades o no. Dicho espacio urbano, a la vez, deber\u00eda ser un espacio que nuclee actividades que se pudieran tambi\u00e9n realizar\u00a0 en forma grupal, colectiva, favoreciendo, as\u00ed, el conocimiento entre los habitantes, sus necesidades frente al h\u00e1bitat y a la vida; un espacio de relax y de encuentro; un espacio de aire y de distensi\u00f3n.<\/p>\n<p>Puede ser un espacio tanto cerrado como abierto o semicubierto, m\u00e1s apropiado, as\u00ed creo; un espacio liberador a la vez que contenedor, plante\u00e1ndose, as\u00ed, una cierta dicotom\u00eda de lo que podemos aspirar para este espacio, si ser\u00e1 abierto y un desahogo al aire libre, o cerrado y una contenci\u00f3n para ciertas actividades que justamente no pudiesen realizarse a cielo abierto.<\/p>\n<p>Pero todo ello devendr\u00eda de un estudio profundo de la ciudad donde se encuentran sus hitos, sus reales necesidades , ya que el funcionamiento, m\u00e1s que la forma, y sin quererlo, se podr\u00eda ah\u00ed hacer un debate extra, en cierta manera debiera ser el determinante\u00a0 de c\u00f3mo ser\u00eda ese espacio.<\/p>\n<p>Pero, la pregunta formulada es el papel que juega es espacio urbano y hasta podr\u00eda decirse y se podr\u00eda recordar al espacio urbano planteado por los griegos y romanos, un espacio com\u00fan y abierto. Eso si pensamos en funci\u00f3n de la plaza, el \u00e1gora griega, tambi\u00e9n el anfiteatro romano, como el coliseo, por ejemplo, y actualmente tanto una plaza, espacio verde abierto y com\u00fan, como un cine, un shopping, una galer\u00eda, un centro cultural, etc.<\/p>\n<p>Lo que se\u00f1alo ac\u00e1 mediante estos ejemplos sumamente sencillos para comprender y reflexionar, es que hay distintos tipos de espacios urbanos, y cierro ah\u00ed diciendo que no existe un solo espacio urbano, modelo ni ejemplo de nada. El espacio urbano lo\u00a0 hacen los habitantes merced a sus necesidades, as\u00ed como cuando dise\u00f1amos una casa, le preguntamos al comitente\u00a0 acerca de c\u00f3mo vivir\u00e1 en ella, en la ciudad deber\u00edamos preguntarnos de qu\u00e9 carecen sus residentes para poder suplirlo con dicho\/s espacio\/s.<\/p><\/blockquote>\n<p>(1) Alfonso Mollinedo: \u00bfTres renglones sobre m\u00ed? \u00a1no s\u00e9\u00a1 estoy siempre aprendiendo, observando e intentando intuirme \u2026\u2026 estudi\u00e9 en Sevilla, obtuve 2\u00ba premio\u00a0 D y C del PFC en 1993, soy Master en sostenibilidad y eficiencia energ\u00e9tica. Y si quer\u00e9is saber algo m\u00e1s de mi, el CV est\u00e1 <a href=\"http:\/\/www.linkedin.com\/pub\/alfonso-mollinedo-saenz\/30\/a04\/a82\">el enlace de linkedin<\/a> de mi PG-<a href=\"http:\/\/nonarquitectura.com\/\">Web<\/a>. He ganado concursos, he construido y sigo so\u00f1ando y trabajando. Soy un constructor de ideas de lo que denomino como\u00a0 arquitectura pensada.<\/p>\n<p>(2) Ana Betariz Thierer: arquitecta , proyectista, documentadora de obra. Ac\u00e1 en argentina arquitecta de todo un poco; mucha lucha, y dise\u00f1adora de interiores. No pasamos un buen momento, pero ahora estoy con un trabajo, como es ac\u00e1, \u00bb a prueba\u00bb le dicen, o sea un mes y despu\u00e9s les cuento.<\/p>\n<p>* Las preguntas de las pr\u00f3ximas semanas, las pod\u00e9is encontrar en el grupo de Facebook: <a href=\"http:\/\/www.facebook.com\/groups\/141169372659105\/\">DEBATE Y REFLEXI\u00d3N ARQUITECTONICA.<\/a><\/p>\n<p>* Este art\u00edculo ha sido escrito con car\u00e1cter divulgativo y sin ning\u00fan tipo de \u00e1nimo de lucro. As\u00ed que si te apetece <strong>compartirlo<\/strong> en cualquier otro medio, estaremos encantados de que lo hagas siempre y cuando cites el lugar donde lo has encontrado.<\/p>\n<p>Autores de la entrada: <a href=\"http:\/\/www.facebook.com\/col.prudant#!\/StepienybarnoCANAL\">Stepienybarno<\/a><\/p>\n<p><a href=\"http:\/\/www.linkedin.com\/company\/stepienybarno\">STEPIENYBARNO EN LINKEDIN<\/a><\/p>\n<p><a href=\"http:\/\/twitter.com\/stepienybarno\/stepienybarno\">STEPIENYBARNO EN TWITTER<\/a><\/p>\n<p><a href=\"https:\/\/www.facebook.com\/StepienybarnoCANAL\">STEPIENYBARNO EN FACEBOOK<\/a><\/p>\n<p>* Stepienybarno est\u00e1 formado por Agnieszka Stepien y Lorenzo Barn\u00f3 y desde mayo del 2009 estamos en la red con\u00a0 la presente publicaci\u00f3n digital (Blog) de arquitectura.<\/p>\n<p>Nuestra actividad se sustenta en tres pilares b\u00e1sicos: la investigaci\u00f3n, la publicaci\u00f3n y la redacci\u00f3n de proyectos de arquitectura.<\/p>\n<p>A su vez, somos socios cofundadores de <a href=\"http:\/\/sinergiasostenible.org\/\">SINERGIA SOSTENIBLE<\/a> y redactores de <a href=\"http:\/\/www.laciudadviva.org\/blogs\/?author=45\">LA CIUDAD VIVA<\/a>.<\/p>\n","protected":false},"excerpt":{"rendered":"<p>Nueva pregunta para empezar con \u00e1nimo la semana. De momento, os dejamos con las respuestas que nos llegan desde nuestro grupo de debate de Facebook; esta vez de la mano de Alfonso Mollinedo y a Betariz Thierer. Mil gracias, nuevamente, para nuestros colaboradores y ahora es el turno de que, si os apetece, nos deis vuestra opini\u00f3n sobre el tema!!<\/p>\n","protected":false},"author":2,"featured_media":0,"comment_status":"open","ping_status":"closed","sticky":false,"template":"","format":"standard","meta":{"om_disable_all_campaigns":false,"_monsterinsights_skip_tracking":false,"_monsterinsights_sitenote_active":false,"_monsterinsights_sitenote_note":"","_monsterinsights_sitenote_category":0,"_uf_show_specific_survey":0,"_uf_disable_surveys":false,"episode_type":"","audio_file":"","cover_image":"","cover_image_id":"","duration":"","filesize":"","date_recorded":"","explicit":"","block":"","filesize_raw":"","footnotes":""},"categories":[34],"tags":[4274,1486,1487,9,327,54],"series":[],"class_list":["post-5188","post","type-post","status-publish","format-standard","hentry","category-actualidad","tag-actualidad","tag-alfonso-mollinedo","tag-ana-betariz-thierer","tag-arquitectura","tag-espacio-publico","tag-urbanismo-sostenible"],"aioseo_notices":[],"episode_featured_image":false,"episode_player_image":"https:\/\/stepienybarno.es\/blog\/wp-content\/uploads\/2020\/11\/stepienybarno-podcast-scaled.jpg","download_link":"","player_link":"","audio_player":false,"episode_data":{"playerMode":"dark","subscribeUrls":[],"rssFeedUrl":"https:\/\/stepienybarno.es\/blog\/feed\/podcast\/podcast-de-stepienybarno","embedCode":"<blockquote class=\"wp-embedded-content\" data-secret=\"u5o2jbig62\"><a href=\"https:\/\/stepienybarno.es\/blog\/2012\/02\/27\/%c2%bfcual-es-o-debiera-ser-el-papel-del-espacio-publico-dentro-de-nuestras-ciudades\/\">\u00bfCU\u00c1L ES, O DEBIERA SER, EL PAPEL DEL ESPACIO P\u00daBLICO DENTRO DE NUESTRAS CIUDADES?<\/a><\/blockquote><iframe sandbox=\"allow-scripts\" security=\"restricted\" src=\"https:\/\/stepienybarno.es\/blog\/2012\/02\/27\/%c2%bfcual-es-o-debiera-ser-el-papel-del-espacio-publico-dentro-de-nuestras-ciudades\/embed\/#?secret=u5o2jbig62\" width=\"500\" height=\"350\" title=\"\u00ab\u00bfCU\u00c1L ES, O DEBIERA SER, EL PAPEL DEL ESPACIO P\u00daBLICO DENTRO DE NUESTRAS CIUDADES?\u00bb \u2014 Blog de STEPIEN Y BARNO - publicaci\u00f3n digital sobre arquitectura\" data-secret=\"u5o2jbig62\" frameborder=\"0\" marginwidth=\"0\" marginheight=\"0\" scrolling=\"no\" class=\"wp-embedded-content\"><\/iframe><script type=\"text\/javascript\">\n\/* <![CDATA[ *\/\n\/*! This file is auto-generated *\/\n!function(d,l){\"use strict\";l.querySelector&&d.addEventListener&&\"undefined\"!=typeof URL&&(d.wp=d.wp||{},d.wp.receiveEmbedMessage||(d.wp.receiveEmbedMessage=function(e){var t=e.data;if((t||t.secret||t.message||t.value)&&!\/[^a-zA-Z0-9]\/.test(t.secret)){for(var s,r,n,a=l.querySelectorAll('iframe[data-secret=\"'+t.secret+'\"]'),o=l.querySelectorAll('blockquote[data-secret=\"'+t.secret+'\"]'),c=new RegExp(\"^https?:$\",\"i\"),i=0;i<o.length;i++)o[i].style.display=\"none\";for(i=0;i<a.length;i++)s=a[i],e.source===s.contentWindow&&(s.removeAttribute(\"style\"),\"height\"===t.message?(1e3<(r=parseInt(t.value,10))?r=1e3:~~r<200&&(r=200),s.height=r):\"link\"===t.message&&(r=new URL(s.getAttribute(\"src\")),n=new URL(t.value),c.test(n.protocol))&&n.host===r.host&&l.activeElement===s&&(d.top.location.href=t.value))}},d.addEventListener(\"message\",d.wp.receiveEmbedMessage,!1),l.addEventListener(\"DOMContentLoaded\",function(){for(var e,t,s=l.querySelectorAll(\"iframe.wp-embedded-content\"),r=0;r<s.length;r++)(t=(e=s[r]).getAttribute(\"data-secret\"))||(t=Math.random().toString(36).substring(2,12),e.src+=\"#?secret=\"+t,e.setAttribute(\"data-secret\",t)),e.contentWindow.postMessage({message:\"ready\",secret:t},\"*\")},!1)))}(window,document);\n\/* ]]> *\/\n<\/script>\n"},"_links":{"self":[{"href":"https:\/\/stepienybarno.es\/blog\/wp-json\/wp\/v2\/posts\/5188"}],"collection":[{"href":"https:\/\/stepienybarno.es\/blog\/wp-json\/wp\/v2\/posts"}],"about":[{"href":"https:\/\/stepienybarno.es\/blog\/wp-json\/wp\/v2\/types\/post"}],"author":[{"embeddable":true,"href":"https:\/\/stepienybarno.es\/blog\/wp-json\/wp\/v2\/users\/2"}],"replies":[{"embeddable":true,"href":"https:\/\/stepienybarno.es\/blog\/wp-json\/wp\/v2\/comments?post=5188"}],"version-history":[{"count":3,"href":"https:\/\/stepienybarno.es\/blog\/wp-json\/wp\/v2\/posts\/5188\/revisions"}],"predecessor-version":[{"id":5191,"href":"https:\/\/stepienybarno.es\/blog\/wp-json\/wp\/v2\/posts\/5188\/revisions\/5191"}],"wp:attachment":[{"href":"https:\/\/stepienybarno.es\/blog\/wp-json\/wp\/v2\/media?parent=5188"}],"wp:term":[{"taxonomy":"category","embeddable":true,"href":"https:\/\/stepienybarno.es\/blog\/wp-json\/wp\/v2\/categories?post=5188"},{"taxonomy":"post_tag","embeddable":true,"href":"https:\/\/stepienybarno.es\/blog\/wp-json\/wp\/v2\/tags?post=5188"},{"taxonomy":"series","embeddable":true,"href":"https:\/\/stepienybarno.es\/blog\/wp-json\/wp\/v2\/series?post=5188"}],"curies":[{"name":"wp","href":"https:\/\/api.w.org\/{rel}","templated":true}]}}