{"id":5193,"date":"2012-02-28T09:51:29","date_gmt":"2012-02-28T07:51:29","guid":{"rendered":"https:\/\/www.stepienybarno.es\/blog\/?p=5193"},"modified":"2012-02-28T09:53:16","modified_gmt":"2012-02-28T07:53:16","slug":"poblado-de-vegaviana-caceres","status":"publish","type":"post","link":"https:\/\/stepienybarno.es\/blog\/2012\/02\/28\/poblado-de-vegaviana-caceres\/","title":{"rendered":"POBLADO DE VEGAVIANA, C\u00c1CERES"},"content":{"rendered":"<p align=\"center\"><img loading=\"lazy\" decoding=\"async\" class=\"aligncenter size-full wp-image-5194\" title=\"Pueblo_colonizacion_Vegaviana.Fernandez del Amo.Stepienybarno  _ 350\" src=\"https:\/\/stepienybarno.es\/blog\/wp-content\/uploads\/2012\/02\/Pueblo_colonizacion_Vegaviana.Fernandez-del-Amo.Stepienybarno-_-350.jpg\" alt=\"Pueblo_colonizacion_Vegaviana.Fernandez del Amo.Stepienybarno  _ 350\" width=\"350\" height=\"257\" srcset=\"https:\/\/stepienybarno.es\/blog\/wp-content\/uploads\/2012\/02\/Pueblo_colonizacion_Vegaviana.Fernandez-del-Amo.Stepienybarno-_-350.jpg 350w, https:\/\/stepienybarno.es\/blog\/wp-content\/uploads\/2012\/02\/Pueblo_colonizacion_Vegaviana.Fernandez-del-Amo.Stepienybarno-_-350-180x132.jpg 180w, https:\/\/stepienybarno.es\/blog\/wp-content\/uploads\/2012\/02\/Pueblo_colonizacion_Vegaviana.Fernandez-del-Amo.Stepienybarno-_-350-316x232.jpg 316w\" sizes=\"(max-width: 350px) 100vw, 350px\" \/><\/p>\n<p>Interesante intervenci\u00f3n de \u00a0este poblado de colonizaci\u00f3n.<\/p>\n<p><!--more--><\/p>\n<p>\u201c(\u2026) Ubicado en la provincia de C\u00e1ceres, su desarrollo urban\u00edstico corri\u00f3 a cargo del arquitecto Jos\u00e9 Luis Fern\u00e1ndez del Amo &#8211;falleci\u00f3 en 1995&#8211;, cuyo proyecto pronto comenz\u00f3 a suscitar el inter\u00e9s nacional e internacional, debido a la singularidad urban\u00edstica de su proyecto, que m\u00e1s tarde le har\u00eda al pueblo merecedor de varios reconocimientos mundiales.(\u2026)\u201d<\/p>\n<p style=\"text-align: center;\"><img loading=\"lazy\" decoding=\"async\" class=\"aligncenter size-full wp-image-5195\" title=\"Poblado de Vegaviana 2 , C\u00e1ceres. Fern\u00e1ndez del Amo, 1954-58 _ 500\" src=\"https:\/\/stepienybarno.es\/blog\/wp-content\/uploads\/2012\/02\/Poblado-de-Vegaviana-2-C\u00e1ceres.-Fern\u00e1ndez-del-Amo-1954-58-_-500-.jpg\" alt=\"Poblado de Vegaviana 2 , C\u00e1ceres. Fern\u00e1ndez del Amo, 1954-58 _ 500\" width=\"500\" height=\"304\" srcset=\"https:\/\/stepienybarno.es\/blog\/wp-content\/uploads\/2012\/02\/Poblado-de-Vegaviana-2-C\u00e1ceres.-Fern\u00e1ndez-del-Amo-1954-58-_-500-.jpg 500w, https:\/\/stepienybarno.es\/blog\/wp-content\/uploads\/2012\/02\/Poblado-de-Vegaviana-2-C\u00e1ceres.-Fern\u00e1ndez-del-Amo-1954-58-_-500--180x109.jpg 180w, https:\/\/stepienybarno.es\/blog\/wp-content\/uploads\/2012\/02\/Poblado-de-Vegaviana-2-C\u00e1ceres.-Fern\u00e1ndez-del-Amo-1954-58-_-500--316x192.jpg 316w\" sizes=\"(max-width: 500px) 100vw, 500px\" \/><\/p>\n<p><a href=\"http:\/\/www.elperiodicoextremadura.com\/noticias\/noticia.asp?pkid=566129\">Acceder al enlace<\/a><\/p>\n<p>Enlace seleccionado por el Canal de arquitectura STEPIENYBARNO.<\/p>\n<p><a href=\"http:\/\/www.linkedin.com\/company\/stepienybarno\">STEPIENYBARNO EN LINKEDIN<\/a><\/p>\n<p><a href=\"http:\/\/twitter.com\/stepienybarno\/stepienybarno\">STEPIENYBARNO EN TWITTER<\/a><\/p>\n<p><a href=\"https:\/\/www.facebook.com\/StepienybarnoCANAL\">STEPIENYBARNO EN FACEBOOK<\/a><\/p>\n<p>*Stepienybarno est\u00e1 formado por Agnieszka Stepien y Lorenzo Barn\u00f3 y desde mayo del 2009 estamos en la red con\u00a0 la presente publicaci\u00f3n digital (Blog) de arquitectura.<\/p>\n<p>Nuestra actividad se sustenta en tres pilares b\u00e1sicos: la investigaci\u00f3n, la publicaci\u00f3n (comunicaci\u00f3n y difusi\u00f3n) y la redacci\u00f3n de proyectos de arquitectura.<\/p>\n<p>A su vez, somos socios cofundadores de <a href=\"http:\/\/sinergiasostenible.org\/\">SINERGIA SOSTENIBLE<\/a> y redactores de <a href=\"http:\/\/www.laciudadviva.org\/blogs\/?author=45\">LA CIUDAD VIVA<\/a>.<\/p>\n","protected":false},"excerpt":{"rendered":"<p>\nInteresante intervenci\u00f3n de  este poblado de colonizaci\u00f3n.<\/p>\n","protected":false},"author":2,"featured_media":0,"comment_status":"open","ping_status":"closed","sticky":false,"template":"","format":"standard","meta":{"om_disable_all_campaigns":false,"_monsterinsights_skip_tracking":false,"_monsterinsights_sitenote_active":false,"_monsterinsights_sitenote_note":"","_monsterinsights_sitenote_category":0,"_uf_show_specific_survey":0,"_uf_disable_surveys":false,"episode_type":"","audio_file":"","cover_image":"","cover_image_id":"","duration":"","filesize":"","date_recorded":"","explicit":"","block":"","filesize_raw":"","footnotes":""},"categories":[34,244],"tags":[978,4274,9,1516,1517],"series":[],"class_list":["post-5193","post","type-post","status-publish","format-standard","hentry","category-actualidad","category-canal-de-arquitectura","tag-urbanismorealya","tag-actualidad","tag-arquitectura","tag-jose-luis-fernandez-del-amo","tag-vegaviana"],"aioseo_notices":[],"episode_featured_image":false,"episode_player_image":"https:\/\/stepienybarno.es\/blog\/wp-content\/uploads\/2020\/11\/stepienybarno-podcast-scaled.jpg","download_link":"","player_link":"","audio_player":false,"episode_data":{"playerMode":"dark","subscribeUrls":[],"rssFeedUrl":"https:\/\/stepienybarno.es\/blog\/feed\/podcast\/podcast-de-stepienybarno","embedCode":"<blockquote class=\"wp-embedded-content\" data-secret=\"lPhgUq5c5r\"><a href=\"https:\/\/stepienybarno.es\/blog\/2012\/02\/28\/poblado-de-vegaviana-caceres\/\">POBLADO DE VEGAVIANA, C\u00c1CERES<\/a><\/blockquote><iframe sandbox=\"allow-scripts\" security=\"restricted\" src=\"https:\/\/stepienybarno.es\/blog\/2012\/02\/28\/poblado-de-vegaviana-caceres\/embed\/#?secret=lPhgUq5c5r\" width=\"500\" height=\"350\" title=\"\u00abPOBLADO DE VEGAVIANA, C\u00c1CERES\u00bb \u2014 Blog de STEPIEN Y BARNO - publicaci\u00f3n digital sobre arquitectura\" data-secret=\"lPhgUq5c5r\" frameborder=\"0\" marginwidth=\"0\" marginheight=\"0\" scrolling=\"no\" class=\"wp-embedded-content\"><\/iframe><script type=\"text\/javascript\">\n\/* <![CDATA[ *\/\n\/*! This file is auto-generated *\/\n!function(d,l){\"use strict\";l.querySelector&&d.addEventListener&&\"undefined\"!=typeof URL&&(d.wp=d.wp||{},d.wp.receiveEmbedMessage||(d.wp.receiveEmbedMessage=function(e){var t=e.data;if((t||t.secret||t.message||t.value)&&!\/[^a-zA-Z0-9]\/.test(t.secret)){for(var s,r,n,a=l.querySelectorAll('iframe[data-secret=\"'+t.secret+'\"]'),o=l.querySelectorAll('blockquote[data-secret=\"'+t.secret+'\"]'),c=new RegExp(\"^https?:$\",\"i\"),i=0;i<o.length;i++)o[i].style.display=\"none\";for(i=0;i<a.length;i++)s=a[i],e.source===s.contentWindow&&(s.removeAttribute(\"style\"),\"height\"===t.message?(1e3<(r=parseInt(t.value,10))?r=1e3:~~r<200&&(r=200),s.height=r):\"link\"===t.message&&(r=new URL(s.getAttribute(\"src\")),n=new URL(t.value),c.test(n.protocol))&&n.host===r.host&&l.activeElement===s&&(d.top.location.href=t.value))}},d.addEventListener(\"message\",d.wp.receiveEmbedMessage,!1),l.addEventListener(\"DOMContentLoaded\",function(){for(var e,t,s=l.querySelectorAll(\"iframe.wp-embedded-content\"),r=0;r<s.length;r++)(t=(e=s[r]).getAttribute(\"data-secret\"))||(t=Math.random().toString(36).substring(2,12),e.src+=\"#?secret=\"+t,e.setAttribute(\"data-secret\",t)),e.contentWindow.postMessage({message:\"ready\",secret:t},\"*\")},!1)))}(window,document);\n\/* ]]> *\/\n<\/script>\n"},"_links":{"self":[{"href":"https:\/\/stepienybarno.es\/blog\/wp-json\/wp\/v2\/posts\/5193"}],"collection":[{"href":"https:\/\/stepienybarno.es\/blog\/wp-json\/wp\/v2\/posts"}],"about":[{"href":"https:\/\/stepienybarno.es\/blog\/wp-json\/wp\/v2\/types\/post"}],"author":[{"embeddable":true,"href":"https:\/\/stepienybarno.es\/blog\/wp-json\/wp\/v2\/users\/2"}],"replies":[{"embeddable":true,"href":"https:\/\/stepienybarno.es\/blog\/wp-json\/wp\/v2\/comments?post=5193"}],"version-history":[{"count":3,"href":"https:\/\/stepienybarno.es\/blog\/wp-json\/wp\/v2\/posts\/5193\/revisions"}],"predecessor-version":[{"id":5199,"href":"https:\/\/stepienybarno.es\/blog\/wp-json\/wp\/v2\/posts\/5193\/revisions\/5199"}],"wp:attachment":[{"href":"https:\/\/stepienybarno.es\/blog\/wp-json\/wp\/v2\/media?parent=5193"}],"wp:term":[{"taxonomy":"category","embeddable":true,"href":"https:\/\/stepienybarno.es\/blog\/wp-json\/wp\/v2\/categories?post=5193"},{"taxonomy":"post_tag","embeddable":true,"href":"https:\/\/stepienybarno.es\/blog\/wp-json\/wp\/v2\/tags?post=5193"},{"taxonomy":"series","embeddable":true,"href":"https:\/\/stepienybarno.es\/blog\/wp-json\/wp\/v2\/series?post=5193"}],"curies":[{"name":"wp","href":"https:\/\/api.w.org\/{rel}","templated":true}]}}