{"id":51947,"date":"2022-02-18T11:06:29","date_gmt":"2022-02-18T09:06:29","guid":{"rendered":"https:\/\/stepienybarno.es\/blog\/?p=51947"},"modified":"2022-02-18T20:50:23","modified_gmt":"2022-02-18T18:50:23","slug":"episodio-138-arquicafe-con-david-garcia-asenjo","status":"publish","type":"post","link":"https:\/\/stepienybarno.es\/blog\/2022\/02\/18\/episodio-138-arquicafe-con-david-garcia-asenjo\/","title":{"rendered":"Episodio 138. Arquicaf\u00e9 con David Garc\u00eda-Asenjo"},"content":{"rendered":"<p><img loading=\"lazy\" decoding=\"async\" class=\"alignnone size-full wp-image-51948\" src=\"https:\/\/stepienybarno.es\/blog\/wp-content\/uploads\/2022\/02\/david-garcia.jpg\" alt=\"Arquicaf\u00e9 con David Garc\u00eda-Asenjo\" width=\"1280\" height=\"720\" srcset=\"https:\/\/stepienybarno.es\/blog\/wp-content\/uploads\/2022\/02\/david-garcia.jpg 1280w, https:\/\/stepienybarno.es\/blog\/wp-content\/uploads\/2022\/02\/david-garcia-550x309.jpg 550w, https:\/\/stepienybarno.es\/blog\/wp-content\/uploads\/2022\/02\/david-garcia-1024x576.jpg 1024w, https:\/\/stepienybarno.es\/blog\/wp-content\/uploads\/2022\/02\/david-garcia-180x101.jpg 180w, https:\/\/stepienybarno.es\/blog\/wp-content\/uploads\/2022\/02\/david-garcia-316x178.jpg 316w\" sizes=\"(max-width: 1280px) 100vw, 1280px\" \/><\/p>\n<p>&nbsp;<\/p>\n<p>Hoy nos tomamos un arquicaf\u00e9 con <b>David Garc\u00eda-Asenjo<\/b>, Doctor Arquitecto , seg\u00fan sus palabras \u00abhace libros de instrucciones\u00bb , colaborador en distintos medios, Comanchero &#8230; Gracias David!<\/p>\n<p><!--more--><\/p>\n<h4>Breve BIO<\/h4>\n<p><strong>David Garc\u00eda-Asenjo Llana<\/strong> es Doctor Arquitecto y profesor asociado de la Universidad Rey Juan Carlos. Colabora como divulgador de arquitectura contempor\u00e1nea en medios como CTXT o El Orden Mundial y en el programa de radio Julia en la Onda. Autor del libro Manifiesto Arquitect\u00f3nico Paso a Paso (2020) que analiza la arquitectura contempor\u00e1nea a trav\u00e9s de iglesias espa\u00f1olas.<\/p>\n<p>Y en sus propias palabras nos explica el tema de la divulgaci\u00f3n como :<em> \u00bb Creo que la arquitectura no se puede explicar sin las circunstancias del entorno en el que se genera.\u00bb<\/em><\/p>\n<p>Si quer\u00e9is saber mas sobre su libro:<\/p>\n<p><strong>-Manifiesto Arquitect\u00f3nico paso a paso<\/strong> <strong><a href=\"https:\/\/libros.com\/comprar\/manifiesto-arquitectonico-paso-a-paso\/\" target=\"_blank\" rel=\"noopener\">+ info AQU\u00cd<\/a><\/strong><\/p>\n<p>-Tesis : <strong>Estrategias de proyecto en la arquitectura sacra contempor\u00e1nea espa\u00f1ola <\/strong><a href=\"https:\/\/oa.upm.es\/44193\/1\/DAVID_GARCIA_ASENJO_LLANA.pdf\" target=\"_blank\" rel=\"noopener\">+ info AQU\u00cd<\/a><\/p>\n<p>&nbsp;<\/p>\n<p>Extracto de Entrevista en la secci\u00f3n Baliza de Veredes. <strong><a href=\"https:\/\/veredes.es\/blog\/david-garcia-asenjo-llana-%C2%B7-difusion-de-arquitectura\/\" target=\"_blank\" rel=\"noopener\">Entrevista completa AQU\u00cd<\/a><\/strong><\/p>\n<p>A la pregunta \u00bfC\u00f3mo acercar la arquitectura a la sociedad? David responde<\/p>\n<p><em>Es muy dif\u00edcil. Esta presencia en los medios puede ayudar, pero luego est\u00e1 la realidad del trabajo diario y ah\u00ed hemos perdido muchas posiciones, seguramente gestadas en la \u00e9poca en la que hab\u00eda muchos menos arquitectos. Pero tenemos que seguir intentando tratar de explicar las ventajas de la buena arquitectura, haciendo autocr\u00edtica si es necesario, pero insistiendo en el lado positivo, en las muchas cosas buenas que se hacen.<\/em><\/p>\n<p>&nbsp;<\/p>\n<p>Puedes seguir a David en:<\/p>\n<p>Twitter: <strong><a href=\"https:\/\/twitter.com\/dgllana\" target=\"_blank\" rel=\"noopener\">@dgllana<\/a><\/strong><\/p>\n<p>Instagram: <strong><a href=\"https:\/\/www.instagram.com\/davidgallana\/?hl=es\" target=\"_blank\" rel=\"noopener\">davidgallana<\/a><\/strong><\/p>\n<p>Facebook: <strong><a href=\"https:\/\/www.facebook.com\/david.garciaasenjollana\" target=\"_blank\" rel=\"noopener\">David Garc\u00eda-Asenjo Llana<\/a><\/strong><\/p>\n<p>Linkedin: <strong><a href=\"https:\/\/www.linkedin.com\/in\/david-garc%C3%ADa-asenjo-29aba24\/\" target=\"_blank\" rel=\"noopener\">David Garc\u00eda-Asenjo<\/a><\/strong><\/p>\n<p>&nbsp;<\/p>\n<p style=\"text-align: center;\"><a href=\"https:\/\/www.ivoox.com\/stepienybarno-arquitectura_sq_f1856662_1.html \" class=\"kp-button \" target=\"_self\">Escucha m\u00e1s podcast de Stepienybarno en IVOOX<\/a><\/p>\n<p>&nbsp;<\/p>\n<div class=\"video-wrapper\"><iframe loading=\"lazy\" src=\"http:\/\/www.youtube.com\/embed\/oCiUWwVIZ_o\" width=\"560\" height=\"315\" frameborder=\"0\" allowfullscreen><\/iframe><\/div>\n<p>&nbsp;<\/p>\n<p>Esperamos que os haya gustado este<strong> Arquicaf\u00e9 con David Garc\u00eda-Asenjo<\/strong><\/p>\n<p>Si quieres ver nuestros \u00faltimos Arquicaf\u00e9s te pierdas:<\/p>\n<p>&#8211;<a href=\"https:\/\/stepienybarno.es\/blog\/2021\/07\/30\/episodio-112-arquicafe-con-ekain-jimenez\/\" target=\"_blank\" rel=\"noopener\">Arquicaf\u00e9 con Ekain Jim\u00e9nez<\/a><\/p>\n<p>&#8211;<a href=\"https:\/\/stepienybarno.es\/blog\/2021\/10\/01\/arquicafe-con-luis-lope-de-toledo\/\">Arquicaf\u00e9 con Jose Ram\u00f3n Hern\u00e1ndez Correa<\/a><\/p>\n<p>&nbsp;<\/p>\n","protected":false},"excerpt":{"rendered":"<p>&nbsp; Hoy nos tomamos un arquicaf\u00e9 con David Garc\u00eda-Asenjo, Doctor<\/p>\n","protected":false},"author":2,"featured_media":51948,"comment_status":"open","ping_status":"closed","sticky":false,"template":"","format":"standard","meta":{"om_disable_all_campaigns":false,"_monsterinsights_skip_tracking":false,"_monsterinsights_sitenote_active":false,"_monsterinsights_sitenote_note":"","_monsterinsights_sitenote_category":0,"_uf_show_specific_survey":0,"_uf_disable_surveys":false,"episode_type":"audio","audio_file":"https:\/\/stepienybarno.es\/blog\/wp-content\/uploads\/2022\/02\/138-ARQUICAFE\u0301-DAVID-GARCI\u0301A-ASENJO.mp3","cover_image":"","cover_image_id":"","duration":"40:03","filesize":"34.75M","date_recorded":"2022-02-18 11:06:29","explicit":"","block":"","filesize_raw":"36432835","footnotes":""},"categories":[34,63,7985],"tags":[7777,8685,4157,7997],"series":[10115],"class_list":["post-51947","post","type-post","status-publish","format-standard","has-post-thumbnail","hentry","category-actualidad","category-arqui-entrevista","category-podcast","tag-arquicafe","tag-dario-nunez-gonzalez","tag-david-garcia-asenjo","tag-podcast","series-podcast-de-stepienybarno"],"aioseo_notices":[],"episode_featured_image":"https:\/\/stepienybarno.es\/blog\/wp-content\/uploads\/2022\/02\/david-garcia.jpg","episode_player_image":"https:\/\/stepienybarno.es\/blog\/wp-content\/uploads\/2020\/11\/stepienybarno-podcast-scaled.jpg","download_link":"https:\/\/stepienybarno.es\/blog\/podcast-download\/51947\/episodio-138-arquicafe-con-david-garcia-asenjo.mp3","player_link":"https:\/\/stepienybarno.es\/blog\/podcast-player\/51947\/episodio-138-arquicafe-con-david-garcia-asenjo.mp3","audio_player":"<!--[if lt IE 9]><script>document.createElement('audio');<\/script><![endif]-->\n<audio class=\"wp-audio-shortcode\" id=\"audio-51947-1\" preload=\"none\" style=\"width: 100%;\" controls=\"controls\"><source type=\"audio\/mpeg\" src=\"https:\/\/stepienybarno.es\/blog\/podcast-player\/51947\/episodio-138-arquicafe-con-david-garcia-asenjo.mp3?_=1\" \/><a href=\"https:\/\/stepienybarno.es\/blog\/podcast-player\/51947\/episodio-138-arquicafe-con-david-garcia-asenjo.mp3\">https:\/\/stepienybarno.es\/blog\/podcast-player\/51947\/episodio-138-arquicafe-con-david-garcia-asenjo.mp3<\/a><\/audio>","episode_data":{"playerMode":"dark","subscribeUrls":[],"rssFeedUrl":"https:\/\/stepienybarno.es\/blog\/feed\/podcast\/podcast-de-stepienybarno","embedCode":"<blockquote class=\"wp-embedded-content\" data-secret=\"tlTK9AaZXu\"><a href=\"https:\/\/stepienybarno.es\/blog\/2022\/02\/18\/episodio-138-arquicafe-con-david-garcia-asenjo\/\">Episodio 138. Arquicaf\u00e9 con David Garc\u00eda-Asenjo<\/a><\/blockquote><iframe sandbox=\"allow-scripts\" security=\"restricted\" src=\"https:\/\/stepienybarno.es\/blog\/2022\/02\/18\/episodio-138-arquicafe-con-david-garcia-asenjo\/embed\/#?secret=tlTK9AaZXu\" width=\"500\" height=\"350\" title=\"\u00abEpisodio 138. Arquicaf\u00e9 con David Garc\u00eda-Asenjo\u00bb \u2014 Blog de STEPIEN Y BARNO - publicaci\u00f3n digital sobre arquitectura\" data-secret=\"tlTK9AaZXu\" frameborder=\"0\" marginwidth=\"0\" marginheight=\"0\" scrolling=\"no\" class=\"wp-embedded-content\"><\/iframe><script type=\"text\/javascript\">\n\/* <![CDATA[ *\/\n\/*! This file is auto-generated *\/\n!function(d,l){\"use strict\";l.querySelector&&d.addEventListener&&\"undefined\"!=typeof URL&&(d.wp=d.wp||{},d.wp.receiveEmbedMessage||(d.wp.receiveEmbedMessage=function(e){var t=e.data;if((t||t.secret||t.message||t.value)&&!\/[^a-zA-Z0-9]\/.test(t.secret)){for(var s,r,n,a=l.querySelectorAll('iframe[data-secret=\"'+t.secret+'\"]'),o=l.querySelectorAll('blockquote[data-secret=\"'+t.secret+'\"]'),c=new RegExp(\"^https?:$\",\"i\"),i=0;i<o.length;i++)o[i].style.display=\"none\";for(i=0;i<a.length;i++)s=a[i],e.source===s.contentWindow&&(s.removeAttribute(\"style\"),\"height\"===t.message?(1e3<(r=parseInt(t.value,10))?r=1e3:~~r<200&&(r=200),s.height=r):\"link\"===t.message&&(r=new URL(s.getAttribute(\"src\")),n=new URL(t.value),c.test(n.protocol))&&n.host===r.host&&l.activeElement===s&&(d.top.location.href=t.value))}},d.addEventListener(\"message\",d.wp.receiveEmbedMessage,!1),l.addEventListener(\"DOMContentLoaded\",function(){for(var e,t,s=l.querySelectorAll(\"iframe.wp-embedded-content\"),r=0;r<s.length;r++)(t=(e=s[r]).getAttribute(\"data-secret\"))||(t=Math.random().toString(36).substring(2,12),e.src+=\"#?secret=\"+t,e.setAttribute(\"data-secret\",t)),e.contentWindow.postMessage({message:\"ready\",secret:t},\"*\")},!1)))}(window,document);\n\/* ]]> *\/\n<\/script>\n"},"_links":{"self":[{"href":"https:\/\/stepienybarno.es\/blog\/wp-json\/wp\/v2\/posts\/51947"}],"collection":[{"href":"https:\/\/stepienybarno.es\/blog\/wp-json\/wp\/v2\/posts"}],"about":[{"href":"https:\/\/stepienybarno.es\/blog\/wp-json\/wp\/v2\/types\/post"}],"author":[{"embeddable":true,"href":"https:\/\/stepienybarno.es\/blog\/wp-json\/wp\/v2\/users\/2"}],"replies":[{"embeddable":true,"href":"https:\/\/stepienybarno.es\/blog\/wp-json\/wp\/v2\/comments?post=51947"}],"version-history":[{"count":5,"href":"https:\/\/stepienybarno.es\/blog\/wp-json\/wp\/v2\/posts\/51947\/revisions"}],"predecessor-version":[{"id":51954,"href":"https:\/\/stepienybarno.es\/blog\/wp-json\/wp\/v2\/posts\/51947\/revisions\/51954"}],"wp:featuredmedia":[{"embeddable":true,"href":"https:\/\/stepienybarno.es\/blog\/wp-json\/wp\/v2\/media\/51948"}],"wp:attachment":[{"href":"https:\/\/stepienybarno.es\/blog\/wp-json\/wp\/v2\/media?parent=51947"}],"wp:term":[{"taxonomy":"category","embeddable":true,"href":"https:\/\/stepienybarno.es\/blog\/wp-json\/wp\/v2\/categories?post=51947"},{"taxonomy":"post_tag","embeddable":true,"href":"https:\/\/stepienybarno.es\/blog\/wp-json\/wp\/v2\/tags?post=51947"},{"taxonomy":"series","embeddable":true,"href":"https:\/\/stepienybarno.es\/blog\/wp-json\/wp\/v2\/series?post=51947"}],"curies":[{"name":"wp","href":"https:\/\/api.w.org\/{rel}","templated":true}]}}