{"id":52094,"date":"2022-02-22T08:20:54","date_gmt":"2022-02-22T06:20:54","guid":{"rendered":"https:\/\/stepienybarno.es\/blog\/?p=52094"},"modified":"2022-02-22T08:20:54","modified_gmt":"2022-02-22T06:20:54","slug":"episodio-139-instatectura-la-semana-en-syb-entrevista-a-aurora-dominguez","status":"publish","type":"post","link":"https:\/\/stepienybarno.es\/blog\/2022\/02\/22\/episodio-139-instatectura-la-semana-en-syb-entrevista-a-aurora-dominguez\/","title":{"rendered":"Episodio 139. Instatectura la semana en SyB. Entrevista a Aurora Dom\u00ednguez"},"content":{"rendered":"<p><img loading=\"lazy\" decoding=\"async\" class=\"alignnone size-full wp-image-52095\" src=\"https:\/\/stepienybarno.es\/blog\/wp-content\/uploads\/2022\/02\/INSTATECTURAS-2022-5.png\" alt=\"Instatectura con Aurora Dominguez\" width=\"1280\" height=\"720\" srcset=\"https:\/\/stepienybarno.es\/blog\/wp-content\/uploads\/2022\/02\/INSTATECTURAS-2022-5.png 1280w, https:\/\/stepienybarno.es\/blog\/wp-content\/uploads\/2022\/02\/INSTATECTURAS-2022-5-550x309.png 550w, https:\/\/stepienybarno.es\/blog\/wp-content\/uploads\/2022\/02\/INSTATECTURAS-2022-5-1024x576.png 1024w, https:\/\/stepienybarno.es\/blog\/wp-content\/uploads\/2022\/02\/INSTATECTURAS-2022-5-180x101.png 180w, https:\/\/stepienybarno.es\/blog\/wp-content\/uploads\/2022\/02\/INSTATECTURAS-2022-5-316x178.png 316w\" sizes=\"(max-width: 1280px) 100vw, 1280px\" \/><\/p>\n<p>&nbsp;<\/p>\n<h2>ENTREVISTA A AURORA DOM\u00cdNGUEZ\u00a0<a class=\"notranslate\" tabindex=\"0\" href=\"https:\/\/www.instagram.com\/die_morgenrote\/\">@die_morgenrote<\/a>\u00a0del podcast : Lecciones inesperadas; un paseo por Alacant.<\/h2>\n<p>.<br \/>\n\ud83c\udfa4Hoy, en nuestro instatectura la semana en SyB, hemos tenido a <strong>Aurora Dom\u00ednguez<\/strong>, pr\u00f3xima participante en el evento que estamos montando sobre <strong>\u00abArquitectura en las ondas\u00bb<\/strong>. (<strong><a href=\"https:\/\/stepienybarno.es\/blog\/2022\/02\/15\/arquitectura-en-las-ondas\/\" target=\"_blank\" rel=\"noopener\">+ info AQU\u00cd<\/a><\/strong>)<\/p>\n<p>\ud83e\udd13 Aurora es Licenciada en Filosof\u00eda y Periodismo por la Universidad Complutense de Madrid y estudi\u00f3 Arquitectura en la Technische Universit\u00e4t Berl\u00edn. Su pr\u00e1ctica se centra en acciones, intervenciones p\u00fablicas, v\u00eddeo, instalaciones y fotograf\u00eda. As\u00ed, hoy nos habla de su podcast <strong>\u00abLecciones inesperadas; un paseo por Alacant\u00bb.<\/strong><\/p>\n<p>\ud83c\udfa7 Han hablado de si un canal como el podcast funciona para la divulgaci\u00f3n de una disciplina tan visual como es la arquitectura.<\/p>\n<p>De hablar de arquitectura local en formato universal conecta con la comunidad; de si el podcast tiene futuro en el mundo de la arquitectura, sobre el futuro que le augura a este formato y a su propio proyecto&#8230;<\/p>\n<p>\ud83d\udcaf De si se plantea dar el salto al video-podcast, ah\u00ed nos habla de su pr\u00f3xima exposici\u00f3n f\u00edsica que tendr\u00e1 lugar el 24 de marzo en el que todos los episodios del podcast tendr\u00e1n su expresi\u00f3n visual y de que la idea es que pueda transformarse en una gu\u00eda tur\u00edstica alternativa.<\/p>\n<p>De lo complicado que es tener una continuidad en los episodios si no hay apoyo econ\u00f3mico detr\u00e1s; de c\u00f3mo ellos plantean y editan cada episodio.<\/p>\n<p>\ud83d\udca1Y sobre qu\u00e9 3 podcast sobre arquitectura nos recomendar\u00eda.<\/p>\n<h2>La actualidad den Stepien y Barno<\/h2>\n<p>\ud83d\udc49 Adem\u00e1s,\u00a0Dar\u00edo\u00a0 y Uxua\u00a0han hablado del \u00faltimo v\u00eddeo colaborativo que hemos realizado desde Stepienybarno con nuestros c\u00f3mplices habituales:<\/p>\n<h3>\ud83d\udcfd\ufe0f \u00bfCU\u00c0L ES TU OBRA DE ARQUITECTURA FAVORITA? (<a href=\"https:\/\/stepienybarno.es\/blog\/2022\/02\/16\/cual-es-tu-obra-de-arquitectura-favorita\/\" target=\"_blank\" rel=\"noopener\">+ info AQU\u00cd<\/a>)<\/h3>\n<p>\ud83d\ude4f\u2728 Con la fant\u00e1stica participaci\u00f3n de:<\/p>\n<h3>ARQUICAF\u00c9 CON DAVID GARC\u00cdA ASENJO (<a href=\"https:\/\/stepienybarno.es\/blog\/2022\/02\/18\/episodio-138-arquicafe-con-david-garcia-asenjo\/\" target=\"_blank\" rel=\"noopener\">+ info AQU\u00cd<\/a>)<\/h3>\n<p>\u2615 Del \u00faltimo\u00a0<a class=\" xil3i\" tabindex=\"0\" href=\"https:\/\/www.instagram.com\/explore\/tags\/arquicaf%C3%A9\/\">#arquicaf\u00e9<\/a>\u00a0que ha tenido Dar\u00edo con\u00a0<a class=\"notranslate\" tabindex=\"0\" href=\"https:\/\/www.instagram.com\/davidgallana\/\">@davidgallana<\/a>\u00a0en el que conocemos un poquito m\u00e1s a este \u00abcomanchero\u00bb. (Link en BIO)<\/p>\n<p>\ud83e\udd47Tambi\u00e9n de los finalistas a los\u00a0<a class=\"notranslate\" tabindex=\"0\" href=\"https:\/\/www.instagram.com\/eumiesaward\/\">@eumiesaward<\/a>\u00a0!! Nosotros ya hemos barrido para casa, \u00bfcon quien te quedas t\u00fa?<\/p>\n<p>\ud83d\udc4b \u00a1Nos vemos el lunes que viene!<\/p>\n<blockquote class=\"instagram-media\" style=\"background: #FFF; border: 0; border-radius: 3px; box-shadow: 0 0 1px 0 rgba(0,0,0,0.5),0 1px 10px 0 rgba(0,0,0,0.15); margin: 1px; max-width: 540px; min-width: 326px; padding: 0; width: calc(100% - 2px);\" data-instgrm-permalink=\"https:\/\/www.instagram.com\/tv\/CaPKRlShLjm\/?utm_source=ig_embed&amp;utm_campaign=loading\" data-instgrm-version=\"14\">\n<div style=\"padding: 16px;\">\n<p>&nbsp;<\/p>\n<div style=\"display: flex; flex-direction: row; align-items: center;\">\n<div style=\"background-color: #f4f4f4; border-radius: 50%; flex-grow: 0; height: 40px; margin-right: 14px; width: 40px;\"><\/div>\n<div style=\"display: flex; flex-direction: column; flex-grow: 1; justify-content: center;\">\n<div style=\"background-color: #f4f4f4; border-radius: 4px; flex-grow: 0; height: 14px; margin-bottom: 6px; width: 100px;\"><\/div>\n<div style=\"background-color: #f4f4f4; border-radius: 4px; flex-grow: 0; height: 14px; width: 60px;\"><\/div>\n<\/div>\n<\/div>\n<div style=\"padding: 19% 0;\"><\/div>\n<div style=\"display: block; height: 50px; margin: 0 auto 12px; width: 50px;\"><\/div>\n<div style=\"padding-top: 8px;\">\n<div style=\"color: #3897f0; font-family: Arial,sans-serif; font-size: 14px; font-style: normal; font-weight: 550; line-height: 18px;\">Ver esta publicaci\u00f3n en Instagram<\/div>\n<\/div>\n<div style=\"padding: 12.5% 0;\"><\/div>\n<div style=\"display: flex; flex-direction: row; margin-bottom: 14px; align-items: center;\">\n<div>\n<div style=\"background-color: #f4f4f4; border-radius: 50%; height: 12.5px; width: 12.5px; transform: translateX(0px) translateY(7px);\"><\/div>\n<div style=\"background-color: #f4f4f4; height: 12.5px; transform: rotate(-45deg) translateX(3px) translateY(1px); width: 12.5px; flex-grow: 0; margin-right: 14px; margin-left: 2px;\"><\/div>\n<div style=\"background-color: #f4f4f4; border-radius: 50%; height: 12.5px; width: 12.5px; transform: translateX(9px) translateY(-18px);\"><\/div>\n<\/div>\n<div style=\"margin-left: 8px;\">\n<div style=\"background-color: #f4f4f4; border-radius: 50%; flex-grow: 0; height: 20px; width: 20px;\"><\/div>\n<div style=\"width: 0; height: 0; border-top: 2px solid transparent; border-left: 6px solid #f4f4f4; border-bottom: 2px solid transparent; transform: translateX(16px) translateY(-4px) rotate(30deg);\"><\/div>\n<\/div>\n<div style=\"margin-left: auto;\">\n<div style=\"width: 0px; border-top: 8px solid #F4F4F4; border-right: 8px solid transparent; transform: translateY(16px);\"><\/div>\n<div style=\"background-color: #f4f4f4; flex-grow: 0; height: 12px; width: 16px; transform: translateY(-4px);\"><\/div>\n<div style=\"width: 0; height: 0; border-top: 8px solid #F4F4F4; border-left: 8px solid transparent; transform: translateY(-4px) translateX(8px);\"><\/div>\n<\/div>\n<\/div>\n<div style=\"display: flex; flex-direction: column; flex-grow: 1; justify-content: center; margin-bottom: 24px;\">\n<div style=\"background-color: #f4f4f4; border-radius: 4px; flex-grow: 0; height: 14px; margin-bottom: 6px; width: 224px;\"><\/div>\n<div style=\"background-color: #f4f4f4; border-radius: 4px; flex-grow: 0; height: 14px; width: 144px;\"><\/div>\n<\/div>\n<p>&nbsp;<\/p>\n<p style=\"color: #c9c8cd; font-family: Arial,sans-serif; font-size: 14px; line-height: 17px; margin-bottom: 0; margin-top: 8px; overflow: hidden; padding: 8px 0 7px; text-align: center; text-overflow: ellipsis; white-space: nowrap;\"><a style=\"color: #c9c8cd; font-family: Arial,sans-serif; font-size: 14px; font-style: normal; font-weight: normal; line-height: 17px; text-decoration: none;\" href=\"https:\/\/www.instagram.com\/tv\/CaPKRlShLjm\/?utm_source=ig_embed&amp;utm_campaign=loading\" target=\"_blank\" rel=\"noopener\">Una publicaci\u00f3n compartida de Stepienybarno (@stepienybarno)<\/a><\/p>\n<\/div>\n<\/blockquote>\n<p><script async src=\"\/\/www.instagram.com\/embed.js\"><\/script><\/p>\n<h3>Esperamos que os haya gustado nuestro Instatectura la semana en SyB<\/h3>\n","protected":false},"excerpt":{"rendered":"<p>&nbsp; ENTREVISTA A AURORA DOM\u00cdNGUEZ\u00a0@die_morgenrote\u00a0del podcast : Lecciones inesperadas; un<\/p>\n","protected":false},"author":2,"featured_media":52095,"comment_status":"open","ping_status":"closed","sticky":false,"template":"","format":"standard","meta":{"om_disable_all_campaigns":false,"_monsterinsights_skip_tracking":false,"_monsterinsights_sitenote_active":false,"_monsterinsights_sitenote_note":"","_monsterinsights_sitenote_category":0,"_uf_show_specific_survey":0,"_uf_disable_surveys":false,"episode_type":"audio","audio_file":"https:\/\/stepienybarno.es\/blog\/wp-content\/uploads\/2022\/02\/139-Instatectura-con-AURORA-DOMINGUEZ.mp3","cover_image":"","cover_image_id":"","duration":"55:06","filesize":"54.58M","date_recorded":"2022-02-22 08:10:56","explicit":"","block":"","filesize_raw":"57236011","footnotes":""},"categories":[34,7985],"tags":[9162,4199,4157,8110,7997,9042,9174,1299],"series":[10115],"class_list":["post-52094","post","type-post","status-publish","format-standard","has-post-thumbnail","hentry","category-actualidad","category-podcast","tag-aurora-dominguez","tag-dario-nunez","tag-david-garcia-asenjo","tag-instatectura","tag-podcast","tag-podcast-de-arquitectura","tag-premios-mies-van-der-rohe","tag-uxua-domblas","series-podcast-de-stepienybarno"],"aioseo_notices":[],"episode_featured_image":"https:\/\/stepienybarno.es\/blog\/wp-content\/uploads\/2022\/02\/INSTATECTURAS-2022-5.png","episode_player_image":"https:\/\/stepienybarno.es\/blog\/wp-content\/uploads\/2020\/11\/stepienybarno-podcast-scaled.jpg","download_link":"https:\/\/stepienybarno.es\/blog\/podcast-download\/52094\/episodio-139-instatectura-la-semana-en-syb-entrevista-a-aurora-dominguez.mp3","player_link":"https:\/\/stepienybarno.es\/blog\/podcast-player\/52094\/episodio-139-instatectura-la-semana-en-syb-entrevista-a-aurora-dominguez.mp3","audio_player":"<!--[if lt IE 9]><script>document.createElement('audio');<\/script><![endif]-->\n<audio class=\"wp-audio-shortcode\" id=\"audio-52094-1\" preload=\"none\" style=\"width: 100%;\" controls=\"controls\"><source type=\"audio\/mpeg\" src=\"https:\/\/stepienybarno.es\/blog\/podcast-player\/52094\/episodio-139-instatectura-la-semana-en-syb-entrevista-a-aurora-dominguez.mp3?_=1\" \/><a href=\"https:\/\/stepienybarno.es\/blog\/podcast-player\/52094\/episodio-139-instatectura-la-semana-en-syb-entrevista-a-aurora-dominguez.mp3\">https:\/\/stepienybarno.es\/blog\/podcast-player\/52094\/episodio-139-instatectura-la-semana-en-syb-entrevista-a-aurora-dominguez.mp3<\/a><\/audio>","episode_data":{"playerMode":"dark","subscribeUrls":[],"rssFeedUrl":"https:\/\/stepienybarno.es\/blog\/feed\/podcast\/podcast-de-stepienybarno","embedCode":"<blockquote class=\"wp-embedded-content\" data-secret=\"WL9tsZkfKc\"><a href=\"https:\/\/stepienybarno.es\/blog\/2022\/02\/22\/episodio-139-instatectura-la-semana-en-syb-entrevista-a-aurora-dominguez\/\">Episodio 139. Instatectura la semana en SyB. Entrevista a Aurora Dom\u00ednguez<\/a><\/blockquote><iframe sandbox=\"allow-scripts\" security=\"restricted\" src=\"https:\/\/stepienybarno.es\/blog\/2022\/02\/22\/episodio-139-instatectura-la-semana-en-syb-entrevista-a-aurora-dominguez\/embed\/#?secret=WL9tsZkfKc\" width=\"500\" height=\"350\" title=\"\u00abEpisodio 139. Instatectura la semana en SyB. Entrevista a Aurora Dom\u00ednguez\u00bb \u2014 Blog de STEPIEN Y BARNO - publicaci\u00f3n digital sobre arquitectura\" data-secret=\"WL9tsZkfKc\" frameborder=\"0\" marginwidth=\"0\" marginheight=\"0\" scrolling=\"no\" class=\"wp-embedded-content\"><\/iframe><script type=\"text\/javascript\">\n\/* <![CDATA[ *\/\n\/*! This file is auto-generated *\/\n!function(d,l){\"use strict\";l.querySelector&&d.addEventListener&&\"undefined\"!=typeof URL&&(d.wp=d.wp||{},d.wp.receiveEmbedMessage||(d.wp.receiveEmbedMessage=function(e){var t=e.data;if((t||t.secret||t.message||t.value)&&!\/[^a-zA-Z0-9]\/.test(t.secret)){for(var s,r,n,a=l.querySelectorAll('iframe[data-secret=\"'+t.secret+'\"]'),o=l.querySelectorAll('blockquote[data-secret=\"'+t.secret+'\"]'),c=new RegExp(\"^https?:$\",\"i\"),i=0;i<o.length;i++)o[i].style.display=\"none\";for(i=0;i<a.length;i++)s=a[i],e.source===s.contentWindow&&(s.removeAttribute(\"style\"),\"height\"===t.message?(1e3<(r=parseInt(t.value,10))?r=1e3:~~r<200&&(r=200),s.height=r):\"link\"===t.message&&(r=new URL(s.getAttribute(\"src\")),n=new URL(t.value),c.test(n.protocol))&&n.host===r.host&&l.activeElement===s&&(d.top.location.href=t.value))}},d.addEventListener(\"message\",d.wp.receiveEmbedMessage,!1),l.addEventListener(\"DOMContentLoaded\",function(){for(var e,t,s=l.querySelectorAll(\"iframe.wp-embedded-content\"),r=0;r<s.length;r++)(t=(e=s[r]).getAttribute(\"data-secret\"))||(t=Math.random().toString(36).substring(2,12),e.src+=\"#?secret=\"+t,e.setAttribute(\"data-secret\",t)),e.contentWindow.postMessage({message:\"ready\",secret:t},\"*\")},!1)))}(window,document);\n\/* ]]> *\/\n<\/script>\n"},"_links":{"self":[{"href":"https:\/\/stepienybarno.es\/blog\/wp-json\/wp\/v2\/posts\/52094"}],"collection":[{"href":"https:\/\/stepienybarno.es\/blog\/wp-json\/wp\/v2\/posts"}],"about":[{"href":"https:\/\/stepienybarno.es\/blog\/wp-json\/wp\/v2\/types\/post"}],"author":[{"embeddable":true,"href":"https:\/\/stepienybarno.es\/blog\/wp-json\/wp\/v2\/users\/2"}],"replies":[{"embeddable":true,"href":"https:\/\/stepienybarno.es\/blog\/wp-json\/wp\/v2\/comments?post=52094"}],"version-history":[{"count":3,"href":"https:\/\/stepienybarno.es\/blog\/wp-json\/wp\/v2\/posts\/52094\/revisions"}],"predecessor-version":[{"id":52099,"href":"https:\/\/stepienybarno.es\/blog\/wp-json\/wp\/v2\/posts\/52094\/revisions\/52099"}],"wp:featuredmedia":[{"embeddable":true,"href":"https:\/\/stepienybarno.es\/blog\/wp-json\/wp\/v2\/media\/52095"}],"wp:attachment":[{"href":"https:\/\/stepienybarno.es\/blog\/wp-json\/wp\/v2\/media?parent=52094"}],"wp:term":[{"taxonomy":"category","embeddable":true,"href":"https:\/\/stepienybarno.es\/blog\/wp-json\/wp\/v2\/categories?post=52094"},{"taxonomy":"post_tag","embeddable":true,"href":"https:\/\/stepienybarno.es\/blog\/wp-json\/wp\/v2\/tags?post=52094"},{"taxonomy":"series","embeddable":true,"href":"https:\/\/stepienybarno.es\/blog\/wp-json\/wp\/v2\/series?post=52094"}],"curies":[{"name":"wp","href":"https:\/\/api.w.org\/{rel}","templated":true}]}}