{"id":52264,"date":"2022-03-07T18:00:56","date_gmt":"2022-03-07T16:00:56","guid":{"rendered":"https:\/\/stepienybarno.es\/blog\/?p=52264"},"modified":"2022-03-31T12:28:57","modified_gmt":"2022-03-31T10:28:57","slug":"episodio-140-instatectura-la-semana-en-syb-entrevista-a-ines-novella","status":"publish","type":"post","link":"https:\/\/stepienybarno.es\/blog\/2022\/03\/07\/episodio-140-instatectura-la-semana-en-syb-entrevista-a-ines-novella\/","title":{"rendered":"Episodio 140. Instatectura la semana en SyB. Entrevista a In\u00e9s Novella"},"content":{"rendered":"<h2><img loading=\"lazy\" decoding=\"async\" class=\"alignnone size-full wp-image-52265\" src=\"https:\/\/stepienybarno.es\/blog\/wp-content\/uploads\/2022\/03\/INSTATECTURAS-2022-6.png\" alt=\"Instatectura la actualidad en Stepien y Barno\" width=\"1280\" height=\"720\" srcset=\"https:\/\/stepienybarno.es\/blog\/wp-content\/uploads\/2022\/03\/INSTATECTURAS-2022-6.png 1280w, https:\/\/stepienybarno.es\/blog\/wp-content\/uploads\/2022\/03\/INSTATECTURAS-2022-6-550x309.png 550w, https:\/\/stepienybarno.es\/blog\/wp-content\/uploads\/2022\/03\/INSTATECTURAS-2022-6-1024x576.png 1024w, https:\/\/stepienybarno.es\/blog\/wp-content\/uploads\/2022\/03\/INSTATECTURAS-2022-6-180x101.png 180w, https:\/\/stepienybarno.es\/blog\/wp-content\/uploads\/2022\/03\/INSTATECTURAS-2022-6-316x178.png 316w\" sizes=\"(max-width: 1280px) 100vw, 1280px\" \/><\/h2>\n<h2>GU\u00cdA PARA PROYECTAR ESPACIOS DE LA VIDA COTIDIANA CON IN\u00c9S NOVELLA \u00a0y especial\u00a0<a class=\" xil3i\" tabindex=\"0\" href=\"https:\/\/www.instagram.com\/explore\/tags\/8m\/\">#8M<\/a><\/h2>\n<h3>Entrevista a In\u00e9s Novella<\/h3>\n<p>Hoy , en el Instatectura la semana en SyB, Uxua Dombl\u00e1s ha entrevistado a In\u00e9s Novella.<\/p>\n<p>\ud83e\udd13\u00a0 In\u00e9s es arquitecta urbanista y m\u00e1ster en igualdad de oportunidades. Profesora en la Universitat Polit\u00e8cnica de Val\u00e8ncia y coordinadora de la C\u00e1tedra UNESCO de Pol\u00edticas de G\u00e9nero en Ciencia, Tecnolog\u00eda e Innovaci\u00f3n de la <a class=\"notranslate\" tabindex=\"0\" href=\"https:\/\/www.instagram.com\/somosupm\/\">@somosupm<\/a><\/p>\n<p>\ud83c\udfa4\u00a0 Han hablado sobre cu\u00e1ndo empez\u00f3 su relaci\u00f3n formal con la arquitectura de g\u00e9nero y hemos descubierto que hace m\u00e1s de 15 a\u00f1os que entr\u00f3 en contacto con la misma.<\/p>\n<p>\ud83d\udcd3\u00a0 Han buceado en la reciente GU\u00cdA que In\u00e9s S\u00e1nchez de Madariaga y ella misma acaban de publicar gracias a la financiaci\u00f3n de la Generalitat Valenciana a trav\u00e9s de la Direcci\u00f3n General de Innovaci\u00f3n Ecol\u00f3gica en la Construcci\u00f3n de la Vicepresidencia Segunda y Conselleria de Vivienda y Arquitectura Bioclim\u00e1tica.<\/p>\n<p>\ud83e\uddd0\u00a0 De los descubrimientos m\u00e1s importantes que han realizado; de la aceptaci\u00f3n que est\u00e1 teniendo la gu\u00eda entre el profesorado, alumnado y profesionales del sector en apenas 2 semanas desde su lanzamiento; cu\u00e1les son las claves de la propia gu\u00eda; de c\u00f3mo integrar tambi\u00e9n estos criterios en obras de rehabilitaci\u00f3n; de si debieran est\u00e1n integradas el d\u00eda de ma\u00f1ana en alguna normativa sectorial;\u00a0 algunos ejemplos de buenas pr\u00e1cticas que recoge la gu\u00eda&#8230;<\/p>\n<p>\ud83d\udca1\u00a0 In\u00e9s tambi\u00e9n ha dado algunas recomendaciones para aquellas personas que est\u00e9n interesadas en profundizar en este campo y nos ha dicho qu\u00e9 3 libros nos recomendar\u00eda para nuestra biblioteca.<\/p>\n<p>\u2709\ufe0f\u00a0 Si quer\u00e9is contactar con ella pod\u00e9is hacerlo escribiendo al email: <a class=\"c-link\" tabindex=\"-1\" href=\"mailto:ines.novella@upm.es\" target=\"_blank\" rel=\"noopener noreferrer\" data-stringify-link=\"mailto:ines.novella@upm.es\" data-sk=\"tooltip_parent\" aria-haspopup=\"menu\" aria-expanded=\"false\" data-remove-tab-index=\"true\">ines.novella@upm.es<\/a><span class=\"c-message__edited_label\" dir=\"ltr\" data-sk=\"tooltip_parent\">\u00a0<\/span><\/p>\n<h3>La Actualidad en Stepien y Barno<\/h3>\n<p>\ud83d\udc49\u00a0 Adem\u00e1s Dar\u00edo N\u00fa\u00f1ez nos ha adelantado las cosas que tenemos encima de la mesa en stepienybarno.es en esta semana tan especial.<\/p>\n<p>\u2615\u00a0 \u00a0El <a class=\" xil3i\" tabindex=\"0\" href=\"https:\/\/www.instagram.com\/explore\/tags\/arquicaf%C3%A9\/\">#arquicaf\u00e9<\/a>\u00a0con\u00a0<a class=\"notranslate\" tabindex=\"0\" href=\"https:\/\/www.instagram.com\/zaidamux\/\">@zaidamux<\/a> que sale ma\u00f1ana del horno. (MA\u00d1ANA LINK )<\/p>\n<p>\ud83d\udc9c\u00a0 \u00a0El post que sacamos sobre \u00abArquitectura, g\u00e9nero y urbanismo feminista\u00bb. (<a href=\"https:\/\/stepienybarno.es\/blog\/2022\/03\/02\/construyendo-espacios-en-libertad-a-traves-de-la-arquitectura-y-el-urbanismo-feminista\/\" target=\"_blank\" rel=\"noopener\"><strong>+ info AQU\u00cd<\/strong><\/a>)<\/p>\n<p>\ud83d\udcd3\u00a0 \u00a0El resumen de la GU\u00cdA \u00abPROYECTAR LOS ESPACIOS DE LA VIDA COTIDIANA\u00bb (<strong><a href=\"https:\/\/stepienybarno.es\/blog\/2022\/03\/02\/resumen-de-la-guia-proyectar-los-espacios-de-la-vida-cotidiana-como-aplicar-criterios-de-genero-en-el-diseno-de-vivienda\/\" target=\"_blank\" rel=\"noopener\">ACCESO A LA GU\u00cdA AQU\u00cd<\/a><\/strong>)<\/p>\n<p>\ud83d\udcaf\u00a0 \u00a0O la iniciativa de la URJC en la que nos piden que compartamos nuestra opini\u00f3n sobre el papel de la mujer en la arquitectura. ( <strong><a href=\"https:\/\/www.instagram.com\/p\/CazBJfeDVDx\/?utm_source=ig_web_copy_link\" target=\"_blank\" rel=\"noopener\">+ info AQU\u00cd<\/a><\/strong> )<\/p>\n<p>&nbsp;<\/p>\n<p>\ud83d\udc4b\u00a0 \u00a0\u00a1Nos vemos el lunes que viene!<\/p>\n<p>&nbsp;<\/p>\n<p style=\"text-align: center;\"><a href=\"https:\/\/stepienybarno.es\/blog\/category\/podcast\/\" class=\"kp-button medium-button\" target=\"_self\">escucha m\u00e1s podcast de stepienybarno<\/a><\/p>\n<p style=\"text-align: center;\">Tambi\u00e9n en <a href=\"https:\/\/www.ivoox.com\/podcast-stepienybarno-arquitectura_sq_f1856662_1.html\" target=\"_blank\" rel=\"noopener noreferrer\">IVOOX<\/a><\/p>\n<blockquote class=\"instagram-media\" style=\"background: #FFF; border: 0; border-radius: 3px; box-shadow: 0 0 1px 0 rgba(0,0,0,0.5),0 1px 10px 0 rgba(0,0,0,0.15); margin: 1px; max-width: 540px; min-width: 326px; padding: 0; width: calc(100% - 2px);\" data-instgrm-permalink=\"https:\/\/www.instagram.com\/tv\/CazPMrCBwEd\/?utm_source=ig_embed&amp;utm_campaign=loading\" data-instgrm-version=\"14\">\n<div style=\"padding: 16px;\">\n<p>&nbsp;<\/p>\n<div style=\"display: flex; flex-direction: row; align-items: center;\">\n<div style=\"background-color: #f4f4f4; border-radius: 50%; flex-grow: 0; height: 40px; margin-right: 14px; width: 40px;\"><\/div>\n<div style=\"display: flex; flex-direction: column; flex-grow: 1; justify-content: center;\">\n<div style=\"background-color: #f4f4f4; border-radius: 4px; flex-grow: 0; height: 14px; margin-bottom: 6px; width: 100px;\"><\/div>\n<div style=\"background-color: #f4f4f4; border-radius: 4px; flex-grow: 0; height: 14px; width: 60px;\"><\/div>\n<\/div>\n<\/div>\n<div style=\"padding: 19% 0;\"><\/div>\n<div style=\"display: block; height: 50px; margin: 0 auto 12px; width: 50px;\"><\/div>\n<div style=\"padding-top: 8px;\">\n<div style=\"color: #3897f0; font-family: Arial,sans-serif; font-size: 14px; font-style: normal; font-weight: 550; line-height: 18px;\">Ver esta publicaci\u00f3n en Instagram<\/div>\n<\/div>\n<div style=\"padding: 12.5% 0;\"><\/div>\n<div style=\"display: flex; flex-direction: row; margin-bottom: 14px; align-items: center;\">\n<div>\n<div style=\"background-color: #f4f4f4; border-radius: 50%; height: 12.5px; width: 12.5px; transform: translateX(0px) translateY(7px);\"><\/div>\n<div style=\"background-color: #f4f4f4; height: 12.5px; transform: rotate(-45deg) translateX(3px) translateY(1px); width: 12.5px; flex-grow: 0; margin-right: 14px; margin-left: 2px;\"><\/div>\n<div style=\"background-color: #f4f4f4; border-radius: 50%; height: 12.5px; width: 12.5px; transform: translateX(9px) translateY(-18px);\"><\/div>\n<\/div>\n<div style=\"margin-left: 8px;\">\n<div style=\"background-color: #f4f4f4; border-radius: 50%; flex-grow: 0; height: 20px; width: 20px;\"><\/div>\n<div style=\"width: 0; height: 0; border-top: 2px solid transparent; border-left: 6px solid #f4f4f4; border-bottom: 2px solid transparent; transform: translateX(16px) translateY(-4px) rotate(30deg);\"><\/div>\n<\/div>\n<div style=\"margin-left: auto;\">\n<div style=\"width: 0px; border-top: 8px solid #F4F4F4; border-right: 8px solid transparent; transform: translateY(16px);\"><\/div>\n<div style=\"background-color: #f4f4f4; flex-grow: 0; height: 12px; width: 16px; transform: translateY(-4px);\"><\/div>\n<div style=\"width: 0; height: 0; border-top: 8px solid #F4F4F4; border-left: 8px solid transparent; transform: translateY(-4px) translateX(8px);\"><\/div>\n<\/div>\n<\/div>\n<div style=\"display: flex; flex-direction: column; flex-grow: 1; justify-content: center; margin-bottom: 24px;\">\n<div style=\"background-color: #f4f4f4; border-radius: 4px; flex-grow: 0; height: 14px; margin-bottom: 6px; width: 224px;\"><\/div>\n<div style=\"background-color: #f4f4f4; border-radius: 4px; flex-grow: 0; height: 14px; width: 144px;\"><\/div>\n<\/div>\n<p>&nbsp;<\/p>\n<p style=\"color: #c9c8cd; font-family: Arial,sans-serif; font-size: 14px; line-height: 17px; margin-bottom: 0; margin-top: 8px; overflow: hidden; padding: 8px 0 7px; text-align: center; text-overflow: ellipsis; white-space: nowrap;\"><a style=\"color: #c9c8cd; font-family: Arial,sans-serif; font-size: 14px; font-style: normal; font-weight: normal; line-height: 17px; text-decoration: none;\" href=\"https:\/\/www.instagram.com\/tv\/CazPMrCBwEd\/?utm_source=ig_embed&amp;utm_campaign=loading\" target=\"_blank\" rel=\"noopener\">Una publicaci\u00f3n compartida de Stepienybarno (@stepienybarno)<\/a><\/p>\n<\/div>\n<\/blockquote>\n<p><script async src=\"\/\/www.instagram.com\/embed.js\"><\/script><\/p>\n<p>Esperamos que os haya gustado nuestro Instatectura la semana en SyB.<\/p>\n<p>&nbsp;<\/p>\n","protected":false},"excerpt":{"rendered":"<p>GU\u00cdA PARA PROYECTAR ESPACIOS DE LA VIDA COTIDIANA CON IN\u00c9S<\/p>\n","protected":false},"author":2,"featured_media":52265,"comment_status":"open","ping_status":"closed","sticky":false,"template":"","format":"standard","meta":{"om_disable_all_campaigns":false,"_monsterinsights_skip_tracking":false,"_monsterinsights_sitenote_active":false,"_monsterinsights_sitenote_note":"","_monsterinsights_sitenote_category":0,"_uf_show_specific_survey":0,"_uf_disable_surveys":false,"episode_type":"audio","audio_file":"https:\/\/stepienybarno.es\/blog\/wp-content\/uploads\/2022\/03\/140-instatectura-INES-NOVELLA-1.mp3","cover_image":"","cover_image_id":"","duration":"1:14:33","filesize":"42.66M","date_recorded":"2022-03-07 17:55:54","explicit":"","block":"","filesize_raw":"44730792","footnotes":""},"categories":[34,7985],"tags":[5222,6107,9191,8685,9183,8110,7997,1299],"series":[10115],"class_list":["post-52264","post","type-post","status-publish","format-standard","has-post-thumbnail","hentry","category-actualidad","category-podcast","tag-diainternacionaldelamujer","tag-8m","tag-8m2022","tag-dario-nunez-gonzalez","tag-ines-novella-abril","tag-instatectura","tag-podcast","tag-uxua-domblas","series-podcast-de-stepienybarno"],"aioseo_notices":[],"episode_featured_image":"https:\/\/stepienybarno.es\/blog\/wp-content\/uploads\/2022\/03\/INSTATECTURAS-2022-6.png","episode_player_image":"https:\/\/stepienybarno.es\/blog\/wp-content\/uploads\/2020\/11\/stepienybarno-podcast-scaled.jpg","download_link":"https:\/\/stepienybarno.es\/blog\/podcast-download\/52264\/episodio-140-instatectura-la-semana-en-syb-entrevista-a-ines-novella.mp3","player_link":"https:\/\/stepienybarno.es\/blog\/podcast-player\/52264\/episodio-140-instatectura-la-semana-en-syb-entrevista-a-ines-novella.mp3","audio_player":"<!--[if lt IE 9]><script>document.createElement('audio');<\/script><![endif]-->\n<audio class=\"wp-audio-shortcode\" id=\"audio-52264-1\" preload=\"none\" style=\"width: 100%;\" controls=\"controls\"><source type=\"audio\/mpeg\" src=\"https:\/\/stepienybarno.es\/blog\/podcast-player\/52264\/episodio-140-instatectura-la-semana-en-syb-entrevista-a-ines-novella.mp3?_=1\" \/><a href=\"https:\/\/stepienybarno.es\/blog\/podcast-player\/52264\/episodio-140-instatectura-la-semana-en-syb-entrevista-a-ines-novella.mp3\">https:\/\/stepienybarno.es\/blog\/podcast-player\/52264\/episodio-140-instatectura-la-semana-en-syb-entrevista-a-ines-novella.mp3<\/a><\/audio>","episode_data":{"playerMode":"dark","subscribeUrls":[],"rssFeedUrl":"https:\/\/stepienybarno.es\/blog\/feed\/podcast\/podcast-de-stepienybarno","embedCode":"<blockquote class=\"wp-embedded-content\" data-secret=\"ObqaBEEnKy\"><a href=\"https:\/\/stepienybarno.es\/blog\/2022\/03\/07\/episodio-140-instatectura-la-semana-en-syb-entrevista-a-ines-novella\/\">Episodio 140. Instatectura la semana en SyB. Entrevista a In\u00e9s Novella<\/a><\/blockquote><iframe sandbox=\"allow-scripts\" security=\"restricted\" src=\"https:\/\/stepienybarno.es\/blog\/2022\/03\/07\/episodio-140-instatectura-la-semana-en-syb-entrevista-a-ines-novella\/embed\/#?secret=ObqaBEEnKy\" width=\"500\" height=\"350\" title=\"\u00abEpisodio 140. Instatectura la semana en SyB. Entrevista a In\u00e9s Novella\u00bb \u2014 Blog de STEPIEN Y BARNO - publicaci\u00f3n digital sobre arquitectura\" data-secret=\"ObqaBEEnKy\" frameborder=\"0\" marginwidth=\"0\" marginheight=\"0\" scrolling=\"no\" class=\"wp-embedded-content\"><\/iframe><script type=\"text\/javascript\">\n\/* <![CDATA[ *\/\n\/*! This file is auto-generated *\/\n!function(d,l){\"use strict\";l.querySelector&&d.addEventListener&&\"undefined\"!=typeof URL&&(d.wp=d.wp||{},d.wp.receiveEmbedMessage||(d.wp.receiveEmbedMessage=function(e){var t=e.data;if((t||t.secret||t.message||t.value)&&!\/[^a-zA-Z0-9]\/.test(t.secret)){for(var s,r,n,a=l.querySelectorAll('iframe[data-secret=\"'+t.secret+'\"]'),o=l.querySelectorAll('blockquote[data-secret=\"'+t.secret+'\"]'),c=new RegExp(\"^https?:$\",\"i\"),i=0;i<o.length;i++)o[i].style.display=\"none\";for(i=0;i<a.length;i++)s=a[i],e.source===s.contentWindow&&(s.removeAttribute(\"style\"),\"height\"===t.message?(1e3<(r=parseInt(t.value,10))?r=1e3:~~r<200&&(r=200),s.height=r):\"link\"===t.message&&(r=new URL(s.getAttribute(\"src\")),n=new URL(t.value),c.test(n.protocol))&&n.host===r.host&&l.activeElement===s&&(d.top.location.href=t.value))}},d.addEventListener(\"message\",d.wp.receiveEmbedMessage,!1),l.addEventListener(\"DOMContentLoaded\",function(){for(var e,t,s=l.querySelectorAll(\"iframe.wp-embedded-content\"),r=0;r<s.length;r++)(t=(e=s[r]).getAttribute(\"data-secret\"))||(t=Math.random().toString(36).substring(2,12),e.src+=\"#?secret=\"+t,e.setAttribute(\"data-secret\",t)),e.contentWindow.postMessage({message:\"ready\",secret:t},\"*\")},!1)))}(window,document);\n\/* ]]> *\/\n<\/script>\n"},"_links":{"self":[{"href":"https:\/\/stepienybarno.es\/blog\/wp-json\/wp\/v2\/posts\/52264"}],"collection":[{"href":"https:\/\/stepienybarno.es\/blog\/wp-json\/wp\/v2\/posts"}],"about":[{"href":"https:\/\/stepienybarno.es\/blog\/wp-json\/wp\/v2\/types\/post"}],"author":[{"embeddable":true,"href":"https:\/\/stepienybarno.es\/blog\/wp-json\/wp\/v2\/users\/2"}],"replies":[{"embeddable":true,"href":"https:\/\/stepienybarno.es\/blog\/wp-json\/wp\/v2\/comments?post=52264"}],"version-history":[{"count":6,"href":"https:\/\/stepienybarno.es\/blog\/wp-json\/wp\/v2\/posts\/52264\/revisions"}],"predecessor-version":[{"id":52284,"href":"https:\/\/stepienybarno.es\/blog\/wp-json\/wp\/v2\/posts\/52264\/revisions\/52284"}],"wp:featuredmedia":[{"embeddable":true,"href":"https:\/\/stepienybarno.es\/blog\/wp-json\/wp\/v2\/media\/52265"}],"wp:attachment":[{"href":"https:\/\/stepienybarno.es\/blog\/wp-json\/wp\/v2\/media?parent=52264"}],"wp:term":[{"taxonomy":"category","embeddable":true,"href":"https:\/\/stepienybarno.es\/blog\/wp-json\/wp\/v2\/categories?post=52264"},{"taxonomy":"post_tag","embeddable":true,"href":"https:\/\/stepienybarno.es\/blog\/wp-json\/wp\/v2\/tags?post=52264"},{"taxonomy":"series","embeddable":true,"href":"https:\/\/stepienybarno.es\/blog\/wp-json\/wp\/v2\/series?post=52264"}],"curies":[{"name":"wp","href":"https:\/\/api.w.org\/{rel}","templated":true}]}}