{"id":52494,"date":"2022-03-22T09:00:04","date_gmt":"2022-03-22T07:00:04","guid":{"rendered":"https:\/\/stepienybarno.es\/blog\/?p=52494"},"modified":"2022-03-31T12:28:14","modified_gmt":"2022-03-31T10:28:14","slug":"episodio-143-instatectura-la-semana-en-syb-entrevista-a-ismael-pizarro-de-paisaje-encontrado","status":"publish","type":"post","link":"https:\/\/stepienybarno.es\/blog\/2022\/03\/22\/episodio-143-instatectura-la-semana-en-syb-entrevista-a-ismael-pizarro-de-paisaje-encontrado\/","title":{"rendered":"Episodio 143: Instatectura la semana en SyB. Entrevista a Ismael Pizarro de Paisaje Encontrado"},"content":{"rendered":"<p><img loading=\"lazy\" decoding=\"async\" class=\"alignnone size-full wp-image-52495\" src=\"https:\/\/stepienybarno.es\/blog\/wp-content\/uploads\/2022\/03\/INSTATECTURAS-2022-8-1.png\" alt=\"\" width=\"1280\" height=\"720\" srcset=\"https:\/\/stepienybarno.es\/blog\/wp-content\/uploads\/2022\/03\/INSTATECTURAS-2022-8-1.png 1280w, https:\/\/stepienybarno.es\/blog\/wp-content\/uploads\/2022\/03\/INSTATECTURAS-2022-8-1-550x309.png 550w, https:\/\/stepienybarno.es\/blog\/wp-content\/uploads\/2022\/03\/INSTATECTURAS-2022-8-1-1024x576.png 1024w, https:\/\/stepienybarno.es\/blog\/wp-content\/uploads\/2022\/03\/INSTATECTURAS-2022-8-1-180x101.png 180w, https:\/\/stepienybarno.es\/blog\/wp-content\/uploads\/2022\/03\/INSTATECTURAS-2022-8-1-316x178.png 316w\" sizes=\"(max-width: 1280px) 100vw, 1280px\" \/><\/p>\n<h3>PANDEMIA, INSTAGRAM, LA DESPOBLACI\u00d3N&#8230; Y LA CASUALIDAD!! Entrevista a ISMAEL PIZARRO\u00a0<a class=\"notranslate\" tabindex=\"0\" href=\"https:\/\/www.instagram.com\/paisajeencontrado\/\">@paisajeencontrado<\/a><\/h3>\n<p>\ud83d\udc63 Hoy, en nuestro instatectura la semana en SyB, nos hemos ido de excursi\u00f3n a Used, Arag\u00f3n, donde 3 j\u00f3venes arquitectos han comprado y est\u00e1n rehabilitando 3 casonas en una de las zonas m\u00e1s despobladas.<\/p>\n<p>\ud83e\udd13 Ismael es arquitecto y paisajista y decidi\u00f3 comprar la casa en cuanto la vio publicada en la cuenta de Alberto S\u00e1nchez,\u00a0<a class=\"notranslate\" tabindex=\"0\" href=\"https:\/\/www.instagram.com\/casadepueblo\/\">@casadepueblo<\/a>\u00a0, quien iniciaba este proceso all\u00e1 por 2017. Despu\u00e9s llegar\u00eda Guillermo Bosque con\u00a0<a class=\"notranslate\" tabindex=\"0\" href=\"https:\/\/www.instagram.com\/la_lazara\/\">@la_lazara<\/a>\u00a0en 2021.<\/p>\n<p>\u2728Nos ha contado como un c\u00famulo de casualidades han sido las c\u00f3mplices de que hoy pudi\u00e9ramos estar haciendo este directo y de que se hubiera comprado\u00a0<a class=\" xil3i\" tabindex=\"0\" href=\"https:\/\/www.instagram.com\/explore\/tags\/lacasadelrinc%C3%B3n\/\">#lacasadelrinc\u00f3n<\/a>\u00a0. De la pandemia, de Filomena y de las abutardas que han hecho que dejara Murcia, Madrid y decidiese vivir en este pueblo de no m\u00e1s de 300 habitantes.<\/p>\n<p>\ud83c\udf3fNos ha explicado su pasi\u00f3n por el paisaje, por tratar de trabajar con la flora aut\u00f3ctona, de ponerla en valor, de darla a conocer porque, en este mundo tan globalizado, trabajar desde los valores locales es (m\u00e1s ahora si cabe) el futuro m\u00e1s presente que podamos imaginar.<\/p>\n<p>\ud83d\udcaf Nos habla de las asociaciones que han montado:\u00a0<a class=\"notranslate\" tabindex=\"0\" href=\"https:\/\/www.instagram.com\/asociacionfuset\/\">@asociacionfuset<\/a>\u00a0para la preservacion del patrimonio arquitect\u00f3nico rural y\u00a0<a class=\"notranslate\" tabindex=\"0\" href=\"https:\/\/www.instagram.com\/amelanchier.asociacion\/\">@amelanchier.asociacion<\/a>\u00a0para la divulgaci\u00f3n y promoci\u00f3n del paisaje.<\/p>\n<p>\ud83e\uddd0 Hemos hablado sobre t\u00e9cnicas de rehabilitaci\u00f3n, de la memoria viva de esos lugares, de sociolog\u00eda y de arqueolog\u00eda de la arquitectura, de la creaci\u00f3n de laboratorios de investigaci\u00f3n para realizar trabajo pr\u00e1ctico&#8230;de ir contando la historia de estas casas en Instagram, a trav\u00e9s de su restauraci\u00f3n, documentos, mobiliario y enseres varios que han ido encontrando.<\/p>\n<p>\ud83d\udeb6\ud83c\udffcPara terminar, Ismael nos ha llevado de excursi\u00f3n por Used y hemos podido conocer las 3 casas de cerca.<\/p>\n<h4>La actualidad de la semana en SyB<\/h4>\n<p>\ud83d\udc49Adem\u00e1s,\u00a0<a class=\"notranslate\" tabindex=\"0\" href=\"https:\/\/www.instagram.com\/darionug\/\">@darionug<\/a>\u00a0y\u00a0<a class=\"notranslate\" tabindex=\"0\" href=\"https:\/\/www.instagram.com\/uxuadomblas\/\">@uxuadomblas<\/a>\u00a0han repasado la actualidad arquitect\u00f3nica y en SYB;<\/p>\n<p>La muerte del urbanista <strong><a href=\"https:\/\/es.wikipedia.org\/wiki\/Christopher_Alexander\" target=\"_blank\" rel=\"noopener\">Christopher Alexander<\/a><\/strong>. <strong><a href=\"https:\/\/twitter.com\/AlvaroArdura\/status\/1505641970080825345?s=20&amp;t=68XFK5PQGtLDHqVMunbypw\" target=\"_blank\" rel=\"noopener\">+ Info Aqu\u00ed<\/a><\/strong><\/p>\n<p>\u2615El pr\u00f3ximo\u00a0<a class=\" xil3i\" tabindex=\"0\" href=\"https:\/\/www.instagram.com\/explore\/tags\/arquicaf%C3%A9\/\">#arquicaf\u00e9<\/a> , con motivo del d\u00eda del Lapiz que se celebra el 30 de marzo, con <a class=\"notranslate\" tabindex=\"0\" href=\"https:\/\/www.instagram.com\/antonio.estepa.rubio\/\">@antonio.estepa.rubio<\/a>\u00a0y\u00a0<a class=\"notranslate\" tabindex=\"0\" href=\"https:\/\/www.instagram.com\/jesteparu\/\">@jesteparu<\/a> que sale el viernes.<\/p>\n<p>El \ud83d\udce3evento<strong> \u00abArquitectas, profesi\u00f3n y comunicaci\u00f3n\u00bb<\/strong> en el que participan Agniezka Stepien y Lorenzo Barno (<strong><a href=\"https:\/\/bit.ly\/3wof7Kk\" target=\"_blank\" rel=\"noopener\">+ Info AQU\u00cd<\/a><\/strong>) organizado por el Colegio de Arquitectos Vasco-Navarro.<\/p>\n<p><img decoding=\"async\" class=\"emoji\" role=\"img\" draggable=\"false\" src=\"https:\/\/s.w.org\/images\/core\/emoji\/13.1.0\/svg\/1f44b.svg\" alt=\"\ud83d\udc4b\" \/>\u00a1Nos vemos el lunes que viene!<\/p>\n<p>&nbsp;<\/p>\n<p style=\"text-align: center;\"><a class=\"kp-button medium-button\" href=\"https:\/\/stepienybarno.es\/blog\/category\/podcast\/\" target=\"_self\" rel=\"noopener\">escucha m\u00e1s podcast de stepienybarno<\/a><\/p>\n<p style=\"text-align: center;\">Tambi\u00e9n en\u00a0<a href=\"https:\/\/www.ivoox.com\/podcast-stepienybarno-arquitectura_sq_f1856662_1.html\" target=\"_blank\" rel=\"noopener noreferrer\">IVOOX<\/a><\/p>\n<p>&nbsp;<\/p>\n<p>&nbsp;<\/p>\n<p>&nbsp;<\/p>\n<blockquote class=\"instagram-media\" style=\"background: #FFF; border: 0; border-radius: 3px; box-shadow: 0 0 1px 0 rgba(0,0,0,0.5),0 1px 10px 0 rgba(0,0,0,0.15); margin: 1px; max-width: 540px; min-width: 326px; padding: 0; width: calc(100% - 2px);\" data-instgrm-permalink=\"https:\/\/www.instagram.com\/tv\/CbXSvjhhxJG\/?utm_source=ig_embed&amp;utm_campaign=loading\" data-instgrm-version=\"14\">\n<div style=\"padding: 16px;\">\n<p>&nbsp;<\/p>\n<div style=\"display: flex; flex-direction: row; align-items: center;\">\n<div style=\"background-color: #f4f4f4; border-radius: 50%; flex-grow: 0; height: 40px; margin-right: 14px; width: 40px;\"><\/div>\n<div style=\"display: flex; flex-direction: column; flex-grow: 1; justify-content: center;\">\n<div style=\"background-color: #f4f4f4; border-radius: 4px; flex-grow: 0; height: 14px; margin-bottom: 6px; width: 100px;\"><\/div>\n<div style=\"background-color: #f4f4f4; border-radius: 4px; flex-grow: 0; height: 14px; width: 60px;\"><\/div>\n<\/div>\n<\/div>\n<div style=\"padding: 19% 0;\"><\/div>\n<div style=\"display: block; height: 50px; margin: 0 auto 12px; width: 50px;\"><\/div>\n<div style=\"padding-top: 8px;\">\n<div style=\"color: #3897f0; font-family: Arial,sans-serif; font-size: 14px; font-style: normal; font-weight: 550; line-height: 18px;\">Ver esta publicaci\u00f3n en Instagram<\/div>\n<\/div>\n<div style=\"padding: 12.5% 0;\"><\/div>\n<div style=\"display: flex; flex-direction: row; margin-bottom: 14px; align-items: center;\">\n<div>\n<div style=\"background-color: #f4f4f4; border-radius: 50%; height: 12.5px; width: 12.5px; transform: translateX(0px) translateY(7px);\"><\/div>\n<div style=\"background-color: #f4f4f4; height: 12.5px; transform: rotate(-45deg) translateX(3px) translateY(1px); width: 12.5px; flex-grow: 0; margin-right: 14px; margin-left: 2px;\"><\/div>\n<div style=\"background-color: #f4f4f4; border-radius: 50%; height: 12.5px; width: 12.5px; transform: translateX(9px) translateY(-18px);\"><\/div>\n<\/div>\n<div style=\"margin-left: 8px;\">\n<div style=\"background-color: #f4f4f4; border-radius: 50%; flex-grow: 0; height: 20px; width: 20px;\"><\/div>\n<div style=\"width: 0; height: 0; border-top: 2px solid transparent; border-left: 6px solid #f4f4f4; border-bottom: 2px solid transparent; transform: translateX(16px) translateY(-4px) rotate(30deg);\"><\/div>\n<\/div>\n<div style=\"margin-left: auto;\">\n<div style=\"width: 0px; border-top: 8px solid #F4F4F4; border-right: 8px solid transparent; transform: translateY(16px);\"><\/div>\n<div style=\"background-color: #f4f4f4; flex-grow: 0; height: 12px; width: 16px; transform: translateY(-4px);\"><\/div>\n<div style=\"width: 0; height: 0; border-top: 8px solid #F4F4F4; border-left: 8px solid transparent; transform: translateY(-4px) translateX(8px);\"><\/div>\n<\/div>\n<\/div>\n<div style=\"display: flex; flex-direction: column; flex-grow: 1; justify-content: center; margin-bottom: 24px;\">\n<div style=\"background-color: #f4f4f4; border-radius: 4px; flex-grow: 0; height: 14px; margin-bottom: 6px; width: 224px;\"><\/div>\n<div style=\"background-color: #f4f4f4; border-radius: 4px; flex-grow: 0; height: 14px; width: 144px;\"><\/div>\n<\/div>\n<p>&nbsp;<\/p>\n<p style=\"color: #c9c8cd; font-family: Arial,sans-serif; font-size: 14px; line-height: 17px; margin-bottom: 0; margin-top: 8px; overflow: hidden; padding: 8px 0 7px; text-align: center; text-overflow: ellipsis; white-space: nowrap;\"><a style=\"color: #c9c8cd; font-family: Arial,sans-serif; font-size: 14px; font-style: normal; font-weight: normal; line-height: 17px; text-decoration: none;\" href=\"https:\/\/www.instagram.com\/tv\/CbXSvjhhxJG\/?utm_source=ig_embed&amp;utm_campaign=loading\" target=\"_blank\" rel=\"noopener\">Una publicaci\u00f3n compartida de Stepienybarno (@stepienybarno)<\/a><\/p>\n<\/div>\n<\/blockquote>\n<p><script async src=\"\/\/www.instagram.com\/embed.js\"><\/script><\/p>\n<h3>Esperamos que os haya gustado nuestro Instatectura la semana en SyB.<\/h3>\n","protected":false},"excerpt":{"rendered":"<p>PANDEMIA, INSTAGRAM, LA DESPOBLACI\u00d3N&#8230; Y LA CASUALIDAD!! Entrevista a ISMAEL<\/p>\n","protected":false},"author":2,"featured_media":52495,"comment_status":"open","ping_status":"closed","sticky":false,"template":"","format":"standard","meta":{"om_disable_all_campaigns":false,"_monsterinsights_skip_tracking":false,"_monsterinsights_sitenote_active":false,"_monsterinsights_sitenote_note":"","_monsterinsights_sitenote_category":0,"_uf_show_specific_survey":0,"_uf_disable_surveys":false,"episode_type":"audio","audio_file":"https:\/\/stepienybarno.es\/blog\/wp-content\/uploads\/2022\/03\/143-instatectura-RE-HABILITAR-LO-RURAL-CON-ISMAEL-PIZARRO-DE-PAISAJEENCONTRADO.mp3","cover_image":"","cover_image_id":"","duration":"1:14:48","filesize":"34.24M","date_recorded":"2022-03-22 09:00:04","explicit":"","block":"","filesize_raw":"35907659","footnotes":""},"categories":[34,7985],"tags":[9214,9212,8685,9216,9215,9210,9213,7997,9211,1299],"series":[10115],"class_list":["post-52494","post","type-post","status-publish","format-standard","has-post-thumbnail","hentry","category-actualidad","category-podcast","tag-aragon","tag-casa-de-pueblo","tag-dario-nunez-gonzalez","tag-despoblacion","tag-espana-vaciada","tag-ismael-pizarro","tag-la-lazara","tag-podcast","tag-used","tag-uxua-domblas","series-podcast-de-stepienybarno"],"aioseo_notices":[],"episode_featured_image":"https:\/\/stepienybarno.es\/blog\/wp-content\/uploads\/2022\/03\/INSTATECTURAS-2022-8-1.png","episode_player_image":"https:\/\/stepienybarno.es\/blog\/wp-content\/uploads\/2020\/11\/stepienybarno-podcast-scaled.jpg","download_link":"https:\/\/stepienybarno.es\/blog\/podcast-download\/52494\/episodio-143-instatectura-la-semana-en-syb-entrevista-a-ismael-pizarro-de-paisaje-encontrado.mp3","player_link":"https:\/\/stepienybarno.es\/blog\/podcast-player\/52494\/episodio-143-instatectura-la-semana-en-syb-entrevista-a-ismael-pizarro-de-paisaje-encontrado.mp3","audio_player":"<!--[if lt IE 9]><script>document.createElement('audio');<\/script><![endif]-->\n<audio class=\"wp-audio-shortcode\" id=\"audio-52494-1\" preload=\"none\" style=\"width: 100%;\" controls=\"controls\"><source type=\"audio\/mpeg\" src=\"https:\/\/stepienybarno.es\/blog\/podcast-player\/52494\/episodio-143-instatectura-la-semana-en-syb-entrevista-a-ismael-pizarro-de-paisaje-encontrado.mp3?_=1\" \/><a href=\"https:\/\/stepienybarno.es\/blog\/podcast-player\/52494\/episodio-143-instatectura-la-semana-en-syb-entrevista-a-ismael-pizarro-de-paisaje-encontrado.mp3\">https:\/\/stepienybarno.es\/blog\/podcast-player\/52494\/episodio-143-instatectura-la-semana-en-syb-entrevista-a-ismael-pizarro-de-paisaje-encontrado.mp3<\/a><\/audio>","episode_data":{"playerMode":"dark","subscribeUrls":[],"rssFeedUrl":"https:\/\/stepienybarno.es\/blog\/feed\/podcast\/podcast-de-stepienybarno","embedCode":"<blockquote class=\"wp-embedded-content\" data-secret=\"w2OW4SIpqu\"><a href=\"https:\/\/stepienybarno.es\/blog\/2022\/03\/22\/episodio-143-instatectura-la-semana-en-syb-entrevista-a-ismael-pizarro-de-paisaje-encontrado\/\">Episodio 143: Instatectura la semana en SyB. Entrevista a Ismael Pizarro de Paisaje Encontrado<\/a><\/blockquote><iframe sandbox=\"allow-scripts\" security=\"restricted\" src=\"https:\/\/stepienybarno.es\/blog\/2022\/03\/22\/episodio-143-instatectura-la-semana-en-syb-entrevista-a-ismael-pizarro-de-paisaje-encontrado\/embed\/#?secret=w2OW4SIpqu\" width=\"500\" height=\"350\" title=\"\u00abEpisodio 143: Instatectura la semana en SyB. Entrevista a Ismael Pizarro de Paisaje Encontrado\u00bb \u2014 Blog de STEPIEN Y BARNO - publicaci\u00f3n digital sobre arquitectura\" data-secret=\"w2OW4SIpqu\" frameborder=\"0\" marginwidth=\"0\" marginheight=\"0\" scrolling=\"no\" class=\"wp-embedded-content\"><\/iframe><script type=\"text\/javascript\">\n\/* <![CDATA[ *\/\n\/*! This file is auto-generated *\/\n!function(d,l){\"use strict\";l.querySelector&&d.addEventListener&&\"undefined\"!=typeof URL&&(d.wp=d.wp||{},d.wp.receiveEmbedMessage||(d.wp.receiveEmbedMessage=function(e){var t=e.data;if((t||t.secret||t.message||t.value)&&!\/[^a-zA-Z0-9]\/.test(t.secret)){for(var s,r,n,a=l.querySelectorAll('iframe[data-secret=\"'+t.secret+'\"]'),o=l.querySelectorAll('blockquote[data-secret=\"'+t.secret+'\"]'),c=new RegExp(\"^https?:$\",\"i\"),i=0;i<o.length;i++)o[i].style.display=\"none\";for(i=0;i<a.length;i++)s=a[i],e.source===s.contentWindow&&(s.removeAttribute(\"style\"),\"height\"===t.message?(1e3<(r=parseInt(t.value,10))?r=1e3:~~r<200&&(r=200),s.height=r):\"link\"===t.message&&(r=new URL(s.getAttribute(\"src\")),n=new URL(t.value),c.test(n.protocol))&&n.host===r.host&&l.activeElement===s&&(d.top.location.href=t.value))}},d.addEventListener(\"message\",d.wp.receiveEmbedMessage,!1),l.addEventListener(\"DOMContentLoaded\",function(){for(var e,t,s=l.querySelectorAll(\"iframe.wp-embedded-content\"),r=0;r<s.length;r++)(t=(e=s[r]).getAttribute(\"data-secret\"))||(t=Math.random().toString(36).substring(2,12),e.src+=\"#?secret=\"+t,e.setAttribute(\"data-secret\",t)),e.contentWindow.postMessage({message:\"ready\",secret:t},\"*\")},!1)))}(window,document);\n\/* ]]> *\/\n<\/script>\n"},"_links":{"self":[{"href":"https:\/\/stepienybarno.es\/blog\/wp-json\/wp\/v2\/posts\/52494"}],"collection":[{"href":"https:\/\/stepienybarno.es\/blog\/wp-json\/wp\/v2\/posts"}],"about":[{"href":"https:\/\/stepienybarno.es\/blog\/wp-json\/wp\/v2\/types\/post"}],"author":[{"embeddable":true,"href":"https:\/\/stepienybarno.es\/blog\/wp-json\/wp\/v2\/users\/2"}],"replies":[{"embeddable":true,"href":"https:\/\/stepienybarno.es\/blog\/wp-json\/wp\/v2\/comments?post=52494"}],"version-history":[{"count":3,"href":"https:\/\/stepienybarno.es\/blog\/wp-json\/wp\/v2\/posts\/52494\/revisions"}],"predecessor-version":[{"id":52498,"href":"https:\/\/stepienybarno.es\/blog\/wp-json\/wp\/v2\/posts\/52494\/revisions\/52498"}],"wp:featuredmedia":[{"embeddable":true,"href":"https:\/\/stepienybarno.es\/blog\/wp-json\/wp\/v2\/media\/52495"}],"wp:attachment":[{"href":"https:\/\/stepienybarno.es\/blog\/wp-json\/wp\/v2\/media?parent=52494"}],"wp:term":[{"taxonomy":"category","embeddable":true,"href":"https:\/\/stepienybarno.es\/blog\/wp-json\/wp\/v2\/categories?post=52494"},{"taxonomy":"post_tag","embeddable":true,"href":"https:\/\/stepienybarno.es\/blog\/wp-json\/wp\/v2\/tags?post=52494"},{"taxonomy":"series","embeddable":true,"href":"https:\/\/stepienybarno.es\/blog\/wp-json\/wp\/v2\/series?post=52494"}],"curies":[{"name":"wp","href":"https:\/\/api.w.org\/{rel}","templated":true}]}}