{"id":52936,"date":"2022-04-18T13:43:03","date_gmt":"2022-04-18T11:43:03","guid":{"rendered":"https:\/\/stepienybarno.es\/blog\/?p=52936"},"modified":"2022-04-18T20:22:14","modified_gmt":"2022-04-18T18:22:14","slug":"sorteo-dia-del-libro-lote-de-5-publicaciones-de-productos-de-fundacion-arquia","status":"publish","type":"post","link":"https:\/\/stepienybarno.es\/blog\/2022\/04\/18\/sorteo-dia-del-libro-lote-de-5-publicaciones-de-productos-de-fundacion-arquia\/","title":{"rendered":"SORTEO d\u00eda del libro: Lote de 5 publicaciones de productos de Fundaci\u00f3n Arquia"},"content":{"rendered":"<p>Hoy tenemos la suerte de anunciar que, desde Fundaci\u00f3n Arquia, gentilmente, han puesto a nuestra disposici\u00f3n para un sorteo\u00a0 <strong>UN LOTE de 5 publicaciones<\/strong> ( Lina Bo Bardi, Ricardo Bofill, Aldo Van Eyck &#8230;). Sorteo del d\u00eda del libro<strong> LOTE de 5 publicaciones <\/strong>de<a href=\"https:\/\/stepienybarno.es\/blog\/2021\/01\/18\/los-15-post-mas-vistos-del-ano-2020-en-nuestro-blog-de-fundacion-arquia\/\"> Fundaci\u00f3n Arquia<\/a><\/p>\n<p>\u00bfQuieres conseguir tu lote?<\/p>\n<p><strong>!!HABR\u00c1 TRES GANADORES!<\/strong><\/p>\n<p>A seguir leyendo toca!<\/p>\n<p><!--more--><\/p>\n<h2>arquia\/documental 38 Lina Bo Bardi<\/h2>\n<p><img loading=\"lazy\" decoding=\"async\" class=\"alignnone size-full wp-image-52946\" src=\"https:\/\/stepienybarno.es\/blog\/wp-content\/uploads\/2022\/04\/arquia-documental-lina-bo-bardi-stepienybarno.jpg\" alt=\"\" width=\"1596\" height=\"952\" srcset=\"https:\/\/stepienybarno.es\/blog\/wp-content\/uploads\/2022\/04\/arquia-documental-lina-bo-bardi-stepienybarno.jpg 1596w, https:\/\/stepienybarno.es\/blog\/wp-content\/uploads\/2022\/04\/arquia-documental-lina-bo-bardi-stepienybarno-550x328.jpg 550w, https:\/\/stepienybarno.es\/blog\/wp-content\/uploads\/2022\/04\/arquia-documental-lina-bo-bardi-stepienybarno-1024x611.jpg 1024w, https:\/\/stepienybarno.es\/blog\/wp-content\/uploads\/2022\/04\/arquia-documental-lina-bo-bardi-stepienybarno-180x107.jpg 180w, https:\/\/stepienybarno.es\/blog\/wp-content\/uploads\/2022\/04\/arquia-documental-lina-bo-bardi-stepienybarno-1536x916.jpg 1536w, https:\/\/stepienybarno.es\/blog\/wp-content\/uploads\/2022\/04\/arquia-documental-lina-bo-bardi-stepienybarno-316x188.jpg 316w\" sizes=\"(max-width: 1596px) 100vw, 1596px\" \/><\/p>\n<div>\n<div>\n<p>T\u00edtulo: <strong>Lina Bo Bardi . Poes\u00eda Precisa<\/strong><\/p>\n<\/div>\n<p>T\u00edtulo original:\u00a0Precise poetry<\/p>\n<p>Director del documental:\u00a0<strong>Belinda Rukschcio<\/strong><\/p>\n<p>Autor del libreto:\u00a0Giacomo Pirazzoli<\/p>\n<p>A\u00f1o de Producci\u00f3n:\u00a02013<\/p>\n<p>Formato:\u00a0DVD<\/p>\n<p>Duraci\u00f3n:\u00a054 min.<\/p>\n<\/div>\n<p><strong><a href=\"https:\/\/fundacion.arquia.com\/ediciones\/audiovisuales\/colecciones\/p\/Colecciones\/DetalleAudiovisual\/54?searchquery=q%3d%26f_ix_catalog%3dareacultural.ediciones.audiovisuales%26f_ix_type%3ddocumental%26f_coleccion%3darquia%252fdocumental%26f_tipoficha%3drecurso&amp;backurl=%2fediciones%2faudiovisuales%2fcolecciones%2farquiadocumental%2f\" target=\"_blank\" rel=\"noopener\">+ Info AQU\u00cd<\/a><\/strong><\/p>\n<div class=\"row mt-5 wb-pt-ficha-w80\">\n<div class=\"col-12 col-md-6 pr-5 mb-4 mb-md-0\">\n<div id=\"reproductor1\" class=\"wb-pt-video-preview w-100\">\n<div class=\"preview_documentales\"><\/div>\n<\/div>\n<\/div>\n<\/div>\n<h2>arquia\/maestros 6 Ricardo Bofill<\/h2>\n<p><img loading=\"lazy\" decoding=\"async\" class=\"alignnone size-full wp-image-52944\" src=\"https:\/\/stepienybarno.es\/blog\/wp-content\/uploads\/2022\/04\/arquia-maestros6-ricardo-bofill-stepienybarno.jpg\" alt=\"\" width=\"1596\" height=\"952\" srcset=\"https:\/\/stepienybarno.es\/blog\/wp-content\/uploads\/2022\/04\/arquia-maestros6-ricardo-bofill-stepienybarno.jpg 1596w, https:\/\/stepienybarno.es\/blog\/wp-content\/uploads\/2022\/04\/arquia-maestros6-ricardo-bofill-stepienybarno-550x328.jpg 550w, https:\/\/stepienybarno.es\/blog\/wp-content\/uploads\/2022\/04\/arquia-maestros6-ricardo-bofill-stepienybarno-1024x611.jpg 1024w, https:\/\/stepienybarno.es\/blog\/wp-content\/uploads\/2022\/04\/arquia-maestros6-ricardo-bofill-stepienybarno-180x107.jpg 180w, https:\/\/stepienybarno.es\/blog\/wp-content\/uploads\/2022\/04\/arquia-maestros6-ricardo-bofill-stepienybarno-1536x916.jpg 1536w, https:\/\/stepienybarno.es\/blog\/wp-content\/uploads\/2022\/04\/arquia-maestros6-ricardo-bofill-stepienybarno-316x188.jpg 316w\" sizes=\"(max-width: 1596px) 100vw, 1596px\" \/><\/p>\n<div>\n<div>\n<p>T\u00edtulo: Ricardo Bofill. Entrevistado por Luis Fern\u00e1ndez-Galiano<\/p>\n<p>Director del documental: \u00dabeda i Carulla, Joan (1959-), Monr\u00e0s, Arnau, Ramos, David<\/p>\n<p>Autor del libreto:\u00a0Luis Fern\u00e1ndez-Galiano<\/p>\n<\/div>\n<p>A\u00f1o de Producci\u00f3n:\u00a02014<\/p>\n<p>Formato:\u00a0DVD<\/p>\n<p>Duraci\u00f3n:\u00a062 min.<\/p>\n<\/div>\n<p><strong><a href=\"https:\/\/fundacion.arquia.com\/es-es\/ediciones\/audiovisuales\/colecciones\/p\/Colecciones\/DetalleAudiovisual\/40?searchquery=q%3d%26f_ix_catalog%3dareacultural.ediciones.audiovisuales%26f_ix_type%3ddocumental%26f_coleccion%3darquia%252fmaestros%26f_tipoficha%3drecurso&amp;backurl=%2fes-es%2fediciones%2faudiovisuales%2fcolecciones%2farquiamaestros%2f\" target=\"_blank\" rel=\"noopener\">+ Info AQU\u00cd<\/a><\/strong><\/p>\n<h2>arquia\/tesis 43: <strong>El acontecimiento en un mundo como yuxtaposici\u00f3n<\/strong><\/h2>\n<h3><img loading=\"lazy\" decoding=\"async\" class=\"alignnone size-full wp-image-52937\" src=\"https:\/\/stepienybarno.es\/blog\/wp-content\/uploads\/2022\/04\/el-acontecimiento-arquiatesis43-fundacionarquia-stepienybarno.jpg\" alt=\"\" width=\"1181\" height=\"1115\" srcset=\"https:\/\/stepienybarno.es\/blog\/wp-content\/uploads\/2022\/04\/el-acontecimiento-arquiatesis43-fundacionarquia-stepienybarno.jpg 1181w, https:\/\/stepienybarno.es\/blog\/wp-content\/uploads\/2022\/04\/el-acontecimiento-arquiatesis43-fundacionarquia-stepienybarno-550x519.jpg 550w, https:\/\/stepienybarno.es\/blog\/wp-content\/uploads\/2022\/04\/el-acontecimiento-arquiatesis43-fundacionarquia-stepienybarno-741x700.jpg 741w, https:\/\/stepienybarno.es\/blog\/wp-content\/uploads\/2022\/04\/el-acontecimiento-arquiatesis43-fundacionarquia-stepienybarno-180x170.jpg 180w, https:\/\/stepienybarno.es\/blog\/wp-content\/uploads\/2022\/04\/el-acontecimiento-arquiatesis43-fundacionarquia-stepienybarno-316x298.jpg 316w\" sizes=\"(max-width: 1181px) 100vw, 1181px\" \/><\/h3>\n<div class=\"mb-4\">\n<div>T\u00edtulo: <strong>El acontecimiento en un mundo como yuxtaposici\u00f3n. <\/strong><strong>Relaciones program\u00e1ticas, situaciones y reacciones<\/strong><\/div>\n<div><span class=\"cat\">Autor:<\/span>\u00a0<strong>Amadeu Santacana<\/strong><\/div>\n<div><span class=\"cat\">Prefacio:<\/span>\u00a0Soriano, Federico, Urz\u00e1iz, Pedro (1954-), P\u00e9rez-Pla de Viu, Carlos (1954-), Eduardo Arroyo (Bilbao, 1964)<\/div>\n<div><span class=\"cat\">Director de la colecci\u00f3n:<\/span>\u00a0Sosa D\u00edaz-Saavedra, Jos\u00e9 Antonio (1957-)<\/div>\n<\/div>\n<div><span class=\"cat\">A\u00f1o de Edici\u00f3n:<\/span>\u00a02020<\/div>\n<div><span class=\"cat\">P\u00e1ginas:<\/span>\u00a0232<\/div>\n<div><span class=\"cat\">Idioma:<\/span>\u00a0Espa\u00f1ol<\/div>\n<div><\/div>\n<div><strong><a href=\"https:\/\/fundacion.arquia.com\/es-es\/ediciones\/publicaciones\/colecciones\/p\/Colecciones\/DetallePublicacion\/175?searchquery=q%3d%26f_ix_catalog%3dareacultural.ediciones.publicaciones%26f_ix_type%3dpublicacion%26f_coleccion%3darquia%252ftesis%26f_tipoficha%3drecurso&amp;backurl=%2fes-es%2fediciones%2fpublicaciones%2fcolecciones%2farquiatesis%2f\" target=\"_blank\" rel=\"noopener\">+ Info AQU\u00cd<\/a><\/strong><\/div>\n<div><\/div>\n<div>\n<h2>arquia\/temas 39 <strong>Fotograf\u00eda y arquitectura moderna<\/strong><\/h2>\n<p><img loading=\"lazy\" decoding=\"async\" class=\"alignnone size-full wp-image-52939\" src=\"https:\/\/stepienybarno.es\/blog\/wp-content\/uploads\/2022\/04\/fotografia-arquitectra-moderna-arquiatemas39-stepienybarno.jpg\" alt=\"\" width=\"957\" height=\"865\" srcset=\"https:\/\/stepienybarno.es\/blog\/wp-content\/uploads\/2022\/04\/fotografia-arquitectra-moderna-arquiatemas39-stepienybarno.jpg 957w, https:\/\/stepienybarno.es\/blog\/wp-content\/uploads\/2022\/04\/fotografia-arquitectra-moderna-arquiatemas39-stepienybarno-550x497.jpg 550w, https:\/\/stepienybarno.es\/blog\/wp-content\/uploads\/2022\/04\/fotografia-arquitectra-moderna-arquiatemas39-stepienybarno-774x700.jpg 774w, https:\/\/stepienybarno.es\/blog\/wp-content\/uploads\/2022\/04\/fotografia-arquitectra-moderna-arquiatemas39-stepienybarno-180x163.jpg 180w, https:\/\/stepienybarno.es\/blog\/wp-content\/uploads\/2022\/04\/fotografia-arquitectra-moderna-arquiatemas39-stepienybarno-316x286.jpg 316w\" sizes=\"(max-width: 957px) 100vw, 957px\" \/><\/p>\n<p>Titulo: <strong>Fotograf\u00eda y arquitectura moderna. Contextos, protagonistas y relatos desde Espa\u00f1a <\/strong><\/p>\n<\/div>\n<div><span class=\"cat\">Autor:<\/span>\u00a0<strong>Grupo investigaci\u00f3n FAME<\/strong><\/div>\n<div>\n<div class=\"mb-4\">\n<div><span class=\"cat\">Prefacio:<\/span>\u00a0Lahuerta, Juan Jos\u00e9 (1954-)<\/div>\n<div><span class=\"cat\">Director de la edici\u00f3n:<\/span>\u00a0Bergera, I\u00f1aki (1972-)<\/div>\n<\/div>\n<div><span class=\"cat\">A\u00f1o de Edici\u00f3n:<\/span>\u00a02015<\/div>\n<div><span class=\"cat\">P\u00e1ginas:<\/span>\u00a0324<\/div>\n<div><span class=\"cat\">Idioma:<\/span>\u00a0Espa\u00f1ol<\/div>\n<\/div>\n<div><\/div>\n<div><strong><a href=\"https:\/\/fundacion.arquia.com\/es-es\/ediciones\/publicaciones\/colecciones\/p\/Colecciones\/DetallePublicacion\/122?searchquery=q%3d%26f_ix_catalog%3dareacultural.ediciones.publicaciones%26f_ix_type%3dpublicacion%26f_coleccion%3darquia%252ftemas%26f_tipoficha%3drecurso&amp;backurl=%2fes-es%2fediciones%2fpublicaciones%2fcolecciones%2farquiatemas%2f\" target=\"_blank\" rel=\"noopener\">+ Info AQU\u00cd<\/a><\/strong><\/div>\n<div><\/div>\n<h2>la cimbra 16 <strong>El ni\u00f1o, la ciudad y el artista<\/strong><\/h2>\n<p><img loading=\"lazy\" decoding=\"async\" class=\"alignnone wp-image-52942 size-large\" src=\"https:\/\/stepienybarno.es\/blog\/wp-content\/uploads\/2022\/04\/el-nino-ciudad-artista-vaneyck-lacimbra16-fq-stepienybarno-514x700.jpg\" alt=\"\" width=\"514\" height=\"700\" srcset=\"https:\/\/stepienybarno.es\/blog\/wp-content\/uploads\/2022\/04\/el-nino-ciudad-artista-vaneyck-lacimbra16-fq-stepienybarno-514x700.jpg 514w, https:\/\/stepienybarno.es\/blog\/wp-content\/uploads\/2022\/04\/el-nino-ciudad-artista-vaneyck-lacimbra16-fq-stepienybarno-404x550.jpg 404w, https:\/\/stepienybarno.es\/blog\/wp-content\/uploads\/2022\/04\/el-nino-ciudad-artista-vaneyck-lacimbra16-fq-stepienybarno-132x180.jpg 132w, https:\/\/stepienybarno.es\/blog\/wp-content\/uploads\/2022\/04\/el-nino-ciudad-artista-vaneyck-lacimbra16-fq-stepienybarno-1128x1536.jpg 1128w, https:\/\/stepienybarno.es\/blog\/wp-content\/uploads\/2022\/04\/el-nino-ciudad-artista-vaneyck-lacimbra16-fq-stepienybarno-1505x2048.jpg 1505w, https:\/\/stepienybarno.es\/blog\/wp-content\/uploads\/2022\/04\/el-nino-ciudad-artista-vaneyck-lacimbra16-fq-stepienybarno-294x400.jpg 294w, https:\/\/stepienybarno.es\/blog\/wp-content\/uploads\/2022\/04\/el-nino-ciudad-artista-vaneyck-lacimbra16-fq-stepienybarno-scaled.jpg 1881w\" sizes=\"(max-width: 514px) 100vw, 514px\" \/><\/p>\n<p>T\u00edtulo: <strong>El ni\u00f1o, la ciudad y el artista. Un ensayo sobre arquitectura. El reino de lo intermedio<\/strong><\/p>\n<p>Autor:\u00a0<strong>Eyck, Aldo van (1918-1999)<\/strong><\/p>\n<p>Traducci\u00f3n:\u00a0Campos Uribe, Alejandro<\/p>\n<p>Prefacio:\u00a0Wickham, Tess van Eyck, Campos Uribe, Alejandro<\/p>\n<p>Director de la colecci\u00f3n:\u00a0Fundaci\u00f3n Arquia<\/p>\n<p>Director de la edici\u00f3n:\u00a0Campos Uribe, Alejandro<\/p>\n<p>Tema:\u00a0Arquitectos &#8212; Holanda, Percepci\u00f3n del espacio, Ni\u00f1os<\/p>\n<p>A\u00f1o de Edici\u00f3n:\u00a02021<\/p>\n<p>P\u00e1ginas:\u00a0368<\/p>\n<p>Idioma:\u00a0Espa\u00f1ol<\/p>\n<p><a href=\"https:\/\/fundacion.arquia.com\/es-es\/ediciones\/publicaciones\/colecciones\/p\/Colecciones\/DetallePublicacion\/188?searchquery=q%3d%26f_ix_catalog%3dareacultural.ediciones.publicaciones%26f_ix_type%3dpublicacion%26f_coleccion%3dla%2bcimbra%26f_tipoficha%3drecurso&amp;backurl=%2fes-es%2fediciones%2fpublicaciones%2fcolecciones%2farquiala-cimbra%2f\" target=\"_blank\" rel=\"noopener\"><strong>+Info AQU\u00cd<\/strong><\/a><\/p>\n<pre><\/pre>\n<pre class=\"western\">\u00bfC\u00f3mo participar en el sorteo?<\/pre>\n<h4><strong>\u00bfCu\u00e1ndo se puede participar en el concurso?:<\/strong><\/h4>\n<p>desde hoy Lunes d\u00eda 18 de Abril de 2022, hasta el Martes<strong> 26 de Abril de 2022 .<\/strong><\/p>\n<h4><strong>\u00bfD\u00f3nde participar en el concurso?:<\/strong><\/h4>\n<p>en los comentarios de este post<\/p>\n<h4><strong>\u00bfQui\u00e9nes pueden participar en el concurso?:<\/strong><\/h4>\n<p>todos aquellos que quieran participar y firmen su comentario con nombre y apellido real.<\/p>\n<p style=\"text-align: center;\">&#8230;<\/p>\n<h4><strong>\u00bfC\u00f3mo se puede participar en el concurso?:<\/strong><\/h4>\n<p>En los comentarios deb\u00e9is responder a la siguiente pregunta:<\/p>\n<p class=\"western\"><strong>\u00bfCu\u00e1l es el \u00faltimo libro de arquitectura que has le\u00eddo?<\/strong><\/p>\n<p>Entre tod@s los que dejen un comentario en este mismo post respondiendo a la pregunta, sortearemos los tres lotes de 5 libros cada uno.<\/p>\n<p><strong>Solo se podr\u00e1 dejar un comentario por persona.<\/strong><\/p>\n<p style=\"text-align: center;\">&#8230;<\/p>\n<p><strong>Requisitos:<\/strong><\/p>\n<p>1. En caso de tener perfil de Instagram<strong>,<\/strong>\u00a0seguir a <a href=\"https:\/\/www.instagram.com\/stepienybarno\/\">@stepienybarno<\/a><\/p>\n<p>2. En caso de tener perfil de\u00a0<strong>Facebook<\/strong>, seguir a:<\/p>\n<p>Stepienybarno Arquitectura e Identidad Digital:\u00a0<a href=\"https:\/\/www.facebook.com\/StepienyBarnoArquitecturaeIdentidadDigital\/\" target=\"_blank\" rel=\"noopener\">https:\/\/www.facebook.com\/StepienyBarnoArquitecturaeIdentidadDigital\/<\/a><\/p>\n<p>3.\u00a0<strong>Suscribirse<\/strong>\u00a0al blog de Stepienybarno (al final de este mismo post)<\/p>\n<p style=\"text-align: center;\">&#8230;<\/p>\n<pre><strong>Resoluci\u00f3n:<\/strong><\/pre>\n<p><strong>Los TRES ganadores ser\u00e1n los responsables de los TRES comentarios que \u00a0resulten elegidos en el sorteo.<\/strong><\/p>\n<p>Nos pondremos en contacto con ell@s v\u00eda correo; pero, ser\u00e1 la propia\u00a0<strong>Fundaci\u00f3n Arquia\u00a0<\/strong>quien mande los libros a cada un@.<\/p>\n<p><strong>Fundaci\u00f3n Arquia siempre que sea posible enviar\u00e1 los libros\u00a0a la oficina Arquia m\u00e1s cercana a su domicilio.<\/strong><\/p>\n<p>De esta forma, los env\u00edos solo se mandar\u00e1n dentro\u00a0<strong>del territorio espa\u00f1ol.<\/strong><\/p>\n<blockquote>\n<p style=\"text-align: center;\">&#8230;<\/p>\n<\/blockquote>\n<h3>Suerte en el sorteo del d\u00eda del libro<strong> LOTE de 5 publicaciones <\/strong>de<a href=\"https:\/\/stepienybarno.es\/blog\/2021\/01\/18\/los-15-post-mas-vistos-del-ano-2020-en-nuestro-blog-de-fundacion-arquia\/\"> Fundaci\u00f3n Arquia<\/a><\/h3>\n<p><img loading=\"lazy\" decoding=\"async\" class=\"alignnone size-full wp-image-52952\" src=\"https:\/\/stepienybarno.es\/blog\/wp-content\/uploads\/2022\/04\/portada-cuadrada-5.png\" alt=\"\" width=\"1028\" height=\"1028\" srcset=\"https:\/\/stepienybarno.es\/blog\/wp-content\/uploads\/2022\/04\/portada-cuadrada-5.png 1028w, https:\/\/stepienybarno.es\/blog\/wp-content\/uploads\/2022\/04\/portada-cuadrada-5-550x550.png 550w, https:\/\/stepienybarno.es\/blog\/wp-content\/uploads\/2022\/04\/portada-cuadrada-5-700x700.png 700w, https:\/\/stepienybarno.es\/blog\/wp-content\/uploads\/2022\/04\/portada-cuadrada-5-180x180.png 180w, https:\/\/stepienybarno.es\/blog\/wp-content\/uploads\/2022\/04\/portada-cuadrada-5-224x224.png 224w, https:\/\/stepienybarno.es\/blog\/wp-content\/uploads\/2022\/04\/portada-cuadrada-5-316x316.png 316w\" sizes=\"(max-width: 1028px) 100vw, 1028px\" \/><\/p>\n","protected":false},"excerpt":{"rendered":"<p>Hoy tenemos la suerte de anunciar que, desde Fundaci\u00f3n Arquia,<\/p>\n","protected":false},"author":2,"featured_media":52952,"comment_status":"open","ping_status":"closed","sticky":false,"template":"","format":"standard","meta":{"om_disable_all_campaigns":false,"_monsterinsights_skip_tracking":false,"_monsterinsights_sitenote_active":false,"_monsterinsights_sitenote_note":"","_monsterinsights_sitenote_category":0,"_uf_show_specific_survey":0,"_uf_disable_surveys":false,"episode_type":"audio","audio_file":"","cover_image":"","cover_image_id":"","duration":"","filesize":"","date_recorded":"","explicit":"","block":"","filesize_raw":"","footnotes":""},"categories":[34],"tags":[6243,2886,2749],"series":[],"class_list":["post-52936","post","type-post","status-publish","format-standard","has-post-thumbnail","hentry","category-actualidad","tag-diadellibro","tag-fundacion-arquia","tag-libros"],"aioseo_notices":[],"episode_featured_image":"https:\/\/stepienybarno.es\/blog\/wp-content\/uploads\/2022\/04\/portada-cuadrada-5.png","episode_player_image":"https:\/\/stepienybarno.es\/blog\/wp-content\/uploads\/2020\/11\/stepienybarno-podcast-scaled.jpg","download_link":"","player_link":"","audio_player":false,"episode_data":{"playerMode":"dark","subscribeUrls":[],"rssFeedUrl":"https:\/\/stepienybarno.es\/blog\/feed\/podcast\/podcast-de-stepienybarno","embedCode":"<blockquote class=\"wp-embedded-content\" data-secret=\"Fa4SoGqLkc\"><a href=\"https:\/\/stepienybarno.es\/blog\/2022\/04\/18\/sorteo-dia-del-libro-lote-de-5-publicaciones-de-productos-de-fundacion-arquia\/\">SORTEO d\u00eda del libro: Lote de 5 publicaciones de productos de Fundaci\u00f3n Arquia<\/a><\/blockquote><iframe sandbox=\"allow-scripts\" security=\"restricted\" src=\"https:\/\/stepienybarno.es\/blog\/2022\/04\/18\/sorteo-dia-del-libro-lote-de-5-publicaciones-de-productos-de-fundacion-arquia\/embed\/#?secret=Fa4SoGqLkc\" width=\"500\" height=\"350\" title=\"\u00abSORTEO d\u00eda del libro: Lote de 5 publicaciones de productos de Fundaci\u00f3n Arquia\u00bb \u2014 Blog de STEPIEN Y BARNO - publicaci\u00f3n digital sobre arquitectura\" data-secret=\"Fa4SoGqLkc\" frameborder=\"0\" marginwidth=\"0\" marginheight=\"0\" scrolling=\"no\" class=\"wp-embedded-content\"><\/iframe><script type=\"text\/javascript\">\n\/* <![CDATA[ *\/\n\/*! This file is auto-generated *\/\n!function(d,l){\"use strict\";l.querySelector&&d.addEventListener&&\"undefined\"!=typeof URL&&(d.wp=d.wp||{},d.wp.receiveEmbedMessage||(d.wp.receiveEmbedMessage=function(e){var t=e.data;if((t||t.secret||t.message||t.value)&&!\/[^a-zA-Z0-9]\/.test(t.secret)){for(var s,r,n,a=l.querySelectorAll('iframe[data-secret=\"'+t.secret+'\"]'),o=l.querySelectorAll('blockquote[data-secret=\"'+t.secret+'\"]'),c=new RegExp(\"^https?:$\",\"i\"),i=0;i<o.length;i++)o[i].style.display=\"none\";for(i=0;i<a.length;i++)s=a[i],e.source===s.contentWindow&&(s.removeAttribute(\"style\"),\"height\"===t.message?(1e3<(r=parseInt(t.value,10))?r=1e3:~~r<200&&(r=200),s.height=r):\"link\"===t.message&&(r=new URL(s.getAttribute(\"src\")),n=new URL(t.value),c.test(n.protocol))&&n.host===r.host&&l.activeElement===s&&(d.top.location.href=t.value))}},d.addEventListener(\"message\",d.wp.receiveEmbedMessage,!1),l.addEventListener(\"DOMContentLoaded\",function(){for(var e,t,s=l.querySelectorAll(\"iframe.wp-embedded-content\"),r=0;r<s.length;r++)(t=(e=s[r]).getAttribute(\"data-secret\"))||(t=Math.random().toString(36).substring(2,12),e.src+=\"#?secret=\"+t,e.setAttribute(\"data-secret\",t)),e.contentWindow.postMessage({message:\"ready\",secret:t},\"*\")},!1)))}(window,document);\n\/* ]]> *\/\n<\/script>\n"},"_links":{"self":[{"href":"https:\/\/stepienybarno.es\/blog\/wp-json\/wp\/v2\/posts\/52936"}],"collection":[{"href":"https:\/\/stepienybarno.es\/blog\/wp-json\/wp\/v2\/posts"}],"about":[{"href":"https:\/\/stepienybarno.es\/blog\/wp-json\/wp\/v2\/types\/post"}],"author":[{"embeddable":true,"href":"https:\/\/stepienybarno.es\/blog\/wp-json\/wp\/v2\/users\/2"}],"replies":[{"embeddable":true,"href":"https:\/\/stepienybarno.es\/blog\/wp-json\/wp\/v2\/comments?post=52936"}],"version-history":[{"count":16,"href":"https:\/\/stepienybarno.es\/blog\/wp-json\/wp\/v2\/posts\/52936\/revisions"}],"predecessor-version":[{"id":52966,"href":"https:\/\/stepienybarno.es\/blog\/wp-json\/wp\/v2\/posts\/52936\/revisions\/52966"}],"wp:featuredmedia":[{"embeddable":true,"href":"https:\/\/stepienybarno.es\/blog\/wp-json\/wp\/v2\/media\/52952"}],"wp:attachment":[{"href":"https:\/\/stepienybarno.es\/blog\/wp-json\/wp\/v2\/media?parent=52936"}],"wp:term":[{"taxonomy":"category","embeddable":true,"href":"https:\/\/stepienybarno.es\/blog\/wp-json\/wp\/v2\/categories?post=52936"},{"taxonomy":"post_tag","embeddable":true,"href":"https:\/\/stepienybarno.es\/blog\/wp-json\/wp\/v2\/tags?post=52936"},{"taxonomy":"series","embeddable":true,"href":"https:\/\/stepienybarno.es\/blog\/wp-json\/wp\/v2\/series?post=52936"}],"curies":[{"name":"wp","href":"https:\/\/api.w.org\/{rel}","templated":true}]}}