{"id":53189,"date":"2022-05-03T07:52:17","date_gmt":"2022-05-03T05:52:17","guid":{"rendered":"https:\/\/stepienybarno.es\/blog\/?p=53189"},"modified":"2022-05-03T07:52:17","modified_gmt":"2022-05-03T05:52:17","slug":"lenguaje-versus-estilo-una-aproximacion-a-la-actualidad-de-la-vivienda-festival-darquitectura-de-barcelona","status":"publish","type":"post","link":"https:\/\/stepienybarno.es\/blog\/2022\/05\/03\/lenguaje-versus-estilo-una-aproximacion-a-la-actualidad-de-la-vivienda-festival-darquitectura-de-barcelona\/","title":{"rendered":"LENGUAJE VERSUS ESTILO. Una aproximaci\u00f3n a la actualidad de la vivienda  FESTIVAL D\u00b4ARQUITECTURA DE BARCELONA"},"content":{"rendered":"<p>Nuestros amigos de Consentino nos hacen llegar esta noticia que seguro que es de vuestro inter\u00e9s.<\/p>\n<p><!--more--><\/p>\n<h2 style=\"text-align: center;\">LENGUAJE VERSUS ESTILO.<br \/>\nUna aproximaci\u00f3n a la actualidad de la vivienda<br \/>\nFESTIVAL D\u00b4ARQUITECTURA DE BARCELONA<\/h2>\n<p><img loading=\"lazy\" decoding=\"async\" class=\"alignnone size-full wp-image-53190\" src=\"https:\/\/stepienybarno.es\/blog\/wp-content\/uploads\/2022\/05\/Premis-Fad_InstaFeed-copia.jpg\" alt=\"\" width=\"1080\" height=\"1080\" srcset=\"https:\/\/stepienybarno.es\/blog\/wp-content\/uploads\/2022\/05\/Premis-Fad_InstaFeed-copia.jpg 1080w, https:\/\/stepienybarno.es\/blog\/wp-content\/uploads\/2022\/05\/Premis-Fad_InstaFeed-copia-550x550.jpg 550w, https:\/\/stepienybarno.es\/blog\/wp-content\/uploads\/2022\/05\/Premis-Fad_InstaFeed-copia-700x700.jpg 700w, https:\/\/stepienybarno.es\/blog\/wp-content\/uploads\/2022\/05\/Premis-Fad_InstaFeed-copia-180x180.jpg 180w, https:\/\/stepienybarno.es\/blog\/wp-content\/uploads\/2022\/05\/Premis-Fad_InstaFeed-copia-224x224.jpg 224w, https:\/\/stepienybarno.es\/blog\/wp-content\/uploads\/2022\/05\/Premis-Fad_InstaFeed-copia-316x316.jpg 316w\" sizes=\"(max-width: 1080px) 100vw, 1080px\" \/><\/p>\n<p><strong>3, 11, 12 y 18 de mayo 19:00 a 21:00 Cosentino City Barcelona Av. Diagonal 497<\/strong><\/p>\n<p>En el marco del Festival de Arquitectura de <strong>Barcelona<\/strong> (5 al 15 de mayo) Cosentino City Barcelona y <a href=\"http:\/\/arquinfad.org\/\" target=\"_blank\" rel=\"noopener\">Arquinfad<\/a> proponen cuatro sesiones conducidas por la arquitecta Silvia Farriol, presidenta de Arquinfad.<\/p>\n<p>Mediante el an\u00e1lisis de la obra de los cuatro invitados por la cual han obtenido el \u00abPremio Fad de Arquitectura\u00bb en diferentes ediciones del Premio, se llegar\u00e1 a una re\ufb02exi\u00f3n m\u00e1s general sobre la formalizaci\u00f3n de aspectos predominantes en todo su trabajo, pasando de lo particular a lo general en el espacio y el tiempo. Esto permitir\u00e1 un an\u00e1lisis de cada uno de los temas tratados en el presente y de cara al futuro, considerando tambi\u00e9n los cambios que se imponen en la ecolog\u00eda y a la sostenibilidad.<\/p>\n<h3>Calendario<\/h3>\n<p><strong>Jens Richter de Estudio Herreros + Mariona Benedito<\/strong>\u201d martes, 3 de mayo, 19:00-21:00<\/p>\n<p>Link Registro: <strong><a href=\"https:\/\/bit.ly\/Herreros\" target=\"_blank\" rel=\"noopener\">https:\/\/bit.ly\/Herreros<\/a><\/strong><\/p>\n<p>Del concepto del interior y el cambio de paradigma de la vida en la vivienda de los a\u00f1os 70 y en la actualidad. Una mirada a sus actualizaciones innovadoras en las viviendas de sus inicios vistas desde el momento presente.<\/p>\n<p><strong>Rold\u00e1n + Berengue<\/strong> mi\u00e9rcoles, 11 mayo, 19:00-21:00h<\/p>\n<p>Link Registro: <a href=\"https:\/\/bit.ly\/RoldanBerengue\" target=\"_blank\" rel=\"noopener\">https:\/\/bit.ly\/RoldanBerengue<\/a><\/p>\n<p>De c\u00f3mo se proyectan los espacios comunitarios en las operaciones de rehabilitaci\u00f3n del patrimonio arquitect\u00f3nico a \ufb01n de permitir relaciones entre vecinos sin alterar su valor patrimonial.<\/p>\n<p><strong>L\u00f3pez + Rivera<\/strong> jueves, 12 de mayo, 19:00-21:00h<\/p>\n<p>Link Registro: <a href=\"https:\/\/bit.ly\/LopezRivera\" target=\"_blank\" rel=\"noopener\">https:\/\/bit.ly\/LopezRivera<\/a><\/p>\n<p>De la \ufb02exibilidad del espacio arquitect\u00f3nico. Exterior-Interior, p\u00fablico-privado, colectividad-individualidad.<\/p>\n<p><strong>Oscar Tusquets<\/strong> jueves, 19 de mayo, 19:00-21:00h<\/p>\n<p>Link Registro: <a href=\"https:\/\/bit.ly\/Tusquets\" target=\"_blank\" rel=\"noopener\">https:\/\/bit.ly\/Tusquets<\/a><\/p>\n<p>Del concepto del interior y el cambio de paradigma de la vida en la vivienda de los a\u00f1os 70 y en la actualidad. Una mirada a sus actuaciones innovadoras en la vivienda de sus inicios vistas desde el momento presente.<\/p>\n<h3>Acerca de Cosentino City Barcelona<\/h3>\n<p>&#8211; Con m\u00e1s 700 m\u00b2 distribuidos en tres plantas, Cosentino City Barcelona es una plataforma integral de inspiraci\u00f3n, punto de encuentro y trabajo para arquitectos y dise\u00f1adores. Sus m\u00faltiples \u00e1reas, con espacios digitales, galer\u00edas de materiales y aplicaciones, zonas polivalentes y di\u00e1fanas para la realizaci\u00f3n de eventos, incluyen un Atelier, concebido como workshop y biblioteca completa de materiales de m\u00faltiples tipolog\u00edas, tanto de las propias marcas propias, como de terceros.<\/p>\n<p>&#8211; El \u201cConcepto Cosentino City\u201d extendido por 13 ciudades de los cinco continentes, tiene como objetivo principal que arquitectos, dise\u00f1adores y prescriptores, puedan inspirarse y desarrollar su proyecto de principio a \ufb01n con el asesoramiento de un gran equipo de profesionales a su disposici\u00f3n. \u201cLos \u2018City\u2019 son un nuevo concepto que transforma la sala de muestras tradicional en un espacio completamente interactivo\u201d.<br \/>\n&#8211; Grupo Cosentino, cuyas principales marcas son Silestone, Dekton y Sensa, es una compa\u00f1\u00eda global y de propiedad familiar, que produce y distribuye super\ufb01cies innovadoras de alto valor para el mundo de la arquitectura y el dise\u00f1o. Distribuye sus productos y marcas en m\u00e1s de 110 pa\u00edses desde su sede central en Almer\u00eda (Espa\u00f1a), y cuenta con implantaci\u00f3n en 40 pa\u00edses, posee \ufb01liales o activos propios comerciales<br \/>\nen 30 de ellos. 8 f\u00e1bricas de producci\u00f3n (7 en Almer\u00eda y 1 en Brasil), 1 Centro Log\u00edstico Inteligente, y m\u00e1s de 140 instalaciones comerciales y de distribuci\u00f3n repartidas por todo el mundo. En 2021, la compa\u00f1\u00eda facturo 1.401\u2009millones de \u20ac de los cuales el 93% se gener\u00f3 en los mercados internacionales.<\/p>\n<p><img loading=\"lazy\" decoding=\"async\" class=\"alignnone size-full wp-image-53191\" src=\"https:\/\/stepienybarno.es\/blog\/wp-content\/uploads\/2022\/05\/Premis-Fad_InstaFeed2-1.jpg\" alt=\"\" width=\"1080\" height=\"1080\" srcset=\"https:\/\/stepienybarno.es\/blog\/wp-content\/uploads\/2022\/05\/Premis-Fad_InstaFeed2-1.jpg 1080w, https:\/\/stepienybarno.es\/blog\/wp-content\/uploads\/2022\/05\/Premis-Fad_InstaFeed2-1-550x550.jpg 550w, https:\/\/stepienybarno.es\/blog\/wp-content\/uploads\/2022\/05\/Premis-Fad_InstaFeed2-1-700x700.jpg 700w, https:\/\/stepienybarno.es\/blog\/wp-content\/uploads\/2022\/05\/Premis-Fad_InstaFeed2-1-180x180.jpg 180w, https:\/\/stepienybarno.es\/blog\/wp-content\/uploads\/2022\/05\/Premis-Fad_InstaFeed2-1-224x224.jpg 224w, https:\/\/stepienybarno.es\/blog\/wp-content\/uploads\/2022\/05\/Premis-Fad_InstaFeed2-1-316x316.jpg 316w\" sizes=\"(max-width: 1080px) 100vw, 1080px\" \/><\/p>\n","protected":false},"excerpt":{"rendered":"<p>Nuestros amigos de Consentino nos hacen llegar esta noticia que<\/p>\n","protected":false},"author":2,"featured_media":53190,"comment_status":"open","ping_status":"closed","sticky":false,"template":"","format":"standard","meta":{"om_disable_all_campaigns":false,"_monsterinsights_skip_tracking":false,"_monsterinsights_sitenote_active":false,"_monsterinsights_sitenote_note":"","_monsterinsights_sitenote_category":0,"_uf_show_specific_survey":0,"_uf_disable_surveys":false,"episode_type":"audio","audio_file":"","cover_image":"","cover_image_id":"","duration":"","filesize":"","date_recorded":"","explicit":"","block":"","filesize_raw":"","footnotes":""},"categories":[244],"tags":[6175,9292,2744,3506,9291,3243],"series":[],"class_list":["post-53189","post","type-post","status-publish","format-standard","has-post-thumbnail","hentry","category-canal-de-arquitectura","tag-estudio-herreros","tag-lopez-rivera","tag-oscar-tusquets","tag-premios-fad","tag-premios-fad-2022","tag-roldan-berengue"],"aioseo_notices":[],"episode_featured_image":"https:\/\/stepienybarno.es\/blog\/wp-content\/uploads\/2022\/05\/Premis-Fad_InstaFeed-copia.jpg","episode_player_image":"https:\/\/stepienybarno.es\/blog\/wp-content\/uploads\/2020\/11\/stepienybarno-podcast-scaled.jpg","download_link":"","player_link":"","audio_player":false,"episode_data":{"playerMode":"dark","subscribeUrls":[],"rssFeedUrl":"https:\/\/stepienybarno.es\/blog\/feed\/podcast\/podcast-de-stepienybarno","embedCode":"<blockquote class=\"wp-embedded-content\" data-secret=\"a042Oog6OE\"><a href=\"https:\/\/stepienybarno.es\/blog\/2022\/05\/03\/lenguaje-versus-estilo-una-aproximacion-a-la-actualidad-de-la-vivienda-festival-darquitectura-de-barcelona\/\">LENGUAJE VERSUS ESTILO. Una aproximaci\u00f3n a la actualidad de la vivienda  FESTIVAL D\u00b4ARQUITECTURA DE BARCELONA<\/a><\/blockquote><iframe sandbox=\"allow-scripts\" security=\"restricted\" src=\"https:\/\/stepienybarno.es\/blog\/2022\/05\/03\/lenguaje-versus-estilo-una-aproximacion-a-la-actualidad-de-la-vivienda-festival-darquitectura-de-barcelona\/embed\/#?secret=a042Oog6OE\" width=\"500\" height=\"350\" title=\"\u00abLENGUAJE VERSUS ESTILO. Una aproximaci\u00f3n a la actualidad de la vivienda  FESTIVAL D\u00b4ARQUITECTURA DE BARCELONA\u00bb \u2014 Blog de STEPIEN Y BARNO - publicaci\u00f3n digital sobre arquitectura\" data-secret=\"a042Oog6OE\" frameborder=\"0\" marginwidth=\"0\" marginheight=\"0\" scrolling=\"no\" class=\"wp-embedded-content\"><\/iframe><script type=\"text\/javascript\">\n\/* <![CDATA[ *\/\n\/*! This file is auto-generated *\/\n!function(d,l){\"use strict\";l.querySelector&&d.addEventListener&&\"undefined\"!=typeof URL&&(d.wp=d.wp||{},d.wp.receiveEmbedMessage||(d.wp.receiveEmbedMessage=function(e){var t=e.data;if((t||t.secret||t.message||t.value)&&!\/[^a-zA-Z0-9]\/.test(t.secret)){for(var s,r,n,a=l.querySelectorAll('iframe[data-secret=\"'+t.secret+'\"]'),o=l.querySelectorAll('blockquote[data-secret=\"'+t.secret+'\"]'),c=new RegExp(\"^https?:$\",\"i\"),i=0;i<o.length;i++)o[i].style.display=\"none\";for(i=0;i<a.length;i++)s=a[i],e.source===s.contentWindow&&(s.removeAttribute(\"style\"),\"height\"===t.message?(1e3<(r=parseInt(t.value,10))?r=1e3:~~r<200&&(r=200),s.height=r):\"link\"===t.message&&(r=new URL(s.getAttribute(\"src\")),n=new URL(t.value),c.test(n.protocol))&&n.host===r.host&&l.activeElement===s&&(d.top.location.href=t.value))}},d.addEventListener(\"message\",d.wp.receiveEmbedMessage,!1),l.addEventListener(\"DOMContentLoaded\",function(){for(var e,t,s=l.querySelectorAll(\"iframe.wp-embedded-content\"),r=0;r<s.length;r++)(t=(e=s[r]).getAttribute(\"data-secret\"))||(t=Math.random().toString(36).substring(2,12),e.src+=\"#?secret=\"+t,e.setAttribute(\"data-secret\",t)),e.contentWindow.postMessage({message:\"ready\",secret:t},\"*\")},!1)))}(window,document);\n\/* ]]> *\/\n<\/script>\n"},"_links":{"self":[{"href":"https:\/\/stepienybarno.es\/blog\/wp-json\/wp\/v2\/posts\/53189"}],"collection":[{"href":"https:\/\/stepienybarno.es\/blog\/wp-json\/wp\/v2\/posts"}],"about":[{"href":"https:\/\/stepienybarno.es\/blog\/wp-json\/wp\/v2\/types\/post"}],"author":[{"embeddable":true,"href":"https:\/\/stepienybarno.es\/blog\/wp-json\/wp\/v2\/users\/2"}],"replies":[{"embeddable":true,"href":"https:\/\/stepienybarno.es\/blog\/wp-json\/wp\/v2\/comments?post=53189"}],"version-history":[{"count":4,"href":"https:\/\/stepienybarno.es\/blog\/wp-json\/wp\/v2\/posts\/53189\/revisions"}],"predecessor-version":[{"id":53195,"href":"https:\/\/stepienybarno.es\/blog\/wp-json\/wp\/v2\/posts\/53189\/revisions\/53195"}],"wp:featuredmedia":[{"embeddable":true,"href":"https:\/\/stepienybarno.es\/blog\/wp-json\/wp\/v2\/media\/53190"}],"wp:attachment":[{"href":"https:\/\/stepienybarno.es\/blog\/wp-json\/wp\/v2\/media?parent=53189"}],"wp:term":[{"taxonomy":"category","embeddable":true,"href":"https:\/\/stepienybarno.es\/blog\/wp-json\/wp\/v2\/categories?post=53189"},{"taxonomy":"post_tag","embeddable":true,"href":"https:\/\/stepienybarno.es\/blog\/wp-json\/wp\/v2\/tags?post=53189"},{"taxonomy":"series","embeddable":true,"href":"https:\/\/stepienybarno.es\/blog\/wp-json\/wp\/v2\/series?post=53189"}],"curies":[{"name":"wp","href":"https:\/\/api.w.org\/{rel}","templated":true}]}}