{"id":5328,"date":"2012-03-31T12:52:23","date_gmt":"2012-03-31T10:52:23","guid":{"rendered":"https:\/\/www.stepienybarno.es\/blog\/?p=5328"},"modified":"2012-03-31T12:53:18","modified_gmt":"2012-03-31T10:53:18","slug":"ii-congreso-internacional-de-arquitectura-lo-comun-lo-cotidiano-lo-colectivo","status":"publish","type":"post","link":"https:\/\/stepienybarno.es\/blog\/2012\/03\/31\/ii-congreso-internacional-de-arquitectura-lo-comun-lo-cotidiano-lo-colectivo\/","title":{"rendered":"II CONGRESO INTERNACIONAL DE ARQUITECTURA \u00abLO COM\u00daN: LO COTIDIANO, LO COLECTIVO\u00bb"},"content":{"rendered":"<p align=\"left\">\n<p style=\"text-align: center;\"><img loading=\"lazy\" decoding=\"async\" class=\"aligncenter size-full wp-image-5329\" title=\"ARQUIECTURA Y SOCIEDAD SIZA MOENO SOUTO DE MOURA _ STEPIENYBARNO 350\" src=\"https:\/\/stepienybarno.es\/blog\/wp-content\/uploads\/2012\/03\/ARQUIECTURA-Y-SOCIEDAD-SIZA-MOENO-SOUTO-DE-MOURA-_-STEPIENYBARNO-350.jpg\" alt=\"ARQUIECTURA Y SOCIEDAD SIZA MOENO SOUTO DE MOURA _ STEPIENYBARNO 350\" width=\"350\" height=\"707\" srcset=\"https:\/\/stepienybarno.es\/blog\/wp-content\/uploads\/2012\/03\/ARQUIECTURA-Y-SOCIEDAD-SIZA-MOENO-SOUTO-DE-MOURA-_-STEPIENYBARNO-350.jpg 350w, https:\/\/stepienybarno.es\/blog\/wp-content\/uploads\/2012\/03\/ARQUIECTURA-Y-SOCIEDAD-SIZA-MOENO-SOUTO-DE-MOURA-_-STEPIENYBARNO-350-89x180.jpg 89w, https:\/\/stepienybarno.es\/blog\/wp-content\/uploads\/2012\/03\/ARQUIECTURA-Y-SOCIEDAD-SIZA-MOENO-SOUTO-DE-MOURA-_-STEPIENYBARNO-350-272x550.jpg 272w, https:\/\/stepienybarno.es\/blog\/wp-content\/uploads\/2012\/03\/ARQUIECTURA-Y-SOCIEDAD-SIZA-MOENO-SOUTO-DE-MOURA-_-STEPIENYBARNO-350-347x700.jpg 347w, https:\/\/stepienybarno.es\/blog\/wp-content\/uploads\/2012\/03\/ARQUIECTURA-Y-SOCIEDAD-SIZA-MOENO-SOUTO-DE-MOURA-_-STEPIENYBARNO-350-198x400.jpg 198w\" sizes=\"(max-width: 350px) 100vw, 350px\" \/><\/p>\n<p align=\"left\">En PAMPLONA _ 20, 21 y 22 de Junio. Palacio de Congresos y Auditorio de Navarra.<\/p>\n<p align=\"left\">Contar\u00e1 con la presencia de tres referentes de la arquitectura como son \u00c1lvaro Siza, Rafael Moneo y Eduardo Souto de Moura.<\/p>\n<p align=\"left\"><strong> <\/strong><\/p>\n<p align=\"left\"><!--more--><\/p>\n<p align=\"left\"><em>Desde<strong> <\/strong><\/em>Fundaci\u00f3n Arquitectura y Sociedad anuncian:<strong><em> <\/em><\/strong><\/p>\n<p align=\"left\">Los Premios Pritzker de Arquitectura de la pen\u00ednsula, junto a prestigiosos arquitectos y pensadores, participar\u00e1n en el Congreso Internacional \u201cLo Com\u00fan: lo cotidiano, lo colectivo\u201d que la Fundaci\u00f3n Arquitectura y Sociedad celebrar\u00e1 el pr\u00f3ximo junio en Pamplona (Navarra).<\/p>\n<p>La Fundaci\u00f3n Arquitectura y Sociedad celebrar\u00e1 su II Congreso Internacional, bajo el t\u00edtulo <strong><em>\u201c<a href=\"http:\/\/www.arquitecturaysociedad.com\/noticias-interes\/congreso-internacional-arquitectura-lo-comun-lo-cotidiano-lo-colectivo\" target=\"_blank\">Lo Com\u00fan: lo cotidiano, lo colectivo<\/a>\u201d<\/em><\/strong>, los d\u00edas 20, 21 y 22 de junio de 2012, en el\u00a0 Baluarte, Palacio de Congresos y Auditorio de Navarra. El Congreso contar\u00e1 con la presencia de tres arquitectos galardonados con el Premio Pritzker: <strong>\u00c1lvaro Siza<\/strong> (Portugal, premiado en 1992), <strong>Rafael Moneo<\/strong> (Espa\u00f1a, premiado en 1996), y <strong>Eduardo Souto de Moura<\/strong> (Portugal, premiado en 2011).<\/p>\n<p><strong>Dirigido por Luis Fern\u00e1ndez-Galiano<\/strong>, el Congreso contar\u00e1 con la presencia de destacados arquitectos y cr\u00edticos de la esfera internacional.<\/p>\n<p>Las sesiones estar\u00e1n estructuradas en bloques tem\u00e1ticos, desde la ma\u00f1ana del mi\u00e9rcoles 20 de junio, hasta el mediod\u00eda del viernes 22 de junio. El primero ser\u00e1 `<em>Apertura: La promesa de la arquitectura<\/em>\u00b4. Le seguir\u00e1n tres conjuntos de ponencias que llevar\u00e1n por t\u00edtulo `<em>Arquitectura y cobijo<\/em>\u00b4, `<em>Arquitectura y eficacia<\/em>\u00b4 y `<em>Arquitectura y placer<\/em>\u00b4. Por \u00faltimo, y como cierre del Congreso, se desarrollar\u00e1 el bloque titulado `<em>El poder de la arquitectura<\/em>\u00b4.<\/p>\n<p>En breve estar\u00e1 disponible el programa completo con la relaci\u00f3n de invitados.<\/p>\n<p align=\"left\">\n<p align=\"left\"><img loading=\"lazy\" decoding=\"async\" class=\"aligncenter size-full wp-image-5330\" title=\"\u00c1lvaro Siza, Rafael Moneo y Eduardo Souto de Moura _ Fundaci\u00f3n Arquitectura y Sociedad stepienybarno 1 _  500\" src=\"https:\/\/stepienybarno.es\/blog\/wp-content\/uploads\/2012\/03\/\u00c1lvaro-Siza-Rafael-Moneo-y-Eduardo-Souto-de-Moura-_-Fundaci\u00f3n-Arquitectura-y-Sociedad-stepienybarno-1-_-500-.jpg\" alt=\"\u00c1lvaro Siza, Rafael Moneo y Eduardo Souto de Moura _ Fundaci\u00f3n Arquitectura y Sociedad stepienybarno 1 _  500\" width=\"500\" height=\"79\" srcset=\"https:\/\/stepienybarno.es\/blog\/wp-content\/uploads\/2012\/03\/\u00c1lvaro-Siza-Rafael-Moneo-y-Eduardo-Souto-de-Moura-_-Fundaci\u00f3n-Arquitectura-y-Sociedad-stepienybarno-1-_-500-.jpg 500w, https:\/\/stepienybarno.es\/blog\/wp-content\/uploads\/2012\/03\/\u00c1lvaro-Siza-Rafael-Moneo-y-Eduardo-Souto-de-Moura-_-Fundaci\u00f3n-Arquitectura-y-Sociedad-stepienybarno-1-_-500--180x28.jpg 180w, https:\/\/stepienybarno.es\/blog\/wp-content\/uploads\/2012\/03\/\u00c1lvaro-Siza-Rafael-Moneo-y-Eduardo-Souto-de-Moura-_-Fundaci\u00f3n-Arquitectura-y-Sociedad-stepienybarno-1-_-500--316x50.jpg 316w\" sizes=\"(max-width: 500px) 100vw, 500px\" \/><\/p>\n<p align=\"left\"><a title=\"\u00c1lvaro Siza - Wikipedia\" href=\"http:\/\/es.wikipedia.org\/wiki\/%C3%81lvaro_Siza\" target=\"_blank\"><strong>\u00c1lvaro Siza<\/strong> \u2013 <em>Wikipedia<\/em><\/a><\/p>\n<p align=\"left\"><strong>\u00c1lvaro Joaquim de Melo Siza Vieira<\/strong>, conocido en <a title=\"Portugal\" href=\"http:\/\/es.wikipedia.org\/wiki\/Portugal\" target=\"_blank\">Portugal<\/a> como <strong>\u00c1lvaro Siza Vieira<\/strong> o <strong>Siza Vieira<\/strong>, es un arquitecto <a title=\"Portugal\" href=\"http:\/\/es.wikipedia.org\/wiki\/Portugal\" target=\"_blank\">portugu\u00e9s<\/a>.<\/p>\n<p align=\"left\"><a title=\"Rafael Moneo - Wikipedia\" href=\"http:\/\/es.wikipedia.org\/wiki\/Rafael_Moneo\" target=\"_blank\"><strong>Rafael Moneo<\/strong> \u2013 <em>Wikipedia<\/em><\/a><\/p>\n<p align=\"left\"><strong>Jos\u00e9 Rafael Moneo Vall\u00e9s<\/strong> (* <a title=\"Tudela\" href=\"http:\/\/es.wikipedia.org\/wiki\/Tudela\" target=\"_blank\">Tudela<\/a>, <a title=\"Navarra\" href=\"http:\/\/es.wikipedia.org\/wiki\/Navarra\" target=\"_blank\">Navarra<\/a>, <a title=\"9 de mayo\" href=\"http:\/\/es.wikipedia.org\/wiki\/9_de_mayo\" target=\"_blank\">9 de mayo<\/a> de <a title=\"1937\" href=\"http:\/\/es.wikipedia.org\/wiki\/1937\" target=\"_blank\">1937<\/a>) es un <a title=\"Arquitecto\" href=\"http:\/\/es.wikipedia.org\/wiki\/Arquitecto\" target=\"_blank\">arquitecto<\/a> <a title=\"Espa\u00f1a\" href=\"http:\/\/es.wikipedia.org\/wiki\/Espa%C3%B1a\" target=\"_blank\">espa\u00f1ol<\/a>.<\/p>\n<p align=\"left\"><a title=\"Eduardo Souto de Moura - Wikipedia\" href=\"http:\/\/es.wikipedia.org\/wiki\/Eduardo_Souto_de_Moura\" target=\"_blank\"><strong>Eduardo Souto de Moura<\/strong> \u2013 <em>Wikipedia<\/em><\/a><\/p>\n<p align=\"left\"><strong>Eduardo Souto de Moura<\/strong> (n. <a title=\"Oporto\" href=\"http:\/\/es.wikipedia.org\/wiki\/Oporto\" target=\"_blank\">Oporto<\/a>, <a title=\"25 de julio\" href=\"http:\/\/es.wikipedia.org\/wiki\/25_de_julio\" target=\"_blank\">25 de julio<\/a> de <a title=\"1952\" href=\"http:\/\/es.wikipedia.org\/wiki\/1952\" target=\"_blank\">1952<\/a>) es un <a title=\"Arquitecto\" href=\"http:\/\/es.wikipedia.org\/wiki\/Arquitecto\" target=\"_blank\">arquitecto<\/a> <a title=\"Portugal\" href=\"http:\/\/es.wikipedia.org\/wiki\/Portugal\" target=\"_blank\">portugu\u00e9s<\/a> , ganador del premio Pritzker 2011 , cuyo trabajo est\u00e1 estrechamente v\u00ednculado al de los tambi\u00e9n portugueses <a title=\"\u00c1lvaro Siza\" href=\"http:\/\/es.wikipedia.org\/wiki\/%C3%81lvaro_Siza\" target=\"_blank\">\u00c1lvaro Siza<\/a> y <a title=\"Fernando T\u00e1vora (a\u00fan no redactado)\" href=\"http:\/\/es.wikipedia.org\/w\/index.php?title=Fernando_T%C3%A1vora&amp;action=edit&amp;redlink=1\" target=\"_blank\">Fernando T\u00e1vora<\/a>, quienes son sus mentores.<\/p>\n<p align=\"left\"><span style=\"text-align: -webkit-left;\">M\u00e1s informaci\u00f3n.<\/span><\/p>\n<p align=\"left\">\n<p align=\"left\"><strong>Fundaci\u00f3n Arquitectura y Sociedad<\/strong><br \/>\nC\/ Quintana 29 5\u00ba derecha, 28008, Madrid<br \/>\ninfo@arquitecturaysociedad.com<br \/>\n<a href=\"http:\/\/www.arquitecturaysociedad.com\/\">www.arquitecturaysociedad.com<\/a><\/p>\n<p align=\"left\">\n<p align=\"left\">Noticia seleccionada por el Canal de arquitectura STEPIENYBARNO.<\/p>\n<p align=\"left\"><a href=\"http:\/\/www.linkedin.com\/company\/stepienybarno\">STEPIENYBARNO EN LINKEDIN<\/a><\/p>\n<p align=\"left\"><a href=\"http:\/\/twitter.com\/stepienybarno\/stepienybarno\">STEPIENYBARNO EN TWITTER<\/a><\/p>\n<p align=\"left\"><a href=\"https:\/\/www.facebook.com\/StepienybarnoCANAL\">STEPIENYBARNO EN FACEBOOK<\/a><\/p>\n<p align=\"left\">\n<p align=\"left\">*Stepienybarno est\u00e1 formado por Agnieszka Stepien y Lorenzo Barn\u00f3 y desde mayo del 2009 estamos en la red con\u00a0 la presente publicaci\u00f3n digital (Blog) de arquitectura.<\/p>\n<p align=\"left\">Nuestra actividad se sustenta en tres pilares b\u00e1sicos: la investigaci\u00f3n, la publicaci\u00f3n (comunicaci\u00f3n y difusi\u00f3n) y la redacci\u00f3n de proyectos de arquitectura.<\/p>\n<p align=\"left\">A su vez, somos socios cofundadores de <a href=\"http:\/\/sinergiasostenible.org\/\">SINERGIA SOSTENIBLE<\/a> y redactores de <a href=\"http:\/\/www.laciudadviva.org\/blogs\/?author=45\">LA CIUDAD VIVA<\/a>.<\/p>\n<p align=\"left\">\n","protected":false},"excerpt":{"rendered":"<p>En PAMPLONA _ 20, 21 y 22 de Junio. Palacio<\/p>\n","protected":false},"author":2,"featured_media":0,"comment_status":"open","ping_status":"closed","sticky":false,"template":"","format":"standard","meta":{"om_disable_all_campaigns":false,"_monsterinsights_skip_tracking":false,"_monsterinsights_sitenote_active":false,"_monsterinsights_sitenote_note":"","_monsterinsights_sitenote_category":0,"_uf_show_specific_survey":0,"_uf_disable_surveys":false,"episode_type":"","audio_file":"","cover_image":"","cover_image_id":"","duration":"","filesize":"","date_recorded":"","explicit":"","block":"","filesize_raw":"","footnotes":""},"categories":[34,244],"tags":[4274,1570,9,1568,1025,1569,1393],"series":[],"class_list":["post-5328","post","type-post","status-publish","format-standard","hentry","category-actualidad","category-canal-de-arquitectura","tag-actualidad","tag-alvaro-joaquim-de-melo-siza-vieira","tag-arquitectura","tag-eduardo-souto-de-moura","tag-fundacion-arquitectura-y-sociedad","tag-jose-rafael-moneo-valles","tag-luis-fernandez-galiano"],"aioseo_notices":[],"episode_featured_image":false,"episode_player_image":"https:\/\/stepienybarno.es\/blog\/wp-content\/uploads\/2020\/11\/stepienybarno-podcast-scaled.jpg","download_link":"","player_link":"","audio_player":false,"episode_data":{"playerMode":"dark","subscribeUrls":[],"rssFeedUrl":"https:\/\/stepienybarno.es\/blog\/feed\/podcast\/podcast-de-stepienybarno","embedCode":"<blockquote class=\"wp-embedded-content\" data-secret=\"dbFGso4W2C\"><a href=\"https:\/\/stepienybarno.es\/blog\/2012\/03\/31\/ii-congreso-internacional-de-arquitectura-lo-comun-lo-cotidiano-lo-colectivo\/\">II CONGRESO INTERNACIONAL DE ARQUITECTURA \u00abLO COM\u00daN: LO COTIDIANO, LO COLECTIVO\u00bb<\/a><\/blockquote><iframe sandbox=\"allow-scripts\" security=\"restricted\" src=\"https:\/\/stepienybarno.es\/blog\/2012\/03\/31\/ii-congreso-internacional-de-arquitectura-lo-comun-lo-cotidiano-lo-colectivo\/embed\/#?secret=dbFGso4W2C\" width=\"500\" height=\"350\" title=\"\u00abII CONGRESO INTERNACIONAL DE ARQUITECTURA \u00abLO COM\u00daN: LO COTIDIANO, LO COLECTIVO\u00bb\u00bb \u2014 Blog de STEPIEN Y BARNO - publicaci\u00f3n digital sobre arquitectura\" data-secret=\"dbFGso4W2C\" frameborder=\"0\" marginwidth=\"0\" marginheight=\"0\" scrolling=\"no\" class=\"wp-embedded-content\"><\/iframe><script type=\"text\/javascript\">\n\/* <![CDATA[ *\/\n\/*! This file is auto-generated *\/\n!function(d,l){\"use strict\";l.querySelector&&d.addEventListener&&\"undefined\"!=typeof URL&&(d.wp=d.wp||{},d.wp.receiveEmbedMessage||(d.wp.receiveEmbedMessage=function(e){var t=e.data;if((t||t.secret||t.message||t.value)&&!\/[^a-zA-Z0-9]\/.test(t.secret)){for(var s,r,n,a=l.querySelectorAll('iframe[data-secret=\"'+t.secret+'\"]'),o=l.querySelectorAll('blockquote[data-secret=\"'+t.secret+'\"]'),c=new RegExp(\"^https?:$\",\"i\"),i=0;i<o.length;i++)o[i].style.display=\"none\";for(i=0;i<a.length;i++)s=a[i],e.source===s.contentWindow&&(s.removeAttribute(\"style\"),\"height\"===t.message?(1e3<(r=parseInt(t.value,10))?r=1e3:~~r<200&&(r=200),s.height=r):\"link\"===t.message&&(r=new URL(s.getAttribute(\"src\")),n=new URL(t.value),c.test(n.protocol))&&n.host===r.host&&l.activeElement===s&&(d.top.location.href=t.value))}},d.addEventListener(\"message\",d.wp.receiveEmbedMessage,!1),l.addEventListener(\"DOMContentLoaded\",function(){for(var e,t,s=l.querySelectorAll(\"iframe.wp-embedded-content\"),r=0;r<s.length;r++)(t=(e=s[r]).getAttribute(\"data-secret\"))||(t=Math.random().toString(36).substring(2,12),e.src+=\"#?secret=\"+t,e.setAttribute(\"data-secret\",t)),e.contentWindow.postMessage({message:\"ready\",secret:t},\"*\")},!1)))}(window,document);\n\/* ]]> *\/\n<\/script>\n"},"_links":{"self":[{"href":"https:\/\/stepienybarno.es\/blog\/wp-json\/wp\/v2\/posts\/5328"}],"collection":[{"href":"https:\/\/stepienybarno.es\/blog\/wp-json\/wp\/v2\/posts"}],"about":[{"href":"https:\/\/stepienybarno.es\/blog\/wp-json\/wp\/v2\/types\/post"}],"author":[{"embeddable":true,"href":"https:\/\/stepienybarno.es\/blog\/wp-json\/wp\/v2\/users\/2"}],"replies":[{"embeddable":true,"href":"https:\/\/stepienybarno.es\/blog\/wp-json\/wp\/v2\/comments?post=5328"}],"version-history":[{"count":3,"href":"https:\/\/stepienybarno.es\/blog\/wp-json\/wp\/v2\/posts\/5328\/revisions"}],"predecessor-version":[{"id":5333,"href":"https:\/\/stepienybarno.es\/blog\/wp-json\/wp\/v2\/posts\/5328\/revisions\/5333"}],"wp:attachment":[{"href":"https:\/\/stepienybarno.es\/blog\/wp-json\/wp\/v2\/media?parent=5328"}],"wp:term":[{"taxonomy":"category","embeddable":true,"href":"https:\/\/stepienybarno.es\/blog\/wp-json\/wp\/v2\/categories?post=5328"},{"taxonomy":"post_tag","embeddable":true,"href":"https:\/\/stepienybarno.es\/blog\/wp-json\/wp\/v2\/tags?post=5328"},{"taxonomy":"series","embeddable":true,"href":"https:\/\/stepienybarno.es\/blog\/wp-json\/wp\/v2\/series?post=5328"}],"curies":[{"name":"wp","href":"https:\/\/api.w.org\/{rel}","templated":true}]}}