{"id":53530,"date":"2022-05-17T09:00:03","date_gmt":"2022-05-17T07:00:03","guid":{"rendered":"https:\/\/stepienybarno.es\/blog\/?p=53530"},"modified":"2022-05-17T11:25:37","modified_gmt":"2022-05-17T09:25:37","slug":"sik-rebuild-2022-libro-blanco-sostenibilidad","status":"publish","type":"post","link":"https:\/\/stepienybarno.es\/blog\/2022\/05\/17\/sik-rebuild-2022-libro-blanco-sostenibilidad\/","title":{"rendered":"Con Sika en Rebuild 2022 : El libro blanco de la sostenibilidad"},"content":{"rendered":"<p>El pasado 27 de abril, de la mano de nuestros amigos de <strong>Sika Espa\u00f1a<\/strong>, tuvimos la suerte de asistir a <strong><a href=\"https:\/\/www.rebuildexpo.com\/rebuild\/rebuild-2022\/\" target=\"_blank\" rel=\"noopener\">Rebuild 2022\u00a0<\/a>, <\/strong>el gran evento tecnol\u00f3gico de la edificaci\u00f3n.<\/p>\n<p><em>\u00abLa lucha por descarbonizar el sector, la tecnolog\u00eda como palanca de impulso de la industrializaci\u00f3n, las tendencias digitales y los nuevos modelos de negocio han sido los ejes principales de REBUILD 2022, que reuni\u00f3 a 17.344 profesionales.\u00bb<\/em><\/p>\n<p>Tuvimos la suerte de poder charlar con tres de los pilares en los que se cimenta el \u00e9xito de esta multinacional pionera, Vanessa \u00c1lvarez, Ramiro Garc\u00eda y Gonzalo Caus\u00edn. Directora de Marketing y comunicaci\u00f3n, director de I+D y Director general , respectivamente de <strong>SIKA Espa\u00f1a.<\/strong><\/p>\n<p>SIKA, con motivo de la Feria REBUILD, en su compromiso por <strong>la sostenibilidad y la innovaci\u00f3n<\/strong>, ha lanzado su primer <strong><a href=\"https:\/\/esp.sika.com\/es\/libro-blanco-de-la-sostenibilidad.html\" target=\"_blank\" rel=\"noopener\">Libro Blanco sobre Sostenibilidad<\/a><\/strong>, un manual interactivo donde se recoge el conjunto de actuaciones desarrolladas por la compa\u00f1\u00eda en los \u00faltimos a\u00f1os.<\/p>\n<p>Si quer\u00e9is saber mas sobre el <strong>Libro blanco de la sostenibilidad<\/strong> , no dej\u00e9is de ver estas estupendas entrevistas:<\/p>\n<h2>Entrevista a Vanessa \u00c1lvarez<\/h2>\n<p><strong>( Directora de Marketing &amp; Comunicaci\u00f3n de <a href=\"https:\/\/esp.sika.com\/\" target=\"_blank\" rel=\"noopener\">Sika Espa\u00f1a<\/a> )<\/strong><\/p>\n<p><iframe loading=\"lazy\" title=\"Innovaci\u00f3n y sostenibilidad. Sika Spain: entrevista a Vanessa \u00c1lvarez. Rebuild 2022\" width=\"911\" height=\"512\" src=\"https:\/\/www.youtube.com\/embed\/AJGVBJoDQ0U?feature=oembed\" frameborder=\"0\" allow=\"accelerometer; autoplay; clipboard-write; encrypted-media; gyroscope; picture-in-picture\" allowfullscreen><\/iframe><\/p>\n<h2>Entrevista a Ramiro Garc\u00eda y Gonzalo Causin<\/h2>\n<p><strong>( Director de I+D\u00a0 y Director general de SIKA Espa\u00f1a )<\/strong><\/p>\n<p><iframe loading=\"lazy\" title=\"Entrevista a Gonzalo Caus\u00edn y Ramiro Garc\u00eda, Director General y Director de I+D+I de Sika Spain\" width=\"911\" height=\"512\" src=\"https:\/\/www.youtube.com\/embed\/LqczqrsGlCA?feature=oembed\" frameborder=\"0\" allow=\"accelerometer; autoplay; clipboard-write; encrypted-media; gyroscope; picture-in-picture\" allowfullscreen><\/iframe><\/p>\n<h3>Esperamos que os haya gustado Sika Libro blanco de la sostenibilidad<\/h3>\n<p>Si quieres saber m\u00e1s sobre construcci\u00f3n industrializada con SIKA ( <strong><a href=\"https:\/\/stepienybarno.es\/blog\/2020\/06\/19\/sika-construccion-industrializada-rapido-seguro-eficiente\/\" target=\"_blank\" rel=\"noopener\">+ INFO Aqu\u00ed<\/a><\/strong> )<\/p>\n","protected":false},"excerpt":{"rendered":"<p>El pasado 27 de abril, de la mano de nuestros<\/p>\n","protected":false},"author":2,"featured_media":53532,"comment_status":"open","ping_status":"closed","sticky":false,"template":"","format":"standard","meta":{"om_disable_all_campaigns":false,"_monsterinsights_skip_tracking":false,"_monsterinsights_sitenote_active":false,"_monsterinsights_sitenote_note":"","_monsterinsights_sitenote_category":0,"_uf_show_specific_survey":0,"_uf_disable_surveys":false,"episode_type":"audio","audio_file":"https:\/\/stepienybarno.es\/blog\/wp-content\/uploads\/2022\/05\/PODCAST-151-editado.mp3","cover_image":"","cover_image_id":"","duration":"26:35","filesize":"15.27M","date_recorded":"2022-05-17 09:00:03","explicit":"","block":"","filesize_raw":"16007309","footnotes":""},"categories":[34,63,20,7985],"tags":[9329,8231,9332,9328,3936,9331,9330],"series":[10115],"class_list":["post-53530","post","type-post","status-publish","format-standard","has-post-thumbnail","hentry","category-actualidad","category-arqui-entrevista","category-reportajes-arquitectura","category-podcast","tag-gonzalo-causin","tag-innovacion-sika","tag-libro-blanco-de-la-sostenibilidad","tag-ramiro-garcia","tag-sika","tag-sika-espana","tag-vanessa-alvarez","series-podcast-de-stepienybarno"],"aioseo_notices":[],"episode_featured_image":"https:\/\/stepienybarno.es\/blog\/wp-content\/uploads\/2022\/05\/portada-cuadrada-POST-SIKA.png","episode_player_image":"https:\/\/stepienybarno.es\/blog\/wp-content\/uploads\/2020\/11\/stepienybarno-podcast-scaled.jpg","download_link":"https:\/\/stepienybarno.es\/blog\/podcast-download\/53530\/sik-rebuild-2022-libro-blanco-sostenibilidad.mp3","player_link":"https:\/\/stepienybarno.es\/blog\/podcast-player\/53530\/sik-rebuild-2022-libro-blanco-sostenibilidad.mp3","audio_player":"<!--[if lt IE 9]><script>document.createElement('audio');<\/script><![endif]-->\n<audio class=\"wp-audio-shortcode\" id=\"audio-53530-1\" preload=\"none\" style=\"width: 100%;\" controls=\"controls\"><source type=\"audio\/mpeg\" src=\"https:\/\/stepienybarno.es\/blog\/podcast-player\/53530\/sik-rebuild-2022-libro-blanco-sostenibilidad.mp3?_=1\" \/><a href=\"https:\/\/stepienybarno.es\/blog\/podcast-player\/53530\/sik-rebuild-2022-libro-blanco-sostenibilidad.mp3\">https:\/\/stepienybarno.es\/blog\/podcast-player\/53530\/sik-rebuild-2022-libro-blanco-sostenibilidad.mp3<\/a><\/audio>","episode_data":{"playerMode":"dark","subscribeUrls":[],"rssFeedUrl":"https:\/\/stepienybarno.es\/blog\/feed\/podcast\/podcast-de-stepienybarno","embedCode":"<blockquote class=\"wp-embedded-content\" data-secret=\"dQF12zQoZh\"><a href=\"https:\/\/stepienybarno.es\/blog\/2022\/05\/17\/sik-rebuild-2022-libro-blanco-sostenibilidad\/\">Con Sika en Rebuild 2022 : El libro blanco de la sostenibilidad<\/a><\/blockquote><iframe sandbox=\"allow-scripts\" security=\"restricted\" src=\"https:\/\/stepienybarno.es\/blog\/2022\/05\/17\/sik-rebuild-2022-libro-blanco-sostenibilidad\/embed\/#?secret=dQF12zQoZh\" width=\"500\" height=\"350\" title=\"\u00abCon Sika en Rebuild 2022 : El libro blanco de la sostenibilidad\u00bb \u2014 Blog de STEPIEN Y BARNO - publicaci\u00f3n digital sobre arquitectura\" data-secret=\"dQF12zQoZh\" frameborder=\"0\" marginwidth=\"0\" marginheight=\"0\" scrolling=\"no\" class=\"wp-embedded-content\"><\/iframe><script type=\"text\/javascript\">\n\/* <![CDATA[ *\/\n\/*! This file is auto-generated *\/\n!function(d,l){\"use strict\";l.querySelector&&d.addEventListener&&\"undefined\"!=typeof URL&&(d.wp=d.wp||{},d.wp.receiveEmbedMessage||(d.wp.receiveEmbedMessage=function(e){var t=e.data;if((t||t.secret||t.message||t.value)&&!\/[^a-zA-Z0-9]\/.test(t.secret)){for(var s,r,n,a=l.querySelectorAll('iframe[data-secret=\"'+t.secret+'\"]'),o=l.querySelectorAll('blockquote[data-secret=\"'+t.secret+'\"]'),c=new RegExp(\"^https?:$\",\"i\"),i=0;i<o.length;i++)o[i].style.display=\"none\";for(i=0;i<a.length;i++)s=a[i],e.source===s.contentWindow&&(s.removeAttribute(\"style\"),\"height\"===t.message?(1e3<(r=parseInt(t.value,10))?r=1e3:~~r<200&&(r=200),s.height=r):\"link\"===t.message&&(r=new URL(s.getAttribute(\"src\")),n=new URL(t.value),c.test(n.protocol))&&n.host===r.host&&l.activeElement===s&&(d.top.location.href=t.value))}},d.addEventListener(\"message\",d.wp.receiveEmbedMessage,!1),l.addEventListener(\"DOMContentLoaded\",function(){for(var e,t,s=l.querySelectorAll(\"iframe.wp-embedded-content\"),r=0;r<s.length;r++)(t=(e=s[r]).getAttribute(\"data-secret\"))||(t=Math.random().toString(36).substring(2,12),e.src+=\"#?secret=\"+t,e.setAttribute(\"data-secret\",t)),e.contentWindow.postMessage({message:\"ready\",secret:t},\"*\")},!1)))}(window,document);\n\/* ]]> *\/\n<\/script>\n"},"_links":{"self":[{"href":"https:\/\/stepienybarno.es\/blog\/wp-json\/wp\/v2\/posts\/53530"}],"collection":[{"href":"https:\/\/stepienybarno.es\/blog\/wp-json\/wp\/v2\/posts"}],"about":[{"href":"https:\/\/stepienybarno.es\/blog\/wp-json\/wp\/v2\/types\/post"}],"author":[{"embeddable":true,"href":"https:\/\/stepienybarno.es\/blog\/wp-json\/wp\/v2\/users\/2"}],"replies":[{"embeddable":true,"href":"https:\/\/stepienybarno.es\/blog\/wp-json\/wp\/v2\/comments?post=53530"}],"version-history":[{"count":5,"href":"https:\/\/stepienybarno.es\/blog\/wp-json\/wp\/v2\/posts\/53530\/revisions"}],"predecessor-version":[{"id":53536,"href":"https:\/\/stepienybarno.es\/blog\/wp-json\/wp\/v2\/posts\/53530\/revisions\/53536"}],"wp:featuredmedia":[{"embeddable":true,"href":"https:\/\/stepienybarno.es\/blog\/wp-json\/wp\/v2\/media\/53532"}],"wp:attachment":[{"href":"https:\/\/stepienybarno.es\/blog\/wp-json\/wp\/v2\/media?parent=53530"}],"wp:term":[{"taxonomy":"category","embeddable":true,"href":"https:\/\/stepienybarno.es\/blog\/wp-json\/wp\/v2\/categories?post=53530"},{"taxonomy":"post_tag","embeddable":true,"href":"https:\/\/stepienybarno.es\/blog\/wp-json\/wp\/v2\/tags?post=53530"},{"taxonomy":"series","embeddable":true,"href":"https:\/\/stepienybarno.es\/blog\/wp-json\/wp\/v2\/series?post=53530"}],"curies":[{"name":"wp","href":"https:\/\/api.w.org\/{rel}","templated":true}]}}