{"id":53831,"date":"2022-07-05T08:01:26","date_gmt":"2022-07-05T06:01:26","guid":{"rendered":"https:\/\/stepienybarno.es\/blog\/?p=53831"},"modified":"2022-07-05T13:16:24","modified_gmt":"2022-07-05T11:16:24","slug":"un-visionario-en-el-museo-de-historia","status":"publish","type":"post","link":"https:\/\/stepienybarno.es\/blog\/2022\/07\/05\/un-visionario-en-el-museo-de-historia\/","title":{"rendered":"Un visionario en el Museo de Historia"},"content":{"rendered":"<p><img loading=\"lazy\" decoding=\"async\" class=\"alignnone size-full wp-image-53832\" src=\"https:\/\/stepienybarno.es\/blog\/wp-content\/uploads\/2022\/06\/stepienybarno-Un-visionario-en-el-Museo-de-Historia-Postdeldia.jpg\" alt=\"\" width=\"1960\" height=\"1177\" srcset=\"https:\/\/stepienybarno.es\/blog\/wp-content\/uploads\/2022\/06\/stepienybarno-Un-visionario-en-el-Museo-de-Historia-Postdeldia.jpg 1960w, https:\/\/stepienybarno.es\/blog\/wp-content\/uploads\/2022\/06\/stepienybarno-Un-visionario-en-el-Museo-de-Historia-Postdeldia-550x330.jpg 550w, https:\/\/stepienybarno.es\/blog\/wp-content\/uploads\/2022\/06\/stepienybarno-Un-visionario-en-el-Museo-de-Historia-Postdeldia-1024x615.jpg 1024w, https:\/\/stepienybarno.es\/blog\/wp-content\/uploads\/2022\/06\/stepienybarno-Un-visionario-en-el-Museo-de-Historia-Postdeldia-180x108.jpg 180w, https:\/\/stepienybarno.es\/blog\/wp-content\/uploads\/2022\/06\/stepienybarno-Un-visionario-en-el-Museo-de-Historia-Postdeldia-1536x922.jpg 1536w, https:\/\/stepienybarno.es\/blog\/wp-content\/uploads\/2022\/06\/stepienybarno-Un-visionario-en-el-Museo-de-Historia-Postdeldia-316x190.jpg 316w\" sizes=\"(max-width: 1960px) 100vw, 1960px\" \/><\/p>\n<h1><strong>Por: Rafael Fraguas<br \/>\n<\/strong><\/h1>\n<h2>Desde: <strong>El Pa\u00eds<br \/>\n<\/strong><\/h2>\n<h2>Fotograf\u00eda: Primer plano de la Ciudad Lineal de Madrid, obra de Arturo Soria.\u00a9 2019 | Asociaci\u00f3n Cultural Legado de Arturo Soria<\/h2>\n<p>Si Madrid figura en todas las escuelas de Urbanismo del mundo como referencia pionera, es merced a un madrile\u00f1o nacido en 1844 en la calle del Caballero de Gracia, que dedic\u00f3 su vida al reto de la ideaci\u00f3n en su m\u00e1s amplio sentido. Su nombre, Arturo Soria, ha trascendido por una de sus obras, la Ciudad Lineal de Madrid, prodigio de planificaci\u00f3n urban\u00edstica. Para llegar a esta cima, su genio recorri\u00f3 un fascinante itinerario intelectual en el que supo establecer relaciones entre la geometr\u00eda, la m\u00fasica, la luz, el color y la vida, que cristalizaron en una concepci\u00f3n human\u00edstica e innovadora de la ciudad. Su fama irradi\u00f3 desde Espa\u00f1a a Chile, Francia, Rusia, Jap\u00f3n e, incluso, hoy, ha inspirado el trazado de una gran ciudad en Arabia Saud\u00ed.<\/p>\n<p style=\"text-align: center;\"><a href=\"https:\/\/bit.ly\/3zy71jU\" target=\"_blank\" rel=\"noopener noreferrer\">Acceder al post<\/a><\/p>\n<hr \/>\n<h5><strong>Autores del post: <a href=\"https:\/\/stepienybarno.es\/blog\/2011\/09\/04\/las-fortalezas-del-arquitecto\/\">Stepienybarno<\/a> _ Agnieszka Stepien y Lorenzo Barn\u00f3<\/strong><\/h5>\n<h5>Y como siempre, si te gust\u00f3 el post, estar\u00eda genial que lo compartas en tus redes sociales.<\/h5>\n<h5>A su vez, si todav\u00eda no est\u00e1s suscrito a nuestra Newsletter, te animamos a hacerlo en la casilla que tienes al terminar este art\u00edculo.<\/h5>\n<p>&nbsp;<\/p>\n<p>Suscribirte a nuestro blog y recibe gratis nuestra gu\u00eda: 10 Ideas para vender m\u00e1s si eres arquitecto<\/p>\n<p>Acceder: <a href=\"http:\/\/bit.ly\/2fkkTS7\">http:\/\/bit.ly\/2fkkTS7<\/a><\/p>\n<p>&nbsp;<\/p>\n<p>Si te interesa contactar con nosotros para que te ayudemos a mejorar tu visibilidad online y, en consecuencia, mejorar tus oportunidades laborales, no dudes en escribirnos a: <a href=\"mailto:blog@stepienybarno.es\">blog@stepienybarno.es<\/a><\/p>\n<p>&nbsp;<\/p>\n<p><em><a href=\"https:\/\/twitter.com\/stepienybarno\">Stepienybarno en TWITTER<\/a><\/em><\/p>\n<p><em><a href=\"https:\/\/twitter.com\/stepienybarno\">@stepienybarno (+ de 16.000 seguidores)<\/a><\/em><\/p>\n<p><em><a href=\"https:\/\/twitter.com\/stepienybarno?lang=es\">https:\/\/twitter.com\/stepienybarno?lang=es<\/a><\/em><\/p>\n<p><em><a href=\"https:\/\/www.facebook.com\/pages\/BLOG-DE-STEPIENYBARNO\/78001079029\">Stepienybarno en FACEBOOK (+ de 24<u>.000 seguidores)<\/u><\/a><\/em><\/p>\n<p><em><a href=\"https:\/\/www.facebook.com\/StepienyBarnoArquitecturaeIdentidadDigital\/\">https:\/\/www.facebook.com\/StepienyBarnoArquitecturaeIdentidadDigital\/<\/a><\/em><\/p>\n<p><em>Acceder a nuestro GRUPO CERRADO DE FACEBOOK sobre Identidad Digital para Arquitectos:<\/em><\/p>\n<p><em><a href=\"https:\/\/www.facebook.com\/groups\/IdentidadDigitalParaArquitectos\/\">https:\/\/www.facebook.com\/groups\/IdentidadDigitalParaArquitectos\/<\/a><\/em><\/p>\n<p><em>Suscr\u00edbete a nuestro canal de YOUTUBE: <a href=\"http:\/\/bit.ly\/2A1UtAd\">http:\/\/bit.ly\/2A1UtAd<\/a><\/em><\/p>\n<p>&nbsp;<\/p>\n<p>* <a href=\"https:\/\/stepienybarno.es\/blog\/2011\/09\/04\/las-fortalezas-del-arquitecto\/\">Stepienybarno<\/a> est\u00e1 formado por Agnieszka Stepien y Lorenzo Barn\u00f3 y desde mayo del 2009 estamos en la red con la presente publicaci\u00f3n digital (Blog) de arquitectura.<\/p>\n<p>Nuestra actividad se sustenta en tres pilares b\u00e1sicos: la investigaci\u00f3n, la publicaci\u00f3n y la redacci\u00f3n de proyectos de arquitectura.<\/p>\n<p>A su vez, somos socios cofundadores de <a href=\"http:\/\/sinergiasostenible.org\/\">SINERGIA SOSTENIBLE<\/a> y directores del blog de FUNDACI\u00d3N ARQUIA.<\/p>\n","protected":false},"excerpt":{"rendered":"<p>Por: Rafael Fraguas Desde: El Pa\u00eds Fotograf\u00eda: Primer plano de<\/p>\n","protected":false},"author":2,"featured_media":53832,"comment_status":"open","ping_status":"closed","sticky":false,"template":"","format":"standard","meta":{"om_disable_all_campaigns":false,"_monsterinsights_skip_tracking":false,"_monsterinsights_sitenote_active":false,"_monsterinsights_sitenote_note":"","_monsterinsights_sitenote_category":0,"_uf_show_specific_survey":0,"_uf_disable_surveys":false,"episode_type":"audio","audio_file":"","cover_image":"","cover_image_id":"","duration":"","filesize":"","date_recorded":"","explicit":"","block":"","filesize_raw":"","footnotes":""},"categories":[244],"tags":[9378,4272],"series":[],"class_list":["post-53831","post","type-post","status-publish","format-standard","has-post-thumbnail","hentry","category-canal-de-arquitectura","tag-arturo-soria","tag-urbanismo"],"aioseo_notices":[],"episode_featured_image":"https:\/\/stepienybarno.es\/blog\/wp-content\/uploads\/2022\/06\/stepienybarno-Un-visionario-en-el-Museo-de-Historia-Postdeldia.jpg","episode_player_image":"https:\/\/stepienybarno.es\/blog\/wp-content\/uploads\/2020\/11\/stepienybarno-podcast-scaled.jpg","download_link":"","player_link":"","audio_player":false,"episode_data":{"playerMode":"dark","subscribeUrls":[],"rssFeedUrl":"https:\/\/stepienybarno.es\/blog\/feed\/podcast\/podcast-de-stepienybarno","embedCode":"<blockquote class=\"wp-embedded-content\" data-secret=\"pzx1UwNh9E\"><a href=\"https:\/\/stepienybarno.es\/blog\/2022\/07\/05\/un-visionario-en-el-museo-de-historia\/\">Un visionario en el Museo de Historia<\/a><\/blockquote><iframe sandbox=\"allow-scripts\" security=\"restricted\" src=\"https:\/\/stepienybarno.es\/blog\/2022\/07\/05\/un-visionario-en-el-museo-de-historia\/embed\/#?secret=pzx1UwNh9E\" width=\"500\" height=\"350\" title=\"\u00abUn visionario en el Museo de Historia\u00bb \u2014 Blog de STEPIEN Y BARNO - publicaci\u00f3n digital sobre arquitectura\" data-secret=\"pzx1UwNh9E\" frameborder=\"0\" marginwidth=\"0\" marginheight=\"0\" scrolling=\"no\" class=\"wp-embedded-content\"><\/iframe><script type=\"text\/javascript\">\n\/* <![CDATA[ *\/\n\/*! This file is auto-generated *\/\n!function(d,l){\"use strict\";l.querySelector&&d.addEventListener&&\"undefined\"!=typeof URL&&(d.wp=d.wp||{},d.wp.receiveEmbedMessage||(d.wp.receiveEmbedMessage=function(e){var t=e.data;if((t||t.secret||t.message||t.value)&&!\/[^a-zA-Z0-9]\/.test(t.secret)){for(var s,r,n,a=l.querySelectorAll('iframe[data-secret=\"'+t.secret+'\"]'),o=l.querySelectorAll('blockquote[data-secret=\"'+t.secret+'\"]'),c=new RegExp(\"^https?:$\",\"i\"),i=0;i<o.length;i++)o[i].style.display=\"none\";for(i=0;i<a.length;i++)s=a[i],e.source===s.contentWindow&&(s.removeAttribute(\"style\"),\"height\"===t.message?(1e3<(r=parseInt(t.value,10))?r=1e3:~~r<200&&(r=200),s.height=r):\"link\"===t.message&&(r=new URL(s.getAttribute(\"src\")),n=new URL(t.value),c.test(n.protocol))&&n.host===r.host&&l.activeElement===s&&(d.top.location.href=t.value))}},d.addEventListener(\"message\",d.wp.receiveEmbedMessage,!1),l.addEventListener(\"DOMContentLoaded\",function(){for(var e,t,s=l.querySelectorAll(\"iframe.wp-embedded-content\"),r=0;r<s.length;r++)(t=(e=s[r]).getAttribute(\"data-secret\"))||(t=Math.random().toString(36).substring(2,12),e.src+=\"#?secret=\"+t,e.setAttribute(\"data-secret\",t)),e.contentWindow.postMessage({message:\"ready\",secret:t},\"*\")},!1)))}(window,document);\n\/* ]]> *\/\n<\/script>\n"},"_links":{"self":[{"href":"https:\/\/stepienybarno.es\/blog\/wp-json\/wp\/v2\/posts\/53831"}],"collection":[{"href":"https:\/\/stepienybarno.es\/blog\/wp-json\/wp\/v2\/posts"}],"about":[{"href":"https:\/\/stepienybarno.es\/blog\/wp-json\/wp\/v2\/types\/post"}],"author":[{"embeddable":true,"href":"https:\/\/stepienybarno.es\/blog\/wp-json\/wp\/v2\/users\/2"}],"replies":[{"embeddable":true,"href":"https:\/\/stepienybarno.es\/blog\/wp-json\/wp\/v2\/comments?post=53831"}],"version-history":[{"count":1,"href":"https:\/\/stepienybarno.es\/blog\/wp-json\/wp\/v2\/posts\/53831\/revisions"}],"predecessor-version":[{"id":53833,"href":"https:\/\/stepienybarno.es\/blog\/wp-json\/wp\/v2\/posts\/53831\/revisions\/53833"}],"wp:featuredmedia":[{"embeddable":true,"href":"https:\/\/stepienybarno.es\/blog\/wp-json\/wp\/v2\/media\/53832"}],"wp:attachment":[{"href":"https:\/\/stepienybarno.es\/blog\/wp-json\/wp\/v2\/media?parent=53831"}],"wp:term":[{"taxonomy":"category","embeddable":true,"href":"https:\/\/stepienybarno.es\/blog\/wp-json\/wp\/v2\/categories?post=53831"},{"taxonomy":"post_tag","embeddable":true,"href":"https:\/\/stepienybarno.es\/blog\/wp-json\/wp\/v2\/tags?post=53831"},{"taxonomy":"series","embeddable":true,"href":"https:\/\/stepienybarno.es\/blog\/wp-json\/wp\/v2\/series?post=53831"}],"curies":[{"name":"wp","href":"https:\/\/api.w.org\/{rel}","templated":true}]}}