{"id":54807,"date":"2022-08-30T09:25:11","date_gmt":"2022-08-30T07:25:11","guid":{"rendered":"https:\/\/stepienybarno.es\/blog\/?p=54807"},"modified":"2022-11-17T10:38:13","modified_gmt":"2022-11-17T08:38:13","slug":"episodio-160-arquicafe-con-pedro-torrijos","status":"publish","type":"post","link":"https:\/\/stepienybarno.es\/blog\/2022\/08\/30\/episodio-160-arquicafe-con-pedro-torrijos\/","title":{"rendered":"Episodio 160: Arquicaf\u00e9 con Pedro Torrijos"},"content":{"rendered":"<p><img loading=\"lazy\" decoding=\"async\" class=\"alignnone size-full wp-image-54809\" src=\"https:\/\/stepienybarno.es\/blog\/wp-content\/uploads\/2022\/08\/santi-de-molina.png\" alt=\"Pedro Torrijos\" width=\"1280\" height=\"720\" srcset=\"https:\/\/stepienybarno.es\/blog\/wp-content\/uploads\/2022\/08\/santi-de-molina.png 1280w, https:\/\/stepienybarno.es\/blog\/wp-content\/uploads\/2022\/08\/santi-de-molina-550x309.png 550w, https:\/\/stepienybarno.es\/blog\/wp-content\/uploads\/2022\/08\/santi-de-molina-1024x576.png 1024w, https:\/\/stepienybarno.es\/blog\/wp-content\/uploads\/2022\/08\/santi-de-molina-180x101.png 180w, https:\/\/stepienybarno.es\/blog\/wp-content\/uploads\/2022\/08\/santi-de-molina-316x178.png 316w\" sizes=\"(max-width: 1280px) 100vw, 1280px\" \/><\/p>\n<p>Hoy nos tomamos un Arquicaf\u00e9 con Pedro Torrijos, es m\u00fasico y arquitecto de formaci\u00f3n, aunque lo que realmente le gusta es<strong> contar historias.<\/strong><\/p>\n<p>Se trata de una persona que ha sabido reinventarse como nadie. Es un crack en lo suyo y va varios pueblos por delante del resto. Explica todo con claridad, naturalidad y, sobre todo, con mucho entretenimiento. Mientras los dem\u00e1s arqutiectos seguimos hablando de arquitectura para otros arquitectos, \u00e9l es capaz de atrapar, con su sagaz discurso, tanto a profesionales como p\u00fablico general.<\/p>\n<p>Y llegar con la arquitectura a la sociedad es lo que m\u00e1s necesitamos. Qu\u00e9 bien que tenemos a Pedro, !porque si no habr\u00eda que invenarlo!<\/p>\n<p><!--more--><\/p>\n<p><iframe loading=\"lazy\" title=\"Entrevista #arquicaf\u00e9 Pedro Torrijos\" width=\"911\" height=\"512\" src=\"https:\/\/www.youtube.com\/embed\/UDm0lG9YkiE?feature=oembed\" frameborder=\"0\" allow=\"accelerometer; autoplay; clipboard-write; encrypted-media; gyroscope; picture-in-picture\" allowfullscreen><\/iframe><\/p>\n<p><em>Pedro Torrijos (Madrid, 1975) cuenta historias. Y cuenta historias porque eso es lo que ha querido hacer siempre. M\u00fasico y arquitecto de formaci\u00f3n, lleva desde 2011 contando historias de todas las maneras y en todos los formatos. Historias de hombres, de mujeres y de lugares. Historias que son art\u00edculos en\u00a0El Pa\u00eds,\u00a0Yorokobu\u00a0o\u00a0Jot Down, entre otros. Historias que son paisajes sonoros en\u00a0Gente despierta\u00a0de RNE y en podcast para Podium o el Museo ICO. Historias que son reportajes contados en el lenguaje \u00fanico de las redes sociales. Y si se lo encuentran por la calle, probablemente les contar\u00e1 una historia. \u201cTerritorios Improbables\u201d es su primer libro.<\/em><\/p>\n<p><strong><a href=\"https:\/\/pedrotorrijos.com\/sobre-mi\" target=\"_blank\" rel=\"noopener\">+ Info AQU\u00cd<\/a><\/strong><\/p>\n<p>Puedes encontrar a Pedro Torrijos:<\/p>\n<p>web: <strong><a href=\"https:\/\/pedrotorrijos.com\/\" target=\"_blank\" rel=\"noopener\">pedrotorrijos.com<\/a><\/strong><\/p>\n<p>facebook: <strong><a href=\"https:\/\/www.facebook.com\/labrasatorrijos\" target=\"_blank\" rel=\"noopener\">Pedro Torrijos<\/a><\/strong><\/p>\n<p>twitter: <strong><a href=\"https:\/\/twitter.com\/Pedro_Torrijos\" target=\"_blank\" rel=\"noopener\">@Pedro_Torrijos<\/a><\/strong><\/p>\n<p>instagram: <strong><a href=\"https:\/\/www.instagram.com\/pedrotorrijos_\/\" target=\"_blank\" rel=\"noopener\">pedrotorrijos_<\/a><\/strong><\/p>\n<p>linkedin: <strong><a href=\"https:\/\/www.linkedin.com\/in\/pedrotorrijos\/\" target=\"_blank\" rel=\"noopener\">Pedro Torrijos<\/a><\/strong><\/p>\n<p>&#8230;<\/p>\n<p>Esperamos que te haya gustado nuestro Arquicaf\u00e9 con Pedro Torrijos.<\/p>\n<p>Puedes ver otros Arquicaf\u00e9s:<\/p>\n<p>&#8211;<strong><a href=\"https:\/\/stepienybarno.es\/blog\/2022\/08\/16\/episodio-159-arquicafe-con-helia-san-nicolas\/\" target=\"_blank\" rel=\"noopener\">Arquicaf\u00e9 con Helia San Nicol\u00e1s<\/a><\/strong>.<\/p>\n<p>&#8211;<strong><a href=\"https:\/\/stepienybarno.es\/blog\/2022\/02\/18\/episodio-138-arquicafe-con-david-garcia-asenjo\/\" target=\"_blank\" rel=\"noopener\">Arquicaf\u00e9 con David Garc\u00eda Asenjo<\/a><\/strong><\/p>\n","protected":false},"excerpt":{"rendered":"<p>Hoy nos tomamos un Arquicaf\u00e9 con Pedro Torrijos, es m\u00fasico y arquitecto de formaci\u00f3n, aunque lo que realmente le gusta es contar historias.<\/p>\n<p>Se trata de una persona que ha sabido reinventarse como nadie. Es un crack en lo suyo y va varios pueblos por delante del resto. Explica todo con claridad, naturalidad y, sobre todo, con mucho entretenimiento. Mientras los dem\u00e1s arqutiectos seguimos hablando de arquitectura para otros arquitectos, \u00e9l es capaz de atrapar, con su sagaz discurso, tanto a profesionales como p\u00fablico general.<\/p>\n<p>Y llegar con la arquitectura a la sociedad es lo que m\u00e1s necesitamos. Qu\u00e9 bien que tenemos a Pedro, !porque si no habr\u00eda que invenarlo!<\/p>\n","protected":false},"author":2,"featured_media":54809,"comment_status":"open","ping_status":"closed","sticky":false,"template":"","format":"standard","meta":{"om_disable_all_campaigns":false,"_monsterinsights_skip_tracking":false,"_monsterinsights_sitenote_active":false,"_monsterinsights_sitenote_note":"","_monsterinsights_sitenote_category":0,"_uf_show_specific_survey":0,"_uf_disable_surveys":false,"episode_type":"audio","audio_file":"https:\/\/stepienybarno.es\/blog\/wp-content\/uploads\/2022\/08\/160-podcast-Torrijos.mp3","cover_image":"","cover_image_id":"","duration":"1:03:39","filesize":"10.96M","date_recorded":"2022-08-30 09:25:11","explicit":"","block":"","filesize_raw":"11487951","footnotes":""},"categories":[34,63,7985],"tags":[7777,6633,3574,7997],"series":[10115],"class_list":["post-54807","post","type-post","status-publish","format-standard","has-post-thumbnail","hentry","category-actualidad","category-arqui-entrevista","category-podcast","tag-arquicafe","tag-comunicacion-arquitectos","tag-pedro-torrijos","tag-podcast","series-podcast-de-stepienybarno"],"aioseo_notices":[],"episode_featured_image":"https:\/\/stepienybarno.es\/blog\/wp-content\/uploads\/2022\/08\/santi-de-molina.png","episode_player_image":"https:\/\/stepienybarno.es\/blog\/wp-content\/uploads\/2020\/11\/stepienybarno-podcast-scaled.jpg","download_link":"https:\/\/stepienybarno.es\/blog\/podcast-download\/54807\/episodio-160-arquicafe-con-pedro-torrijos.mp3","player_link":"https:\/\/stepienybarno.es\/blog\/podcast-player\/54807\/episodio-160-arquicafe-con-pedro-torrijos.mp3","audio_player":"<!--[if lt IE 9]><script>document.createElement('audio');<\/script><![endif]-->\n<audio class=\"wp-audio-shortcode\" id=\"audio-54807-1\" preload=\"none\" style=\"width: 100%;\" controls=\"controls\"><source type=\"audio\/mpeg\" src=\"https:\/\/stepienybarno.es\/blog\/podcast-player\/54807\/episodio-160-arquicafe-con-pedro-torrijos.mp3?_=1\" \/><a href=\"https:\/\/stepienybarno.es\/blog\/podcast-player\/54807\/episodio-160-arquicafe-con-pedro-torrijos.mp3\">https:\/\/stepienybarno.es\/blog\/podcast-player\/54807\/episodio-160-arquicafe-con-pedro-torrijos.mp3<\/a><\/audio>","episode_data":{"playerMode":"dark","subscribeUrls":[],"rssFeedUrl":"https:\/\/stepienybarno.es\/blog\/feed\/podcast\/podcast-de-stepienybarno","embedCode":"<blockquote class=\"wp-embedded-content\" data-secret=\"rvEMRSDInU\"><a href=\"https:\/\/stepienybarno.es\/blog\/2022\/08\/30\/episodio-160-arquicafe-con-pedro-torrijos\/\">Episodio 160: Arquicaf\u00e9 con Pedro Torrijos<\/a><\/blockquote><iframe sandbox=\"allow-scripts\" security=\"restricted\" src=\"https:\/\/stepienybarno.es\/blog\/2022\/08\/30\/episodio-160-arquicafe-con-pedro-torrijos\/embed\/#?secret=rvEMRSDInU\" width=\"500\" height=\"350\" title=\"\u00abEpisodio 160: Arquicaf\u00e9 con Pedro Torrijos\u00bb \u2014 Blog de STEPIEN Y BARNO - publicaci\u00f3n digital sobre arquitectura\" data-secret=\"rvEMRSDInU\" frameborder=\"0\" marginwidth=\"0\" marginheight=\"0\" scrolling=\"no\" class=\"wp-embedded-content\"><\/iframe><script type=\"text\/javascript\">\n\/* <![CDATA[ *\/\n\/*! This file is auto-generated *\/\n!function(d,l){\"use strict\";l.querySelector&&d.addEventListener&&\"undefined\"!=typeof URL&&(d.wp=d.wp||{},d.wp.receiveEmbedMessage||(d.wp.receiveEmbedMessage=function(e){var t=e.data;if((t||t.secret||t.message||t.value)&&!\/[^a-zA-Z0-9]\/.test(t.secret)){for(var s,r,n,a=l.querySelectorAll('iframe[data-secret=\"'+t.secret+'\"]'),o=l.querySelectorAll('blockquote[data-secret=\"'+t.secret+'\"]'),c=new RegExp(\"^https?:$\",\"i\"),i=0;i<o.length;i++)o[i].style.display=\"none\";for(i=0;i<a.length;i++)s=a[i],e.source===s.contentWindow&&(s.removeAttribute(\"style\"),\"height\"===t.message?(1e3<(r=parseInt(t.value,10))?r=1e3:~~r<200&&(r=200),s.height=r):\"link\"===t.message&&(r=new URL(s.getAttribute(\"src\")),n=new URL(t.value),c.test(n.protocol))&&n.host===r.host&&l.activeElement===s&&(d.top.location.href=t.value))}},d.addEventListener(\"message\",d.wp.receiveEmbedMessage,!1),l.addEventListener(\"DOMContentLoaded\",function(){for(var e,t,s=l.querySelectorAll(\"iframe.wp-embedded-content\"),r=0;r<s.length;r++)(t=(e=s[r]).getAttribute(\"data-secret\"))||(t=Math.random().toString(36).substring(2,12),e.src+=\"#?secret=\"+t,e.setAttribute(\"data-secret\",t)),e.contentWindow.postMessage({message:\"ready\",secret:t},\"*\")},!1)))}(window,document);\n\/* ]]> *\/\n<\/script>\n"},"_links":{"self":[{"href":"https:\/\/stepienybarno.es\/blog\/wp-json\/wp\/v2\/posts\/54807"}],"collection":[{"href":"https:\/\/stepienybarno.es\/blog\/wp-json\/wp\/v2\/posts"}],"about":[{"href":"https:\/\/stepienybarno.es\/blog\/wp-json\/wp\/v2\/types\/post"}],"author":[{"embeddable":true,"href":"https:\/\/stepienybarno.es\/blog\/wp-json\/wp\/v2\/users\/2"}],"replies":[{"embeddable":true,"href":"https:\/\/stepienybarno.es\/blog\/wp-json\/wp\/v2\/comments?post=54807"}],"version-history":[{"count":8,"href":"https:\/\/stepienybarno.es\/blog\/wp-json\/wp\/v2\/posts\/54807\/revisions"}],"predecessor-version":[{"id":54974,"href":"https:\/\/stepienybarno.es\/blog\/wp-json\/wp\/v2\/posts\/54807\/revisions\/54974"}],"wp:featuredmedia":[{"embeddable":true,"href":"https:\/\/stepienybarno.es\/blog\/wp-json\/wp\/v2\/media\/54809"}],"wp:attachment":[{"href":"https:\/\/stepienybarno.es\/blog\/wp-json\/wp\/v2\/media?parent=54807"}],"wp:term":[{"taxonomy":"category","embeddable":true,"href":"https:\/\/stepienybarno.es\/blog\/wp-json\/wp\/v2\/categories?post=54807"},{"taxonomy":"post_tag","embeddable":true,"href":"https:\/\/stepienybarno.es\/blog\/wp-json\/wp\/v2\/tags?post=54807"},{"taxonomy":"series","embeddable":true,"href":"https:\/\/stepienybarno.es\/blog\/wp-json\/wp\/v2\/series?post=54807"}],"curies":[{"name":"wp","href":"https:\/\/api.w.org\/{rel}","templated":true}]}}