{"id":55076,"date":"2022-09-20T08:01:36","date_gmt":"2022-09-20T06:01:36","guid":{"rendered":"https:\/\/stepienybarno.es\/blog\/?p=55076"},"modified":"2022-09-06T17:34:42","modified_gmt":"2022-09-06T15:34:42","slug":"dentro-del-unico-edificio-de-mies-van-der-rohe-en-latinoamerica","status":"publish","type":"post","link":"https:\/\/stepienybarno.es\/blog\/2022\/09\/20\/dentro-del-unico-edificio-de-mies-van-der-rohe-en-latinoamerica\/","title":{"rendered":"Dentro del \u00fanico edificio de Mies van der Rohe en Latinoam\u00e9rica"},"content":{"rendered":"<div id=\"attachment_55077\" style=\"width: 1970px\" class=\"wp-caption alignnone\"><img loading=\"lazy\" decoding=\"async\" aria-describedby=\"caption-attachment-55077\" class=\"size-full wp-image-55077\" src=\"https:\/\/stepienybarno.es\/blog\/wp-content\/uploads\/2022\/09\/stepienybarno-Dentro-del-unico-edificio-de-Mies-van-der-Rohe-en-Latinoamerica-Postdeldia.jpg\" alt=\"\" width=\"1960\" height=\"1307\" srcset=\"https:\/\/stepienybarno.es\/blog\/wp-content\/uploads\/2022\/09\/stepienybarno-Dentro-del-unico-edificio-de-Mies-van-der-Rohe-en-Latinoamerica-Postdeldia.jpg 1960w, https:\/\/stepienybarno.es\/blog\/wp-content\/uploads\/2022\/09\/stepienybarno-Dentro-del-unico-edificio-de-Mies-van-der-Rohe-en-Latinoamerica-Postdeldia-550x367.jpg 550w, https:\/\/stepienybarno.es\/blog\/wp-content\/uploads\/2022\/09\/stepienybarno-Dentro-del-unico-edificio-de-Mies-van-der-Rohe-en-Latinoamerica-Postdeldia-1024x683.jpg 1024w, https:\/\/stepienybarno.es\/blog\/wp-content\/uploads\/2022\/09\/stepienybarno-Dentro-del-unico-edificio-de-Mies-van-der-Rohe-en-Latinoamerica-Postdeldia-180x120.jpg 180w, https:\/\/stepienybarno.es\/blog\/wp-content\/uploads\/2022\/09\/stepienybarno-Dentro-del-unico-edificio-de-Mies-van-der-Rohe-en-Latinoamerica-Postdeldia-1536x1024.jpg 1536w, https:\/\/stepienybarno.es\/blog\/wp-content\/uploads\/2022\/09\/stepienybarno-Dentro-del-unico-edificio-de-Mies-van-der-Rohe-en-Latinoamerica-Postdeldia-316x211.jpg 316w\" sizes=\"(max-width: 1960px) 100vw, 1960px\" \/><p id=\"caption-attachment-55077\" class=\"wp-caption-text\">08 de Agosto de 2022. Tultitl\u00e1n, Edo Mex. Recorrido por las instalaciones de la empresa Bacardi. En la imagen, edificio central de las oficinas dise\u00f1ado por el famoso arquitecto Mies Van der Rohe. Foto: Quetzalli Nicte Ha<\/p><\/div>\n<h1><strong>Por: Constanza Lambertucci<br \/>\n<\/strong><\/h1>\n<h2>Desde: <strong>El Pa\u00eds<br \/>\n<\/strong><\/h2>\n<h2>Fotograf\u00eda: Las oficinas de Bacard\u00ed en el Estado de M\u00e9xico, dise\u00f1adas por Mies Van der Rohe.Quetzalli Nicte Ha<\/h2>\n<p>A finales de 1958, Ludwig Mies van der Rohe fue recibido por \u201cal menos 100 arquitectos\u201d en el aeropuerto de M\u00e9xico. La mano derecha del arquitecto alem\u00e1n, Gene Summers, viajaba con \u00e9l en el avi\u00f3n y as\u00ed record\u00f3 el episodio muchos a\u00f1os despu\u00e9s en un correo electr\u00f3nico enviado al investigador Salvador Liz\u00e1rraga S\u00e1nchez. \u201cEl se\u00f1or Bosch lo debe de haber arreglado\u201d, escribi\u00f3 Summers.<\/p>\n<p style=\"text-align: center;\"><a href=\"https:\/\/bit.ly\/3Ql1d29\" target=\"_blank\" rel=\"noopener noreferrer\">Acceder al post<\/a><\/p>\n<hr \/>\n<h5><strong>Autores del post: <a href=\"https:\/\/stepienybarno.es\/blog\/2011\/09\/04\/las-fortalezas-del-arquitecto\/\">Stepienybarno<\/a> _ Agnieszka Stepien y Lorenzo Barn\u00f3<\/strong><\/h5>\n<h5>Y como siempre, si te gust\u00f3 el post, estar\u00eda genial que lo compartas en tus redes sociales.<\/h5>\n<h5>A su vez, si todav\u00eda no est\u00e1s suscrito a nuestra Newsletter, te animamos a hacerlo en la casilla que tienes al terminar este art\u00edculo.<\/h5>\n<p>&nbsp;<\/p>\n<p>Suscribirte a nuestro blog y recibe gratis nuestra gu\u00eda: 10 Ideas para vender m\u00e1s si eres arquitecto<\/p>\n<p>Acceder: <a href=\"http:\/\/bit.ly\/2fkkTS7\">http:\/\/bit.ly\/2fkkTS7<\/a><\/p>\n<p>&nbsp;<\/p>\n<p>Si te interesa contactar con nosotros para que te ayudemos a mejorar tu visibilidad online y, en consecuencia, mejorar tus oportunidades laborales, no dudes en escribirnos a: <a href=\"mailto:blog@stepienybarno.es\">blog@stepienybarno.es<\/a><\/p>\n<p>&nbsp;<\/p>\n<p><em><a href=\"https:\/\/twitter.com\/stepienybarno\">Stepienybarno en TWITTER<\/a><\/em><\/p>\n<p><em><a href=\"https:\/\/twitter.com\/stepienybarno\">@stepienybarno (+ de 16.000 seguidores)<\/a><\/em><\/p>\n<p><em><a href=\"https:\/\/twitter.com\/stepienybarno?lang=es\">https:\/\/twitter.com\/stepienybarno?lang=es<\/a><\/em><\/p>\n<p><em><a href=\"https:\/\/www.facebook.com\/pages\/BLOG-DE-STEPIENYBARNO\/78001079029\">Stepienybarno en FACEBOOK (+ de 24<u>.000 seguidores)<\/u><\/a><\/em><\/p>\n<p><em><a href=\"https:\/\/www.facebook.com\/StepienyBarnoArquitecturaeIdentidadDigital\/\">https:\/\/www.facebook.com\/StepienyBarnoArquitecturaeIdentidadDigital\/<\/a><\/em><\/p>\n<p><em>Acceder a nuestro GRUPO CERRADO DE FACEBOOK sobre Identidad Digital para Arquitectos:<\/em><\/p>\n<p><em><a href=\"https:\/\/www.facebook.com\/groups\/IdentidadDigitalParaArquitectos\/\">https:\/\/www.facebook.com\/groups\/IdentidadDigitalParaArquitectos\/<\/a><\/em><\/p>\n<p><em>Suscr\u00edbete a nuestro canal de YOUTUBE: <a href=\"http:\/\/bit.ly\/2A1UtAd\">http:\/\/bit.ly\/2A1UtAd<\/a><\/em><\/p>\n<p>&nbsp;<\/p>\n<p>* <a href=\"https:\/\/stepienybarno.es\/blog\/2011\/09\/04\/las-fortalezas-del-arquitecto\/\">Stepienybarno<\/a> est\u00e1 formado por Agnieszka Stepien y Lorenzo Barn\u00f3 y desde mayo del 2009 estamos en la red con la presente publicaci\u00f3n digital (Blog) de arquitectura.<\/p>\n<p>Nuestra actividad se sustenta en tres pilares b\u00e1sicos: la investigaci\u00f3n, la publicaci\u00f3n y la redacci\u00f3n de proyectos de arquitectura.<\/p>\n<p>A su vez, somos socios cofundadores de <a href=\"http:\/\/sinergiasostenible.org\/\">SINERGIA SOSTENIBLE<\/a> y directores del blog de FUNDACI\u00d3N ARQUIA.<\/p>\n","protected":false},"excerpt":{"rendered":"<p>Por: Constanza Lambertucci Desde: El Pa\u00eds Fotograf\u00eda: Las oficinas de<\/p>\n","protected":false},"author":2,"featured_media":55077,"comment_status":"open","ping_status":"closed","sticky":false,"template":"","format":"standard","meta":{"om_disable_all_campaigns":false,"_monsterinsights_skip_tracking":false,"_monsterinsights_sitenote_active":false,"_monsterinsights_sitenote_note":"","_monsterinsights_sitenote_category":0,"_uf_show_specific_survey":0,"_uf_disable_surveys":false,"episode_type":"audio","audio_file":"","cover_image":"","cover_image_id":"","duration":"","filesize":"","date_recorded":"","explicit":"","block":"","filesize_raw":"","footnotes":""},"categories":[244],"tags":[665],"series":[],"class_list":["post-55076","post","type-post","status-publish","format-standard","has-post-thumbnail","hentry","category-canal-de-arquitectura","tag-mies-van-der-rohe"],"aioseo_notices":[],"episode_featured_image":"https:\/\/stepienybarno.es\/blog\/wp-content\/uploads\/2022\/09\/stepienybarno-Dentro-del-unico-edificio-de-Mies-van-der-Rohe-en-Latinoamerica-Postdeldia.jpg","episode_player_image":"https:\/\/stepienybarno.es\/blog\/wp-content\/uploads\/2020\/11\/stepienybarno-podcast-scaled.jpg","download_link":"","player_link":"","audio_player":false,"episode_data":{"playerMode":"dark","subscribeUrls":[],"rssFeedUrl":"https:\/\/stepienybarno.es\/blog\/feed\/podcast\/podcast-de-stepienybarno","embedCode":"<blockquote class=\"wp-embedded-content\" data-secret=\"mT2q0zv2Cm\"><a href=\"https:\/\/stepienybarno.es\/blog\/2022\/09\/20\/dentro-del-unico-edificio-de-mies-van-der-rohe-en-latinoamerica\/\">Dentro del \u00fanico edificio de Mies van der Rohe en Latinoam\u00e9rica<\/a><\/blockquote><iframe sandbox=\"allow-scripts\" security=\"restricted\" src=\"https:\/\/stepienybarno.es\/blog\/2022\/09\/20\/dentro-del-unico-edificio-de-mies-van-der-rohe-en-latinoamerica\/embed\/#?secret=mT2q0zv2Cm\" width=\"500\" height=\"350\" title=\"\u00abDentro del \u00fanico edificio de Mies van der Rohe en Latinoam\u00e9rica\u00bb \u2014 Blog de STEPIEN Y BARNO - publicaci\u00f3n digital sobre arquitectura\" data-secret=\"mT2q0zv2Cm\" frameborder=\"0\" marginwidth=\"0\" marginheight=\"0\" scrolling=\"no\" class=\"wp-embedded-content\"><\/iframe><script type=\"text\/javascript\">\n\/* <![CDATA[ *\/\n\/*! This file is auto-generated *\/\n!function(d,l){\"use strict\";l.querySelector&&d.addEventListener&&\"undefined\"!=typeof URL&&(d.wp=d.wp||{},d.wp.receiveEmbedMessage||(d.wp.receiveEmbedMessage=function(e){var t=e.data;if((t||t.secret||t.message||t.value)&&!\/[^a-zA-Z0-9]\/.test(t.secret)){for(var s,r,n,a=l.querySelectorAll('iframe[data-secret=\"'+t.secret+'\"]'),o=l.querySelectorAll('blockquote[data-secret=\"'+t.secret+'\"]'),c=new RegExp(\"^https?:$\",\"i\"),i=0;i<o.length;i++)o[i].style.display=\"none\";for(i=0;i<a.length;i++)s=a[i],e.source===s.contentWindow&&(s.removeAttribute(\"style\"),\"height\"===t.message?(1e3<(r=parseInt(t.value,10))?r=1e3:~~r<200&&(r=200),s.height=r):\"link\"===t.message&&(r=new URL(s.getAttribute(\"src\")),n=new URL(t.value),c.test(n.protocol))&&n.host===r.host&&l.activeElement===s&&(d.top.location.href=t.value))}},d.addEventListener(\"message\",d.wp.receiveEmbedMessage,!1),l.addEventListener(\"DOMContentLoaded\",function(){for(var e,t,s=l.querySelectorAll(\"iframe.wp-embedded-content\"),r=0;r<s.length;r++)(t=(e=s[r]).getAttribute(\"data-secret\"))||(t=Math.random().toString(36).substring(2,12),e.src+=\"#?secret=\"+t,e.setAttribute(\"data-secret\",t)),e.contentWindow.postMessage({message:\"ready\",secret:t},\"*\")},!1)))}(window,document);\n\/* ]]> *\/\n<\/script>\n"},"_links":{"self":[{"href":"https:\/\/stepienybarno.es\/blog\/wp-json\/wp\/v2\/posts\/55076"}],"collection":[{"href":"https:\/\/stepienybarno.es\/blog\/wp-json\/wp\/v2\/posts"}],"about":[{"href":"https:\/\/stepienybarno.es\/blog\/wp-json\/wp\/v2\/types\/post"}],"author":[{"embeddable":true,"href":"https:\/\/stepienybarno.es\/blog\/wp-json\/wp\/v2\/users\/2"}],"replies":[{"embeddable":true,"href":"https:\/\/stepienybarno.es\/blog\/wp-json\/wp\/v2\/comments?post=55076"}],"version-history":[{"count":1,"href":"https:\/\/stepienybarno.es\/blog\/wp-json\/wp\/v2\/posts\/55076\/revisions"}],"predecessor-version":[{"id":55078,"href":"https:\/\/stepienybarno.es\/blog\/wp-json\/wp\/v2\/posts\/55076\/revisions\/55078"}],"wp:featuredmedia":[{"embeddable":true,"href":"https:\/\/stepienybarno.es\/blog\/wp-json\/wp\/v2\/media\/55077"}],"wp:attachment":[{"href":"https:\/\/stepienybarno.es\/blog\/wp-json\/wp\/v2\/media?parent=55076"}],"wp:term":[{"taxonomy":"category","embeddable":true,"href":"https:\/\/stepienybarno.es\/blog\/wp-json\/wp\/v2\/categories?post=55076"},{"taxonomy":"post_tag","embeddable":true,"href":"https:\/\/stepienybarno.es\/blog\/wp-json\/wp\/v2\/tags?post=55076"},{"taxonomy":"series","embeddable":true,"href":"https:\/\/stepienybarno.es\/blog\/wp-json\/wp\/v2\/series?post=55076"}],"curies":[{"name":"wp","href":"https:\/\/api.w.org\/{rel}","templated":true}]}}