{"id":55111,"date":"2022-09-23T08:02:03","date_gmt":"2022-09-23T06:02:03","guid":{"rendered":"https:\/\/stepienybarno.es\/blog\/?p=55111"},"modified":"2022-09-22T15:59:41","modified_gmt":"2022-09-22T13:59:41","slug":"la-arquitectura-nazi-en-bilbao-lo-religioso-v","status":"publish","type":"post","link":"https:\/\/stepienybarno.es\/blog\/2022\/09\/23\/la-arquitectura-nazi-en-bilbao-lo-religioso-v\/","title":{"rendered":"La arquitectura nazi en Bilbao: lo religioso (V)"},"content":{"rendered":"<p><img loading=\"lazy\" decoding=\"async\" class=\"alignnone size-full wp-image-55113\" src=\"https:\/\/stepienybarno.es\/blog\/wp-content\/uploads\/2022\/09\/stepienybarno-La-arquitectura-nazi-en-Bilbao-lo-religioso-V-Postdeldia.webp\" alt=\"\" width=\"760\" height=\"242\" srcset=\"https:\/\/stepienybarno.es\/blog\/wp-content\/uploads\/2022\/09\/stepienybarno-La-arquitectura-nazi-en-Bilbao-lo-religioso-V-Postdeldia.webp 760w, https:\/\/stepienybarno.es\/blog\/wp-content\/uploads\/2022\/09\/stepienybarno-La-arquitectura-nazi-en-Bilbao-lo-religioso-V-Postdeldia-550x175.webp 550w, https:\/\/stepienybarno.es\/blog\/wp-content\/uploads\/2022\/09\/stepienybarno-La-arquitectura-nazi-en-Bilbao-lo-religioso-V-Postdeldia-180x57.webp 180w, https:\/\/stepienybarno.es\/blog\/wp-content\/uploads\/2022\/09\/stepienybarno-La-arquitectura-nazi-en-Bilbao-lo-religioso-V-Postdeldia-316x101.webp 316w\" sizes=\"(max-width: 760px) 100vw, 760px\" \/><\/p>\n<h1><strong>Por: Javier Gonz\u00e1lez de Durana<br \/>\n<\/strong><\/h1>\n<h2>Desde: <strong>ArquiLecturA<\/strong><\/h2>\n<h2><strong>Fotograf\u00eda:<br \/>\nSeminario de Derio, vista frontal.<\/strong><\/h2>\n<p>El engranaje que atraves\u00f3 y sostuvo el estado franquista a lo largo del tiempo fue la religiosidad cat\u00f3lica subyacente en todas las organizaciones y entidades surgidas tras la guerra civil. Al margen de los grupos que directamente se defin\u00edan como cat\u00f3licos, tambi\u00e9n falangistas, tradicionalistas, mon\u00e1rquicos, cedistas y, por supuesto, los militares ten\u00edan ese denominador com\u00fan. Nada actuante durante las distintas fases del franquismo puede ser calificado como laico. Planteada la guerra civil como una cruzada, el r\u00e9gimen nacido de ella, confesional cat\u00f3lico, tuvo en la arquitectura religiosa una especial oportunidad para mostrar su orientaci\u00f3n integrista en materia doctrinal y de convergencia ideol\u00f3gica con el clero. Esa fue la sustancia del r\u00e9gimen y, por consiguiente, reflexionar sobre la arquitectura religiosa en aquellos a\u00f1os, especialmente la de los a\u00f1os 40, es apreciar de cerca la naturaleza esencial del franquismo y no tanto del nazismo porque esa fue una diferencia importante respecto al r\u00e9gimen del III Reich.<\/p>\n<p style=\"text-align: center;\"><a href=\"https:\/\/bit.ly\/3LxNdRG\" target=\"_blank\" rel=\"noopener noreferrer\">Acceder al post<\/a><\/p>\n<hr \/>\n<h5><strong>Autores del post: <a href=\"https:\/\/stepienybarno.es\/blog\/2011\/09\/04\/las-fortalezas-del-arquitecto\/\">Stepienybarno<\/a> _ Agnieszka Stepien y Lorenzo Barn\u00f3<\/strong><\/h5>\n<h5>Y como siempre, si te gust\u00f3 el post, estar\u00eda genial que lo compartas en tus redes sociales.<\/h5>\n<h5>A su vez, si todav\u00eda no est\u00e1s suscrito a nuestra Newsletter, te animamos a hacerlo en la casilla que tienes al terminar este art\u00edculo.<\/h5>\n<p>&nbsp;<\/p>\n<p>Suscribirte a nuestro blog y recibe gratis nuestra gu\u00eda: 10 Ideas para vender m\u00e1s si eres arquitecto<\/p>\n<p>Acceder: <a href=\"http:\/\/bit.ly\/2fkkTS7\">http:\/\/bit.ly\/2fkkTS7<\/a><\/p>\n<p>&nbsp;<\/p>\n<p>Si te interesa contactar con nosotros para que te ayudemos a mejorar tu visibilidad online y, en consecuencia, mejorar tus oportunidades laborales, no dudes en escribirnos a: <a href=\"mailto:blog@stepienybarno.es\">blog@stepienybarno.es<\/a><\/p>\n<p>&nbsp;<\/p>\n<p><em><a href=\"https:\/\/twitter.com\/stepienybarno\">Stepienybarno en TWITTER<\/a><\/em><\/p>\n<p><em><a href=\"https:\/\/twitter.com\/stepienybarno\">@stepienybarno (+ de 16.000 seguidores)<\/a><\/em><\/p>\n<p><em><a href=\"https:\/\/twitter.com\/stepienybarno?lang=es\">https:\/\/twitter.com\/stepienybarno?lang=es<\/a><\/em><\/p>\n<p><em><a href=\"https:\/\/www.facebook.com\/pages\/BLOG-DE-STEPIENYBARNO\/78001079029\">Stepienybarno en FACEBOOK (+ de 24<u>.000 seguidores)<\/u><\/a><\/em><\/p>\n<p><em><a href=\"https:\/\/www.facebook.com\/StepienyBarnoArquitecturaeIdentidadDigital\/\">https:\/\/www.facebook.com\/StepienyBarnoArquitecturaeIdentidadDigital\/<\/a><\/em><\/p>\n<p><em>Acceder a nuestro GRUPO CERRADO DE FACEBOOK sobre Identidad Digital para Arquitectos:<\/em><\/p>\n<p><em><a href=\"https:\/\/www.facebook.com\/groups\/IdentidadDigitalParaArquitectos\/\">https:\/\/www.facebook.com\/groups\/IdentidadDigitalParaArquitectos\/<\/a><\/em><\/p>\n<p><em>Suscr\u00edbete a nuestro canal de YOUTUBE: <a href=\"http:\/\/bit.ly\/2A1UtAd\">http:\/\/bit.ly\/2A1UtAd<\/a><\/em><\/p>\n<p>&nbsp;<\/p>\n<p>* <a href=\"https:\/\/stepienybarno.es\/blog\/2011\/09\/04\/las-fortalezas-del-arquitecto\/\">Stepienybarno<\/a> est\u00e1 formado por Agnieszka Stepien y Lorenzo Barn\u00f3 y desde mayo del 2009 estamos en la red con la presente publicaci\u00f3n digital (Blog) de arquitectura.<\/p>\n<p>Nuestra actividad se sustenta en tres pilares b\u00e1sicos: la investigaci\u00f3n, la publicaci\u00f3n y la redacci\u00f3n de proyectos de arquitectura.<\/p>\n<p>A su vez, somos socios cofundadores de <a href=\"http:\/\/sinergiasostenible.org\/\">SINERGIA SOSTENIBLE<\/a> y directores del blog de FUNDACI\u00d3N ARQUIA.<\/p>\n","protected":false},"excerpt":{"rendered":"<p>Por: Javier Gonz\u00e1lez de Durana Desde: ArquiLecturA Fotograf\u00eda: Seminario de<\/p>\n","protected":false},"author":2,"featured_media":55113,"comment_status":"open","ping_status":"closed","sticky":false,"template":"","format":"standard","meta":{"om_disable_all_campaigns":false,"_monsterinsights_skip_tracking":false,"_monsterinsights_sitenote_active":false,"_monsterinsights_sitenote_note":"","_monsterinsights_sitenote_category":0,"_uf_show_specific_survey":0,"_uf_disable_surveys":false,"episode_type":"audio","audio_file":"","cover_image":"","cover_image_id":"","duration":"","filesize":"","date_recorded":"","explicit":"","block":"","filesize_raw":"","footnotes":""},"categories":[244],"tags":[9028],"series":[],"class_list":["post-55111","post","type-post","status-publish","format-standard","has-post-thumbnail","hentry","category-canal-de-arquitectura","tag-javier-gonzalez-de-durana"],"aioseo_notices":[],"episode_featured_image":"https:\/\/stepienybarno.es\/blog\/wp-content\/uploads\/2022\/09\/stepienybarno-La-arquitectura-nazi-en-Bilbao-lo-religioso-V-Postdeldia.webp","episode_player_image":"https:\/\/stepienybarno.es\/blog\/wp-content\/uploads\/2020\/11\/stepienybarno-podcast-scaled.jpg","download_link":"","player_link":"","audio_player":false,"episode_data":{"playerMode":"dark","subscribeUrls":[],"rssFeedUrl":"https:\/\/stepienybarno.es\/blog\/feed\/podcast\/podcast-de-stepienybarno","embedCode":"<blockquote class=\"wp-embedded-content\" data-secret=\"lf71lxGems\"><a href=\"https:\/\/stepienybarno.es\/blog\/2022\/09\/23\/la-arquitectura-nazi-en-bilbao-lo-religioso-v\/\">La arquitectura nazi en Bilbao: lo religioso (V)<\/a><\/blockquote><iframe sandbox=\"allow-scripts\" security=\"restricted\" src=\"https:\/\/stepienybarno.es\/blog\/2022\/09\/23\/la-arquitectura-nazi-en-bilbao-lo-religioso-v\/embed\/#?secret=lf71lxGems\" width=\"500\" height=\"350\" title=\"\u00abLa arquitectura nazi en Bilbao: lo religioso (V)\u00bb \u2014 Blog de STEPIEN Y BARNO - publicaci\u00f3n digital sobre arquitectura\" data-secret=\"lf71lxGems\" frameborder=\"0\" marginwidth=\"0\" marginheight=\"0\" scrolling=\"no\" class=\"wp-embedded-content\"><\/iframe><script type=\"text\/javascript\">\n\/* <![CDATA[ *\/\n\/*! This file is auto-generated *\/\n!function(d,l){\"use strict\";l.querySelector&&d.addEventListener&&\"undefined\"!=typeof URL&&(d.wp=d.wp||{},d.wp.receiveEmbedMessage||(d.wp.receiveEmbedMessage=function(e){var t=e.data;if((t||t.secret||t.message||t.value)&&!\/[^a-zA-Z0-9]\/.test(t.secret)){for(var s,r,n,a=l.querySelectorAll('iframe[data-secret=\"'+t.secret+'\"]'),o=l.querySelectorAll('blockquote[data-secret=\"'+t.secret+'\"]'),c=new RegExp(\"^https?:$\",\"i\"),i=0;i<o.length;i++)o[i].style.display=\"none\";for(i=0;i<a.length;i++)s=a[i],e.source===s.contentWindow&&(s.removeAttribute(\"style\"),\"height\"===t.message?(1e3<(r=parseInt(t.value,10))?r=1e3:~~r<200&&(r=200),s.height=r):\"link\"===t.message&&(r=new URL(s.getAttribute(\"src\")),n=new URL(t.value),c.test(n.protocol))&&n.host===r.host&&l.activeElement===s&&(d.top.location.href=t.value))}},d.addEventListener(\"message\",d.wp.receiveEmbedMessage,!1),l.addEventListener(\"DOMContentLoaded\",function(){for(var e,t,s=l.querySelectorAll(\"iframe.wp-embedded-content\"),r=0;r<s.length;r++)(t=(e=s[r]).getAttribute(\"data-secret\"))||(t=Math.random().toString(36).substring(2,12),e.src+=\"#?secret=\"+t,e.setAttribute(\"data-secret\",t)),e.contentWindow.postMessage({message:\"ready\",secret:t},\"*\")},!1)))}(window,document);\n\/* ]]> *\/\n<\/script>\n"},"_links":{"self":[{"href":"https:\/\/stepienybarno.es\/blog\/wp-json\/wp\/v2\/posts\/55111"}],"collection":[{"href":"https:\/\/stepienybarno.es\/blog\/wp-json\/wp\/v2\/posts"}],"about":[{"href":"https:\/\/stepienybarno.es\/blog\/wp-json\/wp\/v2\/types\/post"}],"author":[{"embeddable":true,"href":"https:\/\/stepienybarno.es\/blog\/wp-json\/wp\/v2\/users\/2"}],"replies":[{"embeddable":true,"href":"https:\/\/stepienybarno.es\/blog\/wp-json\/wp\/v2\/comments?post=55111"}],"version-history":[{"count":2,"href":"https:\/\/stepienybarno.es\/blog\/wp-json\/wp\/v2\/posts\/55111\/revisions"}],"predecessor-version":[{"id":55115,"href":"https:\/\/stepienybarno.es\/blog\/wp-json\/wp\/v2\/posts\/55111\/revisions\/55115"}],"wp:featuredmedia":[{"embeddable":true,"href":"https:\/\/stepienybarno.es\/blog\/wp-json\/wp\/v2\/media\/55113"}],"wp:attachment":[{"href":"https:\/\/stepienybarno.es\/blog\/wp-json\/wp\/v2\/media?parent=55111"}],"wp:term":[{"taxonomy":"category","embeddable":true,"href":"https:\/\/stepienybarno.es\/blog\/wp-json\/wp\/v2\/categories?post=55111"},{"taxonomy":"post_tag","embeddable":true,"href":"https:\/\/stepienybarno.es\/blog\/wp-json\/wp\/v2\/tags?post=55111"},{"taxonomy":"series","embeddable":true,"href":"https:\/\/stepienybarno.es\/blog\/wp-json\/wp\/v2\/series?post=55111"}],"curies":[{"name":"wp","href":"https:\/\/api.w.org\/{rel}","templated":true}]}}