{"id":55134,"date":"2022-09-27T10:00:50","date_gmt":"2022-09-27T08:00:50","guid":{"rendered":"https:\/\/stepienybarno.es\/blog\/?p=55134"},"modified":"2022-09-27T19:53:43","modified_gmt":"2022-09-27T17:53:43","slug":"entrevista-a-paco-casas-de-brijuni","status":"publish","type":"post","link":"https:\/\/stepienybarno.es\/blog\/2022\/09\/27\/entrevista-a-paco-casas-de-brijuni\/","title":{"rendered":"Entrevista a Paco Casas de Brijuni"},"content":{"rendered":"<p><iframe loading=\"lazy\" title=\"Entrevista a Paco Casas de Brijuni\" width=\"911\" height=\"512\" src=\"https:\/\/www.youtube.com\/embed\/yl34eRIBVK0?feature=oembed\" frameborder=\"0\" allow=\"accelerometer; autoplay; clipboard-write; encrypted-media; gyroscope; picture-in-picture\" allowfullscreen><\/iframe><\/p>\n<p>Tenemos la suerte de poder charlar 10 minutos con nuestro amigo Paco Casas de <a href=\"https:\/\/www.brijuni.studio\/\" target=\"_blank\" rel=\"noopener\">Brijuni Architects<\/a>.<\/p>\n<p>Paco presenta el libro <a href=\"https:\/\/edicionesasimetricas.com\/Cronicas-distantes-Francisco-Casas-y-Beatriz-Villanueva\" target=\"_blank\" rel=\"noopener\"><strong>\u00abCr\u00f3nicas distantes\u00bb<\/strong><\/a>, escrito junto con Beatriz Villanueva, de la editorial Ediciones asim\u00e9tricas.<\/p>\n<p><img loading=\"lazy\" decoding=\"async\" class=\"aligncenter wp-image-55136 size-kopa-article-list-size-last\" src=\"https:\/\/stepienybarno.es\/blog\/wp-content\/uploads\/2022\/09\/cronicas-distantes-bea-villanueva-paco-casas-ediciones-asimetricas-stepienybarno-224x336.jpg\" alt=\"\" width=\"224\" height=\"336\" \/><\/p>\n<p><iframe loading=\"lazy\" title=\"Entrevista #arquicaf\u00e9 con Brijuni arquitectos.\" width=\"911\" height=\"512\" src=\"https:\/\/www.youtube.com\/embed\/DATZTwb6_58?start=17&#038;feature=oembed\" frameborder=\"0\" allow=\"accelerometer; autoplay; clipboard-write; encrypted-media; gyroscope; picture-in-picture\" allowfullscreen><\/iframe><\/p>\n<p><strong>Paco Casas <\/strong>es Doctor en Comunicaci\u00f3n Arquitect\u00f3nica con su tesis <a href=\"https:\/\/oa.upm.es\/65684\/\" target=\"_blank\" rel=\"noopener\"><strong>\u201cLa crisis de la arquitectura moderna en los debates de las revistas europeas de los a\u00f1os 50 y su repercusi\u00f3n en Estados Unidos\u201d<\/strong><\/a>, Arquitecto y Master en An\u00e1lisis, Teor\u00eda e Historia de la Arquitectura (ETSAM):<\/p>\n<p><em>\u00abLa arquitectura moderna se enfrenta en la d\u00e9cada de los cincuenta a una revisi\u00f3n de sus principios y fundamentos originales, as\u00ed como a la dif\u00edcil cuesti\u00f3n de c\u00f3mo abordar las necesidades de la sociedad despu\u00e9s de la crisis derivada de la Segunda Guerra Mundial. Las revistas de arquitectura en Europa son testigos de esos a\u00f1os y reflejan la inmediatez de las primeras ideas que los autores y arquitectos ensayan a trav\u00e9s de textos y obras, cuyos objetivos pasan por una necesaria puesta en crisis de la arquitectura moderna de la primera mitad de siglo. Los grandes debates que se publican en Europa buscan respuestas a cuestiones tan diversas como la necesidad de una nueva monumentalidad o la reconstrucci\u00f3n de las ciudades, buscando argumentos en el progreso de la t\u00e9cnica y los nuevos avances tecnol\u00f3gicos o la tradici\u00f3n hist\u00f3rica, derivando esas b\u00fasquedas en enfrentamientos dial\u00e9cticos que dibujan un escenario complejo y dif\u00edcil. En Estados Unidos, los debates europeos son recogidos con inter\u00e9s desigual, si bien la historia y el movimiento moderno europeos se convierten en instrumentos de validaci\u00f3n de la arquitectura americana desde el Estilo Internacional hasta la arquitectura de las grandes corporaciones y finalmente el postmodernismo, siempre con la figura de Wright como referente. La alianza de la arquitectura moderna con la industria americana es clave en este proceso que anuncia adem\u00e1s el desplazamiento de la hegemon\u00eda europea para dar paso a un nuevo y duradero protagonismo americano.\u00bb\u00a0 <\/em><a href=\"https:\/\/oa.upm.es\/65684\/\" target=\"_blank\" rel=\"noopener\"><strong>+INFO Aqu\u00ed<\/strong><\/a><\/p>\n<p>Recordamos sus mejores entrevistas en Stepien y Barno:<\/p>\n<p class=\"entry-title\">&#8211;<a href=\"https:\/\/stepienybarno.es\/blog\/2014\/11\/24\/arquientrevista-con-brijuni-arquitectos\/\" target=\"_blank\" rel=\"noopener\">#ArquiEntrevista con BRIJUNI ARQUITECTOS<\/a>. (2014)<\/p>\n<p>&#8211;<a href=\"https:\/\/youtu.be\/DATZTwb6_58\" target=\"_blank\" rel=\"noopener\">Arquicaf\u00e9 con Brijuni Arquitectos.<\/a> (2021)<\/p>\n<p>&#8211; <a href=\"https:\/\/stepienybarno.es\/blog\/2014\/05\/12\/arquitectura-y-educacion-610-_-brijuni-arquitectos\/\" target=\"_blank\" rel=\"noopener\">ARQUITECTURA Y EDUCACI\u00d3N 6\/10 _ Brijuni arquitectos<\/a>. (2014)<\/p>\n<p>&nbsp;<\/p>\n","protected":false},"excerpt":{"rendered":"<p>Tenemos la suerte de poder charlar 10 minutos con nuestro<\/p>\n","protected":false},"author":2,"featured_media":55135,"comment_status":"open","ping_status":"closed","sticky":false,"template":"","format":"standard","meta":{"om_disable_all_campaigns":false,"_monsterinsights_skip_tracking":false,"_monsterinsights_sitenote_active":false,"_monsterinsights_sitenote_note":"","_monsterinsights_sitenote_category":0,"_uf_show_specific_survey":0,"_uf_disable_surveys":false,"episode_type":"audio","audio_file":"","cover_image":"","cover_image_id":"","duration":"","filesize":"","date_recorded":"","explicit":"","block":"","filesize_raw":"","footnotes":""},"categories":[34,63],"tags":[3146,133,2829,465],"series":[],"class_list":["post-55134","post","type-post","status-publish","format-standard","has-post-thumbnail","hentry","category-actualidad","category-arqui-entrevista","tag-arquientrevista","tag-brijuni","tag-brijuni-architects","tag-paco-casas"],"aioseo_notices":[],"episode_featured_image":"https:\/\/stepienybarno.es\/blog\/wp-content\/uploads\/2022\/09\/maxresdefault.jpg","episode_player_image":"https:\/\/stepienybarno.es\/blog\/wp-content\/uploads\/2020\/11\/stepienybarno-podcast-scaled.jpg","download_link":"","player_link":"","audio_player":false,"episode_data":{"playerMode":"dark","subscribeUrls":[],"rssFeedUrl":"https:\/\/stepienybarno.es\/blog\/feed\/podcast\/podcast-de-stepienybarno","embedCode":"<blockquote class=\"wp-embedded-content\" data-secret=\"dcPzcfX6pR\"><a href=\"https:\/\/stepienybarno.es\/blog\/2022\/09\/27\/entrevista-a-paco-casas-de-brijuni\/\">Entrevista a Paco Casas de Brijuni<\/a><\/blockquote><iframe sandbox=\"allow-scripts\" security=\"restricted\" src=\"https:\/\/stepienybarno.es\/blog\/2022\/09\/27\/entrevista-a-paco-casas-de-brijuni\/embed\/#?secret=dcPzcfX6pR\" width=\"500\" height=\"350\" title=\"\u00abEntrevista a Paco Casas de Brijuni\u00bb \u2014 Blog de STEPIEN Y BARNO - publicaci\u00f3n digital sobre arquitectura\" data-secret=\"dcPzcfX6pR\" frameborder=\"0\" marginwidth=\"0\" marginheight=\"0\" scrolling=\"no\" class=\"wp-embedded-content\"><\/iframe><script type=\"text\/javascript\">\n\/* <![CDATA[ *\/\n\/*! This file is auto-generated *\/\n!function(d,l){\"use strict\";l.querySelector&&d.addEventListener&&\"undefined\"!=typeof URL&&(d.wp=d.wp||{},d.wp.receiveEmbedMessage||(d.wp.receiveEmbedMessage=function(e){var t=e.data;if((t||t.secret||t.message||t.value)&&!\/[^a-zA-Z0-9]\/.test(t.secret)){for(var s,r,n,a=l.querySelectorAll('iframe[data-secret=\"'+t.secret+'\"]'),o=l.querySelectorAll('blockquote[data-secret=\"'+t.secret+'\"]'),c=new RegExp(\"^https?:$\",\"i\"),i=0;i<o.length;i++)o[i].style.display=\"none\";for(i=0;i<a.length;i++)s=a[i],e.source===s.contentWindow&&(s.removeAttribute(\"style\"),\"height\"===t.message?(1e3<(r=parseInt(t.value,10))?r=1e3:~~r<200&&(r=200),s.height=r):\"link\"===t.message&&(r=new URL(s.getAttribute(\"src\")),n=new URL(t.value),c.test(n.protocol))&&n.host===r.host&&l.activeElement===s&&(d.top.location.href=t.value))}},d.addEventListener(\"message\",d.wp.receiveEmbedMessage,!1),l.addEventListener(\"DOMContentLoaded\",function(){for(var e,t,s=l.querySelectorAll(\"iframe.wp-embedded-content\"),r=0;r<s.length;r++)(t=(e=s[r]).getAttribute(\"data-secret\"))||(t=Math.random().toString(36).substring(2,12),e.src+=\"#?secret=\"+t,e.setAttribute(\"data-secret\",t)),e.contentWindow.postMessage({message:\"ready\",secret:t},\"*\")},!1)))}(window,document);\n\/* ]]> *\/\n<\/script>\n"},"_links":{"self":[{"href":"https:\/\/stepienybarno.es\/blog\/wp-json\/wp\/v2\/posts\/55134"}],"collection":[{"href":"https:\/\/stepienybarno.es\/blog\/wp-json\/wp\/v2\/posts"}],"about":[{"href":"https:\/\/stepienybarno.es\/blog\/wp-json\/wp\/v2\/types\/post"}],"author":[{"embeddable":true,"href":"https:\/\/stepienybarno.es\/blog\/wp-json\/wp\/v2\/users\/2"}],"replies":[{"embeddable":true,"href":"https:\/\/stepienybarno.es\/blog\/wp-json\/wp\/v2\/comments?post=55134"}],"version-history":[{"count":2,"href":"https:\/\/stepienybarno.es\/blog\/wp-json\/wp\/v2\/posts\/55134\/revisions"}],"predecessor-version":[{"id":55144,"href":"https:\/\/stepienybarno.es\/blog\/wp-json\/wp\/v2\/posts\/55134\/revisions\/55144"}],"wp:featuredmedia":[{"embeddable":true,"href":"https:\/\/stepienybarno.es\/blog\/wp-json\/wp\/v2\/media\/55135"}],"wp:attachment":[{"href":"https:\/\/stepienybarno.es\/blog\/wp-json\/wp\/v2\/media?parent=55134"}],"wp:term":[{"taxonomy":"category","embeddable":true,"href":"https:\/\/stepienybarno.es\/blog\/wp-json\/wp\/v2\/categories?post=55134"},{"taxonomy":"post_tag","embeddable":true,"href":"https:\/\/stepienybarno.es\/blog\/wp-json\/wp\/v2\/tags?post=55134"},{"taxonomy":"series","embeddable":true,"href":"https:\/\/stepienybarno.es\/blog\/wp-json\/wp\/v2\/series?post=55134"}],"curies":[{"name":"wp","href":"https:\/\/api.w.org\/{rel}","templated":true}]}}