{"id":55373,"date":"2022-10-18T08:00:42","date_gmt":"2022-10-18T06:00:42","guid":{"rendered":"https:\/\/stepienybarno.es\/blog\/?p=55373"},"modified":"2022-10-18T08:00:42","modified_gmt":"2022-10-18T06:00:42","slug":"entrevista-a-manu-saga","status":"publish","type":"post","link":"https:\/\/stepienybarno.es\/blog\/2022\/10\/18\/entrevista-a-manu-saga\/","title":{"rendered":"Entrevista a Manu Saga"},"content":{"rendered":"<p><iframe loading=\"lazy\" title=\"Entrevista a Manuel Saga\" width=\"911\" height=\"512\" src=\"https:\/\/www.youtube.com\/embed\/jvIkQLqEqKk?feature=oembed\" frameborder=\"0\" allow=\"accelerometer; autoplay; clipboard-write; encrypted-media; gyroscope; picture-in-picture\" allowfullscreen><\/iframe><\/p>\n<p>Tenemos la suerte de tener esta estupenda charla con nuestro amigo <strong>Manu Saga.<\/strong><\/p>\n<p><!--more--><\/p>\n<p>Manuel \u00abSaga\u00bb S\u00e1nchez Garc\u00eda nace en Granada en 1986. Doctor en Historia de la Arquitectura (Politecnico di Torino) y Doctor en Historia del Arte (UGR). Arquitecto egresado de la ETSAG y Mag\u00edster en Arquitectura de la Universidad de los Andes, Colombia. Socio fundador de<span class=\"oculto\">\u00a0<strong>Amate+Saga<\/strong>, oficina de arquitectura y dise\u00f1o estrat\u00e9gico. Asistente editorial del Journal acad\u00e9mico\u00a0<a href=\"https:\/\/journal.eahn.org\/\"><strong>Architectural Histories<\/strong><\/a>, perteneciente a la\u00a0<a href=\"https:\/\/eahn.org\/\"><strong>European Architectural History Network<\/strong><\/a>. Colaborador habitual de National Geographic Historia. Antiguo corresponsal de\u00a0La Ciudad Viva\u00a0.<\/span><\/p>\n<p>Si quieres conocer mas a Manuel : <strong><a href=\"https:\/\/www.linkedin.com\/in\/manuel-saga\/\" target=\"_blank\" rel=\"noopener\">CV Completo<\/a><\/strong><\/p>\n<p>Si quieres ver un resumen de todas su publicaciones desde 2010 <strong><a href=\"https:\/\/manuel-saga-writings.tumblr.com\/?og=1\" target=\"_blank\" rel=\"noopener\">+ INFO Aqu\u00ed<\/a><\/strong><\/p>\n<p>No te pierdas el Arquicaf\u00e9 que le hicimos a Manu Saga:<\/p>\n<blockquote class=\"wp-embedded-content\" data-secret=\"Kt1bflvgxQ\"><p><a href=\"https:\/\/stepienybarno.es\/blog\/2020\/03\/10\/episodio-8-arquicafe-con-manuel-saga\/\">Episodio #8: Arquicaf\u00e9 con Manuel Saga<\/a><\/p><\/blockquote>\n<p><iframe loading=\"lazy\" class=\"wp-embedded-content\" sandbox=\"allow-scripts\" security=\"restricted\" style=\"position: absolute; clip: rect(1px, 1px, 1px, 1px);\" title=\"\u00abEpisodio #8: Arquicaf\u00e9 con Manuel Saga\u00bb \u2014 Blog de STEPIEN Y BARNO - publicaci\u00f3n digital sobre arquitectura\" src=\"https:\/\/stepienybarno.es\/blog\/2020\/03\/10\/episodio-8-arquicafe-con-manuel-saga\/embed\/#?secret=XLooqD3tPg#?secret=Kt1bflvgxQ\" data-secret=\"Kt1bflvgxQ\" width=\"600\" height=\"338\" frameborder=\"0\" marginwidth=\"0\" marginheight=\"0\" scrolling=\"no\"><\/iframe><\/p>\n<p>Y su intervenci\u00f3n en \u00ab\u00bfPara qu\u00e9 sirve un Arquitecto?<\/p>\n<p><iframe loading=\"lazy\" title=\"\ud83e\uddd0\ud83d\udc49\ud83c\udffcManuel Saga \u00bfPara qu\u00e9 sirve un arquitecto o arquitecta?\" width=\"911\" height=\"512\" src=\"https:\/\/www.youtube.com\/embed\/Yff74SIh-fM?feature=oembed\" frameborder=\"0\" allow=\"accelerometer; autoplay; clipboard-write; encrypted-media; gyroscope; picture-in-picture\" allowfullscreen><\/iframe><\/p>\n<p>&nbsp;<\/p>\n","protected":false},"excerpt":{"rendered":"<p>Tenemos la suerte de tener esta estupenda charla con nuestro<\/p>\n","protected":false},"author":2,"featured_media":55374,"comment_status":"open","ping_status":"closed","sticky":false,"template":"","format":"standard","meta":{"om_disable_all_campaigns":false,"_monsterinsights_skip_tracking":false,"_monsterinsights_sitenote_active":false,"_monsterinsights_sitenote_note":"","_monsterinsights_sitenote_category":0,"_uf_show_specific_survey":0,"_uf_disable_surveys":false,"episode_type":"audio","audio_file":"","cover_image":"","cover_image_id":"","duration":"","filesize":"","date_recorded":"","explicit":"","block":"","filesize_raw":"","footnotes":""},"categories":[34,63,7985],"tags":[3146,6895,2124],"series":[],"class_list":["post-55373","post","type-post","status-publish","format-standard","has-post-thumbnail","hentry","category-actualidad","category-arqui-entrevista","category-podcast","tag-arquientrevista","tag-manu-saga","tag-manuel-saga"],"aioseo_notices":[],"episode_featured_image":"https:\/\/stepienybarno.es\/blog\/wp-content\/uploads\/2022\/10\/maxresdefault.jpg","episode_player_image":"https:\/\/stepienybarno.es\/blog\/wp-content\/uploads\/2020\/11\/stepienybarno-podcast-scaled.jpg","download_link":"","player_link":"","audio_player":false,"episode_data":{"playerMode":"dark","subscribeUrls":[],"rssFeedUrl":"https:\/\/stepienybarno.es\/blog\/feed\/podcast\/podcast-de-stepienybarno","embedCode":"<blockquote class=\"wp-embedded-content\" data-secret=\"o7LCvc9FSh\"><a href=\"https:\/\/stepienybarno.es\/blog\/2022\/10\/18\/entrevista-a-manu-saga\/\">Entrevista a Manu Saga<\/a><\/blockquote><iframe sandbox=\"allow-scripts\" security=\"restricted\" src=\"https:\/\/stepienybarno.es\/blog\/2022\/10\/18\/entrevista-a-manu-saga\/embed\/#?secret=o7LCvc9FSh\" width=\"500\" height=\"350\" title=\"\u00abEntrevista a Manu Saga\u00bb \u2014 Blog de STEPIEN Y BARNO - publicaci\u00f3n digital sobre arquitectura\" data-secret=\"o7LCvc9FSh\" frameborder=\"0\" marginwidth=\"0\" marginheight=\"0\" scrolling=\"no\" class=\"wp-embedded-content\"><\/iframe><script type=\"text\/javascript\">\n\/* <![CDATA[ *\/\n\/*! This file is auto-generated *\/\n!function(d,l){\"use strict\";l.querySelector&&d.addEventListener&&\"undefined\"!=typeof URL&&(d.wp=d.wp||{},d.wp.receiveEmbedMessage||(d.wp.receiveEmbedMessage=function(e){var t=e.data;if((t||t.secret||t.message||t.value)&&!\/[^a-zA-Z0-9]\/.test(t.secret)){for(var s,r,n,a=l.querySelectorAll('iframe[data-secret=\"'+t.secret+'\"]'),o=l.querySelectorAll('blockquote[data-secret=\"'+t.secret+'\"]'),c=new RegExp(\"^https?:$\",\"i\"),i=0;i<o.length;i++)o[i].style.display=\"none\";for(i=0;i<a.length;i++)s=a[i],e.source===s.contentWindow&&(s.removeAttribute(\"style\"),\"height\"===t.message?(1e3<(r=parseInt(t.value,10))?r=1e3:~~r<200&&(r=200),s.height=r):\"link\"===t.message&&(r=new URL(s.getAttribute(\"src\")),n=new URL(t.value),c.test(n.protocol))&&n.host===r.host&&l.activeElement===s&&(d.top.location.href=t.value))}},d.addEventListener(\"message\",d.wp.receiveEmbedMessage,!1),l.addEventListener(\"DOMContentLoaded\",function(){for(var e,t,s=l.querySelectorAll(\"iframe.wp-embedded-content\"),r=0;r<s.length;r++)(t=(e=s[r]).getAttribute(\"data-secret\"))||(t=Math.random().toString(36).substring(2,12),e.src+=\"#?secret=\"+t,e.setAttribute(\"data-secret\",t)),e.contentWindow.postMessage({message:\"ready\",secret:t},\"*\")},!1)))}(window,document);\n\/* ]]> *\/\n<\/script>\n"},"_links":{"self":[{"href":"https:\/\/stepienybarno.es\/blog\/wp-json\/wp\/v2\/posts\/55373"}],"collection":[{"href":"https:\/\/stepienybarno.es\/blog\/wp-json\/wp\/v2\/posts"}],"about":[{"href":"https:\/\/stepienybarno.es\/blog\/wp-json\/wp\/v2\/types\/post"}],"author":[{"embeddable":true,"href":"https:\/\/stepienybarno.es\/blog\/wp-json\/wp\/v2\/users\/2"}],"replies":[{"embeddable":true,"href":"https:\/\/stepienybarno.es\/blog\/wp-json\/wp\/v2\/comments?post=55373"}],"version-history":[{"count":1,"href":"https:\/\/stepienybarno.es\/blog\/wp-json\/wp\/v2\/posts\/55373\/revisions"}],"predecessor-version":[{"id":55375,"href":"https:\/\/stepienybarno.es\/blog\/wp-json\/wp\/v2\/posts\/55373\/revisions\/55375"}],"wp:featuredmedia":[{"embeddable":true,"href":"https:\/\/stepienybarno.es\/blog\/wp-json\/wp\/v2\/media\/55374"}],"wp:attachment":[{"href":"https:\/\/stepienybarno.es\/blog\/wp-json\/wp\/v2\/media?parent=55373"}],"wp:term":[{"taxonomy":"category","embeddable":true,"href":"https:\/\/stepienybarno.es\/blog\/wp-json\/wp\/v2\/categories?post=55373"},{"taxonomy":"post_tag","embeddable":true,"href":"https:\/\/stepienybarno.es\/blog\/wp-json\/wp\/v2\/tags?post=55373"},{"taxonomy":"series","embeddable":true,"href":"https:\/\/stepienybarno.es\/blog\/wp-json\/wp\/v2\/series?post=55373"}],"curies":[{"name":"wp","href":"https:\/\/api.w.org\/{rel}","templated":true}]}}