{"id":55389,"date":"2022-10-25T08:01:15","date_gmt":"2022-10-25T06:01:15","guid":{"rendered":"https:\/\/stepienybarno.es\/blog\/?p=55389"},"modified":"2022-11-08T11:18:44","modified_gmt":"2022-11-08T09:18:44","slug":"carlos-iii-el-esteta-deslenguado-todas-las-veces-que-el-rey-de-inglaterra-ha-opinado-demasiado-sobre-arquitectura","status":"publish","type":"post","link":"https:\/\/stepienybarno.es\/blog\/2022\/10\/25\/carlos-iii-el-esteta-deslenguado-todas-las-veces-que-el-rey-de-inglaterra-ha-opinado-demasiado-sobre-arquitectura\/","title":{"rendered":"Carlos III, el esteta deslenguado: todas las veces que el rey de Inglaterra ha opinado (demasiado) sobre arquitectura"},"content":{"rendered":"<p><img loading=\"lazy\" decoding=\"async\" class=\"alignnone size-full wp-image-55391\" src=\"https:\/\/stepienybarno.es\/blog\/wp-content\/uploads\/2022\/10\/stepienybarno-Carlos-III-el-esteta-deslenguado-todas-las-veces-que-el-rey-de-Inglaterra-ha-opinado-demasiado-sobre-arquitectura-Postdeldia.jpg\" alt=\"\" width=\"980\" height=\"585\" srcset=\"https:\/\/stepienybarno.es\/blog\/wp-content\/uploads\/2022\/10\/stepienybarno-Carlos-III-el-esteta-deslenguado-todas-las-veces-que-el-rey-de-Inglaterra-ha-opinado-demasiado-sobre-arquitectura-Postdeldia.jpg 980w, https:\/\/stepienybarno.es\/blog\/wp-content\/uploads\/2022\/10\/stepienybarno-Carlos-III-el-esteta-deslenguado-todas-las-veces-que-el-rey-de-Inglaterra-ha-opinado-demasiado-sobre-arquitectura-Postdeldia-550x328.jpg 550w, https:\/\/stepienybarno.es\/blog\/wp-content\/uploads\/2022\/10\/stepienybarno-Carlos-III-el-esteta-deslenguado-todas-las-veces-que-el-rey-de-Inglaterra-ha-opinado-demasiado-sobre-arquitectura-Postdeldia-180x107.jpg 180w, https:\/\/stepienybarno.es\/blog\/wp-content\/uploads\/2022\/10\/stepienybarno-Carlos-III-el-esteta-deslenguado-todas-las-veces-que-el-rey-de-Inglaterra-ha-opinado-demasiado-sobre-arquitectura-Postdeldia-316x189.jpg 316w\" sizes=\"(max-width: 980px) 100vw, 980px\" \/><\/p>\n<h1><strong>Por: Borja Mart\u00ednez<br \/>\n<\/strong><\/h1>\n<h2>Desde: <strong>El Pa\u00eds<br \/>\n<\/strong><\/h2>\n<h2>Fotograf\u00eda: Carlos III, con casco de obra. De fondo, los terrenos de Chelsea Barracks.Collage: Blanca L\u00f3pez<\/h2>\n<p>\u201c\u00bfLe desagrada al Pr\u00edncipe toda la arquitectura moderna?\u201d es la segunda de las jugosas preguntas frecuentes incluidas en la web oficial del pr\u00edncipe de Gales, pendiente de actualizaci\u00f3n tras el luto nacional por la muerte de Isabel II y todav\u00eda dedicada, a la hora de escribir estas l\u00edneas, a la persona del ya proclamado rey Carlos III. La respuesta, tajante \u2013\u201dNo\u201d\u2013, se desarrolla con una brevedad impropia de quien, a lo largo de su larga existencia como heredero del trono brit\u00e1nico, ha hecho de la defensa de una arquitectura tradicional en fondo y forma una de sus causas favoritas: Carlos \u201ccree que los edificios deben dise\u00f1arse a una escala humana, ser sostenibles, respetar las caracter\u00edsticas del entorno y ser capaces de adaptarse a usos diversos a lo largo de su vida \u00fatil\u201d.<\/p>\n<p style=\"text-align: center;\"><a href=\"https:\/\/bit.ly\/3Scfijm\" target=\"_blank\" rel=\"noopener noreferrer\">Acceder al post<\/a><\/p>\n<h3>Carlos III Vs Mies Van der Rohe<\/h3>\n<p>Sab\u00edais que el ultimo proyecto de Mies van der Rohe era un rascacielos en Londres, y que no se construy\u00f3 por la negativa, entre otros del entonces Pr\u00edncipe Carlos:<\/p>\n<p><em>\u00abEn 1963 <strong>Mies van der Rohe<\/strong> (1886-1969), <strong>pionero de la arquitectura moderna<\/strong> y \u00faltimo director de la Bauhaus, recibi\u00f3 el que ser\u00eda su \u00faltimo encargo. Un proyecto no exento de pol\u00e9mica que, de hecho, nunca lleg\u00f3 a materializarse: <strong>la construcci\u00f3n de un rascacielos en plena City de Londres<\/strong>, en la imponente Mansion House Square. Un dise\u00f1o que buscaba introducir la modernidad en el coraz\u00f3n de Londres, pero que nunca fue bien recibida. De haberse hecho realidad, se habr\u00eda convertido en el primer y \u00fanico proyecto de Mies en el Reino Unido.\u00bb<\/em><\/p>\n<p><em>\u00abHablamos de \u00abintentar\u00bb porque no fue bien recibido por el gobierno conservador de Margaret Tatcher, conocida como la \u00abdama de hierro\u00bb; ni por <strong>el pr\u00edncipe Carlos de Inglaterra<\/strong>, quien inici\u00f3 una campa\u00f1a de oposici\u00f3n al edificio. Al pr\u00edncipe la arquitectura le importaba m\u00e1s bien poco, pero encontr\u00f3 en este escenario un s\u00edmbolo para abogar por el conservadurismo. Su cruzada contra la arquitectura moderna era una cuesti\u00f3n de temporalidad, de sentimiento personal o puramente de desconocimiento.\u00bb<\/em><\/p>\n<div id=\"attachment_55576\" style=\"width: 1512px\" class=\"wp-caption alignnone\"><img loading=\"lazy\" decoding=\"async\" aria-describedby=\"caption-attachment-55576\" class=\"size-full wp-image-55576\" src=\"https:\/\/stepienybarno.es\/blog\/wp-content\/uploads\/2022\/10\/mies-racacielos-londres-archdaily-stepienybarno.jpg\" alt=\"\" width=\"1502\" height=\"1000\" srcset=\"https:\/\/stepienybarno.es\/blog\/wp-content\/uploads\/2022\/10\/mies-racacielos-londres-archdaily-stepienybarno.jpg 1502w, https:\/\/stepienybarno.es\/blog\/wp-content\/uploads\/2022\/10\/mies-racacielos-londres-archdaily-stepienybarno-550x366.jpg 550w, https:\/\/stepienybarno.es\/blog\/wp-content\/uploads\/2022\/10\/mies-racacielos-londres-archdaily-stepienybarno-1024x682.jpg 1024w, https:\/\/stepienybarno.es\/blog\/wp-content\/uploads\/2022\/10\/mies-racacielos-londres-archdaily-stepienybarno-180x120.jpg 180w, https:\/\/stepienybarno.es\/blog\/wp-content\/uploads\/2022\/10\/mies-racacielos-londres-archdaily-stepienybarno-316x210.jpg 316w\" sizes=\"(max-width: 1502px) 100vw, 1502px\" \/><p id=\"caption-attachment-55576\" class=\"wp-caption-text\">Fotomontaje original. Imagen cortes\u00eda de Drawing Matter, REAL foundation. Imagen \u00a9 John Donat\u00a0 <strong><a href=\"https:\/\/www.archdaily.cl\/cl\/805039\/la-torre-de-mies-van-der-rohe-que-nunca-fue-construida-en-londres?ad_medium=gallery\" target=\"_blank\" rel=\"noopener\">+ info AQU\u00cd<\/a><\/strong><\/p><\/div>\n<p style=\"text-align: center;\"><a href=\"https:\/\/libros.com\/crowdfunding\/londres-mies-y-el-principe-carlos\/?utm_campaign=londres-mies-y-el-principe-carlos&amp;utm_source=linkedin&amp;utm_medium=linkedin\" target=\"_blank\" rel=\"noopener\"><strong>Articulo completo AQU\u00cd<\/strong><\/a><\/p>\n<h3>Carlos III Vs Richard Rogers<\/h3>\n<p>Otros art\u00edculos sobre la mala opini\u00f3n del actual monarca, Carlos III, sobre la Arquitectura moderna:<\/p>\n<p><em><strong>\u00abEl rey Carlos III ha criticado abiertamente la arquitectura moderna durante la mayor parte de su vida adulta<\/strong>. Tal vez su insulto m\u00e1s contundente \u2014y lo que le vali\u00f3 el apodo de <strong>\u00abel cr\u00edtico de arquitectura m\u00e1s prominente del mundo\u00bb<\/strong>, seg\u00fan\u00a0The New York Times\u2014\u00a0fue cuando en 1984 declar\u00f3 que una propuesta de ampliaci\u00f3n de la National Gallery de Londres parec\u00eda un \u00ab\u00e1ntrax monstruoso\u00bb. Desde entonces, no ha dudado en ofrecer su opini\u00f3n sobre el urbanismo y la arquitectura contempor\u00e1neos. Un art\u00edculo de\u00a0The Guardian se\u00f1ala que una vez defini\u00f3 el centro de la ciudad de Birmingham como un \u00abmonstruoso laberinto de hormig\u00f3n\u00bb con una biblioteca que parec\u00eda \u00abun lugar donde se incineran los libros, no donde se guardan\u00bb.<\/em><\/p>\n<p><em>Y aunque no todos en el mundo del urbanismo y la arquitectura comparte sus opiniones sobre el dise\u00f1o moderno,\u00a0<strong>su opini\u00f3n ha tenido peso a lo largo de los a\u00f1os<\/strong>. El art\u00edculo de\u00a0The\u00a0Guardian enumera varios proyectos que fueron descartados despu\u00e9s de que el entonces pr\u00edncipe se negara a dar su visto bueno, entre ellos una torre de oficinas de Mies van der Rohe y varios proyectos del ganador del\u00a0Premio Pritzker, Richard Rogers.\u00bb<\/em><\/p>\n<p style=\"text-align: center;\"><strong><a href=\"https:\/\/www.admagazine.com\/articulos\/el-rey-carlos-iii-tiene-fuertes-opiniones-de-la-arquitectura-moderna\" target=\"_blank\" rel=\"noopener\">Articulo completo AQU\u00cd<\/a><\/strong><\/p>\n<p>v\u00eda : AD Magazine<\/p>\n<div class=\"BylinesWrapper-hlZHyb jKYZBu bylines ContentHeaderBylines-kaKNKu kzywai\" data-testid=\"BylinesWrapper\">\n<p class=\"BylineWrapper-ijrfvU hhvcsi byline bylines__byline\" data-testid=\"BylineWrapper\"><span class=\"BylineNamesWrapper-cZQllk hOAzcr\"><span class=\"BylineName-cKjYhk cmNGOq byline__name\" data-testid=\"BylineName\"><span class=\"BaseWrap-sc-UrHlS BaseText-fFrHpW BylinePreamble-iiilKX boMZdO jElYHU exkqII byline__preamble\">Por\u00a0<\/span>Juliet Izon<\/span><\/span><\/p>\n<\/div>\n<p><time class=\"BaseWrap-sc-UrHlS BaseText-fFrHpW ContentHeaderPublishDate-kcIbXB boMZdO eUzhbM eJyogD\" data-testid=\"ContentHeaderPublishDate\">24 de octubre de 2022<\/time><\/p>\n<hr \/>\n<h5><strong>Autores del post: <a href=\"https:\/\/stepienybarno.es\/blog\/2011\/09\/04\/las-fortalezas-del-arquitecto\/\">Stepienybarno<\/a> _ Agnieszka Stepien y Lorenzo Barn\u00f3<\/strong><\/h5>\n<h5>Y como siempre, si te gust\u00f3 el post, estar\u00eda genial que lo compartas en tus redes sociales.<\/h5>\n<h5>A su vez, si todav\u00eda no est\u00e1s suscrito a nuestra Newsletter, te animamos a hacerlo en la casilla que tienes al terminar este art\u00edculo.<\/h5>\n<p>&nbsp;<\/p>\n<p>Suscribirte a nuestro blog y recibe gratis nuestra gu\u00eda: 10 Ideas para vender m\u00e1s si eres arquitecto<\/p>\n<p>Acceder: <a href=\"http:\/\/bit.ly\/2fkkTS7\">http:\/\/bit.ly\/2fkkTS7<\/a><\/p>\n<p>&nbsp;<\/p>\n<p>Si te interesa contactar con nosotros para que te ayudemos a mejorar tu visibilidad online y, en consecuencia, mejorar tus oportunidades laborales, no dudes en escribirnos a: <a href=\"mailto:blog@stepienybarno.es\">blog@stepienybarno.es<\/a><\/p>\n<p>&nbsp;<\/p>\n<p><em><a href=\"https:\/\/twitter.com\/stepienybarno\">Stepienybarno en TWITTER<\/a><\/em><\/p>\n<p><em><a href=\"https:\/\/twitter.com\/stepienybarno\">@stepienybarno (+ de 16.000 seguidores)<\/a><\/em><\/p>\n<p><em><a href=\"https:\/\/twitter.com\/stepienybarno?lang=es\">https:\/\/twitter.com\/stepienybarno?lang=es<\/a><\/em><\/p>\n<p><em><a href=\"https:\/\/www.facebook.com\/pages\/BLOG-DE-STEPIENYBARNO\/78001079029\">Stepienybarno en FACEBOOK (+ de 24<u>.000 seguidores)<\/u><\/a><\/em><\/p>\n<p><em><a href=\"https:\/\/www.facebook.com\/StepienyBarnoArquitecturaeIdentidadDigital\/\">https:\/\/www.facebook.com\/StepienyBarnoArquitecturaeIdentidadDigital\/<\/a><\/em><\/p>\n<p><em>Acceder a nuestro GRUPO CERRADO DE FACEBOOK sobre Identidad Digital para Arquitectos:<\/em><\/p>\n<p><em><a href=\"https:\/\/www.facebook.com\/groups\/IdentidadDigitalParaArquitectos\/\">https:\/\/www.facebook.com\/groups\/IdentidadDigitalParaArquitectos\/<\/a><\/em><\/p>\n<p><em>Suscr\u00edbete a nuestro canal de YOUTUBE: <a href=\"http:\/\/bit.ly\/2A1UtAd\">http:\/\/bit.ly\/2A1UtAd<\/a><\/em><\/p>\n<p>&nbsp;<\/p>\n<p>* <a href=\"https:\/\/stepienybarno.es\/blog\/2011\/09\/04\/las-fortalezas-del-arquitecto\/\">Stepienybarno<\/a> est\u00e1 formado por Agnieszka Stepien y Lorenzo Barn\u00f3 y desde mayo del 2009 estamos en la red con la presente publicaci\u00f3n digital (Blog) de arquitectura.<\/p>\n<p>Nuestra actividad se sustenta en tres pilares b\u00e1sicos: la investigaci\u00f3n, la publicaci\u00f3n y la redacci\u00f3n de proyectos de arquitectura.<\/p>\n<p>A su vez, somos socios cofundadores de <a href=\"http:\/\/sinergiasostenible.org\/\">SINERGIA SOSTENIBLE<\/a> y directores del blog de FUNDACI\u00d3N ARQUIA.<\/p>\n","protected":false},"excerpt":{"rendered":"<p>Por: Borja Mart\u00ednez Desde: El Pa\u00eds Fotograf\u00eda: Carlos III, con<\/p>\n","protected":false},"author":2,"featured_media":55391,"comment_status":"open","ping_status":"closed","sticky":false,"template":"","format":"standard","meta":{"om_disable_all_campaigns":false,"_monsterinsights_skip_tracking":false,"_monsterinsights_sitenote_active":false,"_monsterinsights_sitenote_note":"","_monsterinsights_sitenote_category":0,"_uf_show_specific_survey":0,"_uf_disable_surveys":false,"episode_type":"audio","audio_file":"","cover_image":"","cover_image_id":"","duration":"","filesize":"","date_recorded":"","explicit":"","block":"","filesize_raw":"","footnotes":""},"categories":[244],"tags":[9523,9584,665,6540],"series":[],"class_list":["post-55389","post","type-post","status-publish","format-standard","has-post-thumbnail","hentry","category-canal-de-arquitectura","tag-borja-martinez","tag-carlos-iii","tag-mies-van-der-rohe","tag-richard-rogers"],"aioseo_notices":[],"episode_featured_image":"https:\/\/stepienybarno.es\/blog\/wp-content\/uploads\/2022\/10\/stepienybarno-Carlos-III-el-esteta-deslenguado-todas-las-veces-que-el-rey-de-Inglaterra-ha-opinado-demasiado-sobre-arquitectura-Postdeldia.jpg","episode_player_image":"https:\/\/stepienybarno.es\/blog\/wp-content\/uploads\/2020\/11\/stepienybarno-podcast-scaled.jpg","download_link":"","player_link":"","audio_player":false,"episode_data":{"playerMode":"dark","subscribeUrls":[],"rssFeedUrl":"https:\/\/stepienybarno.es\/blog\/feed\/podcast\/podcast-de-stepienybarno","embedCode":"<blockquote class=\"wp-embedded-content\" data-secret=\"99bucjlPYL\"><a href=\"https:\/\/stepienybarno.es\/blog\/2022\/10\/25\/carlos-iii-el-esteta-deslenguado-todas-las-veces-que-el-rey-de-inglaterra-ha-opinado-demasiado-sobre-arquitectura\/\">Carlos III, el esteta deslenguado: todas las veces que el rey de Inglaterra ha opinado (demasiado) sobre arquitectura<\/a><\/blockquote><iframe sandbox=\"allow-scripts\" security=\"restricted\" src=\"https:\/\/stepienybarno.es\/blog\/2022\/10\/25\/carlos-iii-el-esteta-deslenguado-todas-las-veces-que-el-rey-de-inglaterra-ha-opinado-demasiado-sobre-arquitectura\/embed\/#?secret=99bucjlPYL\" width=\"500\" height=\"350\" title=\"\u00abCarlos III, el esteta deslenguado: todas las veces que el rey de Inglaterra ha opinado (demasiado) sobre arquitectura\u00bb \u2014 Blog de STEPIEN Y BARNO - publicaci\u00f3n digital sobre arquitectura\" data-secret=\"99bucjlPYL\" frameborder=\"0\" marginwidth=\"0\" marginheight=\"0\" scrolling=\"no\" class=\"wp-embedded-content\"><\/iframe><script type=\"text\/javascript\">\n\/* <![CDATA[ *\/\n\/*! This file is auto-generated *\/\n!function(d,l){\"use strict\";l.querySelector&&d.addEventListener&&\"undefined\"!=typeof URL&&(d.wp=d.wp||{},d.wp.receiveEmbedMessage||(d.wp.receiveEmbedMessage=function(e){var t=e.data;if((t||t.secret||t.message||t.value)&&!\/[^a-zA-Z0-9]\/.test(t.secret)){for(var s,r,n,a=l.querySelectorAll('iframe[data-secret=\"'+t.secret+'\"]'),o=l.querySelectorAll('blockquote[data-secret=\"'+t.secret+'\"]'),c=new RegExp(\"^https?:$\",\"i\"),i=0;i<o.length;i++)o[i].style.display=\"none\";for(i=0;i<a.length;i++)s=a[i],e.source===s.contentWindow&&(s.removeAttribute(\"style\"),\"height\"===t.message?(1e3<(r=parseInt(t.value,10))?r=1e3:~~r<200&&(r=200),s.height=r):\"link\"===t.message&&(r=new URL(s.getAttribute(\"src\")),n=new URL(t.value),c.test(n.protocol))&&n.host===r.host&&l.activeElement===s&&(d.top.location.href=t.value))}},d.addEventListener(\"message\",d.wp.receiveEmbedMessage,!1),l.addEventListener(\"DOMContentLoaded\",function(){for(var e,t,s=l.querySelectorAll(\"iframe.wp-embedded-content\"),r=0;r<s.length;r++)(t=(e=s[r]).getAttribute(\"data-secret\"))||(t=Math.random().toString(36).substring(2,12),e.src+=\"#?secret=\"+t,e.setAttribute(\"data-secret\",t)),e.contentWindow.postMessage({message:\"ready\",secret:t},\"*\")},!1)))}(window,document);\n\/* ]]> *\/\n<\/script>\n"},"_links":{"self":[{"href":"https:\/\/stepienybarno.es\/blog\/wp-json\/wp\/v2\/posts\/55389"}],"collection":[{"href":"https:\/\/stepienybarno.es\/blog\/wp-json\/wp\/v2\/posts"}],"about":[{"href":"https:\/\/stepienybarno.es\/blog\/wp-json\/wp\/v2\/types\/post"}],"author":[{"embeddable":true,"href":"https:\/\/stepienybarno.es\/blog\/wp-json\/wp\/v2\/users\/2"}],"replies":[{"embeddable":true,"href":"https:\/\/stepienybarno.es\/blog\/wp-json\/wp\/v2\/comments?post=55389"}],"version-history":[{"count":4,"href":"https:\/\/stepienybarno.es\/blog\/wp-json\/wp\/v2\/posts\/55389\/revisions"}],"predecessor-version":[{"id":55577,"href":"https:\/\/stepienybarno.es\/blog\/wp-json\/wp\/v2\/posts\/55389\/revisions\/55577"}],"wp:featuredmedia":[{"embeddable":true,"href":"https:\/\/stepienybarno.es\/blog\/wp-json\/wp\/v2\/media\/55391"}],"wp:attachment":[{"href":"https:\/\/stepienybarno.es\/blog\/wp-json\/wp\/v2\/media?parent=55389"}],"wp:term":[{"taxonomy":"category","embeddable":true,"href":"https:\/\/stepienybarno.es\/blog\/wp-json\/wp\/v2\/categories?post=55389"},{"taxonomy":"post_tag","embeddable":true,"href":"https:\/\/stepienybarno.es\/blog\/wp-json\/wp\/v2\/tags?post=55389"},{"taxonomy":"series","embeddable":true,"href":"https:\/\/stepienybarno.es\/blog\/wp-json\/wp\/v2\/series?post=55389"}],"curies":[{"name":"wp","href":"https:\/\/api.w.org\/{rel}","templated":true}]}}