{"id":55571,"date":"2022-11-07T12:00:06","date_gmt":"2022-11-07T10:00:06","guid":{"rendered":"https:\/\/stepienybarno.es\/blog\/?p=55571"},"modified":"2022-11-07T12:00:55","modified_gmt":"2022-11-07T10:00:55","slug":"entrevista-a-miguel-de-guzman-y-rocio-romero-de-imagen-subliminal","status":"publish","type":"post","link":"https:\/\/stepienybarno.es\/blog\/2022\/11\/07\/entrevista-a-miguel-de-guzman-y-rocio-romero-de-imagen-subliminal\/","title":{"rendered":"Entrevista a Miguel de Guzma\u0301n y Roc\u00edo Romero de Imagen Subliminal"},"content":{"rendered":"<p>&nbsp;<\/p>\n<p><iframe loading=\"lazy\" title=\"Entrevista a Miguel de Guzma\u0301n y Rocio Romero de Imagen Subliminal.\" width=\"911\" height=\"512\" src=\"https:\/\/www.youtube.com\/embed\/uNLhIutHVC4?feature=oembed\" frameborder=\"0\" allow=\"accelerometer; autoplay; clipboard-write; encrypted-media; gyroscope; picture-in-picture\" allowfullscreen><\/iframe><\/p>\n<p>Tenemos la suerte de poder charlar 10 minutos con Miguel de Guzma\u0301n y Roc\u00edo Romero de <strong><a href=\"http:\/\/imagensubliminal.com\/\" target=\"_blank\" rel=\"noopener\">Imagen Subliminal<\/a><\/strong>.<\/p>\n<p><!--more--><\/p>\n<div class=\"equipo-fotos clearfix\">\n<div class=\"miguel\">\n<div class=\"wr\">\n<div class=\"foto\">\n<h3 class=\"nombre\">MIGUEL DE GUZM\u00c1N<\/h3>\n<\/div>\n<\/div>\n<\/div>\n<div class=\"rocio\">\n<div class=\"wr\">\n<div class=\"foto\">\n<div class=\"nombre\"><em>Arquitecto y fot\u00f3grafo especializado en Arquitectura. Realiza reportajes por encargo de los principales estudios de Arquitectura espa\u00f1oles e internacionales.<\/em><\/div>\n<\/div>\n<\/div>\n<\/div>\n<\/div>\n<div class=\"equipo-textos\">\n<div class=\"wr\">\n<div class=\"miguel\">\n<div class=\"texto\">\n<p><em>Desde 2008\u00a0<a href=\"http:\/\/www.imagensubliminal.com\/\">Imagen Subliminal<\/a>\u00a0es la plataforma a trav\u00e9s de la que profesionalmente difunde su trabajo\u00a0como fot\u00f3grafo y realizador de v\u00eddeos de Arquitectura.<\/em><\/p>\n<p><strong><a href=\"http:\/\/imagensubliminal.com\/miguel-de-guzman\/\" target=\"_blank\" rel=\"noopener\">+Info AQU\u00cd<\/a><\/strong><\/p>\n<h3>ROC\u00cdO ROMERO<\/h3>\n<p>Arquitecta y fot\u00f3grafa especializada en fotograf\u00eda de arquitectura. En el a\u00f1o 2013 completa sus estudios de Imagen y Comunicaci\u00f3n Audiovisual y pasa a formar parte de Imagen Subliminal junto a Miguel de Guzm\u00e1n.<\/p>\n<p>Dentro de Imagen Subliminal ha desarrollado todos los \u00e1mbitos en la toma, realizaci\u00f3n y edici\u00f3n de la fotograf\u00eda de arquitectura como en el innovador terreno del v\u00eddeo de arquitectura.<\/p>\n<p><strong><a href=\"http:\/\/imagensubliminal.com\/miguel-de-guzman\/\" target=\"_blank\" rel=\"noopener\">+Info AQU\u00cd<\/a><\/strong><\/p>\n<p>&nbsp;<\/p>\n<\/div>\n<\/div>\n<p>Muchos de los proyectos que incluimos en nuestra secci\u00f3n #proyectodeldia han sido fotografiados por <strong>imagen subliminal,\u00a0<\/strong>no te los pierdas:<\/p>\n<p><a href=\"https:\/\/stepienybarno.es\/blog\/tag\/imagen-subliminal\/\" target=\"_blank\" rel=\"noopener\">https:\/\/stepienybarno.es\/blog\/tag\/imagen-subliminal\/<\/a><\/p>\n<p>&nbsp;<\/p>\n<\/div>\n<\/div>\n","protected":false},"excerpt":{"rendered":"<p>&nbsp; Tenemos la suerte de poder charlar 10 minutos con<\/p>\n","protected":false},"author":2,"featured_media":55574,"comment_status":"open","ping_status":"closed","sticky":false,"template":"","format":"standard","meta":{"om_disable_all_campaigns":false,"_monsterinsights_skip_tracking":false,"_monsterinsights_sitenote_active":false,"_monsterinsights_sitenote_note":"","_monsterinsights_sitenote_category":0,"_uf_show_specific_survey":0,"_uf_disable_surveys":false,"episode_type":"audio","audio_file":"","cover_image":"","cover_image_id":"","duration":"","filesize":"","date_recorded":"","explicit":"","block":"","filesize_raw":"","footnotes":""},"categories":[34],"tags":[3146,4410,4011,4804,2169,9583],"series":[],"class_list":["post-55571","post","type-post","status-publish","format-standard","has-post-thumbnail","hentry","category-actualidad","tag-arquientrevista","tag-fotografia-de-arquitectura","tag-imagen-subliminal","tag-imagensubliminal","tag-miguel-de-guzman","tag-rocio-romero"],"aioseo_notices":[],"episode_featured_image":"https:\/\/stepienybarno.es\/blog\/wp-content\/uploads\/2022\/11\/portada-subliminal.jpg","episode_player_image":"https:\/\/stepienybarno.es\/blog\/wp-content\/uploads\/2020\/11\/stepienybarno-podcast-scaled.jpg","download_link":"","player_link":"","audio_player":false,"episode_data":{"playerMode":"dark","subscribeUrls":[],"rssFeedUrl":"https:\/\/stepienybarno.es\/blog\/feed\/podcast\/podcast-de-stepienybarno","embedCode":"<blockquote class=\"wp-embedded-content\" data-secret=\"7ePOdyWfTq\"><a href=\"https:\/\/stepienybarno.es\/blog\/2022\/11\/07\/entrevista-a-miguel-de-guzman-y-rocio-romero-de-imagen-subliminal\/\">Entrevista a Miguel de Guzma\u0301n y Roc\u00edo Romero de Imagen Subliminal<\/a><\/blockquote><iframe sandbox=\"allow-scripts\" security=\"restricted\" src=\"https:\/\/stepienybarno.es\/blog\/2022\/11\/07\/entrevista-a-miguel-de-guzman-y-rocio-romero-de-imagen-subliminal\/embed\/#?secret=7ePOdyWfTq\" width=\"500\" height=\"350\" title=\"\u00abEntrevista a Miguel de Guzma\u0301n y Roc\u00edo Romero de Imagen Subliminal\u00bb \u2014 Blog de STEPIEN Y BARNO - publicaci\u00f3n digital sobre arquitectura\" data-secret=\"7ePOdyWfTq\" frameborder=\"0\" marginwidth=\"0\" marginheight=\"0\" scrolling=\"no\" class=\"wp-embedded-content\"><\/iframe><script type=\"text\/javascript\">\n\/* <![CDATA[ *\/\n\/*! This file is auto-generated *\/\n!function(d,l){\"use strict\";l.querySelector&&d.addEventListener&&\"undefined\"!=typeof URL&&(d.wp=d.wp||{},d.wp.receiveEmbedMessage||(d.wp.receiveEmbedMessage=function(e){var t=e.data;if((t||t.secret||t.message||t.value)&&!\/[^a-zA-Z0-9]\/.test(t.secret)){for(var s,r,n,a=l.querySelectorAll('iframe[data-secret=\"'+t.secret+'\"]'),o=l.querySelectorAll('blockquote[data-secret=\"'+t.secret+'\"]'),c=new RegExp(\"^https?:$\",\"i\"),i=0;i<o.length;i++)o[i].style.display=\"none\";for(i=0;i<a.length;i++)s=a[i],e.source===s.contentWindow&&(s.removeAttribute(\"style\"),\"height\"===t.message?(1e3<(r=parseInt(t.value,10))?r=1e3:~~r<200&&(r=200),s.height=r):\"link\"===t.message&&(r=new URL(s.getAttribute(\"src\")),n=new URL(t.value),c.test(n.protocol))&&n.host===r.host&&l.activeElement===s&&(d.top.location.href=t.value))}},d.addEventListener(\"message\",d.wp.receiveEmbedMessage,!1),l.addEventListener(\"DOMContentLoaded\",function(){for(var e,t,s=l.querySelectorAll(\"iframe.wp-embedded-content\"),r=0;r<s.length;r++)(t=(e=s[r]).getAttribute(\"data-secret\"))||(t=Math.random().toString(36).substring(2,12),e.src+=\"#?secret=\"+t,e.setAttribute(\"data-secret\",t)),e.contentWindow.postMessage({message:\"ready\",secret:t},\"*\")},!1)))}(window,document);\n\/* ]]> *\/\n<\/script>\n"},"_links":{"self":[{"href":"https:\/\/stepienybarno.es\/blog\/wp-json\/wp\/v2\/posts\/55571"}],"collection":[{"href":"https:\/\/stepienybarno.es\/blog\/wp-json\/wp\/v2\/posts"}],"about":[{"href":"https:\/\/stepienybarno.es\/blog\/wp-json\/wp\/v2\/types\/post"}],"author":[{"embeddable":true,"href":"https:\/\/stepienybarno.es\/blog\/wp-json\/wp\/v2\/users\/2"}],"replies":[{"embeddable":true,"href":"https:\/\/stepienybarno.es\/blog\/wp-json\/wp\/v2\/comments?post=55571"}],"version-history":[{"count":2,"href":"https:\/\/stepienybarno.es\/blog\/wp-json\/wp\/v2\/posts\/55571\/revisions"}],"predecessor-version":[{"id":55573,"href":"https:\/\/stepienybarno.es\/blog\/wp-json\/wp\/v2\/posts\/55571\/revisions\/55573"}],"wp:featuredmedia":[{"embeddable":true,"href":"https:\/\/stepienybarno.es\/blog\/wp-json\/wp\/v2\/media\/55574"}],"wp:attachment":[{"href":"https:\/\/stepienybarno.es\/blog\/wp-json\/wp\/v2\/media?parent=55571"}],"wp:term":[{"taxonomy":"category","embeddable":true,"href":"https:\/\/stepienybarno.es\/blog\/wp-json\/wp\/v2\/categories?post=55571"},{"taxonomy":"post_tag","embeddable":true,"href":"https:\/\/stepienybarno.es\/blog\/wp-json\/wp\/v2\/tags?post=55571"},{"taxonomy":"series","embeddable":true,"href":"https:\/\/stepienybarno.es\/blog\/wp-json\/wp\/v2\/series?post=55571"}],"curies":[{"name":"wp","href":"https:\/\/api.w.org\/{rel}","templated":true}]}}