{"id":55654,"date":"2022-11-14T13:41:35","date_gmt":"2022-11-14T11:41:35","guid":{"rendered":"https:\/\/stepienybarno.es\/blog\/?p=55654"},"modified":"2022-11-14T13:41:35","modified_gmt":"2022-11-14T11:41:35","slug":"entrevista-a-marcela-grassi","status":"publish","type":"post","link":"https:\/\/stepienybarno.es\/blog\/2022\/11\/14\/entrevista-a-marcela-grassi\/","title":{"rendered":"Entrevista a Marcela Grassi"},"content":{"rendered":"<p><iframe loading=\"lazy\" title=\"Entrevista a Marcela Grassi, fot\u00f3grafa de arquitectura\" width=\"911\" height=\"512\" src=\"https:\/\/www.youtube.com\/embed\/XSVCZ6uVycU?feature=oembed\" frameborder=\"0\" allow=\"accelerometer; autoplay; clipboard-write; encrypted-media; gyroscope; picture-in-picture\" allowfullscreen><\/iframe><\/p>\n<p>Tenemos la suerte de charlar unos minutos con Marcela Grassi.<!--more--><\/p>\n<p><em>\u00abArquitecta de formaci\u00f3n, hace ya siete a\u00f1os, descubre su verdadera vocaci\u00f3n: la fotograf\u00eda. Inspirada por su conocimiento del arte, transmite a trav\u00e9s de la fotograf\u00eda, la belleza de la arquitectura en relaci\u00f3n a su entorno.<\/em><\/p>\n<p><em>La sensibilidad por captar la esencia de la obra y el estudio minucioso de la luz para dotar de profundidad a su fotograf\u00eda son otras de las se\u00f1as de identidad de Marcela Grassi que trabaja con la misma intensidad el espacio p\u00fablico y los proyectos de interiorismo.\u00bb <\/em><\/p>\n<p><a href=\"https:\/\/marcelagrassi.com\/es\/\" target=\"_blank\" rel=\"noopener\"><strong>+ Info AQU\u00cd<\/strong><\/a><\/p>\n<p>Si quieres ver alguno de los proyectos de Marcela:<\/p>\n<p><strong><a href=\"https:\/\/stepienybarno.es\/blog\/tag\/marcela-grassi\/\" target=\"_blank\" rel=\"noopener\">Marcela Grassi en StepienyBarno<\/a><\/strong><\/p>\n<blockquote class=\"wp-embedded-content\" data-secret=\"ANGcWRHOwd\"><p><a href=\"https:\/\/stepienybarno.es\/blog\/2019\/10\/22\/almudena-house-proyectodeldia\/\">Almudena House #ProyectoDelD\u00eda<\/a><\/p><\/blockquote>\n<p><iframe loading=\"lazy\" class=\"wp-embedded-content\" sandbox=\"allow-scripts\" security=\"restricted\" style=\"position: absolute; clip: rect(1px, 1px, 1px, 1px);\" title=\"\u00abAlmudena House #ProyectoDelD\u00eda\u00bb \u2014 Blog de STEPIEN Y BARNO - publicaci\u00f3n digital sobre arquitectura\" src=\"https:\/\/stepienybarno.es\/blog\/2019\/10\/22\/almudena-house-proyectodeldia\/embed\/#?secret=SE5iVowyGA#?secret=ANGcWRHOwd\" data-secret=\"ANGcWRHOwd\" width=\"600\" height=\"338\" frameborder=\"0\" marginwidth=\"0\" marginheight=\"0\" scrolling=\"no\"><\/iframe><\/p>\n<blockquote class=\"wp-embedded-content\" data-secret=\"sZVvrl8sMy\"><p><a href=\"https:\/\/stepienybarno.es\/blog\/2019\/08\/05\/reforma-de-vivienda-sagaro\/\">Reforma de vivienda S&#8217;agar\u00f3 #ProyectoDelD\u00eda<\/a><\/p><\/blockquote>\n<p><iframe loading=\"lazy\" class=\"wp-embedded-content\" sandbox=\"allow-scripts\" security=\"restricted\" style=\"position: absolute; clip: rect(1px, 1px, 1px, 1px);\" title=\"\u00abReforma de vivienda S&#8217;agar\u00f3 #ProyectoDelD\u00eda\u00bb \u2014 Blog de STEPIEN Y BARNO - publicaci\u00f3n digital sobre arquitectura\" src=\"https:\/\/stepienybarno.es\/blog\/2019\/08\/05\/reforma-de-vivienda-sagaro\/embed\/#?secret=lQX3J9lQFk#?secret=sZVvrl8sMy\" data-secret=\"sZVvrl8sMy\" width=\"600\" height=\"338\" frameborder=\"0\" marginwidth=\"0\" marginheight=\"0\" scrolling=\"no\"><\/iframe><\/p>\n<blockquote class=\"wp-embedded-content\" data-secret=\"Y88g0781Ge\"><p><a href=\"https:\/\/stepienybarno.es\/blog\/2018\/02\/12\/amilcar-proyectodeldia\/\">AMILCAR #ProyectodelD\u00eda<\/a><\/p><\/blockquote>\n<p><iframe loading=\"lazy\" class=\"wp-embedded-content\" sandbox=\"allow-scripts\" security=\"restricted\" style=\"position: absolute; clip: rect(1px, 1px, 1px, 1px);\" title=\"\u00abAMILCAR #ProyectodelD\u00eda\u00bb \u2014 Blog de STEPIEN Y BARNO - publicaci\u00f3n digital sobre arquitectura\" src=\"https:\/\/stepienybarno.es\/blog\/2018\/02\/12\/amilcar-proyectodeldia\/embed\/#?secret=TvSuXIEvOU#?secret=Y88g0781Ge\" data-secret=\"Y88g0781Ge\" width=\"600\" height=\"338\" frameborder=\"0\" marginwidth=\"0\" marginheight=\"0\" scrolling=\"no\"><\/iframe><\/p>\n","protected":false},"excerpt":{"rendered":"<p>Tenemos la suerte de charlar unos minutos con Marcela Grassi.<\/p>\n","protected":false},"author":2,"featured_media":55655,"comment_status":"open","ping_status":"closed","sticky":false,"template":"","format":"standard","meta":{"om_disable_all_campaigns":false,"_monsterinsights_skip_tracking":false,"_monsterinsights_sitenote_active":false,"_monsterinsights_sitenote_note":"","_monsterinsights_sitenote_category":0,"_uf_show_specific_survey":0,"_uf_disable_surveys":false,"episode_type":"audio","audio_file":"","cover_image":"","cover_image_id":"","duration":"","filesize":"","date_recorded":"","explicit":"","block":"","filesize_raw":"","footnotes":""},"categories":[34,63,7985],"tags":[31,5895,3923,7997],"series":[],"class_list":["post-55654","post","type-post","status-publish","format-standard","has-post-thumbnail","hentry","category-actualidad","category-arqui-entrevista","category-podcast","tag-fotografia","tag-fotografia-arquitectura","tag-marcela-grassi","tag-podcast"],"aioseo_notices":[],"episode_featured_image":"https:\/\/stepienybarno.es\/blog\/wp-content\/uploads\/2022\/11\/PORTADA-GRASSI.jpg","episode_player_image":"https:\/\/stepienybarno.es\/blog\/wp-content\/uploads\/2020\/11\/stepienybarno-podcast-scaled.jpg","download_link":"","player_link":"","audio_player":false,"episode_data":{"playerMode":"dark","subscribeUrls":[],"rssFeedUrl":"https:\/\/stepienybarno.es\/blog\/feed\/podcast\/podcast-de-stepienybarno","embedCode":"<blockquote class=\"wp-embedded-content\" data-secret=\"1ZskDyfrYb\"><a href=\"https:\/\/stepienybarno.es\/blog\/2022\/11\/14\/entrevista-a-marcela-grassi\/\">Entrevista a Marcela Grassi<\/a><\/blockquote><iframe sandbox=\"allow-scripts\" security=\"restricted\" src=\"https:\/\/stepienybarno.es\/blog\/2022\/11\/14\/entrevista-a-marcela-grassi\/embed\/#?secret=1ZskDyfrYb\" width=\"500\" height=\"350\" title=\"\u00abEntrevista a Marcela Grassi\u00bb \u2014 Blog de STEPIEN Y BARNO - publicaci\u00f3n digital sobre arquitectura\" data-secret=\"1ZskDyfrYb\" frameborder=\"0\" marginwidth=\"0\" marginheight=\"0\" scrolling=\"no\" class=\"wp-embedded-content\"><\/iframe><script type=\"text\/javascript\">\n\/* <![CDATA[ *\/\n\/*! This file is auto-generated *\/\n!function(d,l){\"use strict\";l.querySelector&&d.addEventListener&&\"undefined\"!=typeof URL&&(d.wp=d.wp||{},d.wp.receiveEmbedMessage||(d.wp.receiveEmbedMessage=function(e){var t=e.data;if((t||t.secret||t.message||t.value)&&!\/[^a-zA-Z0-9]\/.test(t.secret)){for(var s,r,n,a=l.querySelectorAll('iframe[data-secret=\"'+t.secret+'\"]'),o=l.querySelectorAll('blockquote[data-secret=\"'+t.secret+'\"]'),c=new RegExp(\"^https?:$\",\"i\"),i=0;i<o.length;i++)o[i].style.display=\"none\";for(i=0;i<a.length;i++)s=a[i],e.source===s.contentWindow&&(s.removeAttribute(\"style\"),\"height\"===t.message?(1e3<(r=parseInt(t.value,10))?r=1e3:~~r<200&&(r=200),s.height=r):\"link\"===t.message&&(r=new URL(s.getAttribute(\"src\")),n=new URL(t.value),c.test(n.protocol))&&n.host===r.host&&l.activeElement===s&&(d.top.location.href=t.value))}},d.addEventListener(\"message\",d.wp.receiveEmbedMessage,!1),l.addEventListener(\"DOMContentLoaded\",function(){for(var e,t,s=l.querySelectorAll(\"iframe.wp-embedded-content\"),r=0;r<s.length;r++)(t=(e=s[r]).getAttribute(\"data-secret\"))||(t=Math.random().toString(36).substring(2,12),e.src+=\"#?secret=\"+t,e.setAttribute(\"data-secret\",t)),e.contentWindow.postMessage({message:\"ready\",secret:t},\"*\")},!1)))}(window,document);\n\/* ]]> *\/\n<\/script>\n"},"_links":{"self":[{"href":"https:\/\/stepienybarno.es\/blog\/wp-json\/wp\/v2\/posts\/55654"}],"collection":[{"href":"https:\/\/stepienybarno.es\/blog\/wp-json\/wp\/v2\/posts"}],"about":[{"href":"https:\/\/stepienybarno.es\/blog\/wp-json\/wp\/v2\/types\/post"}],"author":[{"embeddable":true,"href":"https:\/\/stepienybarno.es\/blog\/wp-json\/wp\/v2\/users\/2"}],"replies":[{"embeddable":true,"href":"https:\/\/stepienybarno.es\/blog\/wp-json\/wp\/v2\/comments?post=55654"}],"version-history":[{"count":1,"href":"https:\/\/stepienybarno.es\/blog\/wp-json\/wp\/v2\/posts\/55654\/revisions"}],"predecessor-version":[{"id":55656,"href":"https:\/\/stepienybarno.es\/blog\/wp-json\/wp\/v2\/posts\/55654\/revisions\/55656"}],"wp:featuredmedia":[{"embeddable":true,"href":"https:\/\/stepienybarno.es\/blog\/wp-json\/wp\/v2\/media\/55655"}],"wp:attachment":[{"href":"https:\/\/stepienybarno.es\/blog\/wp-json\/wp\/v2\/media?parent=55654"}],"wp:term":[{"taxonomy":"category","embeddable":true,"href":"https:\/\/stepienybarno.es\/blog\/wp-json\/wp\/v2\/categories?post=55654"},{"taxonomy":"post_tag","embeddable":true,"href":"https:\/\/stepienybarno.es\/blog\/wp-json\/wp\/v2\/tags?post=55654"},{"taxonomy":"series","embeddable":true,"href":"https:\/\/stepienybarno.es\/blog\/wp-json\/wp\/v2\/series?post=55654"}],"curies":[{"name":"wp","href":"https:\/\/api.w.org\/{rel}","templated":true}]}}