{"id":55897,"date":"2022-11-22T11:37:43","date_gmt":"2022-11-22T09:37:43","guid":{"rendered":"https:\/\/stepienybarno.es\/blog\/?p=55897"},"modified":"2022-11-25T14:03:19","modified_gmt":"2022-11-25T12:03:19","slug":"entrevista-a-miguel-angel-diaz-camacho","status":"publish","type":"post","link":"https:\/\/stepienybarno.es\/blog\/2022\/11\/22\/entrevista-a-miguel-angel-diaz-camacho\/","title":{"rendered":"Entrevista a Miguel \u00c1ngel D\u00edaz Camacho"},"content":{"rendered":"<p><iframe loading=\"lazy\" title=\"Entrevista a Miguel \u00c1ngel Diaz Camacho\" width=\"911\" height=\"512\" src=\"https:\/\/www.youtube.com\/embed\/JSJrLrUQlN0?feature=oembed\" frameborder=\"0\" allow=\"accelerometer; autoplay; clipboard-write; encrypted-media; gyroscope; picture-in-picture\" allowfullscreen><\/iframe><\/p>\n<p>Tenemos la suerte de charlar 10 minutos con nuestro amigo Miguel \u00c1ngel D\u00edaz Camacho. Conocimos a nuestro protagonista hace m\u00e1s de 10 a\u00f1os y desde entonces no le hemos perdido la pista. Ha sido un placer verle crecer y poder alegrarnos de todos sus \u00e9xitos. Un hombre honesto, multifac\u00e9tico y que tiene claras las cosas importantes de la vida. Si quer\u00e9is saber m\u00e1s del \u00e9l, el post os va gustar.<\/p>\n<p><!--more--><\/p>\n<p style=\"font-weight: 400;\">MIGUEL \u00c1NGEL D\u00cdAZ CAMACHO.<\/p>\n<p style=\"font-weight: 400;\">Doctor arquitecto, director y socio fundador en\u00a0<em>MADC<\/em>, estudio de arquitectura establecido en Getafe, Madrid, con numerosos premios en concursos nacionales e internacionales. Miembro del Comit\u00e9 Cient\u00edfico de la Asociaci\u00f3n Sostenibilidad y Arquitectura (ASA). Profesor del M\u00e1ster en Dise\u00f1o y Gesti\u00f3n Ambiental de Edificios, ETSA Universidad de Navarra.\u00a0Es autor de los libros\u00a0<em>P\u00e1rrafos de Arquitectura. Core(oh)graf\u00edas<\/em>\u00a0(Ediciones Asim\u00e9tricas, 2016), y\u00a0<em>Arquitectura y Cambio Clim\u00e1tico<\/em>\u00a0(Fundaci\u00f3n Arquia &amp; Catarata, 2018).<\/p>\n<p style=\"font-weight: 400;\">Dirige el estudio MADC Arquitectos desde el a\u00f1o 2000, focalizando su trabajo en obras para la administraci\u00f3n p\u00fablica. Recientemente ha conseguido algunos premios en concursos p\u00fablicos organizados por el COAM: 1\u00ba Premio Rehabilitaci\u00f3n Centro de Formaci\u00f3n PIO XII, Ayuntamiento de Parla, Madrid (2022); 1\u00ba Premio Rehabilitaci\u00f3n Edificio Castellana 19, Madrid, con RLA, Consorcio de Compensaci\u00f3n de Seguros (2020); 1\u00ba Premio Biblioteca Municipal de Villaverde, Ayuntamiento de Madrid (2019).<\/p>\n<p style=\"font-weight: 400;\">A nivel internacional ha desarrollado proyectos en Stavanger y Oslo, Noruega, en colaboraci\u00f3n con L\u00c9VA Urban Design AS, destacando el proyecto Borgen HUB, edificio Comercial y de Oficinas, Stavanger East. En paralelo, es profesor regular en Karel de Grote University Collegue, Amberes, B\u00e9lgica, y ha impartido conferencias, cursos o seminarios en Tampere University, Finlandia; Universidad de Belgrano, Argentina; Saxion University, Holanda; Instituto de Estudios Avanzados iASK de K\u00f6szeg, Hungr\u00eda, o Stavenger University, Noruega.<\/p>\n<p style=\"font-weight: 400;\">A nivel institucional, ha sido el presidente de ASA (ASOCIACI\u00d3N SOSTENIBILIDAD Y ARQUITECTURA), asociaci\u00f3n sin \u00e1nimo de lucro perteneciente al Consejo Superior de Colegios de Arquitectos de Espa\u00f1a (CSCAE) 2013-21. Ha sido delegado del Consejo Superior de los Colegios de Arquitectos de Espa\u00f1a (CSCAE) en el Consejo Europeo de Arquitectos,\u00a0<em>Architects Council of Europe<\/em>\u00a0(ACE), y actualmente forma parte del Comit\u00e9 Cient\u00edfico de ASA.<\/p>\n<p><a href=\"https:\/\/www.linkedin.com\/in\/madcarquitectos\/\" target=\"_blank\" rel=\"noopener\">+Info AQU\u00cd<\/a><\/p>\n<p>Si te ha gustado esta entrevista no te pierdas:<\/p>\n<blockquote class=\"wp-embedded-content\" data-secret=\"KtkIUm750g\"><p><a href=\"https:\/\/stepienybarno.es\/blog\/2022\/07\/19\/episodio-157-arquicafe-con-miguel-angel-diaz-camacho\/\">Episodio 157: Arquicaf\u00e9 con Miguel \u00c1ngel D\u00edaz Camacho<\/a><\/p><\/blockquote>\n<p><iframe loading=\"lazy\" class=\"wp-embedded-content\" sandbox=\"allow-scripts\" security=\"restricted\" style=\"position: absolute; clip: rect(1px, 1px, 1px, 1px);\" title=\"\u00abEpisodio 157: Arquicaf\u00e9 con Miguel \u00c1ngel D\u00edaz Camacho\u00bb \u2014 Blog de STEPIEN Y BARNO - publicaci\u00f3n digital sobre arquitectura\" src=\"https:\/\/stepienybarno.es\/blog\/2022\/07\/19\/episodio-157-arquicafe-con-miguel-angel-diaz-camacho\/embed\/#?secret=U7AsTeLQ1W#?secret=KtkIUm750g\" data-secret=\"KtkIUm750g\" width=\"600\" height=\"338\" frameborder=\"0\" marginwidth=\"0\" marginheight=\"0\" scrolling=\"no\"><\/iframe><\/p>\n<p>&nbsp;<\/p>\n","protected":false},"excerpt":{"rendered":"<p>Tenemos la suerte de charlar 10 minutos con nuestro amigo Miguel \u00c1ngel D\u00edaz Camacho. Conocimos a nuestro protagonista hace m\u00e1s de 10 a\u00f1os y desde entonces no le hemos perdido la pista. Ha sido un placer verle crecer y poder alegrarnos de todos sus \u00e9xitos. Un hombre honesto, multifac\u00e9tico y que tiene claras las cosas importantes de la vida. Si quer\u00e9is saber m\u00e1s del \u00e9l, el post os va gustar.<\/p>\n","protected":false},"author":2,"featured_media":55898,"comment_status":"open","ping_status":"closed","sticky":false,"template":"","format":"standard","meta":{"om_disable_all_campaigns":false,"_monsterinsights_skip_tracking":false,"_monsterinsights_sitenote_active":false,"_monsterinsights_sitenote_note":"","_monsterinsights_sitenote_category":0,"_uf_show_specific_survey":0,"_uf_disable_surveys":false,"episode_type":"audio","audio_file":"","cover_image":"","cover_image_id":"","duration":"","filesize":"","date_recorded":"","explicit":"","block":"","filesize_raw":"","footnotes":""},"categories":[34,63,7985],"tags":[3146,60,9576,952,7997],"series":[],"class_list":["post-55897","post","type-post","status-publish","format-standard","has-post-thumbnail","hentry","category-actualidad","category-arqui-entrevista","category-podcast","tag-arquientrevista","tag-entrevistas","tag-entrevistas-en-10-minutos","tag-miguel-angel-diaz-camacho","tag-podcast"],"aioseo_notices":[],"episode_featured_image":"https:\/\/stepienybarno.es\/blog\/wp-content\/uploads\/2022\/11\/portada-5.jpg","episode_player_image":"https:\/\/stepienybarno.es\/blog\/wp-content\/uploads\/2020\/11\/stepienybarno-podcast-scaled.jpg","download_link":"","player_link":"","audio_player":false,"episode_data":{"playerMode":"dark","subscribeUrls":[],"rssFeedUrl":"https:\/\/stepienybarno.es\/blog\/feed\/podcast\/podcast-de-stepienybarno","embedCode":"<blockquote class=\"wp-embedded-content\" data-secret=\"GfW4r3gX2E\"><a href=\"https:\/\/stepienybarno.es\/blog\/2022\/11\/22\/entrevista-a-miguel-angel-diaz-camacho\/\">Entrevista a Miguel \u00c1ngel D\u00edaz Camacho<\/a><\/blockquote><iframe sandbox=\"allow-scripts\" security=\"restricted\" src=\"https:\/\/stepienybarno.es\/blog\/2022\/11\/22\/entrevista-a-miguel-angel-diaz-camacho\/embed\/#?secret=GfW4r3gX2E\" width=\"500\" height=\"350\" title=\"\u00abEntrevista a Miguel \u00c1ngel D\u00edaz Camacho\u00bb \u2014 Blog de STEPIEN Y BARNO - publicaci\u00f3n digital sobre arquitectura\" data-secret=\"GfW4r3gX2E\" frameborder=\"0\" marginwidth=\"0\" marginheight=\"0\" scrolling=\"no\" class=\"wp-embedded-content\"><\/iframe><script type=\"text\/javascript\">\n\/* <![CDATA[ *\/\n\/*! This file is auto-generated *\/\n!function(d,l){\"use strict\";l.querySelector&&d.addEventListener&&\"undefined\"!=typeof URL&&(d.wp=d.wp||{},d.wp.receiveEmbedMessage||(d.wp.receiveEmbedMessage=function(e){var t=e.data;if((t||t.secret||t.message||t.value)&&!\/[^a-zA-Z0-9]\/.test(t.secret)){for(var s,r,n,a=l.querySelectorAll('iframe[data-secret=\"'+t.secret+'\"]'),o=l.querySelectorAll('blockquote[data-secret=\"'+t.secret+'\"]'),c=new RegExp(\"^https?:$\",\"i\"),i=0;i<o.length;i++)o[i].style.display=\"none\";for(i=0;i<a.length;i++)s=a[i],e.source===s.contentWindow&&(s.removeAttribute(\"style\"),\"height\"===t.message?(1e3<(r=parseInt(t.value,10))?r=1e3:~~r<200&&(r=200),s.height=r):\"link\"===t.message&&(r=new URL(s.getAttribute(\"src\")),n=new URL(t.value),c.test(n.protocol))&&n.host===r.host&&l.activeElement===s&&(d.top.location.href=t.value))}},d.addEventListener(\"message\",d.wp.receiveEmbedMessage,!1),l.addEventListener(\"DOMContentLoaded\",function(){for(var e,t,s=l.querySelectorAll(\"iframe.wp-embedded-content\"),r=0;r<s.length;r++)(t=(e=s[r]).getAttribute(\"data-secret\"))||(t=Math.random().toString(36).substring(2,12),e.src+=\"#?secret=\"+t,e.setAttribute(\"data-secret\",t)),e.contentWindow.postMessage({message:\"ready\",secret:t},\"*\")},!1)))}(window,document);\n\/* ]]> *\/\n<\/script>\n"},"_links":{"self":[{"href":"https:\/\/stepienybarno.es\/blog\/wp-json\/wp\/v2\/posts\/55897"}],"collection":[{"href":"https:\/\/stepienybarno.es\/blog\/wp-json\/wp\/v2\/posts"}],"about":[{"href":"https:\/\/stepienybarno.es\/blog\/wp-json\/wp\/v2\/types\/post"}],"author":[{"embeddable":true,"href":"https:\/\/stepienybarno.es\/blog\/wp-json\/wp\/v2\/users\/2"}],"replies":[{"embeddable":true,"href":"https:\/\/stepienybarno.es\/blog\/wp-json\/wp\/v2\/comments?post=55897"}],"version-history":[{"count":4,"href":"https:\/\/stepienybarno.es\/blog\/wp-json\/wp\/v2\/posts\/55897\/revisions"}],"predecessor-version":[{"id":55915,"href":"https:\/\/stepienybarno.es\/blog\/wp-json\/wp\/v2\/posts\/55897\/revisions\/55915"}],"wp:featuredmedia":[{"embeddable":true,"href":"https:\/\/stepienybarno.es\/blog\/wp-json\/wp\/v2\/media\/55898"}],"wp:attachment":[{"href":"https:\/\/stepienybarno.es\/blog\/wp-json\/wp\/v2\/media?parent=55897"}],"wp:term":[{"taxonomy":"category","embeddable":true,"href":"https:\/\/stepienybarno.es\/blog\/wp-json\/wp\/v2\/categories?post=55897"},{"taxonomy":"post_tag","embeddable":true,"href":"https:\/\/stepienybarno.es\/blog\/wp-json\/wp\/v2\/tags?post=55897"},{"taxonomy":"series","embeddable":true,"href":"https:\/\/stepienybarno.es\/blog\/wp-json\/wp\/v2\/series?post=55897"}],"curies":[{"name":"wp","href":"https:\/\/api.w.org\/{rel}","templated":true}]}}