{"id":56294,"date":"2022-12-28T07:00:17","date_gmt":"2022-12-28T05:00:17","guid":{"rendered":"https:\/\/stepienybarno.es\/blog\/?p=56294"},"modified":"2022-12-28T09:40:38","modified_gmt":"2022-12-28T07:40:38","slug":"una-casa-en-marte-para-amancio-ortega-de-la-mano-de-jean-nouvel","status":"publish","type":"post","link":"https:\/\/stepienybarno.es\/blog\/2022\/12\/28\/una-casa-en-marte-para-amancio-ortega-de-la-mano-de-jean-nouvel\/","title":{"rendered":"\u00bfUna casa en MARTE para AMANCIO ORTEGA? De la mano de JEAN NOUVEL"},"content":{"rendered":"<p><b>Jean Nouvel<\/b><span style=\"font-weight: 400;\"> ser\u00e1 el arquitecto encargado de construir la futura casa de<\/span><b> Amancio Ortega <\/b><span style=\"font-weight: 400;\">en <\/span><b>Marte.<\/b><span style=\"font-weight: 400;\">\u00a0<\/span><\/p>\n<p><span style=\"font-weight: 400;\">Lo que comenz\u00f3 con un encargo a<\/span><b> Alberto Campo Baeza <\/b><span style=\"font-weight: 400;\">para construir su nueva casa en la Moraleja, acab\u00f3 con este<\/span><b> loco proyecto extraterrestre.<\/b><\/p>\n<p><span style=\"font-weight: 400;\">En este art\u00edculo, os contaremos todo sobre la renuncia de nuestro arquitecto de la luz y del espacio. Con su dimisi\u00f3n y la llegada del arquitecto franc\u00e9s,\u00a0 el proyecto pas\u00f3 del planeta tierra, a la luna. Finalmente, por problemas legales, la casa se ubicar\u00e1 en Marte.\u00a0<\/span><\/p>\n<p><span style=\"font-weight: 400;\">Una rocambolesca historia, no exenta de tensi\u00f3n e intriga.\u00a0<\/span><\/p>\n<p><span style=\"font-weight: 400;\">Si quieres saber todos los detalles, \u00a1no dejes de seguir leyendo!<\/span><\/p>\n<p><!--more--><\/p>\n<p style=\"text-align: center;\">&#8230;<\/p>\n<p><span style=\"font-weight: 400;\">Todo pintaba muy bien cuando, a principios del a\u00f1o 2022, el se\u00f1or m\u00e1s rico de Espa\u00f1a encarg\u00f3 su nueva vivienda al fant\u00e1stico arquitecto Alberto Campo Baeza. El encargo iba sobre ruedas y el lugar elegido era una amplia parcela en la Moraleja, con un desnivel moderado.\u00a0<\/span><\/p>\n<p><span style=\"font-weight: 400;\">Campo Baeza realiz\u00f3 un proyecto <strong>comedido, contenido y, sobre todo, lleno de sensibilidad.\u00a0<\/strong><\/span><\/p>\n<p><span style=\"font-weight: 400;\">Como era de esperar, el proyecto, en un principio, fue muy bien recibido por Amancio y la casa se lleg\u00f3 a desarrollar hasta el nivel de<\/span><b> proyecto b\u00e1sico.<\/b><\/p>\n<p><span style=\"font-weight: 400;\">Pero, llegado este punto, comenzaron los <\/span><b>\u201cYaque\u201d;<\/b><span style=\"font-weight: 400;\"> ya que estamos, \u00bfpor qu\u00e9 no hacemos una peque\u00f1a galer\u00eda de exposiciones? Y as\u00ed fue, la galer\u00eda se integr\u00f3 en una de las alas de la vivienda.\u00a0\u00a0<\/span><\/p>\n<p><span style=\"font-weight: 400;\">Posteriormente, el cliente pens\u00f3 que, ya que estamos,\u00a0 ser\u00eda bueno poner un <\/span><b>helipuerto <\/b><span style=\"font-weight: 400;\">para poder despegar con celeridad con su helic\u00f3ptero privado. As\u00ed, el proyecto fue creciendo y, con cada entrega de nivel b\u00e1sico, aparec\u00eda<\/span><b> un nuevo requerimiento.<\/b><\/p>\n<p><span style=\"font-weight: 400;\">En palabras de Campo Baeza: \u201cTodo iba bien, pero con los continuos cambios nos hac\u00eda comenzar casi desde el principio una y otra vez. La \u00faltima modificaci\u00f3n fue la integraci\u00f3n de un <\/span><b>ring de boxeo al lado del sal\u00f3n<\/b><span style=\"font-weight: 400;\">, lo cual no dej\u00f3 de sorprenderme porque creo que Amancio ya no est\u00e1 para estos trotes\u201d.<\/span><\/p>\n<p><span style=\"font-weight: 400;\">Pero lo que termin\u00f3 de desmotivar a Campo fue un cambio demasiado radical: el proyecto pasaba de estar en el planeta Tierra a la Luna.\u00a0<\/span><\/p>\n<p><span style=\"font-weight: 400;\">Siguiendo con Campo: \u201cAmancio, de un d\u00eda para otro, me dijo que hab\u00eda comprado una parcela en la luna y que ten\u00eda <\/span><b>invertidos 1.000 millones de d\u00f3lares en desarrollar la tecnolog\u00eda para llegar y habitar nuestro sat\u00e9lite. <\/b><span style=\"font-weight: 400;\">Por un lado, me sorprendi\u00f3 que si en todos estos a\u00f1os nadie ha sido capaz de volver a la luna (en el caso de que fuera cierta la primera llegada), ahora vaya a ser tan sencillo.<br \/>\n<\/span><span style=\"font-weight: 400;\">Por otro lado, a pesar de doblar los honorarios, me desmotiv\u00e9 del proyecto y vi que iba totalmente<\/span><b> en contra de mis principios.<\/b><span style=\"font-weight: 400;\"> As\u00ed que, sencillamente, renunci\u00e9. Amancio se enfad\u00f3 mucho; pero, creo que hice lo correcto\u201d.<\/span><\/p>\n<p>&nbsp;<\/p>\n<p><span style=\"font-weight: 400;\">Sin embargo, <strong>Amancio Ortega<\/strong> lo tiene bien claro: \u201cCuando me enter\u00e9 que los ricos de verdad como Elon Musk y Bezos estaban haciendo sus encargos para sus viviendas en el espacio, pens\u00e9: yo no puedo ser menos. <\/span><b>No lo hago tanto por m\u00ed como por Espa\u00f1a.<\/b><span style=\"font-weight: 400;\"> Quiero que estemos a la cabeza mundial del emprendimiento. Adem\u00e1s, si algo hemos aprendido de la pandemia es que nos podemos ir al garete en cualquier momento y necesitamos <\/span><b>expandirnos.<\/b><span style=\"font-weight: 400;\"> Eso s\u00ed, como siempre, mientras otros ofrecer\u00e1n viviendas en Marte o la Luna a precios desorbitados, yo ya tengo fichadas varias constructoras indias que har\u00e1n la futura vivienda econ\u00f3mica m\u00e1s all\u00e1 de nuestro planeta. Seremos la punta de lanza de la econom\u00eda sostenible inmobiliaria extraterrestre. Yo tengo pensado <\/span><b>donar mi fortuna<\/b><span style=\"font-weight: 400;\"> a causas ben\u00e9ficas e irme con lo justo a Marte. Ser\u00e1 parecido a la conquista del oeste, pero sin indios.\u201d<\/span><\/p>\n<p><span style=\"font-weight: 400;\">Llegado este punto, es cuando el empresario leon\u00e9s anuncia un <\/span><b>concurso<\/b><span style=\"font-weight: 400;\"> para su nueva casa en la Luna. Se presentaron todos los arquitectos del Star System, quedando en la final Bjarke Ingels (BIG) y Nouvel arquitectos.<\/span><\/p>\n<p><span style=\"font-weight: 400;\">En un principio, se pens\u00f3 en un encargo directo a <\/span><b>Amey Kandalgaonkar<\/b><span style=\"font-weight: 400;\">, pues ya tiene experiencia en este tipo de proyectos; pero, se desech\u00f3 esta opci\u00f3n al comprobar que su estudio de arquitectura s\u00f3lo exist\u00eda en el <strong>metaverso<\/strong>.<\/span><\/p>\n<p><span style=\"font-weight: 400;\">Finalmente, en una presentaci\u00f3n comandada por la pol\u00e9mica, el encargo cay\u00f3 en manos del estudio franc\u00e9s.<\/span><\/p>\n<p><span style=\"font-weight: 400;\">En este sentido, pudimos ver en en <\/span><b>Twitter de Ingels <\/b><span style=\"font-weight: 400;\">el siguiente tuit: \u201cYo no sab\u00eda que el proyecto acabar\u00eda en Marte y otros ten\u00edan <\/span><b>informaci\u00f3n privilegiada\u201d<\/b><span style=\"font-weight: 400;\">.<\/span><\/p>\n<p><span style=\"font-weight: 400;\">Es decir, el G.M.E (gobierno mundial extraterrestre) dict\u00f3 sentencia unilateral para evitar la construcci\u00f3n de la vivienda por<\/span><b> no presentar el certificado de propiedad de la parcela<\/b><span style=\"font-weight: 400;\">. As\u00ed que, el proyecto se traslad\u00f3 a Marte y ah\u00ed, de momento, estar\u00e1 ubicado.<\/span><\/p>\n<p>&nbsp;<\/p>\n<p><span style=\"font-weight: 400;\">El nuevo proyecto avanza y, en este caso, el\u00a0 G.M.E ha dado el visto bueno pues al parecer el <\/span><b>expresidente de Inditex <\/b><span style=\"font-weight: 400;\">s\u00ed ha podido presentar el certificado de propiedad de una parcela de <\/span><b>una hect\u00e1rea en Marte<\/b><span style=\"font-weight: 400;\">. Los abogados de Ortega afirman: \u201cEn su d\u00eda, ya una persona compr\u00f3 parte\u00a0 del Sol y vimos que legalmente podr\u00eda ser posible. Y lo que es posible para nuestro buffet es siempre un reto. Reto que hemos\u00a0 superado. Ahora, estamos hablando con otros empresarios de primer nivel para poder hacer <\/span><b>una colonia en el planeta rojo. <\/b><span style=\"font-weight: 400;\">Shakira y C. Tangana ya han comenzado los encargos de sus viviendas; pero, actualmente, no se sabe el arquitecto que las har\u00e1.\u201d<\/span><\/p>\n<p><span style=\"font-weight: 400;\">En fin, una historia llena de incongruencias y misterio de cuyo final no sabemos. De hecho, las \u00faltimas filtraciones apuntan que <\/span><b>todo terminar\u00e1 quedando en un \u201csimple\u201d proyecto en el metaverso.<\/b><\/p>\n<p><span style=\"font-weight: 400;\">Continuaremos informando.<\/span><\/p>\n<p><span style=\"font-weight: 400;\">\u2026<\/span><\/p>\n<h4 style=\"text-align: center;\"><span style=\"font-weight: 400;\">Autor post: Stepienybarno<\/span><\/h4>\n<h4 style=\"text-align: center;\"><span style=\"font-weight: 400;\">Imagen generada con Stable Diffusion por Susana Gallego<\/span><\/h4>\n<p>&#8230;<\/p>\n<p><span style=\"font-weight: 400;\">* Hoy es<strong> 28 de diciembre<\/strong> y el texto est\u00e1 escrito para el D\u00eda de los Inocentes.<\/span><\/p>\n<div id=\"attachment_56300\" style=\"width: 522px\" class=\"wp-caption alignnone\"><img loading=\"lazy\" decoding=\"async\" aria-describedby=\"caption-attachment-56300\" class=\"size-full wp-image-56300\" src=\"https:\/\/stepienybarno.es\/blog\/wp-content\/uploads\/2022\/12\/an_architecture_photograph_of_planet_mars_with_a_futuristic_house.png\" alt=\"Casa en marte de Nouvel\" width=\"512\" height=\"512\" srcset=\"https:\/\/stepienybarno.es\/blog\/wp-content\/uploads\/2022\/12\/an_architecture_photograph_of_planet_mars_with_a_futuristic_house.png 512w, https:\/\/stepienybarno.es\/blog\/wp-content\/uploads\/2022\/12\/an_architecture_photograph_of_planet_mars_with_a_futuristic_house-180x180.png 180w, https:\/\/stepienybarno.es\/blog\/wp-content\/uploads\/2022\/12\/an_architecture_photograph_of_planet_mars_with_a_futuristic_house-224x224.png 224w, https:\/\/stepienybarno.es\/blog\/wp-content\/uploads\/2022\/12\/an_architecture_photograph_of_planet_mars_with_a_futuristic_house-316x316.png 316w\" sizes=\"(max-width: 512px) 100vw, 512px\" \/><p id=\"caption-attachment-56300\" class=\"wp-caption-text\">Casa en Marte, de Nouvel<\/p><\/div>\n<p>Tambi\u00e9n te gustar\u00e1:<\/p>\n<p><a href=\"https:\/\/stepienybarno.es\/blog\/2011\/12\/28\/la-nueva-ciudad-sostenible-de-santiago-calatrava-formipolis\/\" target=\"_blank\" rel=\"noopener\">LA NUEVA CIUDAD SOSTENIBLE DE SANTIAGO CALATRAVA, FORMIPOLIS<\/a><\/p>\n<p><span style=\"font-weight: 400;\">\u2026<\/span><\/p>\n<p><a href=\"https:\/\/www.admagazine.com\/arquitectura\/la-casa-en-marte-de-elon-musk-20210108-7960-articulos\" target=\"_blank\" rel=\"noopener\"><span style=\"font-weight: 400;\">Post inspirado en este<\/span><\/a><\/p>\n<p><span style=\"font-weight: 400;\">\u2026<\/span><\/p>\n<p>&nbsp;<\/p>\n","protected":false},"excerpt":{"rendered":"<p>Jean Nouvel ser\u00e1 el arquitecto encargado de construir la futura casa de Amancio Ortega en Marte.\u00a0<\/p>\n<p>Lo que comenz\u00f3 con un encargo a Alberto Campo Baeza para construir su nueva casa en la Moraleja, acab\u00f3 con este loco proyecto extraterrestre.<\/p>\n<p>En este art\u00edculo, os contaremos todo sobre la renuncia de nuestro arquitecto de la luz y del espacio. Con su dimisi\u00f3n y la llegada del arquitecto franc\u00e9s,\u00a0 el proyecto pas\u00f3 del planeta tierra, a la luna. Finalmente, la casa, por problemas legales, se ubicar\u00e1 en Marte.\u00a0<\/p>\n<p>Una rocambolesca historia, no exenta de tensi\u00f3n e intriga.\u00a0<\/p>\n<p>Si quieres saber todos los detalles, !!no dejes de seguir leyendo!!\u00a0<\/p>\n","protected":false},"author":2,"featured_media":56300,"comment_status":"open","ping_status":"closed","sticky":false,"template":"","format":"standard","meta":{"om_disable_all_campaigns":false,"_monsterinsights_skip_tracking":false,"_monsterinsights_sitenote_active":false,"_monsterinsights_sitenote_note":"","_monsterinsights_sitenote_category":0,"_uf_show_specific_survey":0,"_uf_disable_surveys":false,"episode_type":"audio","audio_file":"","cover_image":"","cover_image_id":"","duration":"","filesize":"","date_recorded":"","explicit":"","block":"","filesize_raw":"","footnotes":""},"categories":[34,4],"tags":[9069,650,9664,9665,9666,4082],"series":[],"class_list":["post-56294","post","type-post","status-publish","format-standard","has-post-thumbnail","hentry","category-actualidad","category-arquilectura","tag-28-de-diciembre","tag-alberto-campo-baeza","tag-amancio-ortega","tag-ia","tag-marte","tag-susana-gallego"],"aioseo_notices":[],"episode_featured_image":"https:\/\/stepienybarno.es\/blog\/wp-content\/uploads\/2022\/12\/an_architecture_photograph_of_planet_mars_with_a_futuristic_house.png","episode_player_image":"https:\/\/stepienybarno.es\/blog\/wp-content\/uploads\/2020\/11\/stepienybarno-podcast-scaled.jpg","download_link":"","player_link":"","audio_player":false,"episode_data":{"playerMode":"dark","subscribeUrls":[],"rssFeedUrl":"https:\/\/stepienybarno.es\/blog\/feed\/podcast\/podcast-de-stepienybarno","embedCode":"<blockquote class=\"wp-embedded-content\" data-secret=\"ZC3SQxs9No\"><a href=\"https:\/\/stepienybarno.es\/blog\/2022\/12\/28\/una-casa-en-marte-para-amancio-ortega-de-la-mano-de-jean-nouvel\/\">\u00bfUna casa en MARTE para AMANCIO ORTEGA? De la mano de JEAN NOUVEL<\/a><\/blockquote><iframe sandbox=\"allow-scripts\" security=\"restricted\" src=\"https:\/\/stepienybarno.es\/blog\/2022\/12\/28\/una-casa-en-marte-para-amancio-ortega-de-la-mano-de-jean-nouvel\/embed\/#?secret=ZC3SQxs9No\" width=\"500\" height=\"350\" title=\"\u00ab\u00bfUna casa en MARTE para AMANCIO ORTEGA? De la mano de JEAN NOUVEL\u00bb \u2014 Blog de STEPIEN Y BARNO - publicaci\u00f3n digital sobre arquitectura\" data-secret=\"ZC3SQxs9No\" frameborder=\"0\" marginwidth=\"0\" marginheight=\"0\" scrolling=\"no\" class=\"wp-embedded-content\"><\/iframe><script type=\"text\/javascript\">\n\/* <![CDATA[ *\/\n\/*! This file is auto-generated *\/\n!function(d,l){\"use strict\";l.querySelector&&d.addEventListener&&\"undefined\"!=typeof URL&&(d.wp=d.wp||{},d.wp.receiveEmbedMessage||(d.wp.receiveEmbedMessage=function(e){var t=e.data;if((t||t.secret||t.message||t.value)&&!\/[^a-zA-Z0-9]\/.test(t.secret)){for(var s,r,n,a=l.querySelectorAll('iframe[data-secret=\"'+t.secret+'\"]'),o=l.querySelectorAll('blockquote[data-secret=\"'+t.secret+'\"]'),c=new RegExp(\"^https?:$\",\"i\"),i=0;i<o.length;i++)o[i].style.display=\"none\";for(i=0;i<a.length;i++)s=a[i],e.source===s.contentWindow&&(s.removeAttribute(\"style\"),\"height\"===t.message?(1e3<(r=parseInt(t.value,10))?r=1e3:~~r<200&&(r=200),s.height=r):\"link\"===t.message&&(r=new URL(s.getAttribute(\"src\")),n=new URL(t.value),c.test(n.protocol))&&n.host===r.host&&l.activeElement===s&&(d.top.location.href=t.value))}},d.addEventListener(\"message\",d.wp.receiveEmbedMessage,!1),l.addEventListener(\"DOMContentLoaded\",function(){for(var e,t,s=l.querySelectorAll(\"iframe.wp-embedded-content\"),r=0;r<s.length;r++)(t=(e=s[r]).getAttribute(\"data-secret\"))||(t=Math.random().toString(36).substring(2,12),e.src+=\"#?secret=\"+t,e.setAttribute(\"data-secret\",t)),e.contentWindow.postMessage({message:\"ready\",secret:t},\"*\")},!1)))}(window,document);\n\/* ]]> *\/\n<\/script>\n"},"_links":{"self":[{"href":"https:\/\/stepienybarno.es\/blog\/wp-json\/wp\/v2\/posts\/56294"}],"collection":[{"href":"https:\/\/stepienybarno.es\/blog\/wp-json\/wp\/v2\/posts"}],"about":[{"href":"https:\/\/stepienybarno.es\/blog\/wp-json\/wp\/v2\/types\/post"}],"author":[{"embeddable":true,"href":"https:\/\/stepienybarno.es\/blog\/wp-json\/wp\/v2\/users\/2"}],"replies":[{"embeddable":true,"href":"https:\/\/stepienybarno.es\/blog\/wp-json\/wp\/v2\/comments?post=56294"}],"version-history":[{"count":7,"href":"https:\/\/stepienybarno.es\/blog\/wp-json\/wp\/v2\/posts\/56294\/revisions"}],"predecessor-version":[{"id":56303,"href":"https:\/\/stepienybarno.es\/blog\/wp-json\/wp\/v2\/posts\/56294\/revisions\/56303"}],"wp:featuredmedia":[{"embeddable":true,"href":"https:\/\/stepienybarno.es\/blog\/wp-json\/wp\/v2\/media\/56300"}],"wp:attachment":[{"href":"https:\/\/stepienybarno.es\/blog\/wp-json\/wp\/v2\/media?parent=56294"}],"wp:term":[{"taxonomy":"category","embeddable":true,"href":"https:\/\/stepienybarno.es\/blog\/wp-json\/wp\/v2\/categories?post=56294"},{"taxonomy":"post_tag","embeddable":true,"href":"https:\/\/stepienybarno.es\/blog\/wp-json\/wp\/v2\/tags?post=56294"},{"taxonomy":"series","embeddable":true,"href":"https:\/\/stepienybarno.es\/blog\/wp-json\/wp\/v2\/series?post=56294"}],"curies":[{"name":"wp","href":"https:\/\/api.w.org\/{rel}","templated":true}]}}