{"id":56401,"date":"2023-01-09T08:02:30","date_gmt":"2023-01-09T06:02:30","guid":{"rendered":"https:\/\/stepienybarno.es\/blog\/?p=56401"},"modified":"2023-01-02T20:28:06","modified_gmt":"2023-01-02T18:28:06","slug":"michel-onfray-contra-el-idealismo-arquitectonico","status":"publish","type":"post","link":"https:\/\/stepienybarno.es\/blog\/2023\/01\/09\/michel-onfray-contra-el-idealismo-arquitectonico\/","title":{"rendered":"Michel Onfray: contra el idealismo arquitect\u00f3nico"},"content":{"rendered":"<div id=\"attachment_56402\" style=\"width: 1034px\" class=\"wp-caption alignnone\"><img loading=\"lazy\" decoding=\"async\" aria-describedby=\"caption-attachment-56402\" class=\"size-full wp-image-56402\" src=\"https:\/\/stepienybarno.es\/blog\/wp-content\/uploads\/2023\/01\/stepienybarno-Michel-Onfray-contra-el-idealismo-arquitectonico-Postdeldia.jpg\" alt=\"\" width=\"1024\" height=\"814\" srcset=\"https:\/\/stepienybarno.es\/blog\/wp-content\/uploads\/2023\/01\/stepienybarno-Michel-Onfray-contra-el-idealismo-arquitectonico-Postdeldia.jpg 1024w, https:\/\/stepienybarno.es\/blog\/wp-content\/uploads\/2023\/01\/stepienybarno-Michel-Onfray-contra-el-idealismo-arquitectonico-Postdeldia-550x437.jpg 550w, https:\/\/stepienybarno.es\/blog\/wp-content\/uploads\/2023\/01\/stepienybarno-Michel-Onfray-contra-el-idealismo-arquitectonico-Postdeldia-881x700.jpg 881w, https:\/\/stepienybarno.es\/blog\/wp-content\/uploads\/2023\/01\/stepienybarno-Michel-Onfray-contra-el-idealismo-arquitectonico-Postdeldia-180x143.jpg 180w, https:\/\/stepienybarno.es\/blog\/wp-content\/uploads\/2023\/01\/stepienybarno-Michel-Onfray-contra-el-idealismo-arquitectonico-Postdeldia-316x251.jpg 316w\" sizes=\"(max-width: 1024px) 100vw, 1024px\" \/><p id=\"caption-attachment-56402\" class=\"wp-caption-text\">Caravans\u00e9rail de la Ferme du Buisson, Noisiel, Marne-La-Vall\u00e9e<br \/>Patrick Bouchain, architecte<\/p><\/div>\n<h1><strong>Por:\u00a0<\/strong>Alejandro Hern\u00e1ndez G\u00e1lvez<\/h1>\n<h2>Desde: <strong>Arquine<br \/>\n<\/strong><\/h2>\n<h2>Fotograf\u00eda: Caravans\u00e9rail de la Ferme du Buisson, Noisiel, Marne-La-Vall\u00e9e Patrick Bouchain, architecte<\/h2>\n<p>En el sitio web de Michel Onfray dice que naci\u00f3 el 1\u00ba de enero de 1959, que ense\u00f1\u00f3 en un liceo t\u00e9cnico en Caen, Normand\u00eda, entre 1983 y el 2002 antes de crear la Universiad Popular de Caen, que ha escrito unos cincuenta libros y que su inter\u00e9s es intentar una teor\u00eda del hedonismo desde la pregunta \u00bfqu\u00e9 puede el cuerpo? Entre los cincuenta libros que ha publicado se encuentra el Manifiesto arquitect\u00f3nico, justo par la Universidad Popular de Caen, y que es la continuaci\u00f3n de La comunidad filos\u00f3fica, donde planteaba \u201cla organizaci\u00f3n conceptual de la Universidad popular que fund\u00f3. Si en aqu\u00e9l libro se planteaba una utop\u00eda, en \u00e9ste se le da lugar, f\u00edsico, concreto, arquitect\u00f3nico.\u201d<\/p>\n<p style=\"text-align: center;\"><a href=\"https:\/\/bit.ly\/3jJwBg2\" target=\"_blank\" rel=\"noopener noreferrer\">Acceder al post<\/a><\/p>\n<hr \/>\n<h5><strong>Autores del post: <a href=\"https:\/\/stepienybarno.es\/blog\/2011\/09\/04\/las-fortalezas-del-arquitecto\/\">Stepienybarno<\/a> _ Agnieszka Stepien y Lorenzo Barn\u00f3<\/strong><\/h5>\n<h5>Y como siempre, si te gust\u00f3 el post, estar\u00eda genial que lo compartas en tus redes sociales.<\/h5>\n<h5>A su vez, si todav\u00eda no est\u00e1s suscrito a nuestra Newsletter, te animamos a hacerlo en la casilla que tienes al terminar este art\u00edculo.<\/h5>\n<p>&nbsp;<\/p>\n<p>Suscribirte a nuestro blog y recibe gratis nuestra gu\u00eda: 10 Ideas para vender m\u00e1s si eres arquitecto<\/p>\n<p>Acceder: <a href=\"http:\/\/bit.ly\/2fkkTS7\">http:\/\/bit.ly\/2fkkTS7<\/a><\/p>\n<p>&nbsp;<\/p>\n<p>Si te interesa contactar con nosotros para que te ayudemos a mejorar tu visibilidad online y, en consecuencia, mejorar tus oportunidades laborales, no dudes en escribirnos a: <a href=\"mailto:blog@stepienybarno.es\">blog@stepienybarno.es<\/a><\/p>\n<p>&nbsp;<\/p>\n<p><em><a href=\"https:\/\/twitter.com\/stepienybarno\">Stepienybarno en TWITTER<\/a><\/em><\/p>\n<p><em><a href=\"https:\/\/twitter.com\/stepienybarno\">@stepienybarno (+ de 16.000 seguidores)<\/a><\/em><\/p>\n<p><em><a href=\"https:\/\/twitter.com\/stepienybarno?lang=es\">https:\/\/twitter.com\/stepienybarno?lang=es<\/a><\/em><\/p>\n<p><em><a href=\"https:\/\/www.facebook.com\/pages\/BLOG-DE-STEPIENYBARNO\/78001079029\">Stepienybarno en FACEBOOK (+ de 24<u>.000 seguidores)<\/u><\/a><\/em><\/p>\n<p><em><a href=\"https:\/\/www.facebook.com\/StepienyBarnoArquitecturaeIdentidadDigital\/\">https:\/\/www.facebook.com\/StepienyBarnoArquitecturaeIdentidadDigital\/<\/a><\/em><\/p>\n<p><em>Acceder a nuestro GRUPO CERRADO DE FACEBOOK sobre Identidad Digital para Arquitectos:<\/em><\/p>\n<p><em><a href=\"https:\/\/www.facebook.com\/groups\/IdentidadDigitalParaArquitectos\/\">https:\/\/www.facebook.com\/groups\/IdentidadDigitalParaArquitectos\/<\/a><\/em><\/p>\n<p><em>Suscr\u00edbete a nuestro canal de YOUTUBE: <a href=\"http:\/\/bit.ly\/2A1UtAd\">http:\/\/bit.ly\/2A1UtAd<\/a><\/em><\/p>\n<p>&nbsp;<\/p>\n<p>* <a href=\"https:\/\/stepienybarno.es\/blog\/2011\/09\/04\/las-fortalezas-del-arquitecto\/\">Stepienybarno<\/a> est\u00e1 formado por Agnieszka Stepien y Lorenzo Barn\u00f3 y desde mayo del 2009 estamos en la red con la presente publicaci\u00f3n digital (Blog) de arquitectura.<\/p>\n<p>Nuestra actividad se sustenta en tres pilares b\u00e1sicos: la investigaci\u00f3n, la publicaci\u00f3n y la redacci\u00f3n de proyectos de arquitectura.<\/p>\n<p>A su vez, somos socios cofundadores de <a href=\"http:\/\/sinergiasostenible.org\/\">SINERGIA SOSTENIBLE<\/a>.<\/p>\n","protected":false},"excerpt":{"rendered":"<p>Por:\u00a0Alejandro Hern\u00e1ndez G\u00e1lvez Desde: Arquine Fotograf\u00eda: Caravans\u00e9rail de la Ferme<\/p>\n","protected":false},"author":2,"featured_media":56402,"comment_status":"open","ping_status":"closed","sticky":false,"template":"","format":"standard","meta":{"om_disable_all_campaigns":false,"_monsterinsights_skip_tracking":false,"_monsterinsights_sitenote_active":false,"_monsterinsights_sitenote_note":"","_monsterinsights_sitenote_category":0,"_uf_show_specific_survey":0,"_uf_disable_surveys":false,"episode_type":"audio","audio_file":"","cover_image":"","cover_image_id":"","duration":"","filesize":"","date_recorded":"","explicit":"","block":"","filesize_raw":"","footnotes":""},"categories":[244],"tags":[7001,9674],"series":[],"class_list":["post-56401","post","type-post","status-publish","format-standard","has-post-thumbnail","hentry","category-canal-de-arquitectura","tag-alejandro-hernandez-galvez","tag-michel-onfray"],"aioseo_notices":[],"episode_featured_image":"https:\/\/stepienybarno.es\/blog\/wp-content\/uploads\/2023\/01\/stepienybarno-Michel-Onfray-contra-el-idealismo-arquitectonico-Postdeldia.jpg","episode_player_image":"https:\/\/stepienybarno.es\/blog\/wp-content\/uploads\/2020\/11\/stepienybarno-podcast-scaled.jpg","download_link":"","player_link":"","audio_player":false,"episode_data":{"playerMode":"dark","subscribeUrls":[],"rssFeedUrl":"https:\/\/stepienybarno.es\/blog\/feed\/podcast\/podcast-de-stepienybarno","embedCode":"<blockquote class=\"wp-embedded-content\" data-secret=\"dayJD3DrOX\"><a href=\"https:\/\/stepienybarno.es\/blog\/2023\/01\/09\/michel-onfray-contra-el-idealismo-arquitectonico\/\">Michel Onfray: contra el idealismo arquitect\u00f3nico<\/a><\/blockquote><iframe sandbox=\"allow-scripts\" security=\"restricted\" src=\"https:\/\/stepienybarno.es\/blog\/2023\/01\/09\/michel-onfray-contra-el-idealismo-arquitectonico\/embed\/#?secret=dayJD3DrOX\" width=\"500\" height=\"350\" title=\"\u00abMichel Onfray: contra el idealismo arquitect\u00f3nico\u00bb \u2014 Blog de STEPIEN Y BARNO - publicaci\u00f3n digital sobre arquitectura\" data-secret=\"dayJD3DrOX\" frameborder=\"0\" marginwidth=\"0\" marginheight=\"0\" scrolling=\"no\" class=\"wp-embedded-content\"><\/iframe><script type=\"text\/javascript\">\n\/* <![CDATA[ *\/\n\/*! This file is auto-generated *\/\n!function(d,l){\"use strict\";l.querySelector&&d.addEventListener&&\"undefined\"!=typeof URL&&(d.wp=d.wp||{},d.wp.receiveEmbedMessage||(d.wp.receiveEmbedMessage=function(e){var t=e.data;if((t||t.secret||t.message||t.value)&&!\/[^a-zA-Z0-9]\/.test(t.secret)){for(var s,r,n,a=l.querySelectorAll('iframe[data-secret=\"'+t.secret+'\"]'),o=l.querySelectorAll('blockquote[data-secret=\"'+t.secret+'\"]'),c=new RegExp(\"^https?:$\",\"i\"),i=0;i<o.length;i++)o[i].style.display=\"none\";for(i=0;i<a.length;i++)s=a[i],e.source===s.contentWindow&&(s.removeAttribute(\"style\"),\"height\"===t.message?(1e3<(r=parseInt(t.value,10))?r=1e3:~~r<200&&(r=200),s.height=r):\"link\"===t.message&&(r=new URL(s.getAttribute(\"src\")),n=new URL(t.value),c.test(n.protocol))&&n.host===r.host&&l.activeElement===s&&(d.top.location.href=t.value))}},d.addEventListener(\"message\",d.wp.receiveEmbedMessage,!1),l.addEventListener(\"DOMContentLoaded\",function(){for(var e,t,s=l.querySelectorAll(\"iframe.wp-embedded-content\"),r=0;r<s.length;r++)(t=(e=s[r]).getAttribute(\"data-secret\"))||(t=Math.random().toString(36).substring(2,12),e.src+=\"#?secret=\"+t,e.setAttribute(\"data-secret\",t)),e.contentWindow.postMessage({message:\"ready\",secret:t},\"*\")},!1)))}(window,document);\n\/* ]]> *\/\n<\/script>\n"},"_links":{"self":[{"href":"https:\/\/stepienybarno.es\/blog\/wp-json\/wp\/v2\/posts\/56401"}],"collection":[{"href":"https:\/\/stepienybarno.es\/blog\/wp-json\/wp\/v2\/posts"}],"about":[{"href":"https:\/\/stepienybarno.es\/blog\/wp-json\/wp\/v2\/types\/post"}],"author":[{"embeddable":true,"href":"https:\/\/stepienybarno.es\/blog\/wp-json\/wp\/v2\/users\/2"}],"replies":[{"embeddable":true,"href":"https:\/\/stepienybarno.es\/blog\/wp-json\/wp\/v2\/comments?post=56401"}],"version-history":[{"count":1,"href":"https:\/\/stepienybarno.es\/blog\/wp-json\/wp\/v2\/posts\/56401\/revisions"}],"predecessor-version":[{"id":56403,"href":"https:\/\/stepienybarno.es\/blog\/wp-json\/wp\/v2\/posts\/56401\/revisions\/56403"}],"wp:featuredmedia":[{"embeddable":true,"href":"https:\/\/stepienybarno.es\/blog\/wp-json\/wp\/v2\/media\/56402"}],"wp:attachment":[{"href":"https:\/\/stepienybarno.es\/blog\/wp-json\/wp\/v2\/media?parent=56401"}],"wp:term":[{"taxonomy":"category","embeddable":true,"href":"https:\/\/stepienybarno.es\/blog\/wp-json\/wp\/v2\/categories?post=56401"},{"taxonomy":"post_tag","embeddable":true,"href":"https:\/\/stepienybarno.es\/blog\/wp-json\/wp\/v2\/tags?post=56401"},{"taxonomy":"series","embeddable":true,"href":"https:\/\/stepienybarno.es\/blog\/wp-json\/wp\/v2\/series?post=56401"}],"curies":[{"name":"wp","href":"https:\/\/api.w.org\/{rel}","templated":true}]}}