{"id":5671,"date":"2012-05-15T13:52:33","date_gmt":"2012-05-15T11:52:33","guid":{"rendered":"https:\/\/www.stepienybarno.es\/blog\/?p=5671"},"modified":"2019-04-17T12:52:20","modified_gmt":"2019-04-17T10:52:20","slug":"el-aporte-a-la-sostenibilidad-de-los-huertos-urbanos","status":"publish","type":"post","link":"https:\/\/stepienybarno.es\/blog\/2012\/05\/15\/el-aporte-a-la-sostenibilidad-de-los-huertos-urbanos\/","title":{"rendered":"EL APORTE A LA SOSTENIBILIDAD DE LOS HUERTOS URBANOS"},"content":{"rendered":"<p align=\"left\">\n<p align=\"center\"><img loading=\"lazy\" decoding=\"async\" class=\"aligncenter size-full wp-image-5672\" title=\"0. Rita Monfort - Huerto de la Sagrada Familia  STEPIENYBARNO ASA 2 350\" src=\"https:\/\/stepienybarno.es\/blog\/wp-content\/uploads\/2012\/05\/0.-Rita-Monfort-Huerto-de-la-Sagrada-Familia-STEPIENYBARNO-ASA-2-350-.jpg\" alt=\"0. Rita Monfort - Huerto de la Sagrada Familia  STEPIENYBARNO ASA 2 350\" width=\"350\" height=\"263\" srcset=\"https:\/\/stepienybarno.es\/blog\/wp-content\/uploads\/2012\/05\/0.-Rita-Monfort-Huerto-de-la-Sagrada-Familia-STEPIENYBARNO-ASA-2-350-.jpg 350w, https:\/\/stepienybarno.es\/blog\/wp-content\/uploads\/2012\/05\/0.-Rita-Monfort-Huerto-de-la-Sagrada-Familia-STEPIENYBARNO-ASA-2-350--180x135.jpg 180w, https:\/\/stepienybarno.es\/blog\/wp-content\/uploads\/2012\/05\/0.-Rita-Monfort-Huerto-de-la-Sagrada-Familia-STEPIENYBARNO-ASA-2-350--316x237.jpg 316w\" sizes=\"(max-width: 350px) 100vw, 350px\" \/><\/p>\n<p align=\"left\">\n<p align=\"left\">Os animamos a leer este interesante art\u00edculo, escrito por Rita Monfort con motivo del Congreso de l&#8217;Horta Nord que se realiz\u00f3 el a\u00f1o pasado en la UPV. En el mismo se da un buen repaso al tema de\u00a0 los huertos urbanos y la sostenibilidad. Esperamos que sea de vuestro inter\u00e9s!<\/p>\n<p align=\"left\"><!--more--><\/p>\n<p align=\"left\">\n<p align=\"left\">\n<blockquote>\n<p align=\"left\"><strong>Introducci\u00f3n<\/strong><\/p>\n<p align=\"left\">Aunque de nuevo est\u00e1n de actualidad, la historia de los huertos urbanos tiene m\u00e1s de un siglo y, a lo largo de ella, han ido respondiendo a las diferentes necesidades con las que se encontraban los residentes de las ciudades. Nacieron como apoyo a la econom\u00eda familiar, una necesidad; pero actualmente dan respuesta a unos intereses m\u00e1s relacionados con el ocio, el inter\u00e9s por alimentos de calidad y la recuperaci\u00f3n de una cultura, fomentando la cohesi\u00f3n social. Asimismo, adem\u00e1s de todas sus virtudes y ventajas sociales, los huertos urbanos pueden ayudar a realizar las ciudades m\u00e1s sostenibles y a elevar la calidad de vida de los ciudadanos, ya sean usuarios de ellos o no. No debemos olvidar que tienen un doble uso: como huertos urbanos y como zonas verdes, y como tales aportan unos beneficios diferentes de los exclusivamente sociales, y como tales tambi\u00e9n pueden estar integrados en el interior de las ciudades, formando parte de la estructura urbana. Sin embargo para que funcionen y aporten estos beneficios deben de estar creados conforme unas normas y criterios, y deben ser planteados unos requisitos m\u00ednimos a seguir por sus usuarios.<\/p>\n<\/blockquote>\n<p align=\"left\"><strong> <\/strong><\/p>\n<p align=\"center\"><strong><img loading=\"lazy\" decoding=\"async\" class=\"aligncenter size-medium wp-image-5673\" title=\"1. Rita Monfort - Huerto Masia de Can Cadena ASA STEPIENYBARNO\" src=\"https:\/\/stepienybarno.es\/blog\/wp-content\/uploads\/2012\/05\/1.-Rita-Monfort-Huerto-Masia-de-Can-Cadena-ASA-STEPIENYBARNO--350x350.jpg\" alt=\"1. Rita Monfort - Huerto Masia de Can Cadena ASA STEPIENYBARNO\" width=\"350\" height=\"350\" \/><br \/>\n<\/strong><\/p>\n<p align=\"left\">\n<p align=\"left\">Los huertos urbanos tienen una historia que empieza con la ciudad industrial del s.XIX y principios del XX, como una actividad indispensable para la supervivencia. A mitad del s.XX las ciudades se tuvieron que adaptar a la falta de medios con una econom\u00eda de guerra y tuvieron que introducirlos para conseguir abastecer a los ciudadanos de bienes de primera necesidad. A partir de los a\u00f1os setenta se unen a la autogesti\u00f3n, la integraci\u00f3n social, educaci\u00f3n ambiental y el desarrollo local.<\/p>\n<p align=\"left\">Actualmente el valor que se les otorga es tanto el de espacios verdes en la ciudad, como el de acercamiento de la huerta a los ciudadanos, con los alimentos que producen, el disfrute del que la cultiva\u00a0 y la educaci\u00f3n del que la desconoce. Es una realidad cada vez m\u00e1s visible: en las escuelas se crean peque\u00f1as huertas para los ni\u00f1os, en Vitoria existe un proyecto de agroecol\u00f3gica \u201cHuertos de Ocio\u201d en terrenos del Anillo Verde (se ha ampliado de 100 parcelas a 350), en Barcelona existen 12 huertos repartidos en barrios (uno de ellos en medio del ensanche, cerca de la Sagrada Familia), en Sevilla hay 120 parcelas \u201cLas Moreras\u201d en el Parque Miraflores&#8230;<\/p>\n<p align=\"left\">(Moran, 2008) Aparte de las bondades a nivel de desarrollo comunitario y personal que supone la participaci\u00f3n ciudadana en el dise\u00f1o y gesti\u00f3n de jardines y huertos urbanos hay que tener en cuenta que tiene importantes consecuencias en los niveles de gastos de mantenimiento y productividad. En los espacios de este tipo se reducen los costes de mantenimiento y gesti\u00f3n debido al trabajo comunitario intensivo y voluntario. Por otra parte se pone en valor un recurso habitualmente olvidado como son los terrenos bald\u00edos dentro de la ciudad, que pueden convertirse en terrenos productivos, no s\u00f3lo en cuanto a los alimentos que producen sino tambi\u00e9n por sus valores educativos. Adem\u00e1s el grado de mantenimiento que desarrollan los vecinos es mayor que el que puede cubrir el mantenimiento municipal y, por lo tanto, los jardines est\u00e1n m\u00e1s cuidados y son m\u00e1s variados.<\/p>\n<p align=\"left\">Estos huertos se caracterizan sobre todo por su labor social, pero adem\u00e1s tienen funci\u00f3n productiva de autoconsumo, ambiental, urban\u00edstica, saludable, cultural y est\u00e9tica. Normalmente son del Ayuntamiento y los cede a los vecinos con una serie de condiciones, y con tanto \u00e9xito que hay listas de espera; sin embargo tambi\u00e9n existe la versi\u00f3n en la que el due\u00f1o es privado y alquila las parcelas. En Catalu\u00f1a incluso se ha editado una gu\u00eda de integraci\u00f3n paisaj\u00edstica para huertos urbanos y periurbanos, donde se encuentra c\u00f3mo llevar a cabo un proyecto de huertos urbanos y c\u00f3mo funcionan. En ella se fijan una serie de objetivos para los huertos urbanos como son: la promoci\u00f3n de pr\u00e1cticas de agricultura ecol\u00f3gica, el fomento de la utilizaci\u00f3n p\u00fablica responsable o el impulso del asociacionismo entre los usuarios.<\/p>\n<p align=\"left\">Sin embargo tambi\u00e9n tienen sus problemas, las huertas y el reciclaje siempre han estado muy cercanos y es habitual que se aproveche todo tipo de material o desecho para construir verjas, techados, asientos, jardineras&#8230; como puertas, ba\u00f1eras, listones de madera&#8230;<\/p>\n<p align=\"left\">(Moran, 2008) La reutilizaci\u00f3n es una pr\u00e1ctica fundamental en cuanto al tratamiento de los residuos urbanos, adem\u00e1s responde sin\u00e9rgicamente a las necesidades humanas de creatividad, apropiaci\u00f3n o personalizaci\u00f3n del entorno.<\/p>\n<p align=\"left\">Evidentemente el tema del reciclaje se apoya desde todas partes y tambi\u00e9n puede ser una forma de educar a los vecinos, sin embargo se corre el riesgo de caer en que la est\u00e9tica de los huertos se parezca m\u00e1s a la de un basurero que a la de un jard\u00edn, por lo que es conveniente que vaya ligado a unas normas est\u00e9ticas o incluso crear una imagen propia para el conjunto de huertos urbanos, de manera que no destaquen unos sobre otros, salvo por sus plantaciones. Lo habitual es que en las normas generales vayan incluidos una serie de requisitos a cumplir para cuidar la imagen, como mantener el huerto siempre en cultivo (que no aparezca en ning\u00fan momento abandonado), prohibir colocar elementos que no estaban en un principio (como nuevas verjas o separaciones interiores, mobiliario\u2026), prohibir colocar jaulas de animales&#8230;<\/p>\n<p align=\"left\">\n<p align=\"left\">Los huertos urbanos, la sostenibilidad en las ciudades y la calidad de vida de los ciudadanos<\/p>\n<p align=\"left\">\n<p align=\"left\">Hoy en d\u00eda se da una contradicci\u00f3n, y es que puedes comprar cualquier cosa de la otra parte del mundo (gracias a las \u00faltimas tecnolog\u00edas) y tenerla en tu casa a los pocos d\u00edas, ya no existen las frutas y verduras de temporada porque en cualquier \u00e9poca del a\u00f1o se pueden adquirir y disfrutar cualquiera de ella (si no es la \u00e9poca aqu\u00ed ser\u00e1 en el polo opuesto de la Tierra, pero seguro que est\u00e1n en todos los supermercados); sin embargo, en este momento es cuando cada vez hay m\u00e1s gente que valora no s\u00f3lo los alimentos de calidad y la seguridad de c\u00f3mo han sido cultivados, sino tambi\u00e9n el hecho de que tengan un recorrido de transporte lo m\u00e1s breve posible y un n\u00famero menor de intermediarios.<\/p>\n<p align=\"left\">Por otra parte en mitad de todo el desarrollo, de una sociedad de consumo y de prisas, se est\u00e1 empezando a dar un valor especial al tener un espacio de tierra donde poder cultivar tus propias verduras u hortalizas. Se est\u00e1 empezando a ver como un hobbie, no s\u00f3lo por personas mayores, sino tambi\u00e9n por j\u00f3venes que en su mayor\u00eda nunca han tenido relaci\u00f3n con la huerta. En este aspecto los \u201chuertos urbanos\u201d sin duda son un peque\u00f1o \u201clujo\u201d ya que es un terreno con una superficie de parcela asequible como para que se convierta en un hobbie y no en un trabajo a jornada completa (lo cual ser\u00eda inviable para la gran mayor\u00eda de sus seguidores: los j\u00f3venes porque normalmente ya tienen otra profesi\u00f3n, y los jubilados porque su salud ya no les permite realizar tanto esfuerzo como para dedicarle una jornada completa en la mayor\u00eda de los casos), adem\u00e1s lo normal es que se proh\u00edba vender los productos obtenidos de estos huertos, siendo exclusivamente para consumo propio. Por otra parte, tal y como est\u00e1 organizado en muchas ciudades, no hay que preocuparse de nada m\u00e1s a parte de cultivar, ya que se coloca desde un principio la red de riego o las tomas de agua para cada parcela, y, en muchos casos con el pr\u00e9stamo o arrendamiento de la parcela van incluidas las herramientas necesarias y un espacio para guardar los \u00fatiles, existiendo adem\u00e1s en cada conjunto de huertos unos servicios m\u00ednimos y necesarios como pueden ser aseos o contenedores.<\/p>\n<p align=\"left\">Pero muchas veces cuando se habla de huertos urbanos se olvida que pueden estar totalmente integrados en la trama y funcionamiento de las ciudades (tanto en su periferia como en su interior) y el beneficio que tiene para la ciudad en s\u00ed y sus ciudadanos (no s\u00f3lo para sus usuarios). En esta relaci\u00f3n concreta se puede hablar de c\u00f3mo los huertos urbanos es una actuaci\u00f3n que influye de una forma positiva en la mejora de sostenibilidad de barrios o zonas de ciudades tanto consolidadas como de nueva planta. Es evidente que todo espacio verde incluye por s\u00ed mismo una serie de ventajas en diferentes aspectos, y los huertos urbanos hay que tratarlos como tal, ya que pueden ser un peque\u00f1o respiro en mitad del pavimento duro de la ciudad. Y muchas de estas ventajas est\u00e1n relacionadas con la sostenibilidad.<\/p>\n<p align=\"left\">Antes que nada, hay que tener presente que uno de los problemas de las ciudades espa\u00f1olas es la contaminaci\u00f3n. De todas las desventajas que tiene el progreso quiz\u00e1 sea la contaminaci\u00f3n la m\u00e1s llamativa, y en Espa\u00f1a tambi\u00e9n tiene sus consecuencias: la poblaci\u00f3n que respira aire contaminado seg\u00fan la Uni\u00f3n Europea es el 35% (seg\u00fan los valores de la OMS -Organizaci\u00f3n Mundial de la Salud- este porcentaje aumenta hasta el 84%).<\/p>\n<p align=\"left\">La contaminaci\u00f3n atmosf\u00e9rica incide en la aparici\u00f3n y agravamiento de enfermedades de tipo respiratorio, as\u00ed como otras asociadas, como las vasculares y los c\u00e1nceres. La Comisi\u00f3n Europea calcula que por esta causa fallecen anualmente en Europa 370.000 personas. En el Estado espa\u00f1ol se producen 16.000 muertes prematuras al a\u00f1o relacionadas con la contaminaci\u00f3n atmosf\u00e9rica. Sirva como referencia de la magnitud del problema el hecho de que en el Estado espa\u00f1ol los accidentes de tr\u00e1fico durante 2007 causaron 3.823 muertes. Es decir, en el Estado espa\u00f1ol a causa de la contaminaci\u00f3n del aire fallecieron casi 5 veces m\u00e1s personas que por accidentes de tr\u00e1fico.[1]<em> <\/em><\/p>\n<p align=\"left\">Las zonas verdes ejercen una serie de funciones en las ciudades que muchas veces pasan desapercibidas: al ser especies vegetales\u00a0 ayudan a eliminar el CO2 de la atm\u00f3sfera, absorben el polvo y las part\u00edculas en suspensi\u00f3n, mejoran la calidad del aire y elevan el contenido de ox\u00edgeno. Esto se transforma directamente en una mejora de salud para los ciudadanos (principalmente en ni\u00f1os y ancianos) al bajar los niveles de contaminaci\u00f3n y part\u00edculas atmosf\u00e9ricas.<\/p>\n<p align=\"left\">Por otra parte tiene una funci\u00f3n de control t\u00e9rmico. Los \u00e1rboles pueden hacer la funci\u00f3n de \u201ccontroladores de temperatura\u201d, la temperatura bajo su copa, comparada con la exterior, es menor en verano y mayor en invierno. La temperatura a la sombra de los \u00e1rboles puede descender entre 2\u00ba y 6\u00ba dependiendo de la especie. En los huertos urbanos es complicado encontrarnos con \u00e1rboles, sin embargo tambi\u00e9n ayudan (aunque en menor medida) a ejercer este control de temperatura.<\/p>\n<p align=\"left\">\n<p align=\"left\">(Moran, 2008) En los espacios urbanos se produce un microclima con condiciones de temperatura, humedad y circulaci\u00f3n de la brisa que no dependen s\u00f3lo de la radiaci\u00f3n solar, los vientos dominantes o la lluvia, sino de la capacidad de acumulaci\u00f3n t\u00e9rmica y de generaci\u00f3n de humedad de los recintos urbanos. Con una combinaci\u00f3n adecuada de estas variables se podr\u00edan lograr espacios con unas condiciones de confort suficientes para su uso tanto en invierno como en verano.<\/p>\n<p align=\"left\">Otra de las ventajas de los huertos urbanos es que se le est\u00e1 dando un doble uso al suelo: el de zona verde urbana y el de huerto, con una reducci\u00f3n del espacio total para un mismo funcionamiento que si se realizase por separado: para algunos ciudadanos es un lugar de ocio donde cultivar y relacionarse con otras personas, pero para todos es una zona verde, como si fuera un peque\u00f1o jard\u00edn al que no se puede entrar, pero se puede disfrutar vi\u00e9ndolo. Aporta una mejora espacial (siempre que se cumplan unas condiciones de cuidado como se ha comentado antes) y cohesi\u00f3n social: fomenta la llamada \u201cvida de barrio\u201d, con todo lo que ello implica de manera directa e indirecta como la reducci\u00f3n de transporte (una menor contaminaci\u00f3n atmosf\u00e9rica) por no tener que desplazarse para pasar su tiempo de ocio en otro lugar (lo habitual en el caso que los huertos pertenezcan al Ayuntamiento es que uno de los requisitos sea que la persona a la que se le preste o se le arrende el huerto resida en el mismo barrio). Asimismo, econ\u00f3micamente tambi\u00e9n tiene una serie de beneficios: el usuario obtiene sus propios alimentos, pero adem\u00e1s ejerce al cultivarlo unas labores de mantenimiento y cuidado de su huerto que se ahorra el Ayuntamiento en tiempo y dinero (las tendr\u00eda que hacer si simplemente fuese una zona verde m\u00e1s de la ciudad), y seguramente este espacio se encontrar\u00e1 en mejores condiciones, ya que se le dedica mucho m\u00e1s tiempo del que se le dedicar\u00eda normalmente.<\/p>\n<p align=\"left\">\n<p align=\"left\">(Rogers, 2000) Nos estamos habituando a pensar en la naturaleza como un bien definitivo; ahora debemos hacer lo propio con el espacio p\u00fablico e invertir en la dimensi\u00f3n p\u00fablica de nuestros espacios y en la vida p\u00fablica de nuestros ciudadanos.<\/p>\n<p align=\"left\">Cuando se habla de sostenibilidad o de acciones o actuaciones que ayudan a acercarse a ella lo habitual es relacionarlo con el medio ambiente y las generaciones futuras, pero a veces es dif\u00edcil encontrar que beneficios y ventajas tiene directamente en los ciudadanos que hoy en d\u00eda habitan las ciudades y sus alrededores.<\/p>\n<p align=\"left\">Como se ha dicho antes la contaminaci\u00f3n afecta de forma grave a la salud de los ciudadanos; en el momento es que los niveles de contaminaci\u00f3n y part\u00edculas descienden, mejora la salud. Pero no s\u00f3lo de esta forma beneficia a la calidad de vida del ciudadano.<\/p>\n<p align=\"left\">El tener zonas verdes en el interior de una ciudad y que est\u00e9n acotadas y con una dimensi\u00f3n adecuada (si son muy grandes pueden ejercer de frontera entre barrios) es de por si un punto positivo, y hay que a\u00f1adir la mejora est\u00e9tica del lugar y psicol\u00f3gica de las personas (que se produce normalmente). En la mayor\u00eda de los espacios p\u00fablicos el tener vegetaci\u00f3n (junto al confort t\u00e9rmico que ejerce) lo convierte en un espacio m\u00e1s agradable. El hecho de que existan espacios que las personas consideren como agradables en un barrio, supone que sus vecinos se encontrar\u00e1n mejor y les gustar\u00e1 m\u00e1s estar en \u00e9l, y de forma indirecta (al igual que antes con el lugar de ocio) en que se trasladen menos porque ya no lo necesitan (est\u00e1n bien en su barrio), y por lo tanto se elimina transporte y la contaminaci\u00f3n que conlleva.<\/p>\n<p align=\"left\">Educativamente, en una sociedad en la que muchas personas a penas salen de la ciudad, los Huertos Urbanos realizan una funci\u00f3n de educaci\u00f3n ambiental e informaci\u00f3n, no s\u00f3lo para sus usuarios, sino tambi\u00e9n para la gente que los ve desde la calle (aunque no participe de una forma activa en ellos), ya que se est\u00e1 viendo el ciclo completo de los cultivos conforme va pasando el tiempo en mitad de la ciudad. Se acerca la cultura de la huerta a los ciudadanos.<\/p>\n<p align=\"left\">\n<p align=\"left\">Pero a pesar de todas estas ventajas y beneficios no debemos olvidar que toda acci\u00f3n o actuaci\u00f3n conlleva tambi\u00e9n una serie de inconvenientes (m\u00e1s o menos importantes). En todos los casos existe una inversi\u00f3n inicial, tanto econ\u00f3mica, como de tiempo, para ponerlo en marcha, y, aunque a la larga econ\u00f3micamente va a considerar un ahorro por mantenimiento y por tiempo (en un principio funciona por s\u00ed mismo, ya que cada usuario se encarga de mantener su parcela), es necesaria una m\u00ednima supervisi\u00f3n sobre las normas a cumplir, y, por supuesto, un control est\u00e9tico.<\/p>\n<p align=\"left\">\n<p align=\"left\"><strong> <\/strong><\/p>\n<p align=\"left\"><strong> <\/strong><\/p>\n<p align=\"left\"><strong> <\/strong><\/p>\n<table border=\"1\" cellspacing=\"0\" cellpadding=\"0\" width=\"97%\">\n<tbody>\n<tr>\n<td width=\"50%\" valign=\"bottom\">\n<p align=\"left\">Mejoras sostenibles<\/p>\n<\/td>\n<td width=\"50%\" valign=\"bottom\">\n<p align=\"left\">Inconvenientes<\/p>\n<\/td>\n<\/tr>\n<tr>\n<td width=\"50%\" valign=\"bottom\">\n<p align=\"left\">Ayudan a   eliminar el CO2 de la atm\u00f3sfera<\/p>\n<\/td>\n<td width=\"50%\" valign=\"bottom\">\n<p align=\"left\">Inversi\u00f3n   inicial<\/p>\n<\/td>\n<\/tr>\n<tr>\n<td width=\"50%\" valign=\"bottom\">\n<p align=\"left\">Absorben el   polvo y part\u00edculas en suspensi\u00f3n<\/p>\n<\/td>\n<td width=\"50%\" valign=\"bottom\">\n<p align=\"left\">Necesita   supervisi\u00f3n cada cierto tiempo<\/p>\n<\/td>\n<\/tr>\n<tr>\n<td width=\"50%\" valign=\"bottom\">\n<p align=\"left\">Mejoran la   calidad del aire<\/p>\n<\/td>\n<td width=\"50%\" valign=\"bottom\">\n<p align=\"left\">Necesita   control est\u00e9tico<\/p>\n<\/td>\n<\/tr>\n<tr>\n<td width=\"50%\" valign=\"bottom\">\n<p align=\"left\">Elevan el   contenido de ox\u00edgeno<\/p>\n<\/td>\n<td width=\"50%\" valign=\"bottom\">\n<p align=\"left\"><strong> <\/strong><\/p>\n<\/td>\n<\/tr>\n<tr>\n<td width=\"50%\" valign=\"bottom\">\n<p align=\"left\">Mejora de la   calidad espacial<\/p>\n<\/td>\n<td width=\"50%\" valign=\"bottom\">\n<p align=\"left\"><strong> <\/strong><\/p>\n<\/td>\n<\/tr>\n<tr>\n<td width=\"50%\" valign=\"bottom\">\n<p align=\"left\">Doble uso   (zona verde y huerto), reducci\u00f3n del espacio total<\/p>\n<\/td>\n<td width=\"50%\" valign=\"bottom\">\n<p align=\"left\"><strong> <\/strong><\/p>\n<\/td>\n<\/tr>\n<tr>\n<td width=\"50%\" valign=\"bottom\">\n<p align=\"left\">Cohesi\u00f3n   social<\/p>\n<\/td>\n<td width=\"50%\" valign=\"bottom\">\n<p align=\"left\"><strong> <\/strong><\/p>\n<\/td>\n<\/tr>\n<tr>\n<td width=\"50%\" valign=\"bottom\">\n<p align=\"left\"><strong> <\/strong><\/p>\n<\/td>\n<td width=\"50%\" valign=\"bottom\">\n<p align=\"left\"><strong> <\/strong><\/p>\n<\/td>\n<\/tr>\n<tr>\n<td width=\"50%\" valign=\"bottom\">\n<p align=\"left\">Mejoras de la calidad de   vida de las personas<\/p>\n<\/td>\n<td width=\"50%\" valign=\"bottom\">\n<p align=\"left\">\n<\/td>\n<\/tr>\n<tr>\n<td width=\"50%\" valign=\"top\">\n<p align=\"left\">Est\u00e9tica y   espacios m\u00e1s agradables<\/p>\n<\/td>\n<td width=\"50%\" valign=\"top\">\n<p align=\"left\"><strong> <\/strong><\/p>\n<\/td>\n<\/tr>\n<tr>\n<td width=\"50%\" valign=\"top\">\n<p align=\"left\">Atm\u00f3sfera   menos contaminada y m\u00e1s limpia (salud)<\/p>\n<\/td>\n<td width=\"50%\" valign=\"top\">\n<p align=\"left\"><strong> <\/strong><\/p>\n<\/td>\n<\/tr>\n<tr>\n<td width=\"50%\" valign=\"top\">\n<p align=\"left\">Espacios m\u00e1s   agradables t\u00e9rmicamente (control de temperatura)<\/p>\n<\/td>\n<td width=\"50%\" valign=\"top\">\n<p align=\"left\"><strong> <\/strong><\/p>\n<\/td>\n<\/tr>\n<tr>\n<td width=\"50%\" valign=\"top\">\n<p align=\"left\">Educaci\u00f3n   medioambiental (procesos de los cultivos)<\/p>\n<\/td>\n<td width=\"50%\" valign=\"top\">\n<p align=\"left\"><strong> <\/strong><\/p>\n<\/td>\n<\/tr>\n<tr>\n<td width=\"50%\" valign=\"top\">\n<p align=\"left\">Ahorro   econ\u00f3mico a la sociedad en el mantenimiento (son los que lo cultivan los que   lo mantienen en buen estado)<\/p>\n<\/td>\n<td width=\"50%\" valign=\"top\">\n<p align=\"left\"><strong> <\/strong><\/p>\n<\/td>\n<\/tr>\n<tr>\n<td width=\"50%\" valign=\"top\">\n<p align=\"left\">Ocio,   sociabilidad y comida sana (para los que lo cultivan)<\/p>\n<\/td>\n<td width=\"50%\" valign=\"top\">\n<p align=\"left\"><strong> <\/strong><\/p>\n<\/td>\n<\/tr>\n<\/tbody>\n<\/table>\n<p align=\"left\">\n<p align=\"left\">\n<p align=\"left\">Indicadores afectados [2]<\/p>\n<p align=\"left\">\n<p align=\"left\">De un listado de indicadores obtenidos para baremar la sostenibilidad en barrios consolidados de las ciudades, esta actuaci\u00f3n modifica (de forma positiva y directa) a 13 de 34. Estos indicadores se encontraban agrupados en 4 \u00e1reas y 9 categor\u00edas:<\/p>\n<p align=\"left\">\n<p align=\"left\">\u00e1reas\u00a0\u00a0\u00a0\u00a0\u00a0\u00a0\u00a0\u00a0\u00a0\u00a0\u00a0\u00a0\u00a0\u00a0\u00a0\u00a0\u00a0\u00a0\u00a0\u00a0\u00a0\u00a0\u00a0\u00a0\u00a0\u00a0\u00a0\u00a0\u00a0\u00a0\u00a0\u00a0\u00a0\u00a0 9 categor\u00edas\u00a0\u00a0\u00a0\u00a0\u00a0\u00a0\u00a0\u00a0\u00a0\u00a0\u00a0\u00a0\u00a0\u00a0\u00a0\u00a0\u00a0\u00a0\u00a0\u00a0\u00a0\u00a0\u00a0\u00a0\u00a0\u00a0\u00a0\u00a0\u00a0\u00a0\u00a0\u00a0\u00a0\u00a0 34 indicadores<\/p>\n<p align=\"left\">\n<table border=\"1\" cellspacing=\"0\" cellpadding=\"0\" width=\"100%\">\n<tbody>\n<tr>\n<td width=\"24%\">\n<p align=\"left\">Econom\u00eda<\/p>\n<\/td>\n<td width=\"24%\">\n<p align=\"left\">Medio Ambiente<\/p>\n<\/td>\n<td width=\"25%\">\n<p align=\"left\">Social<\/p>\n<\/td>\n<td width=\"25%\">\n<p align=\"left\">Urbanismo<\/p>\n<\/td>\n<\/tr>\n<tr>\n<td width=\"24%\">\n<p align=\"left\">Econom\u00eda:   vitalidad y costes<\/p>\n<\/td>\n<td width=\"24%\">\n<p align=\"left\">Atm\u00f3sfera<\/p>\n<\/td>\n<td width=\"25%\">\n<p align=\"left\">Calidad de   vida<\/p>\n<\/td>\n<td width=\"25%\">\n<p align=\"left\">Zonificaci\u00f3n<\/p>\n<\/td>\n<\/tr>\n<tr>\n<td width=\"24%\">\n<p align=\"left\">\n<\/td>\n<td width=\"24%\">\n<p align=\"left\">Recursos y   huella ecol\u00f3gica<\/p>\n<\/td>\n<td width=\"25%\">\n<p align=\"left\">Educaci\u00f3n   ambiental<\/p>\n<\/td>\n<td width=\"25%\">\n<p align=\"left\">Calidad   espacial<\/p>\n<\/td>\n<\/tr>\n<tr>\n<td width=\"24%\">\n<p align=\"left\">\n<\/td>\n<td width=\"24%\">\n<p align=\"left\">\n<\/td>\n<td width=\"25%\">\n<p align=\"left\">Participaci\u00f3n<\/p>\n<\/td>\n<td width=\"25%\">\n<p align=\"left\">Transporte<\/p>\n<\/td>\n<\/tr>\n<\/tbody>\n<\/table>\n<p align=\"left\">\n<p align=\"left\">\n<p align=\"left\">Los indicadores afectados por los huertos urbanos son los siguientes:<\/p>\n<p align=\"left\">Econom\u00eda<\/p>\n<p align=\"left\">Econom\u00eda: vitalidad y costes<\/p>\n<p align=\"left\">Vitalidad econ\u00f3mica<\/p>\n<p align=\"left\">Costes de mantenimiento<\/p>\n<p align=\"left\">Medio ambiente<\/p>\n<p align=\"left\">Atm\u00f3sfera<\/p>\n<p align=\"left\">Calidad atmosf\u00e9rica<\/p>\n<p align=\"left\">Recursos y huella ecol\u00f3gica<\/p>\n<p align=\"left\">Agua (consumo y ahorro)<\/p>\n<p align=\"left\">Conservaci\u00f3n ambiental<\/p>\n<p align=\"left\">Consumo ecol\u00f3gico<\/p>\n<p align=\"left\">Social<\/p>\n<p align=\"left\">Calidad de vida<\/p>\n<p align=\"left\">Satisfacci\u00f3n del ciudadano<\/p>\n<p align=\"left\">Educaci\u00f3n ambiental<\/p>\n<p align=\"left\">Programas de educaci\u00f3n ambiental<\/p>\n<p align=\"left\">Informaci\u00f3n<\/p>\n<p align=\"left\">Participaci\u00f3n<\/p>\n<p align=\"left\">Asociacionismo<\/p>\n<p align=\"left\">Urbanismo<\/p>\n<p align=\"left\">Zonificaci\u00f3n<\/p>\n<p align=\"left\">Diversidad de usos<\/p>\n<p align=\"left\">Calidad espacial<\/p>\n<p align=\"left\">Zonas verdes<\/p>\n<p align=\"left\">Entornos agradables<\/p>\n<p align=\"left\">\n<p align=\"left\">De la misma forma se describieron unos indicadores que baremaran la calidad de vida de las personas, y en este caso afectaba a 2 de 5 de forma directa:<\/p>\n<p align=\"left\">Espacios para disfrutar (agradables)<\/p>\n<p align=\"left\">Ocio<\/p>\n<p align=\"left\">Y de forma indirecta a los otros 3:<\/p>\n<p align=\"left\">Salud<\/p>\n<p align=\"left\">Ahorro econ\u00f3mico<\/p>\n<p align=\"left\">Accesibilidad<\/p>\n<p align=\"left\">\n<p align=\"left\">\n<p align=\"left\">Criterios para la implantaci\u00f3n de\u00a0 huertos urbanos [3]<\/p>\n<p align=\"left\">\n<p align=\"left\">Adaptar las plataformas y parcelas a la topograf\u00eda.<\/p>\n<p align=\"left\">Dise\u00f1ar la red de riego de acuerdo con la morfolog\u00eda del terreno, utilizando sistemas de riego eficientes.<\/p>\n<p align=\"left\">Integrar en la ordenaci\u00f3n de los huertos los espacios naturales, los recursos naturales y el patrimonio construido tradicional.<\/p>\n<p align=\"left\">Planificar las nuevas plantaciones de forma que refuercen la coherencia del conjunto.<\/p>\n<p align=\"left\">Crear una red de caminos que vertebre el espacio interior y lo conecte con el exterior.<\/p>\n<p align=\"left\">Evitar la construcci\u00f3n de verjas, y, cuando sea imprescindible, colocar un cerramiento perimetral \u00fanico y visualmente permeable.<\/p>\n<p align=\"left\">Localizar las construcciones de forma ordenada y con un dise\u00f1o acorde con el entorno.<\/p>\n<p align=\"left\">Minimizar el impacto visual de las instalaciones y servicios complementarios.<\/p>\n<p align=\"left\">Evitar la existencia de materiales desordenados y de desecho y su utilizaci\u00f3n para construir cerramientos o elementos auxiliares.<\/p>\n<p align=\"left\">Redactar instrumentos urban\u00edsticos y de gesti\u00f3n que garanticen la protecci\u00f3n y ordenaci\u00f3n del espacio.<\/p>\n<p align=\"left\">Constituir asociaciones que coordinen a los usuarios y aseguren el mantenimiento y la buena gesti\u00f3n.<\/p>\n<p align=\"left\">Potenciar los huertos como espacios de identidad colectiva y conocimiento<\/p>\n<p align=\"left\">\n<p align=\"left\">\n<p align=\"left\"><strong>Ejemplo de actuaci\u00f3n: Hort Sagrada Familia (Barcelona)<\/strong><strong> [4]<\/strong><\/p>\n<p style=\"text-align: center;\"><img loading=\"lazy\" decoding=\"async\" class=\"aligncenter size-medium wp-image-5674\" title=\"2. Rita Monfort - Huerto de la Sagrada Familia  STEPIENYBARNO ASA\" src=\"https:\/\/stepienybarno.es\/blog\/wp-content\/uploads\/2012\/05\/2.-Rita-Monfort-Huerto-de-la-Sagrada-Familia-STEPIENYBARNO-ASA--350x262.jpg\" alt=\"2. Rita Monfort - Huerto de la Sagrada Familia  STEPIENYBARNO ASA\" width=\"350\" height=\"262\" \/><\/p>\n<p align=\"left\">Uno de los diez huertos existentes en Barcelona es el de la Sagrada Familia. En pleno ensanche de Barcelona y al lado de la Diagonal se sit\u00faa este huerto de 20 parcelas con 30 m<sup>2<\/sup> cada una, ocupando menos de un cuarto de una de las manzanas de Cerd\u00e0. Como ejemplo de actuaci\u00f3n de huerto urbano, \u00e9ste, por su emplazamiento deja constancia de que un huerto urbano no es necesario que se ubique en la periferia, si no que se puede situar perfectamente en el interior e integrarse en su estructura urbana.<\/p>\n<p align=\"left\">Los objetivos en este huerto son la recuperaci\u00f3n de un espacio poco definido, proporcionar tierra a los mayores para poder cultivar verduras y hortalizas, y acercar la poblaci\u00f3n escolar a la horticultura. Al ser a priori un terreno plano no se han tenido que hacer movimientos de tierra, el lugar es soleado y el agua se obtiene de la red de agua potable de la ciudad. El recinto se encuentra cerrado, pero de forma permeable, tiene un sistema reticular de caminos y los \u00fanicos elementos que aparecen construidos son los m\u00f3dulos de los armarios de herramientas y el cerramiento para los contenedores de residuos.<\/p>\n<p align=\"left\">La propiedad es municipal y se realiza un pr\u00e9stamo gratuito durante 5 a\u00f1os (aunque se puede rescindir en determinados casos), adjudicando las parcelas por medio de concurso p\u00fablico. Para poder participar se ha de residir en el distrito y ser mayores de 65 a\u00f1os, y s\u00f3lo se podr\u00e1 adjudicar una por domicilio. Como equipamientos hay un armario individual para las herramientas de 1m<sup>2<\/sup>, lavabo adaptado y herramientas de pr\u00e9stamo.<\/p>\n<p align=\"left\">A cambio de esto los arrendatarios de las parcelas tienen que cumplir una serie de obligaciones y seguir unas normas: no se pueden plantar \u00e1rboles, colocar construcciones, invernaderos o jaulas para los animales, no se puede poner un cerramiento a la parcela (aunque sea de ca\u00f1as), no se puede regar con aspersores ni sobrepasar los l\u00edmites, no se pueden vender lo que se cultiva y se debe tener la parcela cuidada y limpia, reciclar separando los materiales de la basura\u2026 En caso de que no se cumplan estas normas se podr\u00e1 rescindir el contrato. Lo que se pretende en definitiva es que las personas adjudicatarias se encarguen de tener cultivada la parcela en todo momento para autoconsumo, cuidando de la est\u00e9tica, y que haya un respeto entre todos. Por eso en Barcelona existe un Reglamento de R\u00e9gimen Interno y Funcionamiento de la Red de Huertos Urbanos.<\/p>\n<p align=\"center\"><img loading=\"lazy\" decoding=\"async\" class=\"aligncenter size-medium wp-image-5675\" title=\"3. Rita Monfort - Huerto Masia de Can Cadena ASA STEPIENYBARNO\" src=\"https:\/\/stepienybarno.es\/blog\/wp-content\/uploads\/2012\/05\/3.-Rita-Monfort-Huerto-Masia-de-Can-Cadena-ASA-STEPIENYBARNO--350x114.jpg\" alt=\"3. Rita Monfort - Huerto Masia de Can Cadena ASA STEPIENYBARNO\" width=\"350\" height=\"114\" \/><\/p>\n<p align=\"left\">Vista a\u00e9rea de los huertos donde se puede ver que est\u00e1n en pleno casco urbano de la ciudad. El punto naranja se\u00f1aliza la localizaci\u00f3n de la Sagrada Familia. Fuente Google Earth, Alt ojo: 800 y 230m. nov.2007<\/p>\n<p align=\"left\">\n<p align=\"left\">\n<p align=\"left\"><strong>Bibliograf\u00eda<\/strong><\/p>\n<p align=\"left\"><strong> <\/strong><\/p>\n<p align=\"left\">Libros:<\/p>\n<p align=\"left\">ECOLOGISTAS EN ACCI\u00d3N (2009): <em>INFORME La calidad del aire en el Estado espa\u00f1ol durante 2008<\/em><em>.<\/em><\/p>\n<p align=\"left\">L\u00d3PEZ DE LUCIO, R. (2007):<em> Construir ciudad en la periferia: criterios de dise\u00f1o para \u00e1reas residenciales sostenibles.<\/em> Madrid. Ediciones Mairea.<\/p>\n<p align=\"left\">OLGYAY, V.(1963): <em>Arquitectura y clima: manual de dise\u00f1o bioclim\u00e1tico para arquitectos y urbanistas<\/em>. Edici\u00f3n castellana. Barcelona. Editorial Gustavo Gili SL, 1998.<\/p>\n<p align=\"left\">RODR\u00cdGUEZ ALAMPARTE, S.: <em>Arquitectura y clima: manual de dise\u00f1o bioclim\u00e1tico para arquitectos y urbanistas.<\/em> Anexo a la edici\u00f3n castellana. Barcelona. Editorial Gustavo Gili SL, 1998.<\/p>\n<p align=\"left\">ROGERS, R. (2000): <em>Ciudades para un peque\u00f1o planeta. <\/em>Edici\u00f3n castellana. Barcelona. Editorial Gustavo Gili SA.<\/p>\n<p align=\"left\">(2006): <em>Gu\u00eda de integraci\u00f3n paisaj\u00edstica para huertos urbanos y periurbanos<\/em>. Barcelona. Departament de Pol\u00edtica Territorial i Obres P\u00fabliques. Direcci\u00f3 General d\u2019Arquitectura i Paisatge. Generalitat de Catalunya.<\/p>\n<p align=\"left\">(2007): <em>Calidad del aire en las ciudades,<\/em><em> clave de sostenibilidad urbana<\/em>. Observatorio de la Sostenibilidad en Espa\u00f1a.<\/p>\n<p align=\"left\">\n<p align=\"left\">Art\u00edculos\/Textos:<\/p>\n<p align=\"left\">HERN\u00c1NDEZ AJA, A. (2003): <em>Informe sobre los indicadores locales de sostenibilidad utilizados por los municipios espa\u00f1oles firmantes de la Carta de Aalborg<\/em>. Madrid. Biblioteca Ciudades para un Futuro m\u00e1s Sostenible (<a href=\"http:\/\/habitat.aq.upm.es\/cs\/p2\/a004.html\">http:\/\/habitat.aq.upm.es<\/a>), Documento: Informe sobre los indicadores locales de sostenibilidad. Fecha consulta: 16-07-2009<\/p>\n<p align=\"left\">MONFORT SALVADOR, R. (2010): <em>La Transformaci\u00f3n hacia la sostenibilidad de los barrios consolidados. El caso de las ciudades espa\u00f1olas.<\/em> Tesina de investigaci\u00f3n. M\u00e1ster Oficial en Arquitectura Avanzada, Paisaje, Urbanismo y Dise\u00f1o [Especialidad:\u201dArquitectura del territorio y paisaje. Urbanismo\u201d] UPV, 2008-2009.<\/p>\n<p align=\"left\">MORAN, N. (2008): <em>Huertos y jardines comunitarios<\/em>. Madrid. Biblioteca Ciudades para un Futuro m\u00e1s Sostenible, Bolet\u00edn\u00a0 CF+S n\u00ba40, Edita: Instituto Juan de Herrera, 2008.<\/p>\n<p align=\"left\">(2009) <em>Arboles para dar sombra<\/em>. Diario La Vanguardia, suplemento, 11-07-2009<\/p>\n<p align=\"left\">\n<p align=\"left\">Notas:<\/p>\n<p align=\"left\">Art\u00edculo basado en la tesina \u201cLa Transformaci\u00f3n hacia la sostenibilidad de los barrios consolidados. El caso de las ciudades espa\u00f1olas\u201d Tesina de investigaci\u00f3n. M\u00e1ster Oficial en Arquitectura Avanzada, Paisaje, Urbanismo y Dise\u00f1o [Especialidad:\u201dArquitectura del territorio y paisaje. Urbanismo\u201d] UPV, 2008-2009.<\/p>\n<p align=\"left\">Tutor: \u00a0\u00a0\u00a0\u00a0\u00a0\u00a0\u00a0\u00a0\u00a0\u00a0\u00a0\u00a0\u00a0\u00a0\u00a0\u00a0\u00a0\u00a0\u00a0\u00a0\u00a0\u00a0\u00a0\u00a0 Fernando Gaja i D\u00edaz [Doctor Arquitecto, Departamento de Urbanismo de la ETSAV]<\/p>\n<p align=\"left\">Autora:\u00a0\u00a0\u00a0\u00a0\u00a0\u00a0\u00a0\u00a0\u00a0\u00a0 Rita Monfort Salvador [Arquitecta y M\u00e1ster Oficial en Arquitectura Avanzada, Paisaje, Urbanismo y Dise\u00f1o]<\/p>\n<p align=\"left\">[1] Los datos sobre la contaminaci\u00f3n en Espa\u00f1a, as\u00ed como la citaci\u00f3n textual han sido obtenidos del \u201cInforme sobre la Calidad del aire en el Estado espa\u00f1ol durante 2008\u201d realizado por Ecologistas en Acci\u00f3n a partir de datos oficiales.<\/p>\n<p align=\"left\">[2] El estudio sobre la obtenci\u00f3n de estos indicadores y su relaci\u00f3n con el tema planteado se encuentra desarrollado en la tesina \u201cLa Transformaci\u00f3n hacia la sostenibilidad de los barrios consolidados. El caso de las ciudades espa\u00f1olas\u201d (Monfort Salvador, Rita. 2010).<\/p>\n<p align=\"left\">[3] Criterios obtenidos de la \u201cGu\u00eda de integraci\u00f3n paisaj\u00edstica para huertos urbanos y periurbanos\u201d de la Generalitat de Catalunya, p\u00e1g. 83<\/p>\n<p align=\"left\">[4] Ib\u00eddem 3, p\u00e1g. 88<\/p>\n<p align=\"left\">\n<blockquote>\n<p align=\"left\"><strong>Autor: Rita Monfort Salvador <\/strong><\/p>\n<p align=\"left\">* \u00abArt\u00edculo publicado en el Volumen II de \u201c<strong>Actes del III Congr\u00e9s d\u2019Estudis de l\u2019Horta Nord<\/strong>\u201d (2011), con motivo de la celebraci\u00f3n de dicho Congreso (10, 11 y 12 Febrero 2011). Ed: Universitat Polit\u00e9cnica de Valencia.\u00bb<\/p>\n<p align=\"left\">*publicado digitalmente en la web del Observatorio de la Sostenibilidad en Espa\u00f1a.<\/p>\n<\/blockquote>\n<p align=\"left\">\n<p>* Este art\u00edculo ha sido escrito con car\u00e1cter divulgativo y sin ning\u00fan tipo de \u00e1nimo de lucro. As\u00ed que si te apetece <strong>compartirlo<\/strong> en cualquier otro medio, estaremos encantados de que lo hagas siempre y cuando cites el lugar donde lo has encontrado.<\/p>\n<p>Autores de la entrada: <a href=\"http:\/\/www.facebook.com\/col.prudant#!\/StepienybarnoCANAL\">Stepienybarno<\/a><\/p>\n<p><a href=\"http:\/\/www.linkedin.com\/company\/stepienybarno\">STEPIENYBARNO EN LINKEDIN<\/a><\/p>\n<p><a href=\"http:\/\/twitter.com\/stepienybarno\/stepienybarno\">STEPIENYBARNO EN TWITTER<\/a><\/p>\n<p align=\"left\"><a href=\"https:\/\/www.facebook.com\/StepienybarnoCANAL\">STEPIENYBARNO EN FACEBOOK<\/a><\/p>\n<p>* Stepienybarno est\u00e1 formado por Agnieszka Stepien y Lorenzo Barn\u00f3 y desde mayo del 2009 estamos en la red con\u00a0 la presente publicaci\u00f3n digital (Blog) de arquitectura.<\/p>\n<p>Nuestra actividad se sustenta en tres pilares b\u00e1sicos: la investigaci\u00f3n, la publicaci\u00f3n y la redacci\u00f3n de proyectos de arquitectura.<\/p>\n<p>A su vez, somos socios cofundadores de <a href=\"http:\/\/sinergiasostenible.org\/\">SINERGIA SOSTENIBLE<\/a> y redactores de <a href=\"http:\/\/www.laciudadviva.org\/blogs\/?author=45\">LA CIUDAD VIVA<\/a>.<\/p>\n<p align=\"left\">* Los editores de esta publicaci\u00f3n digital no nos hacemos cargo de de los comentarios y\u00a0 conceptos vertidos en los textos firmados por otras personas, siendo \u00e9stos de responsabilidad exclusiva de sus autores.<\/p>\n<p>* Tu comentario pudiera ser moderado, por lo tanto, aunque aparezca inmediatamente al ser publicado en la entrada, los editores de esta publicaci\u00f3n digital nos reservamos el derecho tanto de editarlo (si fuera necesario, para hacerlo m\u00e1s legible) como de eliminarlo en el caso de que se usen expresiones incorrectas (descalificaciones, palabras malsonantes\u2026). A su vez, si quieres comentar desde el anonimato puedes hacerlo, aunque, nosotros personalmente, agradecemos que tod@s nos podamos identificar.<\/p>\n","protected":false},"excerpt":{"rendered":"<p>Os animamos a leer este interesante art\u00edculo, escrito por Rita Monfort con motivo del Congreso de l&#8217;Horta Nord que se realiz\u00f3 el a\u00f1o pasado en la UPV. En el mismo se da un buen repaso al tema de  los huertos urbanos y la sostenibilidad. Esperamos que sea de vuestro inter\u00e9s!<\/p>\n","protected":false},"author":2,"featured_media":0,"comment_status":"open","ping_status":"closed","sticky":false,"template":"","format":"standard","meta":{"om_disable_all_campaigns":false,"_monsterinsights_skip_tracking":false,"_monsterinsights_sitenote_active":false,"_monsterinsights_sitenote_note":"","_monsterinsights_sitenote_category":0,"_uf_show_specific_survey":0,"_uf_disable_surveys":false,"episode_type":"","audio_file":"","cover_image":"","cover_image_id":"","duration":"","filesize":"","date_recorded":"","explicit":"","block":"","filesize_raw":"","footnotes":""},"categories":[34,7263],"tags":[1753,327,1752,4273,1754,4271,54],"series":[],"class_list":["post-5671","post","type-post","status-publish","format-standard","hentry","category-actualidad","category-identidad-y-cohesion","tag-congreso-de-lhorta-nord","tag-espacio-publico","tag-huertos-urbanos","tag-identidad-digital-syb","tag-rita-monfort","tag-sostenibilidad","tag-urbanismo-sostenible"],"aioseo_notices":[],"episode_featured_image":false,"episode_player_image":"https:\/\/stepienybarno.es\/blog\/wp-content\/uploads\/2020\/11\/stepienybarno-podcast-scaled.jpg","download_link":"","player_link":"","audio_player":false,"episode_data":{"playerMode":"dark","subscribeUrls":[],"rssFeedUrl":"https:\/\/stepienybarno.es\/blog\/feed\/podcast\/podcast-de-stepienybarno","embedCode":"<blockquote class=\"wp-embedded-content\" data-secret=\"ew29CyZ1lH\"><a href=\"https:\/\/stepienybarno.es\/blog\/2012\/05\/15\/el-aporte-a-la-sostenibilidad-de-los-huertos-urbanos\/\">EL APORTE A LA SOSTENIBILIDAD DE LOS HUERTOS URBANOS<\/a><\/blockquote><iframe sandbox=\"allow-scripts\" security=\"restricted\" src=\"https:\/\/stepienybarno.es\/blog\/2012\/05\/15\/el-aporte-a-la-sostenibilidad-de-los-huertos-urbanos\/embed\/#?secret=ew29CyZ1lH\" width=\"500\" height=\"350\" title=\"\u00abEL APORTE A LA SOSTENIBILIDAD DE LOS HUERTOS URBANOS\u00bb \u2014 Blog de STEPIEN Y BARNO - publicaci\u00f3n digital sobre arquitectura\" data-secret=\"ew29CyZ1lH\" frameborder=\"0\" marginwidth=\"0\" marginheight=\"0\" scrolling=\"no\" class=\"wp-embedded-content\"><\/iframe><script type=\"text\/javascript\">\n\/* <![CDATA[ *\/\n\/*! This file is auto-generated *\/\n!function(d,l){\"use strict\";l.querySelector&&d.addEventListener&&\"undefined\"!=typeof URL&&(d.wp=d.wp||{},d.wp.receiveEmbedMessage||(d.wp.receiveEmbedMessage=function(e){var t=e.data;if((t||t.secret||t.message||t.value)&&!\/[^a-zA-Z0-9]\/.test(t.secret)){for(var s,r,n,a=l.querySelectorAll('iframe[data-secret=\"'+t.secret+'\"]'),o=l.querySelectorAll('blockquote[data-secret=\"'+t.secret+'\"]'),c=new RegExp(\"^https?:$\",\"i\"),i=0;i<o.length;i++)o[i].style.display=\"none\";for(i=0;i<a.length;i++)s=a[i],e.source===s.contentWindow&&(s.removeAttribute(\"style\"),\"height\"===t.message?(1e3<(r=parseInt(t.value,10))?r=1e3:~~r<200&&(r=200),s.height=r):\"link\"===t.message&&(r=new URL(s.getAttribute(\"src\")),n=new URL(t.value),c.test(n.protocol))&&n.host===r.host&&l.activeElement===s&&(d.top.location.href=t.value))}},d.addEventListener(\"message\",d.wp.receiveEmbedMessage,!1),l.addEventListener(\"DOMContentLoaded\",function(){for(var e,t,s=l.querySelectorAll(\"iframe.wp-embedded-content\"),r=0;r<s.length;r++)(t=(e=s[r]).getAttribute(\"data-secret\"))||(t=Math.random().toString(36).substring(2,12),e.src+=\"#?secret=\"+t,e.setAttribute(\"data-secret\",t)),e.contentWindow.postMessage({message:\"ready\",secret:t},\"*\")},!1)))}(window,document);\n\/* ]]> *\/\n<\/script>\n"},"_links":{"self":[{"href":"https:\/\/stepienybarno.es\/blog\/wp-json\/wp\/v2\/posts\/5671"}],"collection":[{"href":"https:\/\/stepienybarno.es\/blog\/wp-json\/wp\/v2\/posts"}],"about":[{"href":"https:\/\/stepienybarno.es\/blog\/wp-json\/wp\/v2\/types\/post"}],"author":[{"embeddable":true,"href":"https:\/\/stepienybarno.es\/blog\/wp-json\/wp\/v2\/users\/2"}],"replies":[{"embeddable":true,"href":"https:\/\/stepienybarno.es\/blog\/wp-json\/wp\/v2\/comments?post=5671"}],"version-history":[{"count":1,"href":"https:\/\/stepienybarno.es\/blog\/wp-json\/wp\/v2\/posts\/5671\/revisions"}],"predecessor-version":[{"id":5676,"href":"https:\/\/stepienybarno.es\/blog\/wp-json\/wp\/v2\/posts\/5671\/revisions\/5676"}],"wp:attachment":[{"href":"https:\/\/stepienybarno.es\/blog\/wp-json\/wp\/v2\/media?parent=5671"}],"wp:term":[{"taxonomy":"category","embeddable":true,"href":"https:\/\/stepienybarno.es\/blog\/wp-json\/wp\/v2\/categories?post=5671"},{"taxonomy":"post_tag","embeddable":true,"href":"https:\/\/stepienybarno.es\/blog\/wp-json\/wp\/v2\/tags?post=5671"},{"taxonomy":"series","embeddable":true,"href":"https:\/\/stepienybarno.es\/blog\/wp-json\/wp\/v2\/series?post=5671"}],"curies":[{"name":"wp","href":"https:\/\/api.w.org\/{rel}","templated":true}]}}