{"id":56714,"date":"2023-01-27T11:15:42","date_gmt":"2023-01-27T09:15:42","guid":{"rendered":"https:\/\/stepienybarno.es\/blog\/?p=56714"},"modified":"2023-01-27T11:15:42","modified_gmt":"2023-01-27T09:15:42","slug":"episodio-162-arquicafe-con-pablo-millan","status":"publish","type":"post","link":"https:\/\/stepienybarno.es\/blog\/2023\/01\/27\/episodio-162-arquicafe-con-pablo-millan\/","title":{"rendered":"Episodio 162: Arquicaf\u00e9 con Pablo Mill\u00e1n"},"content":{"rendered":"<p><img loading=\"lazy\" decoding=\"async\" class=\"alignnone wp-image-56716 size-full\" src=\"https:\/\/stepienybarno.es\/blog\/wp-content\/uploads\/2023\/01\/arquicafe-pablo-millan-stepienybarno-1.jpg\" alt=\"\" width=\"1280\" height=\"720\" srcset=\"https:\/\/stepienybarno.es\/blog\/wp-content\/uploads\/2023\/01\/arquicafe-pablo-millan-stepienybarno-1.jpg 1280w, https:\/\/stepienybarno.es\/blog\/wp-content\/uploads\/2023\/01\/arquicafe-pablo-millan-stepienybarno-1-550x309.jpg 550w, https:\/\/stepienybarno.es\/blog\/wp-content\/uploads\/2023\/01\/arquicafe-pablo-millan-stepienybarno-1-1024x576.jpg 1024w, https:\/\/stepienybarno.es\/blog\/wp-content\/uploads\/2023\/01\/arquicafe-pablo-millan-stepienybarno-1-180x101.jpg 180w, https:\/\/stepienybarno.es\/blog\/wp-content\/uploads\/2023\/01\/arquicafe-pablo-millan-stepienybarno-1-316x178.jpg 316w\" sizes=\"(max-width: 1280px) 100vw, 1280px\" \/><\/p>\n<p>Empezamos una nueva temporada de <strong>Los Arquicaf\u00e9s de Stepienybarno<\/strong>, y hoy tenemos la suerte de contar con un gran Arquitecto, <strong>Pablo Mill\u00e1n<\/strong>.<\/p>\n<p><!--more--><\/p>\n<p>Como pod\u00e9is comprobar en la charla, diferentes hitos en su vida han marcado un poco su carrera como Arquitecto, su paso por Chile, su Tesis, la colaboraci\u00f3n con Campo Baeza, su Porcuna natal&#8230;<\/p>\n<p><em>\u00abTuve la suerte de nacer en Porcuna (la antigua Obvlco), un pueblo que me rode\u00f3 de arquitecturas heredadas y me ense\u00f1\u00f3 la importancia del estudio del pasado. De aqu\u00ed surge mi inter\u00e9s por la relaci\u00f3n entre la arquitectura contempor\u00e1nea y el patrimonio y se define el tema objeto de fondo en toda mi investigaci\u00f3n: el Espacio entre las ruinas.<\/em><\/p>\n<p><em>Vivo en Sevilla desde que me vine a estudiar Arquitectura. Gracias a una beca fui a recalar al estudio de Alberto Campo Baeza, donde encontr\u00e9 a un maestro y donde aprend\u00ed el significado de tres palabras fundamentales para un arquitecto: la PRECISI\u00d3N, la LUZ y la RAZ\u00d3N. Con ellas comprend\u00ed la trascendencia que para un arquitecto tiene\u00a0buscar denodadamente la belleza.<\/em><\/p>\n<p><em>Intentando encontrar el\u00a0genius loci\u00a0que a lo largo de la historia del hombre ha ido condicionando su arquitectura, llegu\u00e9 a Valpara\u00edso (Chile) y, tras quedar asombrado por su belleza, decid\u00ed escribir all\u00ed mi tesis doctoral.<\/em><\/p>\n<p><em>Entiendo la arquitectura como el duro y serio trabajo de un artesano que busca continuamente nuevos materiales y nuevas t\u00e9cnicas y que conociendo perfectamente el pasado lo actualiza con un \u00fanico fin: hacer un espacio habitable para el hombre.\u00bb<\/em><\/p>\n<p>Extracto del perfil de Pablo Mill\u00e1n <strong><a href=\"https:\/\/pablomillan.es\/perfil\/\" target=\"_blank\" rel=\"noopener\">+ Info AQU\u00cd<\/a><\/strong><\/p>\n<p>Enlaces de relacionados en la entrevista:<\/p>\n<p>-Revista Neutra: <strong><a href=\"https:\/\/www.revistaneutra.org\/\" target=\"_blank\" rel=\"noopener\">+ info AQU\u00cd<\/a><\/strong><\/p>\n<p>-El blanco certero ( Alberto Campo Baeza) <strong><a href=\"https:\/\/www.campobaeza.com\/wp-content\/uploads\/1996\/01\/1996_LA-IDEA-CONSTRUIDA_03_El-blanco-certero.pdf\" target=\"_blank\" rel=\"noopener\">+ info AQU\u00cd<\/a><\/strong><\/p>\n<p>Puedes encontrar a Pablo Mill\u00e1n en:<\/p>\n<p>-WEB: <strong><a href=\"https:\/\/pablomillan.es\/\" target=\"_blank\" rel=\"noopener\">pablomillan.es<\/a><\/strong><\/p>\n<p>-Facebook: <strong><a href=\"https:\/\/www.facebook.com\/pablomillanmillan\" target=\"_blank\" rel=\"noopener\">Pablo Mill\u00e1n<\/a><\/strong><\/p>\n<p>-Twitter: <strong><a href=\"https:\/\/twitter.com\/pablom_millan\" target=\"_blank\" rel=\"noopener\">@pablom_millan<\/a><\/strong><\/p>\n<p>-Instagram: <strong><a href=\"https:\/\/www.instagram.com\/pablom_millan\/\" target=\"_blank\" rel=\"noopener\">@pablom_millan<\/a><\/strong><\/p>\n<p>-Linkedin: <strong><a href=\"https:\/\/www.linkedin.com\/in\/pablo-m-millan-millan-44977a27\/\" target=\"_blank\" rel=\"noopener\">Pablo M Mill\u00e1n<\/a><\/strong><\/p>\n<p>&nbsp;<\/p>\n<p>&nbsp;<\/p>\n<p><iframe loading=\"lazy\" title=\"Entrevista #arquicaf\u00e9 a Pablo Mill\u00e1n\" width=\"911\" height=\"512\" src=\"https:\/\/www.youtube.com\/embed\/lzU9LOksWDI?feature=oembed\" frameborder=\"0\" allow=\"accelerometer; autoplay; clipboard-write; encrypted-media; gyroscope; picture-in-picture; web-share\" allowfullscreen><\/iframe><\/p>\n<p>Si quieres conocer m\u00e1s la obra de Pablo Mill\u00e1n:<\/p>\n<blockquote class=\"wp-embedded-content\" data-secret=\"ot7w41t0Cy\"><p><a href=\"https:\/\/stepienybarno.es\/blog\/2021\/01\/06\/centro-parroquial-en-porcuna-proyectodeldia\/\">Centro Parroquial en Porcuna #ProyectoDelD\u00eda<\/a><\/p><\/blockquote>\n<p><iframe loading=\"lazy\" class=\"wp-embedded-content\" sandbox=\"allow-scripts\" security=\"restricted\" style=\"position: absolute; clip: rect(1px, 1px, 1px, 1px);\" title=\"\u00abCentro Parroquial en Porcuna #ProyectoDelD\u00eda\u00bb \u2014 Blog de STEPIEN Y BARNO - publicaci\u00f3n digital sobre arquitectura\" src=\"https:\/\/stepienybarno.es\/blog\/2021\/01\/06\/centro-parroquial-en-porcuna-proyectodeldia\/embed\/#?secret=MhOn3NBRmz#?secret=ot7w41t0Cy\" data-secret=\"ot7w41t0Cy\" width=\"600\" height=\"338\" frameborder=\"0\" marginwidth=\"0\" marginheight=\"0\" scrolling=\"no\"><\/iframe><\/p>\n<blockquote class=\"wp-embedded-content\" data-secret=\"M0m1N1zNOF\"><p><a href=\"https:\/\/stepienybarno.es\/blog\/2018\/08\/24\/capilla-del-santisimo-cristo-del-sacramento-proyectodeldia\/\">Capilla del Sant\u00edsimo Cristo del Sacramento #ProyectoDelD\u00eda<\/a><\/p><\/blockquote>\n<p><iframe loading=\"lazy\" class=\"wp-embedded-content\" sandbox=\"allow-scripts\" security=\"restricted\" style=\"position: absolute; clip: rect(1px, 1px, 1px, 1px);\" title=\"\u00abCapilla del Sant\u00edsimo Cristo del Sacramento #ProyectoDelD\u00eda\u00bb \u2014 Blog de STEPIEN Y BARNO - publicaci\u00f3n digital sobre arquitectura\" src=\"https:\/\/stepienybarno.es\/blog\/2018\/08\/24\/capilla-del-santisimo-cristo-del-sacramento-proyectodeldia\/embed\/#?secret=S4oBwYgn52#?secret=M0m1N1zNOF\" data-secret=\"M0m1N1zNOF\" width=\"600\" height=\"338\" frameborder=\"0\" marginwidth=\"0\" marginheight=\"0\" scrolling=\"no\"><\/iframe><\/p>\n<blockquote class=\"wp-embedded-content\" data-secret=\"EiIfxr6RJJ\"><p><a href=\"https:\/\/stepienybarno.es\/blog\/2018\/08\/20\/casa-daza-proyectodeldia\/\">Casa Daza #ProyectoDelD\u00eda<\/a><\/p><\/blockquote>\n<p><iframe loading=\"lazy\" class=\"wp-embedded-content\" sandbox=\"allow-scripts\" security=\"restricted\" style=\"position: absolute; clip: rect(1px, 1px, 1px, 1px);\" title=\"\u00abCasa Daza #ProyectoDelD\u00eda\u00bb \u2014 Blog de STEPIEN Y BARNO - publicaci\u00f3n digital sobre arquitectura\" src=\"https:\/\/stepienybarno.es\/blog\/2018\/08\/20\/casa-daza-proyectodeldia\/embed\/#?secret=ZWEd4SLBfA#?secret=EiIfxr6RJJ\" data-secret=\"EiIfxr6RJJ\" width=\"600\" height=\"338\" frameborder=\"0\" marginwidth=\"0\" marginheight=\"0\" scrolling=\"no\"><\/iframe><\/p>\n<h3>Esperamos que os haya gustado nuestro Arquicaf\u00e9 con Pablo Mill\u00e1n.<\/h3>\n<p>Si quieres ver otros Arquicaf\u00e9s, no te pierdas:<\/p>\n<p>\u2013<strong><a href=\"https:\/\/www.youtube.com\/watch?v=DKdcjmDDHsk\" target=\"_blank\" rel=\"noopener\">Arquicaf\u00e9 con Ignacio Rubi\u00f1o<\/a><\/strong><\/p>\n<p>\u2013<strong><a href=\"https:\/\/www.youtube.com\/watch?v=RkWBAt2d76U&amp;t=481s\" target=\"_blank\" rel=\"noopener\">Arquicaf\u00e9 con NGNP<\/a><\/strong><\/p>\n<p>\u2013<strong><a href=\"https:\/\/stepienybarno.es\/blog\/2020\/10\/27\/episodio-54-arquicafe-con-blanca-espigares\/\" target=\"_blank\" rel=\"noopener\">Arquicaf\u00e9 con Blanca Espigares<\/a><\/strong><\/p>\n","protected":false},"excerpt":{"rendered":"<p>Empezamos una nueva temporada de Los Arquicaf\u00e9s de Stepienybarno, y<\/p>\n","protected":false},"author":2,"featured_media":56716,"comment_status":"open","ping_status":"closed","sticky":false,"template":"","format":"standard","meta":{"om_disable_all_campaigns":false,"_monsterinsights_skip_tracking":false,"_monsterinsights_sitenote_active":false,"_monsterinsights_sitenote_note":"","_monsterinsights_sitenote_category":0,"_uf_show_specific_survey":0,"_uf_disable_surveys":false,"episode_type":"audio","audio_file":"","cover_image":"","cover_image_id":"","duration":"","filesize":"","date_recorded":"","explicit":"","block":"","filesize_raw":"","footnotes":""},"categories":[34,63,7985],"tags":[7777,6553,6580,9710],"series":[],"class_list":["post-56714","post","type-post","status-publish","format-standard","has-post-thumbnail","hentry","category-actualidad","category-arqui-entrevista","category-podcast","tag-arquicafe","tag-entrevista-arquitectos","tag-pablo-millan","tag-porcuna"],"aioseo_notices":[],"episode_featured_image":"https:\/\/stepienybarno.es\/blog\/wp-content\/uploads\/2023\/01\/arquicafe-pablo-millan-stepienybarno-1.jpg","episode_player_image":"https:\/\/stepienybarno.es\/blog\/wp-content\/uploads\/2020\/11\/stepienybarno-podcast-scaled.jpg","download_link":"","player_link":"","audio_player":false,"episode_data":{"playerMode":"dark","subscribeUrls":[],"rssFeedUrl":"https:\/\/stepienybarno.es\/blog\/feed\/podcast\/podcast-de-stepienybarno","embedCode":"<blockquote class=\"wp-embedded-content\" data-secret=\"UBkGFSW2v4\"><a href=\"https:\/\/stepienybarno.es\/blog\/2023\/01\/27\/episodio-162-arquicafe-con-pablo-millan\/\">Episodio 162: Arquicaf\u00e9 con Pablo Mill\u00e1n<\/a><\/blockquote><iframe sandbox=\"allow-scripts\" security=\"restricted\" src=\"https:\/\/stepienybarno.es\/blog\/2023\/01\/27\/episodio-162-arquicafe-con-pablo-millan\/embed\/#?secret=UBkGFSW2v4\" width=\"500\" height=\"350\" title=\"\u00abEpisodio 162: Arquicaf\u00e9 con Pablo Mill\u00e1n\u00bb \u2014 Blog de STEPIEN Y BARNO - publicaci\u00f3n digital sobre arquitectura\" data-secret=\"UBkGFSW2v4\" frameborder=\"0\" marginwidth=\"0\" marginheight=\"0\" scrolling=\"no\" class=\"wp-embedded-content\"><\/iframe><script type=\"text\/javascript\">\n\/* <![CDATA[ *\/\n\/*! This file is auto-generated *\/\n!function(d,l){\"use strict\";l.querySelector&&d.addEventListener&&\"undefined\"!=typeof URL&&(d.wp=d.wp||{},d.wp.receiveEmbedMessage||(d.wp.receiveEmbedMessage=function(e){var t=e.data;if((t||t.secret||t.message||t.value)&&!\/[^a-zA-Z0-9]\/.test(t.secret)){for(var s,r,n,a=l.querySelectorAll('iframe[data-secret=\"'+t.secret+'\"]'),o=l.querySelectorAll('blockquote[data-secret=\"'+t.secret+'\"]'),c=new RegExp(\"^https?:$\",\"i\"),i=0;i<o.length;i++)o[i].style.display=\"none\";for(i=0;i<a.length;i++)s=a[i],e.source===s.contentWindow&&(s.removeAttribute(\"style\"),\"height\"===t.message?(1e3<(r=parseInt(t.value,10))?r=1e3:~~r<200&&(r=200),s.height=r):\"link\"===t.message&&(r=new URL(s.getAttribute(\"src\")),n=new URL(t.value),c.test(n.protocol))&&n.host===r.host&&l.activeElement===s&&(d.top.location.href=t.value))}},d.addEventListener(\"message\",d.wp.receiveEmbedMessage,!1),l.addEventListener(\"DOMContentLoaded\",function(){for(var e,t,s=l.querySelectorAll(\"iframe.wp-embedded-content\"),r=0;r<s.length;r++)(t=(e=s[r]).getAttribute(\"data-secret\"))||(t=Math.random().toString(36).substring(2,12),e.src+=\"#?secret=\"+t,e.setAttribute(\"data-secret\",t)),e.contentWindow.postMessage({message:\"ready\",secret:t},\"*\")},!1)))}(window,document);\n\/* ]]> *\/\n<\/script>\n"},"_links":{"self":[{"href":"https:\/\/stepienybarno.es\/blog\/wp-json\/wp\/v2\/posts\/56714"}],"collection":[{"href":"https:\/\/stepienybarno.es\/blog\/wp-json\/wp\/v2\/posts"}],"about":[{"href":"https:\/\/stepienybarno.es\/blog\/wp-json\/wp\/v2\/types\/post"}],"author":[{"embeddable":true,"href":"https:\/\/stepienybarno.es\/blog\/wp-json\/wp\/v2\/users\/2"}],"replies":[{"embeddable":true,"href":"https:\/\/stepienybarno.es\/blog\/wp-json\/wp\/v2\/comments?post=56714"}],"version-history":[{"count":4,"href":"https:\/\/stepienybarno.es\/blog\/wp-json\/wp\/v2\/posts\/56714\/revisions"}],"predecessor-version":[{"id":56720,"href":"https:\/\/stepienybarno.es\/blog\/wp-json\/wp\/v2\/posts\/56714\/revisions\/56720"}],"wp:featuredmedia":[{"embeddable":true,"href":"https:\/\/stepienybarno.es\/blog\/wp-json\/wp\/v2\/media\/56716"}],"wp:attachment":[{"href":"https:\/\/stepienybarno.es\/blog\/wp-json\/wp\/v2\/media?parent=56714"}],"wp:term":[{"taxonomy":"category","embeddable":true,"href":"https:\/\/stepienybarno.es\/blog\/wp-json\/wp\/v2\/categories?post=56714"},{"taxonomy":"post_tag","embeddable":true,"href":"https:\/\/stepienybarno.es\/blog\/wp-json\/wp\/v2\/tags?post=56714"},{"taxonomy":"series","embeddable":true,"href":"https:\/\/stepienybarno.es\/blog\/wp-json\/wp\/v2\/series?post=56714"}],"curies":[{"name":"wp","href":"https:\/\/api.w.org\/{rel}","templated":true}]}}