{"id":57030,"date":"2023-09-18T06:17:25","date_gmt":"2023-09-18T04:17:25","guid":{"rendered":"https:\/\/stepienybarno.es\/blog\/?p=57030"},"modified":"2023-09-20T10:45:49","modified_gmt":"2023-09-20T08:45:49","slug":"de-la-precariedad-a-la-dignidad-laboral-en-nuestros-estudios-de-arquitectura","status":"publish","type":"post","link":"https:\/\/stepienybarno.es\/blog\/2023\/09\/18\/de-la-precariedad-a-la-dignidad-laboral-en-nuestros-estudios-de-arquitectura\/","title":{"rendered":"De la PRECARIEDAD a la DIGNIDAD laboral en nuestros ESTUDIOS DE ARQUITECTURA."},"content":{"rendered":"<p><span style=\"font-weight: 400;\">Habituarnos, como profesi\u00f3n, a la\u00a0 precariedad no es un buen plan.\u00a0<\/span><\/p>\n<p><span style=\"font-weight: 400;\">Mientras que un ingeniero tiene claro que, al poco de terminar la carrera, tendr\u00e1 un sueldo digno y no estar\u00e1 en la obligaci\u00f3n de meter miles de horas, l@s arquitect@s lo damos todo por la arquitectura. !!Qu\u00e9 nada frene nuestra pasi\u00f3n!!<\/span><\/p>\n<p><span style=\"font-weight: 400;\">Y este entusiasmo y generosidad, que de partida son estupendos, a medio plazo, se vuelven contra nosotros.<\/span><\/p>\n<p><span style=\"font-weight: 400;\">El porcentaje de arquitectos que vive con comodidad haciendo proyectos de arquitectura es mucho menor de lo deseado y est\u00e1 bien que nos lo recordemos.<\/span><\/p>\n<p><span style=\"font-weight: 400;\">A su vez, la profesi\u00f3n no pone excesivo inter\u00e9s en formarse como empresa y entender que para que nos vaya bien, debemos saber llevar un negocio.<\/span><\/p>\n<p><span style=\"font-weight: 400;\">Sobre estos temas tan mundanos y prosaicos va el el post de hoy. \u00bfNos acompa\u00f1as?<\/span><\/p>\n<p><!--more--><\/p>\n<p style=\"text-align: center;\"><span style=\"font-weight: 400;\">\u2026<\/span><\/p>\n<p><span style=\"font-weight: 400;\">L@s arquitect@s amamos la arquitectura. <\/span><b>Somos GENEROSOS y perfeccionistas por naturaleza y haremos lo que sea necesario por complacer al cliente.<\/b><\/p>\n<p><span style=\"font-weight: 400;\">En la carrera nos habit\u00faan a meter miles de horas y pensar que si no hacemos proyectos de arquitectura, de alguna forma, nos estaremos traicionando.<\/span><\/p>\n<p><span style=\"font-weight: 400;\">Mientras tanto, la sociedad sigue distanciada de nuestro d\u00eda y no valora excesivamente esta entrega desmesurada.<\/span><\/p>\n<h2>1 LAS VENTAS DE LOS ARQUITECTOS<\/h2>\n<p><b>Como colectivo, nos VENDEMOS fatal y, en lo particular, nadie nos ense\u00f1\u00f3 a hacerlo.\u00a0<\/b><\/p>\n<p><span style=\"font-weight: 400;\">De hecho, por desgracia, todav\u00eda son muchos los arquitectos que miran por encima del hombro a quien habla de temas m\u00e1s empresariales.<\/span><\/p>\n<p><span style=\"font-weight: 400;\">Es importante recordar que la realidad es mucho m\u00e1s compleja de lo que nos gustar\u00eda.<\/span><\/p>\n<p><b>El porcentaje de arquitectos que viven de la arquitectura con un buen sueldo y sin meter miles de horas es peque\u00f1o.<\/b><\/p>\n<p><span style=\"font-weight: 400;\">Sin embargo, son muchos los arquitectos que siguen empe\u00f1ados en pelear a toda costa por esa peque\u00f1a porci\u00f3n del pastel que supone PROYECTOS de arquitectura.<\/span><\/p>\n<p><span style=\"font-weight: 400;\">Desde la crisis del 2008 la precariedad se ha instalado en la profesi\u00f3n y convivimos con ella como si nada.\u00a0<\/span><\/p>\n<p><span style=\"font-weight: 400;\">No es normal que la mayor\u00eda de arquitectos, bien preparados y que contin\u00faan amando la arquitectura, est\u00e9n PASANDO APUROS con la ilusi\u00f3n de que alg\u00fan d\u00eda todo cambiar\u00e1.<\/span><\/p>\n<p><b>Nos hemos acostumbrado a un estilo de vida nada saludable y muy poco rentable.<\/b><\/p>\n<p><iframe loading=\"lazy\" title=\"\u00bfC\u00f3mo CONSEGUIR m\u00e1s CLIENTES siendo ARQUITECTO?\" width=\"911\" height=\"512\" src=\"https:\/\/www.youtube.com\/embed\/809rFflB95U?start=26&#038;feature=oembed\" frameborder=\"0\" allow=\"accelerometer; autoplay; clipboard-write; encrypted-media; gyroscope; picture-in-picture; web-share\" allowfullscreen><\/iframe><\/p>\n<p style=\"text-align: center;\">&#8230;<\/p>\n<h2>2 EL PRECIO DE LOS SERVICIOS DE ARQUITECTURA<\/h2>\n<p><span style=\"font-weight: 400;\">Y no, lo normal es que, si no hacemos algo muy concreto, no cambie la situaci\u00f3n.\u00a0<\/span><\/p>\n<p><span style=\"font-weight: 400;\">Si seguimos metiendo toda nuestra energ\u00eda en hacer proyectos, no tendremos TIEMPO de plantearnos otras cosas.<\/span><\/p>\n<p><b>Necesitamos abrir la mirada y entender que si no hay un factor diferencial de nuestros estudios de arquitectura y tenemos un p\u00fablico objetivo claro, solo podremos COMPETIR POR PRECIO.<\/b><\/p>\n<p><span style=\"font-weight: 400;\">Desde ah\u00ed, estamos vendidos como colectivo.<\/span><\/p>\n<p><span style=\"font-weight: 400;\">Imaginarnos en <\/span><b>la periferia de la arquitectura <\/b><span style=\"font-weight: 400;\">puede ser el primer paso para que nos vaya medianamente bien.\u00a0<\/span><\/p>\n<p><span style=\"font-weight: 400;\">En cualquier caso, <\/span><b>necesitamos formarnos para saber c\u00f3mo crear una MARCA, tener una s\u00f3lida ESTRATEGIA empresarial y COMUNICARNOS consecuentemente.\u00a0<\/b><\/p>\n<p><span style=\"font-weight: 400;\">Hacer buena web para un estudio de arquitectura no es tan sencillo. Casi nadie tiene un blog que muestre c\u00f3mo es y c\u00f3mo trabaja. Pocos tienen potentes perfiles en las redes sociales que nos ayuden a llegar a ese p\u00fablico objetivo.<\/span><\/p>\n<p><iframe loading=\"lazy\" title=\"\u00bfCu\u00e1nto DINERO gana un ESTUDIO DE ARQUITECTURA por PROYECTO?\" width=\"911\" height=\"512\" src=\"https:\/\/www.youtube.com\/embed\/d9j_rLVcwUc?feature=oembed\" frameborder=\"0\" allow=\"accelerometer; autoplay; clipboard-write; encrypted-media; gyroscope; picture-in-picture; web-share\" allowfullscreen><\/iframe><\/p>\n<p style=\"text-align: center;\">&#8230;<\/p>\n<h2>3 SOMOS EL PEOR JEFE DE NOSOTROS MISMOS<\/h2>\n<p><span style=\"font-weight: 400;\">Con todo ello, conviene no negar la realidad. Enga\u00f1arnos con el \u201csi quieres puedes\u201d es la mejor forma de seguir en la mierda.<\/span><\/p>\n<p><b>Ampliar la mirada y FORMARNOS empresarialmente (invirtiendo tiempo y dinero) es la \u00fanica salida.\u00a0<\/b><\/p>\n<p><span style=\"font-weight: 400;\">Lo dem\u00e1s es esconder la cabeza como el avestruz y quejarnos de que todo est\u00e1 muy mal.<\/span><\/p>\n<p><span style=\"font-weight: 400;\">As\u00ed, es clave que, m\u00e1s all\u00e1 de lo que pudieran hacer Colegios de arquitectos o Escuelas de arquitectura, nosotros como estudio de arquitectura o llaneros solitarios nos pongamos las pilas.\u00a0 Dejar de normalizar nuestra <strong>auto-explotaci\u00f3n<\/strong> es un primer paso.<\/span><\/p>\n<p><span style=\"font-weight: 400;\">Se pueden hacer muchas cosas; pero, lo que<\/span><b> no<\/b><span style=\"font-weight: 400;\"> podemos seguir por inercia<\/span><b> MALVIVIENDO <\/b><span style=\"font-weight: 400;\">por un supuesto amor a una arquitectura que, por otro lado, cada vez tiene m\u00e1s min\u00fasculas que may\u00fasculas.<\/span><\/p>\n<h4 style=\"text-align: center;\">Autor: Stepienybarno.<\/h4>\n<p><iframe loading=\"lazy\" title=\"De la PRECARIEDAD a la DIGNIDAD laboral en nuestros ESTUDIOS DE ARQUITECTURA.\" width=\"911\" height=\"512\" src=\"https:\/\/www.youtube.com\/embed\/W0tZDa-qGuk?feature=oembed\" frameborder=\"0\" allow=\"accelerometer; autoplay; clipboard-write; encrypted-media; gyroscope; picture-in-picture; web-share\" allowfullscreen><\/iframe><\/p>\n<p style=\"text-align: center;\"><span style=\"font-weight: 400;\">\u2026<\/span><\/p>\n<pre>Te puede interesar:<\/pre>\n<p>Sesiones personalizadas de productividad<\/p>\n<blockquote class=\"wp-embedded-content\" data-secret=\"BZjWV8QL4a\"><p><a href=\"https:\/\/stepienybarno.es\/blog\/2023\/03\/27\/asesoramientos-de-productividad-para-estudios-de-arquitectura\/\">Asesoramientos de PRODUCTIVIDAD para Estudios de Arquitectura<\/a><\/p><\/blockquote>\n<p><iframe loading=\"lazy\" class=\"wp-embedded-content\" sandbox=\"allow-scripts\" security=\"restricted\" style=\"position: absolute; clip: rect(1px, 1px, 1px, 1px);\" title=\"\u00abAsesoramientos de PRODUCTIVIDAD para Estudios de Arquitectura\u00bb \u2014 Blog de STEPIEN Y BARNO - publicaci\u00f3n digital sobre arquitectura\" src=\"https:\/\/stepienybarno.es\/blog\/2023\/03\/27\/asesoramientos-de-productividad-para-estudios-de-arquitectura\/embed\/#?secret=18qPM3UjJD#?secret=BZjWV8QL4a\" data-secret=\"BZjWV8QL4a\" width=\"600\" height=\"338\" frameborder=\"0\" marginwidth=\"0\" marginheight=\"0\" scrolling=\"no\"><\/iframe><\/p>\n<pre><span style=\"font-weight: 400;\">Para mejorar en todos estos temas, te animamos a echar un ojo a estos post:<\/span><\/pre>\n<h2><span style=\"font-weight: 400;\">LA MARCA DEL ARQUITECTO<\/span><\/h2>\n<p><span style=\"font-weight: 400;\">En este post hablamos dela importancia de tener una buena marca personal como arquitectos, lo que puede mejorar nuestras posibilidades laborales. A menudo, como arquitectos, tendemos a ser reacios a centrarnos en este aspecto, pero es fundamental identificar nuestros puntos fuertes y lo que queremos transmitir sobre nosotros mismos. Al tener claro nuestro valor como arquitectos, podemos comenzar a desarrollar una estrategia empresarial s\u00f3lida. Como hemos visto en otros posts de nuestro blog, esto puede traducirse en un modelo de negocio y en acciones espec\u00edficas. En resumen, trabajar en nuestra marca personal puede ser clave para el \u00e9xito en nuestra carrera como arquitectos.<\/span><\/p>\n<h4><a href=\"https:\/\/stepienybarno.es\/blog\/2021\/07\/22\/la-marca-del-arquitecto\/\" target=\"_blank\" rel=\"noopener\">Acceder a <span style=\"font-weight: 400;\">LA MARCA DEL ARQUITECTO<\/span><\/a><\/h4>\n<p style=\"text-align: center;\">&#8230;<\/p>\n<p><iframe loading=\"lazy\" title=\"\u00bfC\u00f3mo CONSEGUIR m\u00e1s CLIENTES siendo ARQUITECTO?\" width=\"911\" height=\"512\" src=\"https:\/\/www.youtube.com\/embed\/809rFflB95U?start=5&#038;feature=oembed\" frameborder=\"0\" allow=\"accelerometer; autoplay; clipboard-write; encrypted-media; gyroscope; picture-in-picture; web-share\" allowfullscreen><\/iframe><\/p>\n<h2><span style=\"font-weight: 400;\">\u00bfESTUDIOS DE ARQUITECTURA O EMPRESAS DE ARQUITECTURA?<\/span><\/h2>\n<p><span style=\"font-weight: 400;\">En este post se destaca la importancia de tener una estrategia empresarial detr\u00e1s de la presencia en redes sociales y blogs para que tenga impacto. Muchos arquitectos no tienen en cuenta que su estudio es una empresa y necesitan una estrategia para que funcione. La crisis del 2008 afect\u00f3 especialmente al sector de la arquitectura y la construcci\u00f3n, por lo que es importante reflexionar sobre c\u00f3mo los arquitectos y estudios pueden mejorar su situaci\u00f3n. El post tiene como objetivo ofrecer algunas cuestiones para reflexionar.<\/span><\/p>\n<h4><a href=\"https:\/\/stepienybarno.es\/blog\/2022\/06\/25\/%c2%bfestudios-de-arquitectura-o-empresas-de-arquitectura\/\" target=\"_blank\" rel=\"noopener\">Acceder a\u00a0 <span style=\"font-weight: 400;\">\u00bfESTUDIOS DE ARQUITECTURA O EMPRESAS DE ARQUITECTURA?<\/span><\/a><\/h4>\n<p><iframe loading=\"lazy\" title=\"MARKETING PARA ARQUITECTOS \/ Estudios de arquitectura.\" width=\"911\" height=\"512\" src=\"https:\/\/www.youtube.com\/embed\/FFs7IU0AxDk?start=18&#038;feature=oembed\" frameborder=\"0\" allow=\"accelerometer; autoplay; clipboard-write; encrypted-media; gyroscope; picture-in-picture; web-share\" allowfullscreen><\/iframe><\/p>\n<p style=\"text-align: center;\">&#8230;<\/p>\n<h2><span style=\"font-weight: 400;\">PROYECTOS DE IDENTIDAD DIGITAL DE ARQUITECTURA<\/span><\/h2>\n<p><span style=\"font-weight: 400;\">En este post incidimos en que muchos arquitectos tienen una presencia en l\u00ednea insuficiente, con p\u00e1ginas web obsoletas y poco efectivas. Muchos piensan que tener una p\u00e1gina web es suficiente, pero es necesario acompa\u00f1arla con otras estrategias digitales, como blogs y redes sociales, para que sea efectiva. Aunque muchos arquitectos son reacios a entrar en este mundo, es importante tener una visi\u00f3n global y desarrollar una estrategia de identidad digital para destacar el potencial del estudio. Para tener \u00e9xito en l\u00ednea, se requiere paciencia, dedicaci\u00f3n y un enfoque estrat\u00e9gico.<\/span><\/p>\n<h4><a href=\"https:\/\/stepienybarno.es\/blog\/2012\/09\/30\/proyectos-de-identidad-digital-de-arquitectura\/\" target=\"_blank\" rel=\"noopener\">Acceder a\u00a0<span style=\"font-weight: 400;\">PROYECTOS DE IDENTIDAD DIGITAL DE ARQUITECTURA<\/span><\/a><\/h4>\n<p style=\"text-align: center;\">&#8230;<\/p>\n<p><iframe loading=\"lazy\" title=\"\u00bfCu\u00e1nto cuesta una WEB de arquitecto o arquitecta? #EstudiodeArquitectura\" width=\"911\" height=\"512\" src=\"https:\/\/www.youtube.com\/embed\/JHMd6HAyEvc?start=8&#038;feature=oembed\" frameborder=\"0\" allow=\"accelerometer; autoplay; clipboard-write; encrypted-media; gyroscope; picture-in-picture; web-share\" allowfullscreen><\/iframe><\/p>\n<h4 style=\"text-align: center;\"><strong>&#8230;<\/strong><\/h4>\n<p><img loading=\"lazy\" decoding=\"async\" class=\"alignnone size-full wp-image-57031\" src=\"https:\/\/stepienybarno.es\/blog\/wp-content\/uploads\/2023\/02\/DPRECARIEDAD-a-DIGNIDAD-laboral-en-nuestros-ESTUDIOS-DE-ARQUITECTURA.-SYB.png\" alt=\"\" width=\"2560\" height=\"1440\" srcset=\"https:\/\/stepienybarno.es\/blog\/wp-content\/uploads\/2023\/02\/DPRECARIEDAD-a-DIGNIDAD-laboral-en-nuestros-ESTUDIOS-DE-ARQUITECTURA.-SYB.png 2560w, https:\/\/stepienybarno.es\/blog\/wp-content\/uploads\/2023\/02\/DPRECARIEDAD-a-DIGNIDAD-laboral-en-nuestros-ESTUDIOS-DE-ARQUITECTURA.-SYB-550x309.png 550w, https:\/\/stepienybarno.es\/blog\/wp-content\/uploads\/2023\/02\/DPRECARIEDAD-a-DIGNIDAD-laboral-en-nuestros-ESTUDIOS-DE-ARQUITECTURA.-SYB-1024x576.png 1024w, https:\/\/stepienybarno.es\/blog\/wp-content\/uploads\/2023\/02\/DPRECARIEDAD-a-DIGNIDAD-laboral-en-nuestros-ESTUDIOS-DE-ARQUITECTURA.-SYB-180x101.png 180w, https:\/\/stepienybarno.es\/blog\/wp-content\/uploads\/2023\/02\/DPRECARIEDAD-a-DIGNIDAD-laboral-en-nuestros-ESTUDIOS-DE-ARQUITECTURA.-SYB-1536x864.png 1536w, https:\/\/stepienybarno.es\/blog\/wp-content\/uploads\/2023\/02\/DPRECARIEDAD-a-DIGNIDAD-laboral-en-nuestros-ESTUDIOS-DE-ARQUITECTURA.-SYB-2048x1152.png 2048w, https:\/\/stepienybarno.es\/blog\/wp-content\/uploads\/2023\/02\/DPRECARIEDAD-a-DIGNIDAD-laboral-en-nuestros-ESTUDIOS-DE-ARQUITECTURA.-SYB-316x178.png 316w\" sizes=\"(max-width: 2560px) 100vw, 2560px\" \/><\/p>\n","protected":false},"excerpt":{"rendered":"<p>Habituarnos, como profesi\u00f3n, a la\u00a0 precariedad no es un buen plan.\u00a0<\/p>\n<p>Mientras que un ingeniero tiene claro que, al poco de terminar la carrera, tendr\u00e1 un sueldo digno y no estar\u00e1 en la obligaci\u00f3n de meter miles de horas, l@s arquitect@s lo damos todo por la arquitectura. !!Qu\u00e9 nada frene nuestra pasi\u00f3n!!<\/p>\n<p>Y este entusiasmo y generosidad, que de partida son estupendos, a medio plazo, se vuelven contra nosotros.<\/p>\n<p>El porcentaje de arquitectos que vive con comodidad haciendo proyectos de arquitectura es mucho menor de lo deseado y est\u00e1 bien que nos lo recordemos.<\/p>\n<p>A su vez, la profesi\u00f3n no pone excesivo inter\u00e9s en formarse como empresa y entender que para que nos vaya bien, debemos saber llevar un negocio.<\/p>\n<p>Sobre estos temas tan mundanos y prosaicos va el el post de hoy. \u00bfNos acompa\u00f1as?<\/p>\n","protected":false},"author":2,"featured_media":57031,"comment_status":"open","ping_status":"closed","sticky":false,"template":"","format":"standard","meta":{"om_disable_all_campaigns":false,"_monsterinsights_skip_tracking":false,"_monsterinsights_sitenote_active":false,"_monsterinsights_sitenote_note":"","_monsterinsights_sitenote_category":0,"_uf_show_specific_survey":0,"_uf_disable_surveys":false,"episode_type":"audio","audio_file":"","cover_image":"","cover_image_id":"","duration":"","filesize":"","date_recorded":"","explicit":"","block":"","filesize_raw":"","footnotes":""},"categories":[34],"tags":[11,1367,9746,2954,9745,9744,9747],"series":[],"class_list":["post-57030","post","type-post","status-publish","format-standard","has-post-thumbnail","hentry","category-actualidad","tag-arquitecto","tag-el-estado-de-la-profesion","tag-empresas-de-arquitectura","tag-estudios-de-arquitectura","tag-la-marca-del-arquitecto","tag-precariedad","tag-proyectos-de-identidad-digital-de-arquitectura"],"aioseo_notices":[],"episode_featured_image":"https:\/\/stepienybarno.es\/blog\/wp-content\/uploads\/2023\/02\/DPRECARIEDAD-a-DIGNIDAD-laboral-en-nuestros-ESTUDIOS-DE-ARQUITECTURA.-SYB.png","episode_player_image":"https:\/\/stepienybarno.es\/blog\/wp-content\/uploads\/2020\/11\/stepienybarno-podcast-scaled.jpg","download_link":"","player_link":"","audio_player":false,"episode_data":{"playerMode":"dark","subscribeUrls":[],"rssFeedUrl":"https:\/\/stepienybarno.es\/blog\/feed\/podcast\/podcast-de-stepienybarno","embedCode":"<blockquote class=\"wp-embedded-content\" data-secret=\"s0AU3SPFkQ\"><a href=\"https:\/\/stepienybarno.es\/blog\/2023\/09\/18\/de-la-precariedad-a-la-dignidad-laboral-en-nuestros-estudios-de-arquitectura\/\">De la PRECARIEDAD a la DIGNIDAD laboral en nuestros ESTUDIOS DE ARQUITECTURA.<\/a><\/blockquote><iframe sandbox=\"allow-scripts\" security=\"restricted\" src=\"https:\/\/stepienybarno.es\/blog\/2023\/09\/18\/de-la-precariedad-a-la-dignidad-laboral-en-nuestros-estudios-de-arquitectura\/embed\/#?secret=s0AU3SPFkQ\" width=\"500\" height=\"350\" title=\"\u00abDe la PRECARIEDAD a la DIGNIDAD laboral en nuestros ESTUDIOS DE ARQUITECTURA.\u00bb \u2014 Blog de STEPIEN Y BARNO - publicaci\u00f3n digital sobre arquitectura\" data-secret=\"s0AU3SPFkQ\" frameborder=\"0\" marginwidth=\"0\" marginheight=\"0\" scrolling=\"no\" class=\"wp-embedded-content\"><\/iframe><script type=\"text\/javascript\">\n\/* <![CDATA[ *\/\n\/*! This file is auto-generated *\/\n!function(d,l){\"use strict\";l.querySelector&&d.addEventListener&&\"undefined\"!=typeof URL&&(d.wp=d.wp||{},d.wp.receiveEmbedMessage||(d.wp.receiveEmbedMessage=function(e){var t=e.data;if((t||t.secret||t.message||t.value)&&!\/[^a-zA-Z0-9]\/.test(t.secret)){for(var s,r,n,a=l.querySelectorAll('iframe[data-secret=\"'+t.secret+'\"]'),o=l.querySelectorAll('blockquote[data-secret=\"'+t.secret+'\"]'),c=new RegExp(\"^https?:$\",\"i\"),i=0;i<o.length;i++)o[i].style.display=\"none\";for(i=0;i<a.length;i++)s=a[i],e.source===s.contentWindow&&(s.removeAttribute(\"style\"),\"height\"===t.message?(1e3<(r=parseInt(t.value,10))?r=1e3:~~r<200&&(r=200),s.height=r):\"link\"===t.message&&(r=new URL(s.getAttribute(\"src\")),n=new URL(t.value),c.test(n.protocol))&&n.host===r.host&&l.activeElement===s&&(d.top.location.href=t.value))}},d.addEventListener(\"message\",d.wp.receiveEmbedMessage,!1),l.addEventListener(\"DOMContentLoaded\",function(){for(var e,t,s=l.querySelectorAll(\"iframe.wp-embedded-content\"),r=0;r<s.length;r++)(t=(e=s[r]).getAttribute(\"data-secret\"))||(t=Math.random().toString(36).substring(2,12),e.src+=\"#?secret=\"+t,e.setAttribute(\"data-secret\",t)),e.contentWindow.postMessage({message:\"ready\",secret:t},\"*\")},!1)))}(window,document);\n\/* ]]> *\/\n<\/script>\n"},"_links":{"self":[{"href":"https:\/\/stepienybarno.es\/blog\/wp-json\/wp\/v2\/posts\/57030"}],"collection":[{"href":"https:\/\/stepienybarno.es\/blog\/wp-json\/wp\/v2\/posts"}],"about":[{"href":"https:\/\/stepienybarno.es\/blog\/wp-json\/wp\/v2\/types\/post"}],"author":[{"embeddable":true,"href":"https:\/\/stepienybarno.es\/blog\/wp-json\/wp\/v2\/users\/2"}],"replies":[{"embeddable":true,"href":"https:\/\/stepienybarno.es\/blog\/wp-json\/wp\/v2\/comments?post=57030"}],"version-history":[{"count":16,"href":"https:\/\/stepienybarno.es\/blog\/wp-json\/wp\/v2\/posts\/57030\/revisions"}],"predecessor-version":[{"id":59678,"href":"https:\/\/stepienybarno.es\/blog\/wp-json\/wp\/v2\/posts\/57030\/revisions\/59678"}],"wp:featuredmedia":[{"embeddable":true,"href":"https:\/\/stepienybarno.es\/blog\/wp-json\/wp\/v2\/media\/57031"}],"wp:attachment":[{"href":"https:\/\/stepienybarno.es\/blog\/wp-json\/wp\/v2\/media?parent=57030"}],"wp:term":[{"taxonomy":"category","embeddable":true,"href":"https:\/\/stepienybarno.es\/blog\/wp-json\/wp\/v2\/categories?post=57030"},{"taxonomy":"post_tag","embeddable":true,"href":"https:\/\/stepienybarno.es\/blog\/wp-json\/wp\/v2\/tags?post=57030"},{"taxonomy":"series","embeddable":true,"href":"https:\/\/stepienybarno.es\/blog\/wp-json\/wp\/v2\/series?post=57030"}],"curies":[{"name":"wp","href":"https:\/\/api.w.org\/{rel}","templated":true}]}}