{"id":5888,"date":"2012-06-26T00:17:16","date_gmt":"2012-06-25T22:17:16","guid":{"rendered":"https:\/\/www.stepienybarno.es\/blog\/?p=5888"},"modified":"2012-06-26T00:17:16","modified_gmt":"2012-06-25T22:17:16","slug":"arquitectos-de-familia","status":"publish","type":"post","link":"https:\/\/stepienybarno.es\/blog\/2012\/06\/26\/arquitectos-de-familia\/","title":{"rendered":"ARQUITECTOS DE FAMILIA"},"content":{"rendered":"<p align=\"left\"><strong><br \/>\n<\/strong><\/p>\n<p align=\"left\">\n<p style=\"text-align: center;\"><img loading=\"lazy\" decoding=\"async\" class=\"aligncenter size-full wp-image-5889\" title=\"Arquitectos de familia.btbwarchitecture.Stepienybarno.jpg\" src=\"https:\/\/stepienybarno.es\/blog\/wp-content\/uploads\/2012\/06\/Arquitectos-de-familia.btbwarchitecture.Stepienybarno.jpg.jpg\" alt=\"Arquitectos de familia.btbwarchitecture.Stepienybarno.jpg\" width=\"350\" height=\"263\" srcset=\"https:\/\/stepienybarno.es\/blog\/wp-content\/uploads\/2012\/06\/Arquitectos-de-familia.btbwarchitecture.Stepienybarno.jpg.jpg 350w, https:\/\/stepienybarno.es\/blog\/wp-content\/uploads\/2012\/06\/Arquitectos-de-familia.btbwarchitecture.Stepienybarno.jpg-180x135.jpg 180w, https:\/\/stepienybarno.es\/blog\/wp-content\/uploads\/2012\/06\/Arquitectos-de-familia.btbwarchitecture.Stepienybarno.jpg-316x237.jpg 316w\" sizes=\"(max-width: 350px) 100vw, 350px\" \/><\/p>\n<p align=\"left\">\n<p align=\"left\">Interesante art\u00edculo de Fredy Massad y Alicia Guerrero\u00a0 Yeste, en el que nos hablan de la figura del aquitecto de familia.<\/p>\n<p align=\"left\">Desde _ Btbw architecture<\/p>\n<p align=\"left\"><!--more--><\/p>\n<p align=\"left\">\n<p align=\"left\">\u201c(\u2026) As\u00ed, convencido de la necesidad de despojar al arquitecto de su aura de inaccesibilidad y elitismo Livingston ha reivindicado la reformulaci\u00f3n del arquitecto, creando la figura del \u2018arquitecto de familia\u2019 como un especialista al alcance de la poblaci\u00f3n &#8211; de la misma manera que un m\u00e9dico o un abogado- valorizando esas acciones de lo que \u00e9l define como \u2018<em>microarquitectura<\/em>\u2019 (<em>Cirug\u00eda de Casas, <\/em>Kliczkowski, 1990), relacionadas con intervenciones arquitect\u00f3nicas supuestamente menores pero cuya finalidad es contribuir a hacer \u00a0del hogar un espacio de bienestar, adaptado a las necesidades de sus usuarios.(\u2026)\u201d<\/p>\n<p align=\"left\">\n<p align=\"left\"><a href=\"http:\/\/www.btbwarchitecture.com\/2011\/03\/arquitectos-de-familia.html\">Acceder al art\u00edculo.<\/a><\/p>\n<p align=\"left\">\n<p align=\"left\">Art\u00edculo\u00a0 seleccionado por el Canal de arquitectura STEPIENYBARNO.<\/p>\n<p align=\"left\"><a href=\"http:\/\/www.linkedin.com\/company\/stepienybarno\">STEPIENYBARNO EN LINKEDIN<\/a><\/p>\n<p align=\"left\"><a href=\"http:\/\/twitter.com\/stepienybarno\/stepienybarno\">STEPIENYBARNO EN TWITTER<\/a><\/p>\n<p align=\"left\"><a href=\"https:\/\/www.facebook.com\/StepienybarnoCANAL\">STEPIENYBARNO EN FACEBOOK<\/a><\/p>\n<p align=\"left\">\n<p align=\"left\">*Stepienybarno est\u00e1 formado por Agnieszka Stepien y Lorenzo Barn\u00f3 y desde mayo del 2009 estamos en la red con\u00a0 la presente publicaci\u00f3n digital (Blog) de arquitectura.<\/p>\n<p align=\"left\">Nuestra actividad se sustenta en tres pilares b\u00e1sicos: la investigaci\u00f3n, la publicaci\u00f3n (comunicaci\u00f3n y difusi\u00f3n) y la redacci\u00f3n de proyectos de arquitectura.<\/p>\n<p align=\"left\">A su vez, somos socios cofundadores de <a href=\"http:\/\/sinergiasostenible.org\/\">SINERGIA SOSTENIBLE<\/a> y redactores de <a href=\"http:\/\/www.laciudadviva.org\/blogs\/?author=45\">LA CIUDAD VIVA<\/a>.<\/p>\n","protected":false},"excerpt":{"rendered":"<p>Interesante art\u00edculo de Fredy Massad y Alicia Guerrero  Yeste, en el que nos hablan de la figura del aquitecto de familia.<\/p>\n<p>Desde _ btbw \/ architecture<\/p>\n","protected":false},"author":2,"featured_media":0,"comment_status":"open","ping_status":"closed","sticky":false,"template":"","format":"standard","meta":{"om_disable_all_campaigns":false,"_monsterinsights_skip_tracking":false,"_monsterinsights_sitenote_active":false,"_monsterinsights_sitenote_note":"","_monsterinsights_sitenote_category":0,"_uf_show_specific_survey":0,"_uf_disable_surveys":false,"episode_type":"","audio_file":"","cover_image":"","cover_image_id":"","duration":"","filesize":"","date_recorded":"","explicit":"","block":"","filesize_raw":"","footnotes":""},"categories":[34,244],"tags":[4274,1822,9,1823,351],"series":[],"class_list":["post-5888","post","type-post","status-publish","format-standard","hentry","category-actualidad","category-canal-de-arquitectura","tag-actualidad","tag-alicia-guerrero-yeste","tag-arquitectura","tag-btbw-architecture","tag-fredy-massad"],"aioseo_notices":[],"episode_featured_image":false,"episode_player_image":"https:\/\/stepienybarno.es\/blog\/wp-content\/uploads\/2020\/11\/stepienybarno-podcast-scaled.jpg","download_link":"","player_link":"","audio_player":false,"episode_data":{"playerMode":"dark","subscribeUrls":[],"rssFeedUrl":"https:\/\/stepienybarno.es\/blog\/feed\/podcast\/podcast-de-stepienybarno","embedCode":"<blockquote class=\"wp-embedded-content\" data-secret=\"JAuCWw1He4\"><a href=\"https:\/\/stepienybarno.es\/blog\/2012\/06\/26\/arquitectos-de-familia\/\">ARQUITECTOS DE FAMILIA<\/a><\/blockquote><iframe sandbox=\"allow-scripts\" security=\"restricted\" src=\"https:\/\/stepienybarno.es\/blog\/2012\/06\/26\/arquitectos-de-familia\/embed\/#?secret=JAuCWw1He4\" width=\"500\" height=\"350\" title=\"\u00abARQUITECTOS DE FAMILIA\u00bb \u2014 Blog de STEPIEN Y BARNO - publicaci\u00f3n digital sobre arquitectura\" data-secret=\"JAuCWw1He4\" frameborder=\"0\" marginwidth=\"0\" marginheight=\"0\" scrolling=\"no\" class=\"wp-embedded-content\"><\/iframe><script type=\"text\/javascript\">\n\/* <![CDATA[ *\/\n\/*! This file is auto-generated *\/\n!function(d,l){\"use strict\";l.querySelector&&d.addEventListener&&\"undefined\"!=typeof URL&&(d.wp=d.wp||{},d.wp.receiveEmbedMessage||(d.wp.receiveEmbedMessage=function(e){var t=e.data;if((t||t.secret||t.message||t.value)&&!\/[^a-zA-Z0-9]\/.test(t.secret)){for(var s,r,n,a=l.querySelectorAll('iframe[data-secret=\"'+t.secret+'\"]'),o=l.querySelectorAll('blockquote[data-secret=\"'+t.secret+'\"]'),c=new RegExp(\"^https?:$\",\"i\"),i=0;i<o.length;i++)o[i].style.display=\"none\";for(i=0;i<a.length;i++)s=a[i],e.source===s.contentWindow&&(s.removeAttribute(\"style\"),\"height\"===t.message?(1e3<(r=parseInt(t.value,10))?r=1e3:~~r<200&&(r=200),s.height=r):\"link\"===t.message&&(r=new URL(s.getAttribute(\"src\")),n=new URL(t.value),c.test(n.protocol))&&n.host===r.host&&l.activeElement===s&&(d.top.location.href=t.value))}},d.addEventListener(\"message\",d.wp.receiveEmbedMessage,!1),l.addEventListener(\"DOMContentLoaded\",function(){for(var e,t,s=l.querySelectorAll(\"iframe.wp-embedded-content\"),r=0;r<s.length;r++)(t=(e=s[r]).getAttribute(\"data-secret\"))||(t=Math.random().toString(36).substring(2,12),e.src+=\"#?secret=\"+t,e.setAttribute(\"data-secret\",t)),e.contentWindow.postMessage({message:\"ready\",secret:t},\"*\")},!1)))}(window,document);\n\/* ]]> *\/\n<\/script>\n"},"_links":{"self":[{"href":"https:\/\/stepienybarno.es\/blog\/wp-json\/wp\/v2\/posts\/5888"}],"collection":[{"href":"https:\/\/stepienybarno.es\/blog\/wp-json\/wp\/v2\/posts"}],"about":[{"href":"https:\/\/stepienybarno.es\/blog\/wp-json\/wp\/v2\/types\/post"}],"author":[{"embeddable":true,"href":"https:\/\/stepienybarno.es\/blog\/wp-json\/wp\/v2\/users\/2"}],"replies":[{"embeddable":true,"href":"https:\/\/stepienybarno.es\/blog\/wp-json\/wp\/v2\/comments?post=5888"}],"version-history":[{"count":2,"href":"https:\/\/stepienybarno.es\/blog\/wp-json\/wp\/v2\/posts\/5888\/revisions"}],"predecessor-version":[{"id":5891,"href":"https:\/\/stepienybarno.es\/blog\/wp-json\/wp\/v2\/posts\/5888\/revisions\/5891"}],"wp:attachment":[{"href":"https:\/\/stepienybarno.es\/blog\/wp-json\/wp\/v2\/media?parent=5888"}],"wp:term":[{"taxonomy":"category","embeddable":true,"href":"https:\/\/stepienybarno.es\/blog\/wp-json\/wp\/v2\/categories?post=5888"},{"taxonomy":"post_tag","embeddable":true,"href":"https:\/\/stepienybarno.es\/blog\/wp-json\/wp\/v2\/tags?post=5888"},{"taxonomy":"series","embeddable":true,"href":"https:\/\/stepienybarno.es\/blog\/wp-json\/wp\/v2\/series?post=5888"}],"curies":[{"name":"wp","href":"https:\/\/api.w.org\/{rel}","templated":true}]}}