{"id":59053,"date":"2023-08-07T08:02:26","date_gmt":"2023-08-07T06:02:26","guid":{"rendered":"https:\/\/stepienybarno.es\/blog\/?p=59053"},"modified":"2023-07-28T11:10:23","modified_gmt":"2023-07-28T09:10:23","slug":"historia-de-un-dibujo-la-casa-obrera-minima","status":"publish","type":"post","link":"https:\/\/stepienybarno.es\/blog\/2023\/08\/07\/historia-de-un-dibujo-la-casa-obrera-minima\/","title":{"rendered":"Historia de un dibujo: la casa obrera m\u00ednima"},"content":{"rendered":"<p><img loading=\"lazy\" decoding=\"async\" class=\"alignnone size-full wp-image-59055\" src=\"https:\/\/stepienybarno.es\/blog\/wp-content\/uploads\/2023\/07\/stepienybarno-Historia-de-un-dibujo-la-casa-obrera-minima-Postdeldia.jpg\" alt=\"\" width=\"2560\" height=\"1040\" srcset=\"https:\/\/stepienybarno.es\/blog\/wp-content\/uploads\/2023\/07\/stepienybarno-Historia-de-un-dibujo-la-casa-obrera-minima-Postdeldia.jpg 2560w, https:\/\/stepienybarno.es\/blog\/wp-content\/uploads\/2023\/07\/stepienybarno-Historia-de-un-dibujo-la-casa-obrera-minima-Postdeldia-550x223.jpg 550w, https:\/\/stepienybarno.es\/blog\/wp-content\/uploads\/2023\/07\/stepienybarno-Historia-de-un-dibujo-la-casa-obrera-minima-Postdeldia-1024x416.jpg 1024w, https:\/\/stepienybarno.es\/blog\/wp-content\/uploads\/2023\/07\/stepienybarno-Historia-de-un-dibujo-la-casa-obrera-minima-Postdeldia-180x73.jpg 180w, https:\/\/stepienybarno.es\/blog\/wp-content\/uploads\/2023\/07\/stepienybarno-Historia-de-un-dibujo-la-casa-obrera-minima-Postdeldia-1536x624.jpg 1536w, https:\/\/stepienybarno.es\/blog\/wp-content\/uploads\/2023\/07\/stepienybarno-Historia-de-un-dibujo-la-casa-obrera-minima-Postdeldia-2048x832.jpg 2048w, https:\/\/stepienybarno.es\/blog\/wp-content\/uploads\/2023\/07\/stepienybarno-Historia-de-un-dibujo-la-casa-obrera-minima-Postdeldia-316x128.jpg 316w\" sizes=\"(max-width: 2560px) 100vw, 2560px\" \/><\/p>\n<h1><strong>Por:\u00a0<\/strong>Juan Carlos Tello<\/h1>\n<h2>Desde: <strong>Arquine <\/strong><\/h2>\n<p>2014. Una foto en blanco y negro de una vivienda. Podr\u00eda ser de una de las casas que construy\u00f3 Ernst May en Frankfurt entre 1926 y 1930. Pero no. La fotograf\u00eda es de una de las casas obreras resultado del concurso convocado por Carlos Obreg\u00f3n Santacilia en 1932, llamado \u201cla casa obrera m\u00ednima\u201d, del cual result\u00f3 ganador Juan Legarreta. En un texto titulado \u201cA la caza de Juan Legarreta\u201d, Jorge V\u00e1zquez \u00c1ngeles describe las \u201c120 viviendas agrupadas en cuatro manzanas, en cuyo centro se levanta un jard\u00edn com\u00fan llamado \u00abJard\u00edn Obrero\u00bb.<\/p>\n<p>&nbsp;<\/p>\n<p style=\"text-align: center;\"><a href=\"https:\/\/arquine.com\/dibujo-casa-obrera-minima\/\" target=\"_blank\" rel=\"noopener\">Acceder al post<\/a><\/p>\n<hr \/>\n<h5><strong>Autores del post: <a href=\"https:\/\/stepienybarno.es\/blog\/2011\/09\/04\/las-fortalezas-del-arquitecto\/\">Stepienybarno<\/a> _ Agnieszka Stepien y Lorenzo Barn\u00f3<\/strong><\/h5>\n<h5>Y como siempre, si te gust\u00f3 el post, estar\u00eda genial que lo compartas en tus redes sociales.<\/h5>\n<h5>A su vez, si todav\u00eda no est\u00e1s suscrito a nuestra Newsletter, te animamos a hacerlo en la casilla que tienes al terminar este art\u00edculo.<\/h5>\n<p>&nbsp;<\/p>\n<p>Suscribirte a nuestro blog y recibe gratis nuestra gu\u00eda: 10 Ideas para vender m\u00e1s si eres arquitecto<\/p>\n<p>Acceder: <a href=\"http:\/\/bit.ly\/2fkkTS7\">http:\/\/bit.ly\/2fkkTS7<\/a><\/p>\n<p>&nbsp;<\/p>\n<p>Si te interesa contactar con nosotros para que te ayudemos a mejorar tu visibilidad online y, en consecuencia, mejorar tus oportunidades laborales, no dudes en escribirnos a: <a href=\"mailto:blog@stepienybarno.es\">blog@stepienybarno.es<\/a><\/p>\n<p>&nbsp;<\/p>\n<p><em><a href=\"https:\/\/twitter.com\/stepienybarno\">Stepienybarno en TWITTER<\/a><\/em><\/p>\n<p><em><a href=\"https:\/\/twitter.com\/stepienybarno\">@stepienybarno (+ de 16.000 seguidores)<\/a><\/em><\/p>\n<p><em><a href=\"https:\/\/twitter.com\/stepienybarno?lang=es\">https:\/\/twitter.com\/stepienybarno?lang=es<\/a><\/em><\/p>\n<p><em><a href=\"https:\/\/www.facebook.com\/pages\/BLOG-DE-STEPIENYBARNO\/78001079029\">Stepienybarno en FACEBOOK (+ de 24<u>.000 seguidores)<\/u><\/a><\/em><\/p>\n<p><em><a href=\"https:\/\/www.facebook.com\/StepienyBarnoArquitecturaeIdentidadDigital\/\">https:\/\/www.facebook.com\/StepienyBarnoArquitecturaeIdentidadDigital\/<\/a><\/em><\/p>\n<p><em>Acceder a nuestro GRUPO CERRADO DE FACEBOOK sobre Identidad Digital para Arquitectos:<\/em><\/p>\n<p><em><a href=\"https:\/\/www.facebook.com\/groups\/IdentidadDigitalParaArquitectos\/\">https:\/\/www.facebook.com\/groups\/IdentidadDigitalParaArquitectos\/<\/a><\/em><\/p>\n<p><em>Suscr\u00edbete a nuestro canal de YOUTUBE: <a href=\"http:\/\/bit.ly\/2A1UtAd\">http:\/\/bit.ly\/2A1UtAd<\/a><\/em><\/p>\n<p>&nbsp;<\/p>\n<p>* <a href=\"https:\/\/stepienybarno.es\/blog\/2011\/09\/04\/las-fortalezas-del-arquitecto\/\">Stepienybarno<\/a> est\u00e1 formado por Agnieszka Stepien y Lorenzo Barn\u00f3 y desde mayo del 2009 estamos en la red con la presente publicaci\u00f3n digital (Blog) de arquitectura.<\/p>\n<p>Nuestra actividad se sustenta en tres pilares b\u00e1sicos: la investigaci\u00f3n, la publicaci\u00f3n y la redacci\u00f3n de proyectos de arquitectura.<\/p>\n<p>A su vez, somos socios cofundadores de <a href=\"http:\/\/sinergiasostenible.org\/\">SINERGIA SOSTENIBLE<\/a>.<\/p>\n","protected":false},"excerpt":{"rendered":"<p>Por:\u00a0Juan Carlos Tello Desde: Arquine 2014. Una foto en blanco<\/p>\n","protected":false},"author":2,"featured_media":59055,"comment_status":"open","ping_status":"closed","sticky":false,"template":"","format":"standard","meta":{"om_disable_all_campaigns":false,"_monsterinsights_skip_tracking":false,"_monsterinsights_sitenote_active":false,"_monsterinsights_sitenote_note":"","_monsterinsights_sitenote_category":0,"_uf_show_specific_survey":0,"_uf_disable_surveys":false,"episode_type":"audio","audio_file":"","cover_image":"","cover_image_id":"","duration":"","filesize":"","date_recorded":"","explicit":"","block":"","filesize_raw":"","footnotes":""},"categories":[244],"tags":[8510],"series":[],"class_list":["post-59053","post","type-post","status-publish","format-standard","has-post-thumbnail","hentry","category-canal-de-arquitectura","tag-juan-carlos-tello"],"aioseo_notices":[],"episode_featured_image":"https:\/\/stepienybarno.es\/blog\/wp-content\/uploads\/2023\/07\/stepienybarno-Historia-de-un-dibujo-la-casa-obrera-minima-Postdeldia.jpg","episode_player_image":"https:\/\/stepienybarno.es\/blog\/wp-content\/uploads\/2020\/11\/stepienybarno-podcast-scaled.jpg","download_link":"","player_link":"","audio_player":false,"episode_data":{"playerMode":"dark","subscribeUrls":[],"rssFeedUrl":"https:\/\/stepienybarno.es\/blog\/feed\/podcast\/podcast-de-stepienybarno","embedCode":"<blockquote class=\"wp-embedded-content\" data-secret=\"jKuVP5qx3s\"><a href=\"https:\/\/stepienybarno.es\/blog\/2023\/08\/07\/historia-de-un-dibujo-la-casa-obrera-minima\/\">Historia de un dibujo: la casa obrera m\u00ednima<\/a><\/blockquote><iframe sandbox=\"allow-scripts\" security=\"restricted\" src=\"https:\/\/stepienybarno.es\/blog\/2023\/08\/07\/historia-de-un-dibujo-la-casa-obrera-minima\/embed\/#?secret=jKuVP5qx3s\" width=\"500\" height=\"350\" title=\"\u00abHistoria de un dibujo: la casa obrera m\u00ednima\u00bb \u2014 Blog de STEPIEN Y BARNO - publicaci\u00f3n digital sobre arquitectura\" data-secret=\"jKuVP5qx3s\" frameborder=\"0\" marginwidth=\"0\" marginheight=\"0\" scrolling=\"no\" class=\"wp-embedded-content\"><\/iframe><script type=\"text\/javascript\">\n\/* <![CDATA[ *\/\n\/*! This file is auto-generated *\/\n!function(d,l){\"use strict\";l.querySelector&&d.addEventListener&&\"undefined\"!=typeof URL&&(d.wp=d.wp||{},d.wp.receiveEmbedMessage||(d.wp.receiveEmbedMessage=function(e){var t=e.data;if((t||t.secret||t.message||t.value)&&!\/[^a-zA-Z0-9]\/.test(t.secret)){for(var s,r,n,a=l.querySelectorAll('iframe[data-secret=\"'+t.secret+'\"]'),o=l.querySelectorAll('blockquote[data-secret=\"'+t.secret+'\"]'),c=new RegExp(\"^https?:$\",\"i\"),i=0;i<o.length;i++)o[i].style.display=\"none\";for(i=0;i<a.length;i++)s=a[i],e.source===s.contentWindow&&(s.removeAttribute(\"style\"),\"height\"===t.message?(1e3<(r=parseInt(t.value,10))?r=1e3:~~r<200&&(r=200),s.height=r):\"link\"===t.message&&(r=new URL(s.getAttribute(\"src\")),n=new URL(t.value),c.test(n.protocol))&&n.host===r.host&&l.activeElement===s&&(d.top.location.href=t.value))}},d.addEventListener(\"message\",d.wp.receiveEmbedMessage,!1),l.addEventListener(\"DOMContentLoaded\",function(){for(var e,t,s=l.querySelectorAll(\"iframe.wp-embedded-content\"),r=0;r<s.length;r++)(t=(e=s[r]).getAttribute(\"data-secret\"))||(t=Math.random().toString(36).substring(2,12),e.src+=\"#?secret=\"+t,e.setAttribute(\"data-secret\",t)),e.contentWindow.postMessage({message:\"ready\",secret:t},\"*\")},!1)))}(window,document);\n\/* ]]> *\/\n<\/script>\n"},"_links":{"self":[{"href":"https:\/\/stepienybarno.es\/blog\/wp-json\/wp\/v2\/posts\/59053"}],"collection":[{"href":"https:\/\/stepienybarno.es\/blog\/wp-json\/wp\/v2\/posts"}],"about":[{"href":"https:\/\/stepienybarno.es\/blog\/wp-json\/wp\/v2\/types\/post"}],"author":[{"embeddable":true,"href":"https:\/\/stepienybarno.es\/blog\/wp-json\/wp\/v2\/users\/2"}],"replies":[{"embeddable":true,"href":"https:\/\/stepienybarno.es\/blog\/wp-json\/wp\/v2\/comments?post=59053"}],"version-history":[{"count":1,"href":"https:\/\/stepienybarno.es\/blog\/wp-json\/wp\/v2\/posts\/59053\/revisions"}],"predecessor-version":[{"id":59056,"href":"https:\/\/stepienybarno.es\/blog\/wp-json\/wp\/v2\/posts\/59053\/revisions\/59056"}],"wp:featuredmedia":[{"embeddable":true,"href":"https:\/\/stepienybarno.es\/blog\/wp-json\/wp\/v2\/media\/59055"}],"wp:attachment":[{"href":"https:\/\/stepienybarno.es\/blog\/wp-json\/wp\/v2\/media?parent=59053"}],"wp:term":[{"taxonomy":"category","embeddable":true,"href":"https:\/\/stepienybarno.es\/blog\/wp-json\/wp\/v2\/categories?post=59053"},{"taxonomy":"post_tag","embeddable":true,"href":"https:\/\/stepienybarno.es\/blog\/wp-json\/wp\/v2\/tags?post=59053"},{"taxonomy":"series","embeddable":true,"href":"https:\/\/stepienybarno.es\/blog\/wp-json\/wp\/v2\/series?post=59053"}],"curies":[{"name":"wp","href":"https:\/\/api.w.org\/{rel}","templated":true}]}}